{"id":20184,"date":"2018-03-27T18:00:15","date_gmt":"2018-03-27T21:00:15","guid":{"rendered":"http:\/\/www.noticiasradioreflejos.com.ar\/noticias\/?p=20184"},"modified":"2018-03-27T18:00:15","modified_gmt":"2018-03-27T21:00:15","slug":"adriana-metz-en-la-busqueda-de-su-hermano-desaparecido","status":"publish","type":"post","link":"https:\/\/www.noticiasradioreflejos.com.ar\/2021\/adriana-metz-en-la-busqueda-de-su-hermano-desaparecido\/","title":{"rendered":"Adriana Metz, en la b\u00fasqueda de su hermano desaparecido"},"content":{"rendered":"<p>Esta ma\u00f1ana en nuestro programa \u00abUn mate y un caf\u00e9\u00bb, tambi\u00e9n conversamos con Adriana Metz, hija de desaparecidos en la dictadura, cuyos padres militaban en el ERP, quien nos visit\u00f3 en nuestros estudios de \u00abFM Reflejos\u00bb, (acompa\u00f1ada por Silvia Zabala), quien ademas se encuentra en la b\u00fasqueda de su hermano nacido en cautiverio.<!--more--><br \/>\n\u00abMi nombre es Adriana Metz, formo parte de abuelas de plaza de mayo, en mi roll de hermana, estoy buscando a mi hermano nacido en cautiverio, mis pap\u00e1s Raul y Graciela, se casaron y vivieron un tiempo en Bah\u00eda Blanca, y se fueron escapando de los militares a Cutral-co, Provincia de Neuquen, all\u00ed el 5to Cuerpo de Ejercito, que tenia su cabecera en Bah\u00eda Blanca, los alcanz\u00f3, los secuestro, pasaron por la escuelita de Neuquen, y terminaron sus d\u00edas en la escuelita de Bah\u00eda Blanca, ah\u00ed naci\u00f3 mi hermano, porque al momento de la desaparici\u00f3n mi mam\u00e1 estaba embarazada de 5 meses, por testimonio de sobrevivientes pudimos saber que mi hermano naci\u00f3, que fue var\u00f3n, y que estuvo bien al momento del nacimiento, y que fue entregado a alguien de civil que fue a buscarlo al centro clandestino de detenci\u00f3n tortura y exterminio a la escuelita de Bah\u00eda Blanca, todo esto que estoy diciendo no solo lo digo yo porque lo s\u00e9, sino porque quedo comprobado, a trav\u00e9s de un juicio que se hizo en Bah\u00eda Blanca y con sentencia en el a\u00f1o 2012, se comprob\u00f3 que mi hermano naci\u00f3 y que fue apropiado y fueron militares condenados por el delito de apropiaci\u00f3n, retenci\u00f3n y sustracci\u00f3n de un menor de 10 a\u00f1os, sigo buscando a mi hermano, cumple 41 a\u00f1os el 17 de Abril de ahora, del mes entrante, yo me cri\u00e9 con mis abuelos paternos, al momento del secuestro de mis padres, yo estaba con ellos, uno de los militares me entrega a un vecino, y dice (\u00abque se calle la boca\u00bb) y que me cr\u00ede como propia y que no abra la boca, este vecino se contacta con mi familia, mis abuelos me van a buscar y yo me cr\u00edo con ellos en Bah\u00eda Blanca, que estuve ah\u00ed con mis abuelos hasta el 82, que falleci\u00f3 Don Oscar, mi abuelo, y en el 89 me fui a vivir a Mar del Plata con la hermana de mi mam\u00e1, bueno mientras estuve con mis abuelos hice la b\u00fasqueda pasiva, acompa\u00f1\u00e1ndolos a ellos, a cada uno de los eventos que requer\u00eda la presencia de la familia. Mis padres se fueron escapando, tratando de resguardarse de lo que era la dictadura y los militares, no escapando, pero bueno, el trabajo era no solo en la provincia sino en el pa\u00eds y tambi\u00e9n despu\u00e9s quedo comprobado con el plan c\u00f3ndor que fue en latinoam\u00e9rica, que vuelvo a decir, no son cosas que se me ocurren ami o a las viejas locas sino que quedaron comprobadas por juicios, al momento del secuestro de mis padres yo tenia un a\u00f1o\u00bb Inici\u00f3 Adriana.<br \/>\nSe le pregunt\u00f3 si hubo testigos oculares que hayan visto al beb\u00e9, \u00abSi, y solo sabemos que se lo llevaron, y esto es algo que, en nuestro pa\u00eds se pudo comprobar que hubo un plan sistem\u00e1tico de apropiaci\u00f3n, retenci\u00f3n y ocultamiento de menores de 10 a\u00f1os, se pudo comprobar a trav\u00e9s de un juicio que duro 4 a\u00f1os, arranc\u00f3 en 1998, y tuvo por fin una sentencia en el a\u00f1o 2012, en esos 4 a\u00f1os pasaron testimonios de sobrevivientes, de testigos directos, y quedo demostrado que no fue un acto casual de quedarse con un beb\u00e9 porque justo naci\u00f3 en el momento de la desaparici\u00f3n, sino que, a las embarazadas las manten\u00edan con vida eran incubadoras vivientes, para despu\u00e9s entregar esos bebes, no solo por cuestiones ideol\u00f3gicas, tambi\u00e9n por cuestiones perversas, ellos consideraban que las subversivas eran muy inteligentes, muy fuertes, capaces de soportar la tortura, entonces esos hijos iban a salir fuertes, iban a tener condiciones fuertes, entonces lo que ten\u00edan que hacer era adoctrinarlos para que sean lo opuesto a sus padres biol\u00f3gicos, por eso se los quedan, y los robaron con la intenci\u00f3n de que no los encontr\u00e1ramos, lo que nunca contaron los ideologos de este plan sistem\u00e1tico es que las abuelas no se iban a quedar con que los nietos no volv\u00edan y que tampoco se iban a conformar con que les dijeran es cualquiera, puede ser uno, puede ser otro, sino que ellas motivaron o provocaron la curiosidad en los cient\u00edficos para que la gen\u00e9tica pudiera demostrar de manera fehaciente y forense de que existiera este indice de abolidad, que pudi\u00e9ramos decir que el 99,999999% de indice de abolidad, entonces cuando crearon este plan de apropiaci\u00f3n de menores, no pensaron en que la ciencia iba a colaborar con las abuelas\u00bb.<br \/>\n\u00abHubo posibilidades de que ciertas personas fueran mi hermano, pero se llego a saber a trav\u00e9s del ADN que no, que dio negativo en la comparaci\u00f3n conmigo, pero no solo conmigo, sino con todos los grupos de familiares que est\u00e1n en el banco nacional de datos gen\u00e9ticos, la \u00fanica manera de tener plena confianza y tranquilidad de que el resultado es realmente el que nos est\u00e1n contando, es que los j\u00f3venes con dudas sobre su identidad, se acerquen a abuelas, a conadi, y que se hagan al extracci\u00f3n de su sangre y la extracci\u00f3n de su ADN, y la comparaci\u00f3n con el banco nacional de datos gen\u00e9ticos, es lo \u00fanico que nos da tranquilidad a nosotros de que ese resultado es fehaciente\u00bb.<br \/>\n\u00abVa a estar repitiendo esta charla en el Concejo Deliberante en Tornquist a las 18:30 hs hoy, y ma\u00f1ana fue invitada por la escuela de arte en Villa Ventana para compartir este mismo testimonio con los alumnos, les enviamos la invitaci\u00f3n a todas las escuelas, porque realmente no parece que recuperar la memoria, mantener la memoria viva como frente popular, frente 25 de febrero, estamos convencidos que mantener la memoria, va a hacer que esto no vuelva a pasar, entonces por eso lo ofrecimos en todas las escuelas, pero bueno, fue invitada por la escuela de Villa Ventana, le agradecemos a todos los docentes de ah\u00ed, para que Adriana ma\u00f1ana pueda compartir esto con los alumnos, pero tambi\u00e9n a la gente de Tornquist y aquellos que no participaron y quieran irse hasta alla, hoy a las 18:30 hs va a estar en el concejo deliberante dando esta misma charla, para todo publico, y ha obtenido la declaraci\u00f3n de inter\u00e9s municipal asique eso tambi\u00e9n nos alegra, es una charla conmovedora pero comprometedora tambi\u00e9n, nos compromete a seguir adelante\u00bb. Expres\u00f3 Silvia Zabala.<br \/>\nNOTA COMPLETA:<br \/>\n<iframe loading=\"lazy\" width=\"100%\" height=\"166\" scrolling=\"no\" frameborder=\"no\" allow=\"autoplay\" src=\"https:\/\/w.soundcloud.com\/player\/?url=https%3A\/\/api.soundcloud.com\/tracks\/420852252&#038;color=%23ff5500&#038;auto_play=false&#038;hide_related=false&#038;show_comments=true&#038;show_user=true&#038;show_reposts=false&#038;show_teaser=true\"><\/iframe><\/p>\n","protected":false},"excerpt":{"rendered":"<p>Esta ma\u00f1ana en nuestro programa \u00abUn mate y un caf\u00e9\u00bb, tambi\u00e9n conversamos con Adriana Metz, hija de desaparecidos en la dictadura, cuyos padres militaban en el ERP, quien nos visit\u00f3 en nuestros estudios de \u00abFM Reflejos\u00bb, (acompa\u00f1ada por Silvia Zabala), quien ademas se encuentra en la b\u00fasqueda de su hermano nacido en cautiverio.<\/p>\n","protected":false},"author":3,"featured_media":0,"comment_status":"closed","ping_status":"open","sticky":false,"template":"","format":"standard","meta":{"footnotes":""},"categories":[26],"tags":[],"class_list":["post-20184","post","type-post","status-publish","format-standard","hentry","category-sociedad"],"yoast_head":"<!-- This site is optimized with the Yoast SEO plugin v25.9 - https:\/\/yoast.com\/wordpress\/plugins\/seo\/ -->\n<title>Adriana Metz, en la b\u00fasqueda de su hermano desaparecido - Noticias Radio Reflejos<\/title>\n<meta name=\"robots\" content=\"index, follow, max-snippet:-1, max-image-preview:large, max-video-preview:-1\" \/>\n<link rel=\"canonical\" href=\"https:\/\/www.noticiasradioreflejos.com.ar\/2021\/adriana-metz-en-la-busqueda-de-su-hermano-desaparecido\/\" \/>\n<meta property=\"og:locale\" content=\"es_ES\" \/>\n<meta property=\"og:type\" content=\"article\" \/>\n<meta property=\"og:title\" content=\"Adriana Metz, en la b\u00fasqueda de su hermano desaparecido - Noticias Radio Reflejos\" \/>\n<meta property=\"og:description\" content=\"Esta ma\u00f1ana en nuestro programa \u00abUn mate y un caf\u00e9\u00bb, tambi\u00e9n conversamos con Adriana Metz, hija de desaparecidos en la dictadura, cuyos padres militaban en el ERP, quien nos visit\u00f3 en nuestros estudios de \u00abFM Reflejos\u00bb, (acompa\u00f1ada por Silvia Zabala), quien ademas se encuentra en la b\u00fasqueda de su hermano nacido en cautiverio.\" \/>\n<meta property=\"og:url\" content=\"https:\/\/www.noticiasradioreflejos.com.ar\/2021\/adriana-metz-en-la-busqueda-de-su-hermano-desaparecido\/\" \/>\n<meta property=\"og:site_name\" content=\"Noticias Radio Reflejos\" \/>\n<meta property=\"article:published_time\" content=\"2018-03-27T21:00:15+00:00\" \/>\n<meta property=\"og:image\" content=\"https:\/\/www.noticiasradioreflejos.com.ar\/2021\/wp-content\/uploads\/2021\/07\/logosol300x200.png\" \/>\n\t<meta property=\"og:image:width\" content=\"300\" \/>\n\t<meta property=\"og:image:height\" content=\"200\" \/>\n\t<meta property=\"og:image:type\" content=\"image\/png\" \/>\n<meta name=\"author\" content=\"Arnaldo Botto\" \/>\n<meta name=\"twitter:card\" content=\"summary_large_image\" \/>\n<script type=\"application\/ld+json\" class=\"yoast-schema-graph\">{\"@context\":\"https:\/\/schema.org\",\"@graph\":[{\"@type\":\"WebPage\",\"@id\":\"https:\/\/www.noticiasradioreflejos.com.ar\/2021\/adriana-metz-en-la-busqueda-de-su-hermano-desaparecido\/\",\"url\":\"https:\/\/www.noticiasradioreflejos.com.ar\/2021\/adriana-metz-en-la-busqueda-de-su-hermano-desaparecido\/\",\"name\":\"Adriana Metz, en la b\u00fasqueda de su hermano desaparecido - Noticias Radio Reflejos\",\"isPartOf\":{\"@id\":\"https:\/\/www.noticiasradioreflejos.com.ar\/2021\/#website\"},\"datePublished\":\"2018-03-27T21:00:15+00:00\",\"author\":{\"@id\":\"https:\/\/www.noticiasradioreflejos.com.ar\/2021\/#\/schema\/person\/ad82545263dcc5ec0996818884fd5fb1\"},\"breadcrumb\":{\"@id\":\"https:\/\/www.noticiasradioreflejos.com.ar\/2021\/adriana-metz-en-la-busqueda-de-su-hermano-desaparecido\/#breadcrumb\"},\"inLanguage\":\"es\",\"potentialAction\":[{\"@type\":\"ReadAction\",\"target\":[\"https:\/\/www.noticiasradioreflejos.com.ar\/2021\/adriana-metz-en-la-busqueda-de-su-hermano-desaparecido\/\"]}]},{\"@type\":\"BreadcrumbList\",\"@id\":\"https:\/\/www.noticiasradioreflejos.com.ar\/2021\/adriana-metz-en-la-busqueda-de-su-hermano-desaparecido\/#breadcrumb\",\"itemListElement\":[{\"@type\":\"ListItem\",\"position\":1,\"name\":\"Portada\",\"item\":\"https:\/\/www.noticiasradioreflejos.com.ar\/2021\/\"},{\"@type\":\"ListItem\",\"position\":2,\"name\":\"Adriana Metz, en la b\u00fasqueda de su hermano desaparecido\"}]},{\"@type\":\"WebSite\",\"@id\":\"https:\/\/www.noticiasradioreflejos.com.ar\/2021\/#website\",\"url\":\"https:\/\/www.noticiasradioreflejos.com.ar\/2021\/\",\"name\":\"Noticias Radio Reflejos\",\"description\":\"Las noticias de mi comarca\",\"potentialAction\":[{\"@type\":\"SearchAction\",\"target\":{\"@type\":\"EntryPoint\",\"urlTemplate\":\"https:\/\/www.noticiasradioreflejos.com.ar\/2021\/?s={search_term_string}\"},\"query-input\":{\"@type\":\"PropertyValueSpecification\",\"valueRequired\":true,\"valueName\":\"search_term_string\"}}],\"inLanguage\":\"es\"},{\"@type\":\"Person\",\"@id\":\"https:\/\/www.noticiasradioreflejos.com.ar\/2021\/#\/schema\/person\/ad82545263dcc5ec0996818884fd5fb1\",\"name\":\"Arnaldo Botto\",\"image\":{\"@type\":\"ImageObject\",\"inLanguage\":\"es\",\"@id\":\"https:\/\/www.noticiasradioreflejos.com.ar\/2021\/#\/schema\/person\/image\/\",\"url\":\"https:\/\/secure.gravatar.com\/avatar\/55cb5e37c1efa326397366e6974cb338056df65cb50e7d64d1cf314e87504837?s=96&d=mm&r=g\",\"contentUrl\":\"https:\/\/secure.gravatar.com\/avatar\/55cb5e37c1efa326397366e6974cb338056df65cb50e7d64d1cf314e87504837?s=96&d=mm&r=g\",\"caption\":\"Arnaldo Botto\"},\"url\":\"https:\/\/www.noticiasradioreflejos.com.ar\/2021\/author\/arnaldo\/\"}]}<\/script>\n<!-- \/ Yoast SEO plugin. -->","yoast_head_json":{"title":"Adriana Metz, en la b\u00fasqueda de su hermano desaparecido - Noticias Radio Reflejos","robots":{"index":"index","follow":"follow","max-snippet":"max-snippet:-1","max-image-preview":"max-image-preview:large","max-video-preview":"max-video-preview:-1"},"canonical":"https:\/\/www.noticiasradioreflejos.com.ar\/2021\/adriana-metz-en-la-busqueda-de-su-hermano-desaparecido\/","og_locale":"es_ES","og_type":"article","og_title":"Adriana Metz, en la b\u00fasqueda de su hermano desaparecido - Noticias Radio Reflejos","og_description":"Esta ma\u00f1ana en nuestro programa \u00abUn mate y un caf\u00e9\u00bb, tambi\u00e9n conversamos con Adriana Metz, hija de desaparecidos en la dictadura, cuyos padres militaban en el ERP, quien nos visit\u00f3 en nuestros estudios de \u00abFM Reflejos\u00bb, (acompa\u00f1ada por Silvia Zabala), quien ademas se encuentra en la b\u00fasqueda de su hermano nacido en cautiverio.","og_url":"https:\/\/www.noticiasradioreflejos.com.ar\/2021\/adriana-metz-en-la-busqueda-de-su-hermano-desaparecido\/","og_site_name":"Noticias Radio Reflejos","article_published_time":"2018-03-27T21:00:15+00:00","og_image":[{"width":300,"height":200,"url":"https:\/\/www.noticiasradioreflejos.com.ar\/2021\/wp-content\/uploads\/2021\/07\/logosol300x200.png","type":"image\/png"}],"author":"Arnaldo Botto","twitter_card":"summary_large_image","schema":{"@context":"https:\/\/schema.org","@graph":[{"@type":"WebPage","@id":"https:\/\/www.noticiasradioreflejos.com.ar\/2021\/adriana-metz-en-la-busqueda-de-su-hermano-desaparecido\/","url":"https:\/\/www.noticiasradioreflejos.com.ar\/2021\/adriana-metz-en-la-busqueda-de-su-hermano-desaparecido\/","name":"Adriana Metz, en la b\u00fasqueda de su hermano desaparecido - Noticias Radio Reflejos","isPartOf":{"@id":"https:\/\/www.noticiasradioreflejos.com.ar\/2021\/#website"},"datePublished":"2018-03-27T21:00:15+00:00","author":{"@id":"https:\/\/www.noticiasradioreflejos.com.ar\/2021\/#\/schema\/person\/ad82545263dcc5ec0996818884fd5fb1"},"breadcrumb":{"@id":"https:\/\/www.noticiasradioreflejos.com.ar\/2021\/adriana-metz-en-la-busqueda-de-su-hermano-desaparecido\/#breadcrumb"},"inLanguage":"es","potentialAction":[{"@type":"ReadAction","target":["https:\/\/www.noticiasradioreflejos.com.ar\/2021\/adriana-metz-en-la-busqueda-de-su-hermano-desaparecido\/"]}]},{"@type":"BreadcrumbList","@id":"https:\/\/www.noticiasradioreflejos.com.ar\/2021\/adriana-metz-en-la-busqueda-de-su-hermano-desaparecido\/#breadcrumb","itemListElement":[{"@type":"ListItem","position":1,"name":"Portada","item":"https:\/\/www.noticiasradioreflejos.com.ar\/2021\/"},{"@type":"ListItem","position":2,"name":"Adriana Metz, en la b\u00fasqueda de su hermano desaparecido"}]},{"@type":"WebSite","@id":"https:\/\/www.noticiasradioreflejos.com.ar\/2021\/#website","url":"https:\/\/www.noticiasradioreflejos.com.ar\/2021\/","name":"Noticias Radio Reflejos","description":"Las noticias de mi comarca","potentialAction":[{"@type":"SearchAction","target":{"@type":"EntryPoint","urlTemplate":"https:\/\/www.noticiasradioreflejos.com.ar\/2021\/?s={search_term_string}"},"query-input":{"@type":"PropertyValueSpecification","valueRequired":true,"valueName":"search_term_string"}}],"inLanguage":"es"},{"@type":"Person","@id":"https:\/\/www.noticiasradioreflejos.com.ar\/2021\/#\/schema\/person\/ad82545263dcc5ec0996818884fd5fb1","name":"Arnaldo Botto","image":{"@type":"ImageObject","inLanguage":"es","@id":"https:\/\/www.noticiasradioreflejos.com.ar\/2021\/#\/schema\/person\/image\/","url":"https:\/\/secure.gravatar.com\/avatar\/55cb5e37c1efa326397366e6974cb338056df65cb50e7d64d1cf314e87504837?s=96&d=mm&r=g","contentUrl":"https:\/\/secure.gravatar.com\/avatar\/55cb5e37c1efa326397366e6974cb338056df65cb50e7d64d1cf314e87504837?s=96&d=mm&r=g","caption":"Arnaldo Botto"},"url":"https:\/\/www.noticiasradioreflejos.com.ar\/2021\/author\/arnaldo\/"}]}},"_links":{"self":[{"href":"https:\/\/www.noticiasradioreflejos.com.ar\/2021\/wp-json\/wp\/v2\/posts\/20184","targetHints":{"allow":["GET"]}}],"collection":[{"href":"https:\/\/www.noticiasradioreflejos.com.ar\/2021\/wp-json\/wp\/v2\/posts"}],"about":[{"href":"https:\/\/www.noticiasradioreflejos.com.ar\/2021\/wp-json\/wp\/v2\/types\/post"}],"author":[{"embeddable":true,"href":"https:\/\/www.noticiasradioreflejos.com.ar\/2021\/wp-json\/wp\/v2\/users\/3"}],"replies":[{"embeddable":true,"href":"https:\/\/www.noticiasradioreflejos.com.ar\/2021\/wp-json\/wp\/v2\/comments?post=20184"}],"version-history":[{"count":0,"href":"https:\/\/www.noticiasradioreflejos.com.ar\/2021\/wp-json\/wp\/v2\/posts\/20184\/revisions"}],"wp:attachment":[{"href":"https:\/\/www.noticiasradioreflejos.com.ar\/2021\/wp-json\/wp\/v2\/media?parent=20184"}],"wp:term":[{"taxonomy":"category","embeddable":true,"href":"https:\/\/www.noticiasradioreflejos.com.ar\/2021\/wp-json\/wp\/v2\/categories?post=20184"},{"taxonomy":"post_tag","embeddable":true,"href":"https:\/\/www.noticiasradioreflejos.com.ar\/2021\/wp-json\/wp\/v2\/tags?post=20184"}],"curies":[{"name":"wp","href":"https:\/\/api.w.org\/{rel}","templated":true}]}}