{"id":20180,"date":"2018-03-27T16:45:22","date_gmt":"2018-03-27T19:45:22","guid":{"rendered":"http:\/\/www.noticiasradioreflejos.com.ar\/noticias\/?p=20180"},"modified":"2018-03-27T16:45:22","modified_gmt":"2018-03-27T19:45:22","slug":"que-tomen-conciencia-los-habitantes-de-villa-que-al-animal-hay-que-tenerlo-en-su-casa","status":"publish","type":"post","link":"https:\/\/www.noticiasradioreflejos.com.ar\/2021\/que-tomen-conciencia-los-habitantes-de-villa-que-al-animal-hay-que-tenerlo-en-su-casa\/","title":{"rendered":"&quot;Que tomen conciencia los habitantes de Villa que al animal hay que tenerlo en su casa&quot;"},"content":{"rendered":"<p>En la ma\u00f1ana del d\u00eda de hoy Martes 27 de Marzo, mantuvimos una conversaci\u00f3n telef\u00f3nica con Gladis Contreras, que nos brind\u00f3 informaci\u00f3n sobre la castraci\u00f3n en Villa Ventana y tenencia responsable de mascotas.<!--more--><br \/>\n\u00abQuer\u00eda comunicarle a la poblaci\u00f3n de Villa, que se va a hacer una charla sobre lo que es castraci\u00f3n de animales, y de tenencia responsable de los animalitos, van a dar charlas en las escuelas de Villa, en el jard\u00edn, en el colegio secundario, y en el primario, asique eso se va a hacer en la semana que viene de abril ya van a dar charlas, y se les va a dar folleteria a los chicos y en el jard\u00edn creo que van a estar los padres tambi\u00e9n, porque esto mas que nada es para los grandes y los chicos\u00bb Expres\u00f3.<br \/>\nSe le pregunto sobre como esta el tema de los perros en Villa Ventana, a lo que Gladis respondi\u00f3, \u00abAc\u00e1 en Villa Ventana hace a\u00f1os, hab\u00eda mucha cantidad de perros, que los tiran los turistas, y no turistas, el tema es que, bueno, de a poquito, porque es todo lento esto, con la educaci\u00f3n de los animales, porque primero hay que educar a las personas, entonces los animalitos, ahora hay menos, pero siguen, hay viejitos, hay animales que buscan a sus due\u00f1os, van y vienen, de punta a punta de la Villa buscando a sus due\u00f1os y su due\u00f1o no esta mas, son perros que viven en la calle, y los vecinos les dan de comer, le ponemos un canastito de agua, y un canastito de alimento, pero ellos necesitan un lugar, hay animales, SI, pero yo creo que tenemos que seguir haciendo hincapi\u00e9 con los animalitos, ense\u00f1arles a los adultos, para que despu\u00e9s le ense\u00f1en a sus hijos, tenencia responsable. Asique bueno, va a estar bueno porque el director de bromatolog\u00eda va a dar una charla mas extensiva, que durara una hora en cada colegio, como para ense\u00f1ar y concientizar, porque esta pasando que cuando los chicos van al mediod\u00eda al colegio, van cada uno con sus perros, y se juntan 20 perros en la puerta de la escuela, entonces imag\u00ednate lo que se arma ah\u00ed con tantos animales, la asociaci\u00f3n de turismo esta haciendo esta movida como para que tomen conciencia los habitantes de Villa que al animal hay que tenerlo en su casa, despu\u00e9s la asociaci\u00f3n va a rifar un huevo de pascua de 6kg, y pesa porque tiene premios adentro, asique cualquier cosa que se acerquen vamos a estar en Villa, ah\u00ed en el paseo nuevo, esta el huevo en exhibici\u00f3n, el que pase lo va a ver, y ah\u00ed mismo pueden adquirir el bono de 50$ el numero, que se sortea el 31 de Marzo\u00bb. Cont\u00f3.<br \/>\nFinalmente se le pregunto como se prepara Villa Ventana para recibir la fluencia tur\u00edstica que se espera para este fin de semana largo, Gladis nos cont\u00f3, \u00abLa verdad que, no hablemos solamente de la comarca, sino que el pa\u00eds esta todo a full, semana santa va a ser como todos los a\u00f1os, explota, en todo el pa\u00eds, y ac\u00e1 en la comarca desde ya, no hay una vivienda que no se alquile, ya esta todo lleno, Villa esta esperando con todas las ansias, cada uno con su rubro, como todos los a\u00f1os se trabaja muy bien, les deseo a todos felices pascuas\u00bb.<br \/>\nNOTA COMPLETA:<br \/>\n<iframe loading=\"lazy\" width=\"100%\" height=\"166\" scrolling=\"no\" frameborder=\"no\" allow=\"autoplay\" src=\"https:\/\/w.soundcloud.com\/player\/?url=https%3A\/\/api.soundcloud.com\/tracks\/420837888&#038;color=%23ff5500&#038;auto_play=false&#038;hide_related=false&#038;show_comments=true&#038;show_user=true&#038;show_reposts=false&#038;show_teaser=true\"><\/iframe><\/p>\n","protected":false},"excerpt":{"rendered":"<p>En la ma\u00f1ana del d\u00eda de hoy Martes 27 de Marzo, mantuvimos una conversaci\u00f3n telef\u00f3nica con Gladis Contreras, que nos brind\u00f3 informaci\u00f3n sobre la castraci\u00f3n en Villa Ventana y tenencia responsable de mascotas.<\/p>\n","protected":false},"author":3,"featured_media":0,"comment_status":"closed","ping_status":"open","sticky":false,"template":"","format":"standard","meta":{"footnotes":""},"categories":[26],"tags":[],"class_list":["post-20180","post","type-post","status-publish","format-standard","hentry","category-sociedad"],"yoast_head":"<!-- This site is optimized with the Yoast SEO plugin v25.9 - https:\/\/yoast.com\/wordpress\/plugins\/seo\/ -->\n<title>&quot;Que tomen conciencia los habitantes de Villa que al animal hay que tenerlo en su casa&quot; - Noticias Radio Reflejos<\/title>\n<meta name=\"robots\" content=\"index, follow, max-snippet:-1, max-image-preview:large, max-video-preview:-1\" \/>\n<link rel=\"canonical\" href=\"https:\/\/www.noticiasradioreflejos.com.ar\/2021\/que-tomen-conciencia-los-habitantes-de-villa-que-al-animal-hay-que-tenerlo-en-su-casa\/\" \/>\n<meta property=\"og:locale\" content=\"es_ES\" \/>\n<meta property=\"og:type\" content=\"article\" \/>\n<meta property=\"og:title\" content=\"&quot;Que tomen conciencia los habitantes de Villa que al animal hay que tenerlo en su casa&quot; - Noticias Radio Reflejos\" \/>\n<meta property=\"og:description\" content=\"En la ma\u00f1ana del d\u00eda de hoy Martes 27 de Marzo, mantuvimos una conversaci\u00f3n telef\u00f3nica con Gladis Contreras, que nos brind\u00f3 informaci\u00f3n sobre la castraci\u00f3n en Villa Ventana y tenencia responsable de mascotas.\" \/>\n<meta property=\"og:url\" content=\"https:\/\/www.noticiasradioreflejos.com.ar\/2021\/que-tomen-conciencia-los-habitantes-de-villa-que-al-animal-hay-que-tenerlo-en-su-casa\/\" \/>\n<meta property=\"og:site_name\" content=\"Noticias Radio Reflejos\" \/>\n<meta property=\"article:published_time\" content=\"2018-03-27T19:45:22+00:00\" \/>\n<meta property=\"og:image\" content=\"https:\/\/www.noticiasradioreflejos.com.ar\/2021\/wp-content\/uploads\/2021\/07\/logosol300x200.png\" \/>\n\t<meta property=\"og:image:width\" content=\"300\" \/>\n\t<meta property=\"og:image:height\" content=\"200\" \/>\n\t<meta property=\"og:image:type\" content=\"image\/png\" \/>\n<meta name=\"author\" content=\"Arnaldo Botto\" \/>\n<meta name=\"twitter:card\" content=\"summary_large_image\" \/>\n<script type=\"application\/ld+json\" class=\"yoast-schema-graph\">{\"@context\":\"https:\/\/schema.org\",\"@graph\":[{\"@type\":\"WebPage\",\"@id\":\"https:\/\/www.noticiasradioreflejos.com.ar\/2021\/que-tomen-conciencia-los-habitantes-de-villa-que-al-animal-hay-que-tenerlo-en-su-casa\/\",\"url\":\"https:\/\/www.noticiasradioreflejos.com.ar\/2021\/que-tomen-conciencia-los-habitantes-de-villa-que-al-animal-hay-que-tenerlo-en-su-casa\/\",\"name\":\"&quot;Que tomen conciencia los habitantes de Villa que al animal hay que tenerlo en su casa&quot; - Noticias Radio Reflejos\",\"isPartOf\":{\"@id\":\"https:\/\/www.noticiasradioreflejos.com.ar\/2021\/#website\"},\"datePublished\":\"2018-03-27T19:45:22+00:00\",\"author\":{\"@id\":\"https:\/\/www.noticiasradioreflejos.com.ar\/2021\/#\/schema\/person\/ad82545263dcc5ec0996818884fd5fb1\"},\"breadcrumb\":{\"@id\":\"https:\/\/www.noticiasradioreflejos.com.ar\/2021\/que-tomen-conciencia-los-habitantes-de-villa-que-al-animal-hay-que-tenerlo-en-su-casa\/#breadcrumb\"},\"inLanguage\":\"es\",\"potentialAction\":[{\"@type\":\"ReadAction\",\"target\":[\"https:\/\/www.noticiasradioreflejos.com.ar\/2021\/que-tomen-conciencia-los-habitantes-de-villa-que-al-animal-hay-que-tenerlo-en-su-casa\/\"]}]},{\"@type\":\"BreadcrumbList\",\"@id\":\"https:\/\/www.noticiasradioreflejos.com.ar\/2021\/que-tomen-conciencia-los-habitantes-de-villa-que-al-animal-hay-que-tenerlo-en-su-casa\/#breadcrumb\",\"itemListElement\":[{\"@type\":\"ListItem\",\"position\":1,\"name\":\"Portada\",\"item\":\"https:\/\/www.noticiasradioreflejos.com.ar\/2021\/\"},{\"@type\":\"ListItem\",\"position\":2,\"name\":\"&quot;Que tomen conciencia los habitantes de Villa que al animal hay que tenerlo en su casa&quot;\"}]},{\"@type\":\"WebSite\",\"@id\":\"https:\/\/www.noticiasradioreflejos.com.ar\/2021\/#website\",\"url\":\"https:\/\/www.noticiasradioreflejos.com.ar\/2021\/\",\"name\":\"Noticias Radio Reflejos\",\"description\":\"Las noticias de mi comarca\",\"potentialAction\":[{\"@type\":\"SearchAction\",\"target\":{\"@type\":\"EntryPoint\",\"urlTemplate\":\"https:\/\/www.noticiasradioreflejos.com.ar\/2021\/?s={search_term_string}\"},\"query-input\":{\"@type\":\"PropertyValueSpecification\",\"valueRequired\":true,\"valueName\":\"search_term_string\"}}],\"inLanguage\":\"es\"},{\"@type\":\"Person\",\"@id\":\"https:\/\/www.noticiasradioreflejos.com.ar\/2021\/#\/schema\/person\/ad82545263dcc5ec0996818884fd5fb1\",\"name\":\"Arnaldo Botto\",\"image\":{\"@type\":\"ImageObject\",\"inLanguage\":\"es\",\"@id\":\"https:\/\/www.noticiasradioreflejos.com.ar\/2021\/#\/schema\/person\/image\/\",\"url\":\"https:\/\/secure.gravatar.com\/avatar\/55cb5e37c1efa326397366e6974cb338056df65cb50e7d64d1cf314e87504837?s=96&d=mm&r=g\",\"contentUrl\":\"https:\/\/secure.gravatar.com\/avatar\/55cb5e37c1efa326397366e6974cb338056df65cb50e7d64d1cf314e87504837?s=96&d=mm&r=g\",\"caption\":\"Arnaldo Botto\"},\"url\":\"https:\/\/www.noticiasradioreflejos.com.ar\/2021\/author\/arnaldo\/\"}]}<\/script>\n<!-- \/ Yoast SEO plugin. -->","yoast_head_json":{"title":"&quot;Que tomen conciencia los habitantes de Villa que al animal hay que tenerlo en su casa&quot; - Noticias Radio Reflejos","robots":{"index":"index","follow":"follow","max-snippet":"max-snippet:-1","max-image-preview":"max-image-preview:large","max-video-preview":"max-video-preview:-1"},"canonical":"https:\/\/www.noticiasradioreflejos.com.ar\/2021\/que-tomen-conciencia-los-habitantes-de-villa-que-al-animal-hay-que-tenerlo-en-su-casa\/","og_locale":"es_ES","og_type":"article","og_title":"&quot;Que tomen conciencia los habitantes de Villa que al animal hay que tenerlo en su casa&quot; - Noticias Radio Reflejos","og_description":"En la ma\u00f1ana del d\u00eda de hoy Martes 27 de Marzo, mantuvimos una conversaci\u00f3n telef\u00f3nica con Gladis Contreras, que nos brind\u00f3 informaci\u00f3n sobre la castraci\u00f3n en Villa Ventana y tenencia responsable de mascotas.","og_url":"https:\/\/www.noticiasradioreflejos.com.ar\/2021\/que-tomen-conciencia-los-habitantes-de-villa-que-al-animal-hay-que-tenerlo-en-su-casa\/","og_site_name":"Noticias Radio Reflejos","article_published_time":"2018-03-27T19:45:22+00:00","og_image":[{"width":300,"height":200,"url":"https:\/\/www.noticiasradioreflejos.com.ar\/2021\/wp-content\/uploads\/2021\/07\/logosol300x200.png","type":"image\/png"}],"author":"Arnaldo Botto","twitter_card":"summary_large_image","schema":{"@context":"https:\/\/schema.org","@graph":[{"@type":"WebPage","@id":"https:\/\/www.noticiasradioreflejos.com.ar\/2021\/que-tomen-conciencia-los-habitantes-de-villa-que-al-animal-hay-que-tenerlo-en-su-casa\/","url":"https:\/\/www.noticiasradioreflejos.com.ar\/2021\/que-tomen-conciencia-los-habitantes-de-villa-que-al-animal-hay-que-tenerlo-en-su-casa\/","name":"&quot;Que tomen conciencia los habitantes de Villa que al animal hay que tenerlo en su casa&quot; - Noticias Radio Reflejos","isPartOf":{"@id":"https:\/\/www.noticiasradioreflejos.com.ar\/2021\/#website"},"datePublished":"2018-03-27T19:45:22+00:00","author":{"@id":"https:\/\/www.noticiasradioreflejos.com.ar\/2021\/#\/schema\/person\/ad82545263dcc5ec0996818884fd5fb1"},"breadcrumb":{"@id":"https:\/\/www.noticiasradioreflejos.com.ar\/2021\/que-tomen-conciencia-los-habitantes-de-villa-que-al-animal-hay-que-tenerlo-en-su-casa\/#breadcrumb"},"inLanguage":"es","potentialAction":[{"@type":"ReadAction","target":["https:\/\/www.noticiasradioreflejos.com.ar\/2021\/que-tomen-conciencia-los-habitantes-de-villa-que-al-animal-hay-que-tenerlo-en-su-casa\/"]}]},{"@type":"BreadcrumbList","@id":"https:\/\/www.noticiasradioreflejos.com.ar\/2021\/que-tomen-conciencia-los-habitantes-de-villa-que-al-animal-hay-que-tenerlo-en-su-casa\/#breadcrumb","itemListElement":[{"@type":"ListItem","position":1,"name":"Portada","item":"https:\/\/www.noticiasradioreflejos.com.ar\/2021\/"},{"@type":"ListItem","position":2,"name":"&quot;Que tomen conciencia los habitantes de Villa que al animal hay que tenerlo en su casa&quot;"}]},{"@type":"WebSite","@id":"https:\/\/www.noticiasradioreflejos.com.ar\/2021\/#website","url":"https:\/\/www.noticiasradioreflejos.com.ar\/2021\/","name":"Noticias Radio Reflejos","description":"Las noticias de mi comarca","potentialAction":[{"@type":"SearchAction","target":{"@type":"EntryPoint","urlTemplate":"https:\/\/www.noticiasradioreflejos.com.ar\/2021\/?s={search_term_string}"},"query-input":{"@type":"PropertyValueSpecification","valueRequired":true,"valueName":"search_term_string"}}],"inLanguage":"es"},{"@type":"Person","@id":"https:\/\/www.noticiasradioreflejos.com.ar\/2021\/#\/schema\/person\/ad82545263dcc5ec0996818884fd5fb1","name":"Arnaldo Botto","image":{"@type":"ImageObject","inLanguage":"es","@id":"https:\/\/www.noticiasradioreflejos.com.ar\/2021\/#\/schema\/person\/image\/","url":"https:\/\/secure.gravatar.com\/avatar\/55cb5e37c1efa326397366e6974cb338056df65cb50e7d64d1cf314e87504837?s=96&d=mm&r=g","contentUrl":"https:\/\/secure.gravatar.com\/avatar\/55cb5e37c1efa326397366e6974cb338056df65cb50e7d64d1cf314e87504837?s=96&d=mm&r=g","caption":"Arnaldo Botto"},"url":"https:\/\/www.noticiasradioreflejos.com.ar\/2021\/author\/arnaldo\/"}]}},"_links":{"self":[{"href":"https:\/\/www.noticiasradioreflejos.com.ar\/2021\/wp-json\/wp\/v2\/posts\/20180","targetHints":{"allow":["GET"]}}],"collection":[{"href":"https:\/\/www.noticiasradioreflejos.com.ar\/2021\/wp-json\/wp\/v2\/posts"}],"about":[{"href":"https:\/\/www.noticiasradioreflejos.com.ar\/2021\/wp-json\/wp\/v2\/types\/post"}],"author":[{"embeddable":true,"href":"https:\/\/www.noticiasradioreflejos.com.ar\/2021\/wp-json\/wp\/v2\/users\/3"}],"replies":[{"embeddable":true,"href":"https:\/\/www.noticiasradioreflejos.com.ar\/2021\/wp-json\/wp\/v2\/comments?post=20180"}],"version-history":[{"count":0,"href":"https:\/\/www.noticiasradioreflejos.com.ar\/2021\/wp-json\/wp\/v2\/posts\/20180\/revisions"}],"wp:attachment":[{"href":"https:\/\/www.noticiasradioreflejos.com.ar\/2021\/wp-json\/wp\/v2\/media?parent=20180"}],"wp:term":[{"taxonomy":"category","embeddable":true,"href":"https:\/\/www.noticiasradioreflejos.com.ar\/2021\/wp-json\/wp\/v2\/categories?post=20180"},{"taxonomy":"post_tag","embeddable":true,"href":"https:\/\/www.noticiasradioreflejos.com.ar\/2021\/wp-json\/wp\/v2\/tags?post=20180"}],"curies":[{"name":"wp","href":"https:\/\/api.w.org\/{rel}","templated":true}]}}