{"id":20176,"date":"2018-03-27T15:56:54","date_gmt":"2018-03-27T18:56:54","guid":{"rendered":"http:\/\/www.noticiasradioreflejos.com.ar\/noticias\/?p=20176"},"modified":"2018-03-27T15:56:54","modified_gmt":"2018-03-27T18:56:54","slug":"carta-de-lectores-jose-luis-medina","status":"publish","type":"post","link":"https:\/\/www.noticiasradioreflejos.com.ar\/2021\/carta-de-lectores-jose-luis-medina\/","title":{"rendered":"Carta de lectores, Jos\u00e9 Luis Medina."},"content":{"rendered":"<p>\u00abEl Reino de Pino ,que no es un \u00e1rbol ,pero es madera\u00bb<!--more--><br \/>\n1\u00ba Hace unos d\u00edas visitando a distintas familias que la est\u00e1n pasando mal desde hace dos a\u00f1os ,v\u00ed la mercader\u00eda que  Acci\u00f3n Social de la Municipalidad de Tornquist les entrega cada 10 d\u00edas o 15 d\u00edas ,ah\u00ed me llam\u00f3 la atenci\u00f3n una lata Viandada Santa Elena \u00abPan de carne\u00bb asqueroso ,y me pregunto el Se\u00f1or Secretario de Acci\u00f3n Social o algunos de los funcionarios del Municipio comen estas cosas? La mujer que est\u00e1 en Saldungaray a cargo de Acci\u00f3n Social o el delegado comen esto? Dan verg\u00fcenza ,son una manga de irresponsables ,se rien de la gente m\u00e1s necesitada ,por no decir otra cosa.- Hace un tiempo todas las familias recib\u00edan un bono de $500 que pod\u00edan gastarlos en los super de la Comarca ,ah\u00ed pod\u00edan comprar frutas ,verduras etc ,etc ,ahora ajustaron con estas familias y le dan solo hidratos de carbono y esta porquer\u00eda de Viandada .- Esto demuestra que tenemos un gobireno de clases ,un municipio que trabaja para pocos ,dejando a muchos con cada vez menos.- NO TIENEN NI IDEA DE LO QUE ES UNA POLITICA SOCIAL ,impresentables!!!<br \/>\n2\u00ba Hace unos d\u00edas en el reino de Pino ,me entero que entre algunos comerciantes y el Municipio acordaron de que las ramas de las podas ,\u00bbya no las va a llevar el Municipio ,\u00bb o sea que cada vecino tendr\u00e1 que pagar ,el ABL alumbrado ,barrido y limpieza y aparte pagar a un privado para sacar las ramas ,creo que algunos comerciantes y funcionarios municipales tendr\u00edan que hacerse un encefalograma por que no se si tienen algo en la cabeza con estas ideas ,la verdad que algunos viven de rodillas para no ensuciar sus zapatos.- Impresentables!!!<br \/>\nPara asombro personal me entero que desde hace un tiempo ,tiempo ,en la Sociedad de Fomento de Villa Ventana es Presidenta una persona que NO VIVE EN LA VILLA jajaja cosa de locos o cosa de los que viven de rodillas al poder de turno!!! Impresentables!!!!<br \/>\n3\u00ba Cuando llegue noviembre voy a controlar que todos los campos cumplan con la ordenanza 2700\/14 ,que obliga desde esa fecha a tener los contrafuegos hechos ,por que despues lloramos por los incendios ,pero como los inspectores de obras p\u00fablicas (Batman y Robin),y el juez de falta del Municipio solo hacen multas  a algunos ciudadanos y a los que son due\u00f1os de estancias o campos se hacen los distraidos ,habr\u00e1 que controlarlos!!! Impresentables!!!<br \/>\nJos\u00e9 Luis Medina<br \/>\nDNI 14853294<br \/>\n291-4910392<\/p>\n","protected":false},"excerpt":{"rendered":"<p>\u00abEl Reino de Pino ,que no es un \u00e1rbol ,pero es madera\u00bb<\/p>\n","protected":false},"author":3,"featured_media":0,"comment_status":"closed","ping_status":"open","sticky":false,"template":"","format":"standard","meta":{"footnotes":""},"categories":[26],"tags":[],"class_list":["post-20176","post","type-post","status-publish","format-standard","hentry","category-sociedad"],"yoast_head":"<!-- This site is optimized with the Yoast SEO plugin v25.9 - https:\/\/yoast.com\/wordpress\/plugins\/seo\/ -->\n<title>Carta de lectores, Jos\u00e9 Luis Medina. - Noticias Radio Reflejos<\/title>\n<meta name=\"robots\" content=\"index, follow, max-snippet:-1, max-image-preview:large, max-video-preview:-1\" \/>\n<link rel=\"canonical\" href=\"https:\/\/www.noticiasradioreflejos.com.ar\/2021\/carta-de-lectores-jose-luis-medina\/\" \/>\n<meta property=\"og:locale\" content=\"es_ES\" \/>\n<meta property=\"og:type\" content=\"article\" \/>\n<meta property=\"og:title\" content=\"Carta de lectores, Jos\u00e9 Luis Medina. - Noticias Radio Reflejos\" \/>\n<meta property=\"og:description\" content=\"\u00abEl Reino de Pino ,que no es un \u00e1rbol ,pero es madera\u00bb\" \/>\n<meta property=\"og:url\" content=\"https:\/\/www.noticiasradioreflejos.com.ar\/2021\/carta-de-lectores-jose-luis-medina\/\" \/>\n<meta property=\"og:site_name\" content=\"Noticias Radio Reflejos\" \/>\n<meta property=\"article:published_time\" content=\"2018-03-27T18:56:54+00:00\" \/>\n<meta property=\"og:image\" content=\"https:\/\/www.noticiasradioreflejos.com.ar\/2021\/wp-content\/uploads\/2021\/07\/logosol300x200.png\" \/>\n\t<meta property=\"og:image:width\" content=\"300\" \/>\n\t<meta property=\"og:image:height\" content=\"200\" \/>\n\t<meta property=\"og:image:type\" content=\"image\/png\" \/>\n<meta name=\"author\" content=\"Arnaldo Botto\" \/>\n<meta name=\"twitter:card\" content=\"summary_large_image\" \/>\n<script type=\"application\/ld+json\" class=\"yoast-schema-graph\">{\"@context\":\"https:\/\/schema.org\",\"@graph\":[{\"@type\":\"WebPage\",\"@id\":\"https:\/\/www.noticiasradioreflejos.com.ar\/2021\/carta-de-lectores-jose-luis-medina\/\",\"url\":\"https:\/\/www.noticiasradioreflejos.com.ar\/2021\/carta-de-lectores-jose-luis-medina\/\",\"name\":\"Carta de lectores, Jos\u00e9 Luis Medina. - Noticias Radio Reflejos\",\"isPartOf\":{\"@id\":\"https:\/\/www.noticiasradioreflejos.com.ar\/2021\/#website\"},\"datePublished\":\"2018-03-27T18:56:54+00:00\",\"author\":{\"@id\":\"https:\/\/www.noticiasradioreflejos.com.ar\/2021\/#\/schema\/person\/ad82545263dcc5ec0996818884fd5fb1\"},\"breadcrumb\":{\"@id\":\"https:\/\/www.noticiasradioreflejos.com.ar\/2021\/carta-de-lectores-jose-luis-medina\/#breadcrumb\"},\"inLanguage\":\"es\",\"potentialAction\":[{\"@type\":\"ReadAction\",\"target\":[\"https:\/\/www.noticiasradioreflejos.com.ar\/2021\/carta-de-lectores-jose-luis-medina\/\"]}]},{\"@type\":\"BreadcrumbList\",\"@id\":\"https:\/\/www.noticiasradioreflejos.com.ar\/2021\/carta-de-lectores-jose-luis-medina\/#breadcrumb\",\"itemListElement\":[{\"@type\":\"ListItem\",\"position\":1,\"name\":\"Portada\",\"item\":\"https:\/\/www.noticiasradioreflejos.com.ar\/2021\/\"},{\"@type\":\"ListItem\",\"position\":2,\"name\":\"Carta de lectores, Jos\u00e9 Luis Medina.\"}]},{\"@type\":\"WebSite\",\"@id\":\"https:\/\/www.noticiasradioreflejos.com.ar\/2021\/#website\",\"url\":\"https:\/\/www.noticiasradioreflejos.com.ar\/2021\/\",\"name\":\"Noticias Radio Reflejos\",\"description\":\"Las noticias de mi comarca\",\"potentialAction\":[{\"@type\":\"SearchAction\",\"target\":{\"@type\":\"EntryPoint\",\"urlTemplate\":\"https:\/\/www.noticiasradioreflejos.com.ar\/2021\/?s={search_term_string}\"},\"query-input\":{\"@type\":\"PropertyValueSpecification\",\"valueRequired\":true,\"valueName\":\"search_term_string\"}}],\"inLanguage\":\"es\"},{\"@type\":\"Person\",\"@id\":\"https:\/\/www.noticiasradioreflejos.com.ar\/2021\/#\/schema\/person\/ad82545263dcc5ec0996818884fd5fb1\",\"name\":\"Arnaldo Botto\",\"image\":{\"@type\":\"ImageObject\",\"inLanguage\":\"es\",\"@id\":\"https:\/\/www.noticiasradioreflejos.com.ar\/2021\/#\/schema\/person\/image\/\",\"url\":\"https:\/\/secure.gravatar.com\/avatar\/55cb5e37c1efa326397366e6974cb338056df65cb50e7d64d1cf314e87504837?s=96&d=mm&r=g\",\"contentUrl\":\"https:\/\/secure.gravatar.com\/avatar\/55cb5e37c1efa326397366e6974cb338056df65cb50e7d64d1cf314e87504837?s=96&d=mm&r=g\",\"caption\":\"Arnaldo Botto\"},\"url\":\"https:\/\/www.noticiasradioreflejos.com.ar\/2021\/author\/arnaldo\/\"}]}<\/script>\n<!-- \/ Yoast SEO plugin. -->","yoast_head_json":{"title":"Carta de lectores, Jos\u00e9 Luis Medina. - Noticias Radio Reflejos","robots":{"index":"index","follow":"follow","max-snippet":"max-snippet:-1","max-image-preview":"max-image-preview:large","max-video-preview":"max-video-preview:-1"},"canonical":"https:\/\/www.noticiasradioreflejos.com.ar\/2021\/carta-de-lectores-jose-luis-medina\/","og_locale":"es_ES","og_type":"article","og_title":"Carta de lectores, Jos\u00e9 Luis Medina. - Noticias Radio Reflejos","og_description":"\u00abEl Reino de Pino ,que no es un \u00e1rbol ,pero es madera\u00bb","og_url":"https:\/\/www.noticiasradioreflejos.com.ar\/2021\/carta-de-lectores-jose-luis-medina\/","og_site_name":"Noticias Radio Reflejos","article_published_time":"2018-03-27T18:56:54+00:00","og_image":[{"width":300,"height":200,"url":"https:\/\/www.noticiasradioreflejos.com.ar\/2021\/wp-content\/uploads\/2021\/07\/logosol300x200.png","type":"image\/png"}],"author":"Arnaldo Botto","twitter_card":"summary_large_image","schema":{"@context":"https:\/\/schema.org","@graph":[{"@type":"WebPage","@id":"https:\/\/www.noticiasradioreflejos.com.ar\/2021\/carta-de-lectores-jose-luis-medina\/","url":"https:\/\/www.noticiasradioreflejos.com.ar\/2021\/carta-de-lectores-jose-luis-medina\/","name":"Carta de lectores, Jos\u00e9 Luis Medina. - Noticias Radio Reflejos","isPartOf":{"@id":"https:\/\/www.noticiasradioreflejos.com.ar\/2021\/#website"},"datePublished":"2018-03-27T18:56:54+00:00","author":{"@id":"https:\/\/www.noticiasradioreflejos.com.ar\/2021\/#\/schema\/person\/ad82545263dcc5ec0996818884fd5fb1"},"breadcrumb":{"@id":"https:\/\/www.noticiasradioreflejos.com.ar\/2021\/carta-de-lectores-jose-luis-medina\/#breadcrumb"},"inLanguage":"es","potentialAction":[{"@type":"ReadAction","target":["https:\/\/www.noticiasradioreflejos.com.ar\/2021\/carta-de-lectores-jose-luis-medina\/"]}]},{"@type":"BreadcrumbList","@id":"https:\/\/www.noticiasradioreflejos.com.ar\/2021\/carta-de-lectores-jose-luis-medina\/#breadcrumb","itemListElement":[{"@type":"ListItem","position":1,"name":"Portada","item":"https:\/\/www.noticiasradioreflejos.com.ar\/2021\/"},{"@type":"ListItem","position":2,"name":"Carta de lectores, Jos\u00e9 Luis Medina."}]},{"@type":"WebSite","@id":"https:\/\/www.noticiasradioreflejos.com.ar\/2021\/#website","url":"https:\/\/www.noticiasradioreflejos.com.ar\/2021\/","name":"Noticias Radio Reflejos","description":"Las noticias de mi comarca","potentialAction":[{"@type":"SearchAction","target":{"@type":"EntryPoint","urlTemplate":"https:\/\/www.noticiasradioreflejos.com.ar\/2021\/?s={search_term_string}"},"query-input":{"@type":"PropertyValueSpecification","valueRequired":true,"valueName":"search_term_string"}}],"inLanguage":"es"},{"@type":"Person","@id":"https:\/\/www.noticiasradioreflejos.com.ar\/2021\/#\/schema\/person\/ad82545263dcc5ec0996818884fd5fb1","name":"Arnaldo Botto","image":{"@type":"ImageObject","inLanguage":"es","@id":"https:\/\/www.noticiasradioreflejos.com.ar\/2021\/#\/schema\/person\/image\/","url":"https:\/\/secure.gravatar.com\/avatar\/55cb5e37c1efa326397366e6974cb338056df65cb50e7d64d1cf314e87504837?s=96&d=mm&r=g","contentUrl":"https:\/\/secure.gravatar.com\/avatar\/55cb5e37c1efa326397366e6974cb338056df65cb50e7d64d1cf314e87504837?s=96&d=mm&r=g","caption":"Arnaldo Botto"},"url":"https:\/\/www.noticiasradioreflejos.com.ar\/2021\/author\/arnaldo\/"}]}},"_links":{"self":[{"href":"https:\/\/www.noticiasradioreflejos.com.ar\/2021\/wp-json\/wp\/v2\/posts\/20176","targetHints":{"allow":["GET"]}}],"collection":[{"href":"https:\/\/www.noticiasradioreflejos.com.ar\/2021\/wp-json\/wp\/v2\/posts"}],"about":[{"href":"https:\/\/www.noticiasradioreflejos.com.ar\/2021\/wp-json\/wp\/v2\/types\/post"}],"author":[{"embeddable":true,"href":"https:\/\/www.noticiasradioreflejos.com.ar\/2021\/wp-json\/wp\/v2\/users\/3"}],"replies":[{"embeddable":true,"href":"https:\/\/www.noticiasradioreflejos.com.ar\/2021\/wp-json\/wp\/v2\/comments?post=20176"}],"version-history":[{"count":0,"href":"https:\/\/www.noticiasradioreflejos.com.ar\/2021\/wp-json\/wp\/v2\/posts\/20176\/revisions"}],"wp:attachment":[{"href":"https:\/\/www.noticiasradioreflejos.com.ar\/2021\/wp-json\/wp\/v2\/media?parent=20176"}],"wp:term":[{"taxonomy":"category","embeddable":true,"href":"https:\/\/www.noticiasradioreflejos.com.ar\/2021\/wp-json\/wp\/v2\/categories?post=20176"},{"taxonomy":"post_tag","embeddable":true,"href":"https:\/\/www.noticiasradioreflejos.com.ar\/2021\/wp-json\/wp\/v2\/tags?post=20176"}],"curies":[{"name":"wp","href":"https:\/\/api.w.org\/{rel}","templated":true}]}}