{"id":20163,"date":"2018-03-27T15:30:02","date_gmt":"2018-03-27T18:30:02","guid":{"rendered":"http:\/\/www.noticiasradioreflejos.com.ar\/noticias\/?p=20163"},"modified":"2018-03-27T15:30:02","modified_gmt":"2018-03-27T18:30:02","slug":"60-aniversario-de-la-cooperativa-electrica","status":"publish","type":"post","link":"https:\/\/www.noticiasradioreflejos.com.ar\/2021\/60-aniversario-de-la-cooperativa-electrica\/","title":{"rendered":"60 aniversario de la Cooperativa El\u00e9ctrica"},"content":{"rendered":"<p>Hace 60 a\u00f1os, en Marzo de 1958, se creaba la Cooperativa El\u00e9ctrica Limitada de Tornquist (CELT). El 22 de Marzo de ese a\u00f1o en el sal\u00f3n de la Sociedad Germ\u00e1nica bajo la intendencia del Ingeniero Adolfo Kuglery unos d\u00edas mas tarde en el sal\u00f3n de la biblioteca para constituir el primer consejo de administraci\u00f3n que presidio el Dr. Jos\u00e9 Manuel Rodr\u00edguez.<br \/>\nEn esa oportunidad lo acompa\u00f1aron como vicepresidente el Dr Ra\u00fal Frizza, secretario Emilio Alonso, tesorero Walter Ruffener, pro tesorero Omar Nasca, vocales Roberto Sorbet, R\u00f3mulo Bruni, Dino Buschi, Alberto Gonzalez. Como vocales suplentes, Ricardo Glave, Roberto Astobiza y Nelo Foresti. Como s\u00edndico Alejandro Astiz y Suplente Genaro Ferrandi.Seg\u00fan reza la edici\u00f3n 1793 del Diario Tornquist cuyo director era Roy Carlos Williams con fecha 29 de Marzo de 1958(salida del semanario).Contaba adem\u00e1s la cr\u00f3nica que las acciones eran de 330.000 pesos con un caudal de 130 asociados.<br \/>\nDurante la jornada de este lunes 26 de marzo se realiz\u00f3 un acto frente a las instalaciones de la entidad. Los mismos fueron presididos por la Licenciada Valentina Nyez titular del Consejo de administraci\u00f3n actual. El Presidente del Honorable Concejo Deliberante Gustavo Moroncini y dem\u00e1s concejales de ambos bloques, instituciones, el ex Intendente Lic. Gustavo Trankels, cooperativas de la regi\u00f3n, establecimientos educativos, personal del cable y de la celt y vecinos que se acercaron a compartir este d\u00eda especial.<br \/>\nLaura Barrenechea enumer\u00f3 las salutaciones recibidas con motivo del 60 aniversario destacando adem\u00e1s a esos hombres que tuvieron la decisi\u00f3n de crear esta empresa de servicios.<br \/>\nHubo visitas como la de Angel Echarre vice presidente de la Federaci\u00f3n de Cooperativas de la Provincia de Buenos Aires(FEDECOBA) qui\u00e9n hizo entrega de un presente a la entidad. Tambi\u00e9n hicieron lo propio las comunidades educativas del Jard\u00edn 906 de Villa Ventana, alumnos del Colegio Nuestra Se\u00f1ora de Luj\u00e1n y la Escuela especial 501.<br \/>\nUna placa alusiva se record\u00f3 en una de las paredes en el exterior del edificio. Fue descubierta por Gustavo Moroncini (HCD), Marisa Kugler, ex Intendente, diputada provincial e hija del Ingeniero Adolfo Kugler que acompa\u00f1\u00f3 la creaci\u00f3n de la CELT como Intendente del partido en 1958. Tambi\u00e9n estuvo presente Laura Elizalde personal de la CELT y la presidente Valentina Nyez.<br \/>\nActo seguido en el acceso a la entidad integrantes de las cooperativas escolares Gesti\u00f3n Coop y Misi\u00f3n Coop plantaron dos \u00e1rboles, acompa\u00f1ando este momento, la Escuela especial 501, el Jard\u00edn 906 de Villa Ventana y el Colegio Nuestra Se\u00f1ora de Luj\u00e1n.<br \/>\nLos presentes fueron invitados al ingreso del edificio del canal de televisi\u00f3n para descubrir el nuevo logo que identifica al ex Tornquist Video Cable. Ahora su nuevo nombre es CELT TV. De este acto participaron el presidente del HCD Gustavo Moroncini, la presidente Valentina Nyez y el Director del Canal Miguel Herrada.<br \/>\nPara culminar la celebraci\u00f3n, los allegados fueron invitados a compartir un \u00e1gape en su sal\u00f3n habitual de reuniones.<br \/>\n\u201cEL AVANCE TECNOL\u00d3GICO HACE QUE ESTEMOS PENSANDO SIEMPRE EN DAR UN PASO ADELANTE\u201d<br \/>\nVALENTINA NYEZ \u2013 Presidente del Consejo de Administraci\u00f3n<br \/>\n\u201cMe crie con mis padres y abuelos dentro de instituciones, mi abuelo fue 10 a\u00f1os presidente en la cooperativa de Villa Iris, entonces para m\u00ed era un desaf\u00edo estar dentro y formar parte de las decisiones de una cooperativa que tiene nada menos que 5.000 asociados\u201d.<br \/>\n\u201cMuch\u00edsimos desaf\u00edos que se plantean d\u00eda a d\u00eda, el avance tecnol\u00f3gico hace que estemos pensando siempre en dar un paso m\u00e1s adelante para poder llevarle al asociado un servicio como corresponde\u201d.<br \/>\n\u201cTiene much\u00edsima importancia que los asociados se involucren, ojal\u00e1 las asambleas est\u00e9n llenas y pedimos que el vecino se acerque, demuestre el compromiso y plantee las inquietudes\u201d.<br \/>\n\u201cLAS COOPERATIVAS PRESTAMOS LOS SERVICIOS DONDE TODAVIA EL ESTADO Y LOS PRIVADOS NO SE ANIMAN A PRESTAR\u201d<br \/>\nGABRIEL ARTOLA \u2013 Miembro del Consejo de Administraci\u00f3n<br \/>\nDestac\u00f3 \u201cla garra, la decisi\u00f3n y el coraje de los fundadores de emprender a trav\u00e9s del sistema cooperativo, que ha dado tantos frutos al pa\u00eds. Las cooperativas a\u00fan hoy en d\u00eda prestamos los servicios donde todav\u00eda el Estado y los privados no se animan a prestar\u201d.<br \/>\n\u201cNos sentimos orgullosos de ser los continuadores y tratando de seguir el ejemplo y creciendo con dificultades. Quiz\u00e1s no sea el mejor momento, pero vamos a seguir adelante, trabajamos para la gente aunque algunos no lo crean y la cooperativa va a demostrar que trabaja para el asociado, con la tarifa que se puede, y va a seguir mejorando; somos conscientes que tenemos que mejorar los servicios, pero a veces hay decisiones que escapan a los empleados y al propio Consejo de Administraci\u00f3n\u201d.<br \/>\nEn cuanto a la no renovaci\u00f3n del contrato por el que la entidad se hac\u00eda cargo del mantenimiento del alumbrado p\u00fablico, sostuvo que \u201csi el intendente considera que este servicio lo puede prestar con la misma calidad y eficiencia que lo ven\u00eda haciendo la CELT y a un menor costo, bienvenido sea; porque la cooperativa y el municipio trabajamos para la misma gente\u201d.<br \/>\n\u201cLA CELT LE BRINDA UNA ATENCI\u00d3N PERSONALIZADA AL USUARIO\u201d<br \/>\nALBERTO RUBIO \u2013 Miembro del Consejo de Administraci\u00f3n<br \/>\n\u201cVenimos con un mont\u00f3n de logros estos \u00faltimos a\u00f1os y siempre con el apoyo de la gente. Siempre hay una nueva etapa; la cooperativa, dentro de su capacidad econ\u00f3mica y de trabajo, est\u00e1 permanentemente en algo nuevo, mejorar los servicios que tiene y sumar otros\u201d.<br \/>\n\u201cCuando se fund\u00f3 la cooperativa era imperiosa la necesidad de tener la luz el\u00e9ctrica, y a partir de su formaci\u00f3n, se gener\u00f3 el salto que tuvieron los productores agropecuarios en su momento, ya que ah\u00ed arranc\u00f3 la electrificaci\u00f3n rural, donde hoy tenemos m\u00e1s de 900 km de l\u00ednea\u201d.<br \/>\n\u201cLa CELT brinda una atenci\u00f3n personalizada, tiene una l\u00ednea directa con el usuario, ac\u00e1 todos nos conocemos, sabemos qui\u00e9nes somos y tenemos una guardia atendida por un vecino que es empleado de la instituci\u00f3n. En ese sentido estamos un pasito m\u00e1s adelante que las empresas privadas\u201d.<br \/>\n\u201cNOS TENEMOS QUE SENTIR MUY ORGULLOSOS DE ESTA COOPERATIVA\u201d<br \/>\nGUILLERMO BAGUR- Ex miembro del Consejo de Administraci\u00f3n<br \/>\nLos fundadores \u201cno pensaban en ese momento que se iba a lograr lo que se logr\u00f3, pero hab\u00eda una persona como el Dr. Jos\u00e9 Manuel Rodr\u00edguez que era un visionario, ten\u00eda la plena seguridad de que esto iba a ser as\u00ed. Ten\u00eda muchas esperanzas de que todo fuera creciendo de esta manera\u201d.<br \/>\n\u201cNosotros nos tenemos que sentir muy orgullosos de esta cooperativa, por la cantidad de servicios que presta y la calidad con lo que lo hace. No ten\u00e9s problemas de cortes de luz, internet, cable, servicios sociales y la telefon\u00eda de Villa Ventana, y todo lo que se ha extendido. Adem\u00e1s, la CELT fue la que inici\u00f3 el servicio de internet en la ciudad\u201d.<br \/>\n\u201cLOS FELICITO POR EL ESFUERZO DENODADO QUE HACEN PARA QUE SIGA MARCHANDO Y CRECIENDO\u201d<br \/>\nGUSTAVO MORONCINI- Presidente del Concejo Deliberante<br \/>\n\u201cEs un d\u00eda muy especial, es un orgullo para la localidad y para el distrito tener una cooperativa que brinda una innumerable cantidad de servicios. Es un orgullo tenerla en este lugar, verla crecer, y los pasos de los primeros consejeros que apuntaron a dar los servicios, empezando por la luz y despu\u00e9s con otras cosas.<br \/>\n\u201cHay que tener en cuenta que una cooperativa como esta le dedica la atenci\u00f3n personalizada a todos los asociados. Los felicito por el esfuerzo denodado que hacen para que esto siga marchando y siga creciendo\u201d.<br \/>\n\u201cES UNA GRAN FAMILIA A LA CUAL LE DEBEMOS EL RESPETO Y TENEMOS QUE ESTAR AGRADECIDOS\u201d<br \/>\nGUSTAVO TRANKELS \u2013 Ex intendente municipal<br \/>\n\u201cTengo un sentimiento de agradecimiento a todos los que forman parte de esta familia cooperativa. El mejor recuerdo para aquellos hombres que se animaron hace 60 a\u00f1os a encarar semejante desaf\u00edo y todos los que pasaron en el medio, adem\u00e1s de los empleados que son el coraz\u00f3n de la cooperativa y del servicio, que siempre est\u00e1n con gran predisposici\u00f3n para resolver los problemas\u201d.<br \/>\n\u201cEs una gran familia a la cual los habitantes del distrito le debemos el respeto y tenemos que estar agradecidos. La instituci\u00f3n est\u00e1 mirando al futuro con nuevos servicios, subi\u00e9ndose a la era de la tecnolog\u00eda, con las comunicaciones por fibra \u00f3ptica y TV de alta definici\u00f3n. Estamos muy contentos por tener una instituci\u00f3n as\u00ed\u201d.<br \/>\n\u201cDurante mi gesti\u00f3n como intendente, el di\u00e1logo con la CELT fue siempre excelente a pesar de que las personas que los integr\u00e1bamos \u00e9ramos militantes reconocidos de diferentes partidos pol\u00edticos, pero cuando habl\u00e1bamos de municipalidad y cooperativa el\u00e9ctrica, habl\u00e1bamos de una sola cosa, porque ten\u00edamos en claro que tanto la instituci\u00f3n como lel municipio trabajan para la misma gente\u201d.<br \/>\n\u201cHAY UN FUTURO MUY IMPORTANTE Y BENEFICIOSO PARA TODOS LOS USUARIOS\u201d<br \/>\nMARIO GALINDO \u2013 Personal de la CELT<br \/>\nDestac\u00f3 el hecho de \u201chaber estado m\u00e1s de la mitad de mi vida en la cooperativa, de haber nacido con el canal, junto con Fernando Candal, Miguel Herrada, Roberto Limoncelli fuimos los primeros\u201d.<br \/>\n\u201cEs muy lindo ver c\u00f3mo est\u00e1 funcionando y c\u00f3mo creci\u00f3 con el trabajo de much\u00edsima gente Ahora viene el HD, que est\u00e1 de prueba y la idea es que est\u00e9 para el Mundial de Rusia; y aumentar\u00e1 en forma muy importante la velocidad de internet. Hay un futuro muy importante y beneficioso para todos los usuarios\u201d.<br \/>\n<a title=\"aniversario coop7\" href=\"http:\/\/farm1.staticflickr.com\/869\/27184184278_7522b11fea_z.jpg\" rel=\"\"><img loading=\"lazy\" decoding=\"async\" class=\"aligncenter\" title=\"aniversario coop7\" src=\"http:\/\/farm1.staticflickr.com\/869\/27184184278_7522b11fea_z.jpg\" alt=\"aniversario coop7\" width=\"640\" height=\"427\" \/><\/a><br \/>\n<a title=\"aniversario coop6\" href=\"http:\/\/farm1.staticflickr.com\/791\/27184184858_6f49bcd8ab_z.jpg\" rel=\"\"><img loading=\"lazy\" decoding=\"async\" class=\"aligncenter\" title=\"aniversario coop6\" src=\"http:\/\/farm1.staticflickr.com\/791\/27184184858_6f49bcd8ab_z.jpg\" alt=\"aniversario coop6\" width=\"640\" height=\"427\" \/><\/a><br \/>\n<a title=\"aniversario coop5\" href=\"http:\/\/farm1.staticflickr.com\/787\/27184186128_a1c205a5cd_z.jpg\" rel=\"\"><img loading=\"lazy\" decoding=\"async\" class=\"aligncenter\" title=\"aniversario coop5\" src=\"http:\/\/farm1.staticflickr.com\/787\/27184186128_a1c205a5cd_z.jpg\" alt=\"aniversario coop5\" width=\"640\" height=\"427\" \/><\/a><br \/>\n<a title=\"aniversario coop3\" href=\"http:\/\/farm1.staticflickr.com\/813\/40346987794_a369f9d779_z.jpg\" rel=\"\"><img loading=\"lazy\" decoding=\"async\" class=\"aligncenter\" title=\"aniversario coop3\" src=\"http:\/\/farm1.staticflickr.com\/813\/40346987794_a369f9d779_z.jpg\" alt=\"aniversario coop3\" width=\"640\" height=\"427\" \/><\/a><br \/>\n<a title=\"aniversario coop2\" href=\"http:\/\/farm1.staticflickr.com\/882\/41055207941_7f8ff05853_z.jpg\" rel=\"\"><img loading=\"lazy\" decoding=\"async\" class=\"aligncenter\" title=\"aniversario coop2\" src=\"http:\/\/farm1.staticflickr.com\/882\/41055207941_7f8ff05853_z.jpg\" alt=\"aniversario coop2\" width=\"640\" height=\"427\" \/><\/a><br \/>\n<a title=\"aniversario coop\" href=\"http:\/\/farm1.staticflickr.com\/786\/27184187928_8d0794651e_z.jpg\" rel=\"\"><img loading=\"lazy\" decoding=\"async\" class=\"aligncenter\" title=\"aniversario coop\" src=\"http:\/\/farm1.staticflickr.com\/786\/27184187928_8d0794651e_z.jpg\" alt=\"aniversario coop\" width=\"640\" height=\"427\" \/><\/a><\/p>\n","protected":false},"excerpt":{"rendered":"<p>Hace 60 a\u00f1os, en Marzo de 1958, se creaba la Cooperativa El\u00e9ctrica Limitada de Tornquist (CELT). El 22 de Marzo de ese a\u00f1o en el sal\u00f3n de la Sociedad Germ\u00e1nica bajo la intendencia del Ingeniero Adolfo Kuglery unos d\u00edas mas tarde en el sal\u00f3n de la biblioteca para constituir el primer consejo de administraci\u00f3n que [&hellip;]<\/p>\n","protected":false},"author":3,"featured_media":0,"comment_status":"closed","ping_status":"open","sticky":false,"template":"","format":"standard","meta":{"footnotes":""},"categories":[26],"tags":[],"class_list":["post-20163","post","type-post","status-publish","format-standard","hentry","category-sociedad"],"yoast_head":"<!-- This site is optimized with the Yoast SEO plugin v25.9 - https:\/\/yoast.com\/wordpress\/plugins\/seo\/ -->\n<title>60 aniversario de la Cooperativa El\u00e9ctrica - Noticias Radio Reflejos<\/title>\n<meta name=\"robots\" content=\"index, follow, max-snippet:-1, max-image-preview:large, max-video-preview:-1\" \/>\n<link rel=\"canonical\" href=\"https:\/\/www.noticiasradioreflejos.com.ar\/2021\/60-aniversario-de-la-cooperativa-electrica\/\" \/>\n<meta property=\"og:locale\" content=\"es_ES\" \/>\n<meta property=\"og:type\" content=\"article\" \/>\n<meta property=\"og:title\" content=\"60 aniversario de la Cooperativa El\u00e9ctrica - Noticias Radio Reflejos\" \/>\n<meta property=\"og:description\" content=\"Hace 60 a\u00f1os, en Marzo de 1958, se creaba la Cooperativa El\u00e9ctrica Limitada de Tornquist (CELT). El 22 de Marzo de ese a\u00f1o en el sal\u00f3n de la Sociedad Germ\u00e1nica bajo la intendencia del Ingeniero Adolfo Kuglery unos d\u00edas mas tarde en el sal\u00f3n de la biblioteca para constituir el primer consejo de administraci\u00f3n que [&hellip;]\" \/>\n<meta property=\"og:url\" content=\"https:\/\/www.noticiasradioreflejos.com.ar\/2021\/60-aniversario-de-la-cooperativa-electrica\/\" \/>\n<meta property=\"og:site_name\" content=\"Noticias Radio Reflejos\" \/>\n<meta property=\"article:published_time\" content=\"2018-03-27T18:30:02+00:00\" \/>\n<meta property=\"og:image\" content=\"http:\/\/farm1.staticflickr.com\/869\/27184184278_7522b11fea_z.jpg\" \/>\n<meta name=\"author\" content=\"Arnaldo Botto\" \/>\n<meta name=\"twitter:card\" content=\"summary_large_image\" \/>\n<script type=\"application\/ld+json\" class=\"yoast-schema-graph\">{\"@context\":\"https:\/\/schema.org\",\"@graph\":[{\"@type\":\"WebPage\",\"@id\":\"https:\/\/www.noticiasradioreflejos.com.ar\/2021\/60-aniversario-de-la-cooperativa-electrica\/\",\"url\":\"https:\/\/www.noticiasradioreflejos.com.ar\/2021\/60-aniversario-de-la-cooperativa-electrica\/\",\"name\":\"60 aniversario de la Cooperativa El\u00e9ctrica - Noticias Radio Reflejos\",\"isPartOf\":{\"@id\":\"https:\/\/www.noticiasradioreflejos.com.ar\/2021\/#website\"},\"primaryImageOfPage\":{\"@id\":\"https:\/\/www.noticiasradioreflejos.com.ar\/2021\/60-aniversario-de-la-cooperativa-electrica\/#primaryimage\"},\"image\":{\"@id\":\"https:\/\/www.noticiasradioreflejos.com.ar\/2021\/60-aniversario-de-la-cooperativa-electrica\/#primaryimage\"},\"thumbnailUrl\":\"http:\/\/farm1.staticflickr.com\/869\/27184184278_7522b11fea_z.jpg\",\"datePublished\":\"2018-03-27T18:30:02+00:00\",\"author\":{\"@id\":\"https:\/\/www.noticiasradioreflejos.com.ar\/2021\/#\/schema\/person\/ad82545263dcc5ec0996818884fd5fb1\"},\"breadcrumb\":{\"@id\":\"https:\/\/www.noticiasradioreflejos.com.ar\/2021\/60-aniversario-de-la-cooperativa-electrica\/#breadcrumb\"},\"inLanguage\":\"es\",\"potentialAction\":[{\"@type\":\"ReadAction\",\"target\":[\"https:\/\/www.noticiasradioreflejos.com.ar\/2021\/60-aniversario-de-la-cooperativa-electrica\/\"]}]},{\"@type\":\"ImageObject\",\"inLanguage\":\"es\",\"@id\":\"https:\/\/www.noticiasradioreflejos.com.ar\/2021\/60-aniversario-de-la-cooperativa-electrica\/#primaryimage\",\"url\":\"http:\/\/farm1.staticflickr.com\/869\/27184184278_7522b11fea_z.jpg\",\"contentUrl\":\"http:\/\/farm1.staticflickr.com\/869\/27184184278_7522b11fea_z.jpg\"},{\"@type\":\"BreadcrumbList\",\"@id\":\"https:\/\/www.noticiasradioreflejos.com.ar\/2021\/60-aniversario-de-la-cooperativa-electrica\/#breadcrumb\",\"itemListElement\":[{\"@type\":\"ListItem\",\"position\":1,\"name\":\"Portada\",\"item\":\"https:\/\/www.noticiasradioreflejos.com.ar\/2021\/\"},{\"@type\":\"ListItem\",\"position\":2,\"name\":\"60 aniversario de la Cooperativa El\u00e9ctrica\"}]},{\"@type\":\"WebSite\",\"@id\":\"https:\/\/www.noticiasradioreflejos.com.ar\/2021\/#website\",\"url\":\"https:\/\/www.noticiasradioreflejos.com.ar\/2021\/\",\"name\":\"Noticias Radio Reflejos\",\"description\":\"Las noticias de mi comarca\",\"potentialAction\":[{\"@type\":\"SearchAction\",\"target\":{\"@type\":\"EntryPoint\",\"urlTemplate\":\"https:\/\/www.noticiasradioreflejos.com.ar\/2021\/?s={search_term_string}\"},\"query-input\":{\"@type\":\"PropertyValueSpecification\",\"valueRequired\":true,\"valueName\":\"search_term_string\"}}],\"inLanguage\":\"es\"},{\"@type\":\"Person\",\"@id\":\"https:\/\/www.noticiasradioreflejos.com.ar\/2021\/#\/schema\/person\/ad82545263dcc5ec0996818884fd5fb1\",\"name\":\"Arnaldo Botto\",\"image\":{\"@type\":\"ImageObject\",\"inLanguage\":\"es\",\"@id\":\"https:\/\/www.noticiasradioreflejos.com.ar\/2021\/#\/schema\/person\/image\/\",\"url\":\"https:\/\/secure.gravatar.com\/avatar\/55cb5e37c1efa326397366e6974cb338056df65cb50e7d64d1cf314e87504837?s=96&d=mm&r=g\",\"contentUrl\":\"https:\/\/secure.gravatar.com\/avatar\/55cb5e37c1efa326397366e6974cb338056df65cb50e7d64d1cf314e87504837?s=96&d=mm&r=g\",\"caption\":\"Arnaldo Botto\"},\"url\":\"https:\/\/www.noticiasradioreflejos.com.ar\/2021\/author\/arnaldo\/\"}]}<\/script>\n<!-- \/ Yoast SEO plugin. -->","yoast_head_json":{"title":"60 aniversario de la Cooperativa El\u00e9ctrica - Noticias Radio Reflejos","robots":{"index":"index","follow":"follow","max-snippet":"max-snippet:-1","max-image-preview":"max-image-preview:large","max-video-preview":"max-video-preview:-1"},"canonical":"https:\/\/www.noticiasradioreflejos.com.ar\/2021\/60-aniversario-de-la-cooperativa-electrica\/","og_locale":"es_ES","og_type":"article","og_title":"60 aniversario de la Cooperativa El\u00e9ctrica - Noticias Radio Reflejos","og_description":"Hace 60 a\u00f1os, en Marzo de 1958, se creaba la Cooperativa El\u00e9ctrica Limitada de Tornquist (CELT). El 22 de Marzo de ese a\u00f1o en el sal\u00f3n de la Sociedad Germ\u00e1nica bajo la intendencia del Ingeniero Adolfo Kuglery unos d\u00edas mas tarde en el sal\u00f3n de la biblioteca para constituir el primer consejo de administraci\u00f3n que [&hellip;]","og_url":"https:\/\/www.noticiasradioreflejos.com.ar\/2021\/60-aniversario-de-la-cooperativa-electrica\/","og_site_name":"Noticias Radio Reflejos","article_published_time":"2018-03-27T18:30:02+00:00","og_image":[{"url":"http:\/\/farm1.staticflickr.com\/869\/27184184278_7522b11fea_z.jpg","type":"","width":"","height":""}],"author":"Arnaldo Botto","twitter_card":"summary_large_image","schema":{"@context":"https:\/\/schema.org","@graph":[{"@type":"WebPage","@id":"https:\/\/www.noticiasradioreflejos.com.ar\/2021\/60-aniversario-de-la-cooperativa-electrica\/","url":"https:\/\/www.noticiasradioreflejos.com.ar\/2021\/60-aniversario-de-la-cooperativa-electrica\/","name":"60 aniversario de la Cooperativa El\u00e9ctrica - Noticias Radio Reflejos","isPartOf":{"@id":"https:\/\/www.noticiasradioreflejos.com.ar\/2021\/#website"},"primaryImageOfPage":{"@id":"https:\/\/www.noticiasradioreflejos.com.ar\/2021\/60-aniversario-de-la-cooperativa-electrica\/#primaryimage"},"image":{"@id":"https:\/\/www.noticiasradioreflejos.com.ar\/2021\/60-aniversario-de-la-cooperativa-electrica\/#primaryimage"},"thumbnailUrl":"http:\/\/farm1.staticflickr.com\/869\/27184184278_7522b11fea_z.jpg","datePublished":"2018-03-27T18:30:02+00:00","author":{"@id":"https:\/\/www.noticiasradioreflejos.com.ar\/2021\/#\/schema\/person\/ad82545263dcc5ec0996818884fd5fb1"},"breadcrumb":{"@id":"https:\/\/www.noticiasradioreflejos.com.ar\/2021\/60-aniversario-de-la-cooperativa-electrica\/#breadcrumb"},"inLanguage":"es","potentialAction":[{"@type":"ReadAction","target":["https:\/\/www.noticiasradioreflejos.com.ar\/2021\/60-aniversario-de-la-cooperativa-electrica\/"]}]},{"@type":"ImageObject","inLanguage":"es","@id":"https:\/\/www.noticiasradioreflejos.com.ar\/2021\/60-aniversario-de-la-cooperativa-electrica\/#primaryimage","url":"http:\/\/farm1.staticflickr.com\/869\/27184184278_7522b11fea_z.jpg","contentUrl":"http:\/\/farm1.staticflickr.com\/869\/27184184278_7522b11fea_z.jpg"},{"@type":"BreadcrumbList","@id":"https:\/\/www.noticiasradioreflejos.com.ar\/2021\/60-aniversario-de-la-cooperativa-electrica\/#breadcrumb","itemListElement":[{"@type":"ListItem","position":1,"name":"Portada","item":"https:\/\/www.noticiasradioreflejos.com.ar\/2021\/"},{"@type":"ListItem","position":2,"name":"60 aniversario de la Cooperativa El\u00e9ctrica"}]},{"@type":"WebSite","@id":"https:\/\/www.noticiasradioreflejos.com.ar\/2021\/#website","url":"https:\/\/www.noticiasradioreflejos.com.ar\/2021\/","name":"Noticias Radio Reflejos","description":"Las noticias de mi comarca","potentialAction":[{"@type":"SearchAction","target":{"@type":"EntryPoint","urlTemplate":"https:\/\/www.noticiasradioreflejos.com.ar\/2021\/?s={search_term_string}"},"query-input":{"@type":"PropertyValueSpecification","valueRequired":true,"valueName":"search_term_string"}}],"inLanguage":"es"},{"@type":"Person","@id":"https:\/\/www.noticiasradioreflejos.com.ar\/2021\/#\/schema\/person\/ad82545263dcc5ec0996818884fd5fb1","name":"Arnaldo Botto","image":{"@type":"ImageObject","inLanguage":"es","@id":"https:\/\/www.noticiasradioreflejos.com.ar\/2021\/#\/schema\/person\/image\/","url":"https:\/\/secure.gravatar.com\/avatar\/55cb5e37c1efa326397366e6974cb338056df65cb50e7d64d1cf314e87504837?s=96&d=mm&r=g","contentUrl":"https:\/\/secure.gravatar.com\/avatar\/55cb5e37c1efa326397366e6974cb338056df65cb50e7d64d1cf314e87504837?s=96&d=mm&r=g","caption":"Arnaldo Botto"},"url":"https:\/\/www.noticiasradioreflejos.com.ar\/2021\/author\/arnaldo\/"}]}},"_links":{"self":[{"href":"https:\/\/www.noticiasradioreflejos.com.ar\/2021\/wp-json\/wp\/v2\/posts\/20163","targetHints":{"allow":["GET"]}}],"collection":[{"href":"https:\/\/www.noticiasradioreflejos.com.ar\/2021\/wp-json\/wp\/v2\/posts"}],"about":[{"href":"https:\/\/www.noticiasradioreflejos.com.ar\/2021\/wp-json\/wp\/v2\/types\/post"}],"author":[{"embeddable":true,"href":"https:\/\/www.noticiasradioreflejos.com.ar\/2021\/wp-json\/wp\/v2\/users\/3"}],"replies":[{"embeddable":true,"href":"https:\/\/www.noticiasradioreflejos.com.ar\/2021\/wp-json\/wp\/v2\/comments?post=20163"}],"version-history":[{"count":0,"href":"https:\/\/www.noticiasradioreflejos.com.ar\/2021\/wp-json\/wp\/v2\/posts\/20163\/revisions"}],"wp:attachment":[{"href":"https:\/\/www.noticiasradioreflejos.com.ar\/2021\/wp-json\/wp\/v2\/media?parent=20163"}],"wp:term":[{"taxonomy":"category","embeddable":true,"href":"https:\/\/www.noticiasradioreflejos.com.ar\/2021\/wp-json\/wp\/v2\/categories?post=20163"},{"taxonomy":"post_tag","embeddable":true,"href":"https:\/\/www.noticiasradioreflejos.com.ar\/2021\/wp-json\/wp\/v2\/tags?post=20163"}],"curies":[{"name":"wp","href":"https:\/\/api.w.org\/{rel}","templated":true}]}}