{"id":20131,"date":"2018-03-26T15:54:20","date_gmt":"2018-03-26T18:54:20","guid":{"rendered":"http:\/\/www.noticiasradioreflejos.com.ar\/noticias\/?p=20131"},"modified":"2018-03-26T15:54:20","modified_gmt":"2018-03-26T18:54:20","slug":"concluyo-el-torneo-de-paddle-de-6-categoria","status":"publish","type":"post","link":"https:\/\/www.noticiasradioreflejos.com.ar\/2021\/concluyo-el-torneo-de-paddle-de-6-categoria\/","title":{"rendered":"Concluy\u00f3 el torneo de paddle de 6\u00b0 Categor\u00eda"},"content":{"rendered":"<p>Fueron 10 las parejas que le dieron vida al torneo de paddle para Sexta categor\u00eda que culmin\u00f3 este domingo a las 21 hs en la ciudad de Tornquist, y que fue organizado por el Complejo Deportivo \u201cLa Reja\u201d, el mismo cont\u00f3 nuevamente con el auspicio de Tornquist Municipio y comercios locales que hicieron su aporte para concretar el evento.<!--more--><br \/>\nEn una final que se inici\u00f3 a las 20 hs, la pareja conformada por Franco Latini y Mart\u00edn Rosatelli se qued\u00f3 con el campeonato al derrotar por un marcador de 6 \u2013 0 y 6 \u2013 3 a la dupla Claudio Lencina &#8211; Juan Rodr\u00edguez Lehmann. La final cont\u00f3 con varios espectadores que siguen alentando el resurgimiento de la actividad en la ciudad, adem\u00e1s, antes de la entrega de premios se realizaron sorteos con obsequios donados por los auspiciantes.<br \/>\n<a href=\"http:\/\/farm1.staticflickr.com\/784\/26163180487_dd44ce8851_z.jpg\" title=\"paddle3\" rel=\"\"><img loading=\"lazy\" decoding=\"async\" src=\"http:\/\/farm1.staticflickr.com\/784\/26163180487_dd44ce8851_z.jpg\" width=\"640\" height=\"480\" alt=\"paddle3\" title=\"paddle3\" class=\"aligncenter\"><\/a><br \/>\n<a href=\"http:\/\/farm1.staticflickr.com\/783\/26163181317_646a9bdf6e_z.jpg\" title=\"paddle2\" rel=\"\"><img loading=\"lazy\" decoding=\"async\" src=\"http:\/\/farm1.staticflickr.com\/783\/26163181317_646a9bdf6e_z.jpg\" width=\"640\" height=\"480\" alt=\"paddle2\" title=\"paddle2\" class=\"aligncenter\"><\/a><\/p>\n","protected":false},"excerpt":{"rendered":"<p>Fueron 10 las parejas que le dieron vida al torneo de paddle para Sexta categor\u00eda que culmin\u00f3 este domingo a las 21 hs en la ciudad de Tornquist, y que fue organizado por el Complejo Deportivo \u201cLa Reja\u201d, el mismo cont\u00f3 nuevamente con el auspicio de Tornquist Municipio y comercios locales que hicieron su aporte [&hellip;]<\/p>\n","protected":false},"author":3,"featured_media":0,"comment_status":"closed","ping_status":"open","sticky":false,"template":"","format":"standard","meta":{"footnotes":""},"categories":[27],"tags":[],"class_list":["post-20131","post","type-post","status-publish","format-standard","hentry","category-deportes"],"yoast_head":"<!-- This site is optimized with the Yoast SEO plugin v25.9 - https:\/\/yoast.com\/wordpress\/plugins\/seo\/ -->\n<title>Concluy\u00f3 el torneo de paddle de 6\u00b0 Categor\u00eda - Noticias Radio Reflejos<\/title>\n<meta name=\"robots\" content=\"index, follow, max-snippet:-1, max-image-preview:large, max-video-preview:-1\" \/>\n<link rel=\"canonical\" href=\"https:\/\/www.noticiasradioreflejos.com.ar\/2021\/concluyo-el-torneo-de-paddle-de-6-categoria\/\" \/>\n<meta property=\"og:locale\" content=\"es_ES\" \/>\n<meta property=\"og:type\" content=\"article\" \/>\n<meta property=\"og:title\" content=\"Concluy\u00f3 el torneo de paddle de 6\u00b0 Categor\u00eda - Noticias Radio Reflejos\" \/>\n<meta property=\"og:description\" content=\"Fueron 10 las parejas que le dieron vida al torneo de paddle para Sexta categor\u00eda que culmin\u00f3 este domingo a las 21 hs en la ciudad de Tornquist, y que fue organizado por el Complejo Deportivo \u201cLa Reja\u201d, el mismo cont\u00f3 nuevamente con el auspicio de Tornquist Municipio y comercios locales que hicieron su aporte [&hellip;]\" \/>\n<meta property=\"og:url\" content=\"https:\/\/www.noticiasradioreflejos.com.ar\/2021\/concluyo-el-torneo-de-paddle-de-6-categoria\/\" \/>\n<meta property=\"og:site_name\" content=\"Noticias Radio Reflejos\" \/>\n<meta property=\"article:published_time\" content=\"2018-03-26T18:54:20+00:00\" \/>\n<meta property=\"og:image\" content=\"http:\/\/farm1.staticflickr.com\/784\/26163180487_dd44ce8851_z.jpg\" \/>\n<meta name=\"author\" content=\"Arnaldo Botto\" \/>\n<meta name=\"twitter:card\" content=\"summary_large_image\" \/>\n<script type=\"application\/ld+json\" class=\"yoast-schema-graph\">{\"@context\":\"https:\/\/schema.org\",\"@graph\":[{\"@type\":\"WebPage\",\"@id\":\"https:\/\/www.noticiasradioreflejos.com.ar\/2021\/concluyo-el-torneo-de-paddle-de-6-categoria\/\",\"url\":\"https:\/\/www.noticiasradioreflejos.com.ar\/2021\/concluyo-el-torneo-de-paddle-de-6-categoria\/\",\"name\":\"Concluy\u00f3 el torneo de paddle de 6\u00b0 Categor\u00eda - Noticias Radio Reflejos\",\"isPartOf\":{\"@id\":\"https:\/\/www.noticiasradioreflejos.com.ar\/2021\/#website\"},\"primaryImageOfPage\":{\"@id\":\"https:\/\/www.noticiasradioreflejos.com.ar\/2021\/concluyo-el-torneo-de-paddle-de-6-categoria\/#primaryimage\"},\"image\":{\"@id\":\"https:\/\/www.noticiasradioreflejos.com.ar\/2021\/concluyo-el-torneo-de-paddle-de-6-categoria\/#primaryimage\"},\"thumbnailUrl\":\"http:\/\/farm1.staticflickr.com\/784\/26163180487_dd44ce8851_z.jpg\",\"datePublished\":\"2018-03-26T18:54:20+00:00\",\"author\":{\"@id\":\"https:\/\/www.noticiasradioreflejos.com.ar\/2021\/#\/schema\/person\/ad82545263dcc5ec0996818884fd5fb1\"},\"breadcrumb\":{\"@id\":\"https:\/\/www.noticiasradioreflejos.com.ar\/2021\/concluyo-el-torneo-de-paddle-de-6-categoria\/#breadcrumb\"},\"inLanguage\":\"es\",\"potentialAction\":[{\"@type\":\"ReadAction\",\"target\":[\"https:\/\/www.noticiasradioreflejos.com.ar\/2021\/concluyo-el-torneo-de-paddle-de-6-categoria\/\"]}]},{\"@type\":\"ImageObject\",\"inLanguage\":\"es\",\"@id\":\"https:\/\/www.noticiasradioreflejos.com.ar\/2021\/concluyo-el-torneo-de-paddle-de-6-categoria\/#primaryimage\",\"url\":\"http:\/\/farm1.staticflickr.com\/784\/26163180487_dd44ce8851_z.jpg\",\"contentUrl\":\"http:\/\/farm1.staticflickr.com\/784\/26163180487_dd44ce8851_z.jpg\"},{\"@type\":\"BreadcrumbList\",\"@id\":\"https:\/\/www.noticiasradioreflejos.com.ar\/2021\/concluyo-el-torneo-de-paddle-de-6-categoria\/#breadcrumb\",\"itemListElement\":[{\"@type\":\"ListItem\",\"position\":1,\"name\":\"Portada\",\"item\":\"https:\/\/www.noticiasradioreflejos.com.ar\/2021\/\"},{\"@type\":\"ListItem\",\"position\":2,\"name\":\"Concluy\u00f3 el torneo de paddle de 6\u00b0 Categor\u00eda\"}]},{\"@type\":\"WebSite\",\"@id\":\"https:\/\/www.noticiasradioreflejos.com.ar\/2021\/#website\",\"url\":\"https:\/\/www.noticiasradioreflejos.com.ar\/2021\/\",\"name\":\"Noticias Radio Reflejos\",\"description\":\"Las noticias de mi comarca\",\"potentialAction\":[{\"@type\":\"SearchAction\",\"target\":{\"@type\":\"EntryPoint\",\"urlTemplate\":\"https:\/\/www.noticiasradioreflejos.com.ar\/2021\/?s={search_term_string}\"},\"query-input\":{\"@type\":\"PropertyValueSpecification\",\"valueRequired\":true,\"valueName\":\"search_term_string\"}}],\"inLanguage\":\"es\"},{\"@type\":\"Person\",\"@id\":\"https:\/\/www.noticiasradioreflejos.com.ar\/2021\/#\/schema\/person\/ad82545263dcc5ec0996818884fd5fb1\",\"name\":\"Arnaldo Botto\",\"image\":{\"@type\":\"ImageObject\",\"inLanguage\":\"es\",\"@id\":\"https:\/\/www.noticiasradioreflejos.com.ar\/2021\/#\/schema\/person\/image\/\",\"url\":\"https:\/\/secure.gravatar.com\/avatar\/55cb5e37c1efa326397366e6974cb338056df65cb50e7d64d1cf314e87504837?s=96&d=mm&r=g\",\"contentUrl\":\"https:\/\/secure.gravatar.com\/avatar\/55cb5e37c1efa326397366e6974cb338056df65cb50e7d64d1cf314e87504837?s=96&d=mm&r=g\",\"caption\":\"Arnaldo Botto\"},\"url\":\"https:\/\/www.noticiasradioreflejos.com.ar\/2021\/author\/arnaldo\/\"}]}<\/script>\n<!-- \/ Yoast SEO plugin. -->","yoast_head_json":{"title":"Concluy\u00f3 el torneo de paddle de 6\u00b0 Categor\u00eda - Noticias Radio Reflejos","robots":{"index":"index","follow":"follow","max-snippet":"max-snippet:-1","max-image-preview":"max-image-preview:large","max-video-preview":"max-video-preview:-1"},"canonical":"https:\/\/www.noticiasradioreflejos.com.ar\/2021\/concluyo-el-torneo-de-paddle-de-6-categoria\/","og_locale":"es_ES","og_type":"article","og_title":"Concluy\u00f3 el torneo de paddle de 6\u00b0 Categor\u00eda - Noticias Radio Reflejos","og_description":"Fueron 10 las parejas que le dieron vida al torneo de paddle para Sexta categor\u00eda que culmin\u00f3 este domingo a las 21 hs en la ciudad de Tornquist, y que fue organizado por el Complejo Deportivo \u201cLa Reja\u201d, el mismo cont\u00f3 nuevamente con el auspicio de Tornquist Municipio y comercios locales que hicieron su aporte [&hellip;]","og_url":"https:\/\/www.noticiasradioreflejos.com.ar\/2021\/concluyo-el-torneo-de-paddle-de-6-categoria\/","og_site_name":"Noticias Radio Reflejos","article_published_time":"2018-03-26T18:54:20+00:00","og_image":[{"url":"http:\/\/farm1.staticflickr.com\/784\/26163180487_dd44ce8851_z.jpg","type":"","width":"","height":""}],"author":"Arnaldo Botto","twitter_card":"summary_large_image","schema":{"@context":"https:\/\/schema.org","@graph":[{"@type":"WebPage","@id":"https:\/\/www.noticiasradioreflejos.com.ar\/2021\/concluyo-el-torneo-de-paddle-de-6-categoria\/","url":"https:\/\/www.noticiasradioreflejos.com.ar\/2021\/concluyo-el-torneo-de-paddle-de-6-categoria\/","name":"Concluy\u00f3 el torneo de paddle de 6\u00b0 Categor\u00eda - Noticias Radio Reflejos","isPartOf":{"@id":"https:\/\/www.noticiasradioreflejos.com.ar\/2021\/#website"},"primaryImageOfPage":{"@id":"https:\/\/www.noticiasradioreflejos.com.ar\/2021\/concluyo-el-torneo-de-paddle-de-6-categoria\/#primaryimage"},"image":{"@id":"https:\/\/www.noticiasradioreflejos.com.ar\/2021\/concluyo-el-torneo-de-paddle-de-6-categoria\/#primaryimage"},"thumbnailUrl":"http:\/\/farm1.staticflickr.com\/784\/26163180487_dd44ce8851_z.jpg","datePublished":"2018-03-26T18:54:20+00:00","author":{"@id":"https:\/\/www.noticiasradioreflejos.com.ar\/2021\/#\/schema\/person\/ad82545263dcc5ec0996818884fd5fb1"},"breadcrumb":{"@id":"https:\/\/www.noticiasradioreflejos.com.ar\/2021\/concluyo-el-torneo-de-paddle-de-6-categoria\/#breadcrumb"},"inLanguage":"es","potentialAction":[{"@type":"ReadAction","target":["https:\/\/www.noticiasradioreflejos.com.ar\/2021\/concluyo-el-torneo-de-paddle-de-6-categoria\/"]}]},{"@type":"ImageObject","inLanguage":"es","@id":"https:\/\/www.noticiasradioreflejos.com.ar\/2021\/concluyo-el-torneo-de-paddle-de-6-categoria\/#primaryimage","url":"http:\/\/farm1.staticflickr.com\/784\/26163180487_dd44ce8851_z.jpg","contentUrl":"http:\/\/farm1.staticflickr.com\/784\/26163180487_dd44ce8851_z.jpg"},{"@type":"BreadcrumbList","@id":"https:\/\/www.noticiasradioreflejos.com.ar\/2021\/concluyo-el-torneo-de-paddle-de-6-categoria\/#breadcrumb","itemListElement":[{"@type":"ListItem","position":1,"name":"Portada","item":"https:\/\/www.noticiasradioreflejos.com.ar\/2021\/"},{"@type":"ListItem","position":2,"name":"Concluy\u00f3 el torneo de paddle de 6\u00b0 Categor\u00eda"}]},{"@type":"WebSite","@id":"https:\/\/www.noticiasradioreflejos.com.ar\/2021\/#website","url":"https:\/\/www.noticiasradioreflejos.com.ar\/2021\/","name":"Noticias Radio Reflejos","description":"Las noticias de mi comarca","potentialAction":[{"@type":"SearchAction","target":{"@type":"EntryPoint","urlTemplate":"https:\/\/www.noticiasradioreflejos.com.ar\/2021\/?s={search_term_string}"},"query-input":{"@type":"PropertyValueSpecification","valueRequired":true,"valueName":"search_term_string"}}],"inLanguage":"es"},{"@type":"Person","@id":"https:\/\/www.noticiasradioreflejos.com.ar\/2021\/#\/schema\/person\/ad82545263dcc5ec0996818884fd5fb1","name":"Arnaldo Botto","image":{"@type":"ImageObject","inLanguage":"es","@id":"https:\/\/www.noticiasradioreflejos.com.ar\/2021\/#\/schema\/person\/image\/","url":"https:\/\/secure.gravatar.com\/avatar\/55cb5e37c1efa326397366e6974cb338056df65cb50e7d64d1cf314e87504837?s=96&d=mm&r=g","contentUrl":"https:\/\/secure.gravatar.com\/avatar\/55cb5e37c1efa326397366e6974cb338056df65cb50e7d64d1cf314e87504837?s=96&d=mm&r=g","caption":"Arnaldo Botto"},"url":"https:\/\/www.noticiasradioreflejos.com.ar\/2021\/author\/arnaldo\/"}]}},"_links":{"self":[{"href":"https:\/\/www.noticiasradioreflejos.com.ar\/2021\/wp-json\/wp\/v2\/posts\/20131","targetHints":{"allow":["GET"]}}],"collection":[{"href":"https:\/\/www.noticiasradioreflejos.com.ar\/2021\/wp-json\/wp\/v2\/posts"}],"about":[{"href":"https:\/\/www.noticiasradioreflejos.com.ar\/2021\/wp-json\/wp\/v2\/types\/post"}],"author":[{"embeddable":true,"href":"https:\/\/www.noticiasradioreflejos.com.ar\/2021\/wp-json\/wp\/v2\/users\/3"}],"replies":[{"embeddable":true,"href":"https:\/\/www.noticiasradioreflejos.com.ar\/2021\/wp-json\/wp\/v2\/comments?post=20131"}],"version-history":[{"count":0,"href":"https:\/\/www.noticiasradioreflejos.com.ar\/2021\/wp-json\/wp\/v2\/posts\/20131\/revisions"}],"wp:attachment":[{"href":"https:\/\/www.noticiasradioreflejos.com.ar\/2021\/wp-json\/wp\/v2\/media?parent=20131"}],"wp:term":[{"taxonomy":"category","embeddable":true,"href":"https:\/\/www.noticiasradioreflejos.com.ar\/2021\/wp-json\/wp\/v2\/categories?post=20131"},{"taxonomy":"post_tag","embeddable":true,"href":"https:\/\/www.noticiasradioreflejos.com.ar\/2021\/wp-json\/wp\/v2\/tags?post=20131"}],"curies":[{"name":"wp","href":"https:\/\/api.w.org\/{rel}","templated":true}]}}