{"id":20121,"date":"2018-03-25T21:20:35","date_gmt":"2018-03-26T00:20:35","guid":{"rendered":"http:\/\/www.noticiasradioreflejos.com.ar\/noticias\/?p=20121"},"modified":"2018-03-25T21:20:35","modified_gmt":"2018-03-26T00:20:35","slug":"comenzo-semana-santa","status":"publish","type":"post","link":"https:\/\/www.noticiasradioreflejos.com.ar\/2021\/comenzo-semana-santa\/","title":{"rendered":"Comenz\u00f3 Semana Santa"},"content":{"rendered":"<p>\u201cEsta semana no es un tiempo de descanso ni de vacaciones, sino de reflexi\u00f3n y mirada interior. Estos d\u00edas llaman a fortalecer el esp\u00edritu y la relaci\u00f3n familiar. No obstante, uno tiene que respetar a las personas que no lo viven desde la fe\u201d, dijo  el Padre Norberto L\u00f3pez, nuestro cura p\u00e1rroco en el inicio de la semana santa antes de la bendici\u00f3n de los ramos.<!--more--><br \/>\nLa celebraci\u00f3n tuvo lugar durante la ma\u00f1ana de este domingo en un d\u00eda soleado y luego con la misa celebrada en el templo que estuvo colmado.<br \/>\nFamilias con sus hijos llevaron los ramilletes de olivo para recibir la bendici\u00f3n correspondiente.<br \/>\nEl sacerdote asegur\u00f3 que este a\u00f1o la celebraci\u00f3n se da en el marco de la discusi\u00f3n por la despenalizaci\u00f3n del aborto. \u201cEsta Semana Santa tiene una fuerte connotaci\u00f3n de vida, se est\u00e1 discutiendo con esta andanada de preocupaci\u00f3n repentina de dialogar sobre algo, sobre todo cuando el proyecto es atentar contra la vida, que es el primer derecho natural\u201d, expres\u00f3 al respecto.<br \/>\nLunes, martes y mi\u00e9rcoles se har\u00e1 el rezo del via crucis, en un clima de meditaci\u00f3n y reflexi\u00f3n, tratando de dar esa mirada interior para dar el paso de la vida chata, deprimida y triste a la vida de la pascua\u201d, a\u00f1adi\u00f3.<br \/>\nAsimismo, el martes L\u00f3pez tambi\u00e9n participar\u00e1 de la Misa Crismal,  \u201cque es el momento en el cual los sacerdotes con el obispo renovamos nuestro compromiso sacerdotal\u201d.<br \/>\n\u201cEl jueves es jornada de Triduo Pascual, con la misa de la cena del se\u00f1or, el lavatorio de los pies y la adoraci\u00f3n a Jes\u00fas durante toda la noche.<br \/>\nLuego llegar\u00e1 el viernes de adoraci\u00f3n y a partir de las 15 hs se har\u00e1 el rezo de la coronilla de la misericordia, mientras que a las 15.30 hs estar\u00e1 la celebraci\u00f3n la Pasi\u00f3n del se\u00f1or. A las 17.30 hs, en tanto, tendr\u00e1 lugar el viacrucis en el Calvario.<br \/>\nEl s\u00e1bado, en tanto, a las 20 hs se llevar\u00e1 a cabo la Vigilia Pascual y el domingo a partir de las 10 hs se realizar\u00e1 la misa de Resurecci\u00f3n en la Parroquia Santa Rosa de Lima.<br \/>\n\u201cDeseo una transformaci\u00f3n especialmente para nuestro pa\u00eds y nuestra comunidad, necesitamos mucho de la gracia de la pascua, pasar de los enfrentamientos, los odios y la soberbia a formar una com\u00fan unidad de fe y amor. Que Jes\u00fas toque nuestros corazones y especialmente el de nuestros legisladores, que su preocupaci\u00f3n sea defender la vida como el primer don natural\u201d Dijo el padre Norberto Lopez.<br \/>\n<a href=\"https:\/\/www.youtube.com\/watch?v=CUU7_LBlz4c&#038;feature=youtu.be\">https:\/\/www.youtube.com\/watch?v=CUU7_LBlz4c&#038;feature=youtu.be<\/a><br \/>\n<a href=\"http:\/\/farm1.staticflickr.com\/795\/39208711180_a173a46c71_z.jpg\" title=\"semana santa7\" rel=\"\"><img loading=\"lazy\" decoding=\"async\" src=\"http:\/\/farm1.staticflickr.com\/795\/39208711180_a173a46c71_z.jpg\" width=\"640\" height=\"360\" alt=\"semana santa7\" title=\"semana santa7\" class=\"aligncenter\"><\/a><br \/>\n<a href=\"http:\/\/farm1.staticflickr.com\/822\/39208711660_040df89de0_z.jpg\" title=\"semana santa6\" rel=\"\"><img loading=\"lazy\" decoding=\"async\" src=\"http:\/\/farm1.staticflickr.com\/822\/39208711660_040df89de0_z.jpg\" width=\"640\" height=\"427\" alt=\"semana santa6\" title=\"semana santa6\" class=\"aligncenter\"><\/a><br \/>\n<a href=\"http:\/\/farm1.staticflickr.com\/785\/39208712160_36caa05b34_z.jpg\" title=\"semana santa5\" rel=\"\"><img loading=\"lazy\" decoding=\"async\" src=\"http:\/\/farm1.staticflickr.com\/785\/39208712160_36caa05b34_z.jpg\" width=\"640\" height=\"427\" alt=\"semana santa5\" title=\"semana santa5\" class=\"aligncenter\"><\/a><br \/>\n<a href=\"http:\/\/farm1.staticflickr.com\/793\/39208713090_e9632974e4_z.jpg\" title=\"semana santa4\" rel=\"\"><img loading=\"lazy\" decoding=\"async\" src=\"http:\/\/farm1.staticflickr.com\/793\/39208713090_e9632974e4_z.jpg\" width=\"640\" height=\"427\" alt=\"semana santa4\" title=\"semana santa4\" class=\"aligncenter\"><\/a><br \/>\n<a href=\"http:\/\/farm1.staticflickr.com\/810\/39208713510_e8dcfcdbc5_z.jpg\" title=\"semana santa3\" rel=\"\"><img loading=\"lazy\" decoding=\"async\" src=\"http:\/\/farm1.staticflickr.com\/810\/39208713510_e8dcfcdbc5_z.jpg\" width=\"640\" height=\"427\" alt=\"semana santa3\" title=\"semana santa3\" class=\"aligncenter\"><\/a><br \/>\n<a href=\"http:\/\/farm1.staticflickr.com\/798\/39208713650_4524cfeb47_z.jpg\" title=\"semana santa2\" rel=\"\"><img loading=\"lazy\" decoding=\"async\" src=\"http:\/\/farm1.staticflickr.com\/798\/39208713650_4524cfeb47_z.jpg\" width=\"427\" height=\"640\" alt=\"semana santa2\" title=\"semana santa2\" class=\"aligncenter\"><\/a><\/p>\n","protected":false},"excerpt":{"rendered":"<p>\u201cEsta semana no es un tiempo de descanso ni de vacaciones, sino de reflexi\u00f3n y mirada interior. Estos d\u00edas llaman a fortalecer el esp\u00edritu y la relaci\u00f3n familiar. No obstante, uno tiene que respetar a las personas que no lo viven desde la fe\u201d, dijo el Padre Norberto L\u00f3pez, nuestro cura p\u00e1rroco en el inicio [&hellip;]<\/p>\n","protected":false},"author":3,"featured_media":0,"comment_status":"closed","ping_status":"open","sticky":false,"template":"","format":"standard","meta":{"footnotes":""},"categories":[35],"tags":[],"class_list":["post-20121","post","type-post","status-publish","format-standard","hentry","category-cultura"],"yoast_head":"<!-- This site is optimized with the Yoast SEO plugin v25.9 - https:\/\/yoast.com\/wordpress\/plugins\/seo\/ -->\n<title>Comenz\u00f3 Semana Santa - Noticias Radio Reflejos<\/title>\n<meta name=\"robots\" content=\"index, follow, max-snippet:-1, max-image-preview:large, max-video-preview:-1\" \/>\n<link rel=\"canonical\" href=\"https:\/\/www.noticiasradioreflejos.com.ar\/2021\/comenzo-semana-santa\/\" \/>\n<meta property=\"og:locale\" content=\"es_ES\" \/>\n<meta property=\"og:type\" content=\"article\" \/>\n<meta property=\"og:title\" content=\"Comenz\u00f3 Semana Santa - Noticias Radio Reflejos\" \/>\n<meta property=\"og:description\" content=\"\u201cEsta semana no es un tiempo de descanso ni de vacaciones, sino de reflexi\u00f3n y mirada interior. Estos d\u00edas llaman a fortalecer el esp\u00edritu y la relaci\u00f3n familiar. No obstante, uno tiene que respetar a las personas que no lo viven desde la fe\u201d, dijo el Padre Norberto L\u00f3pez, nuestro cura p\u00e1rroco en el inicio [&hellip;]\" \/>\n<meta property=\"og:url\" content=\"https:\/\/www.noticiasradioreflejos.com.ar\/2021\/comenzo-semana-santa\/\" \/>\n<meta property=\"og:site_name\" content=\"Noticias Radio Reflejos\" \/>\n<meta property=\"article:published_time\" content=\"2018-03-26T00:20:35+00:00\" \/>\n<meta property=\"og:image\" content=\"http:\/\/farm1.staticflickr.com\/795\/39208711180_a173a46c71_z.jpg\" \/>\n<meta name=\"author\" content=\"Arnaldo Botto\" \/>\n<meta name=\"twitter:card\" content=\"summary_large_image\" \/>\n<script type=\"application\/ld+json\" class=\"yoast-schema-graph\">{\"@context\":\"https:\/\/schema.org\",\"@graph\":[{\"@type\":\"WebPage\",\"@id\":\"https:\/\/www.noticiasradioreflejos.com.ar\/2021\/comenzo-semana-santa\/\",\"url\":\"https:\/\/www.noticiasradioreflejos.com.ar\/2021\/comenzo-semana-santa\/\",\"name\":\"Comenz\u00f3 Semana Santa - Noticias Radio Reflejos\",\"isPartOf\":{\"@id\":\"https:\/\/www.noticiasradioreflejos.com.ar\/2021\/#website\"},\"primaryImageOfPage\":{\"@id\":\"https:\/\/www.noticiasradioreflejos.com.ar\/2021\/comenzo-semana-santa\/#primaryimage\"},\"image\":{\"@id\":\"https:\/\/www.noticiasradioreflejos.com.ar\/2021\/comenzo-semana-santa\/#primaryimage\"},\"thumbnailUrl\":\"http:\/\/farm1.staticflickr.com\/795\/39208711180_a173a46c71_z.jpg\",\"datePublished\":\"2018-03-26T00:20:35+00:00\",\"author\":{\"@id\":\"https:\/\/www.noticiasradioreflejos.com.ar\/2021\/#\/schema\/person\/ad82545263dcc5ec0996818884fd5fb1\"},\"breadcrumb\":{\"@id\":\"https:\/\/www.noticiasradioreflejos.com.ar\/2021\/comenzo-semana-santa\/#breadcrumb\"},\"inLanguage\":\"es\",\"potentialAction\":[{\"@type\":\"ReadAction\",\"target\":[\"https:\/\/www.noticiasradioreflejos.com.ar\/2021\/comenzo-semana-santa\/\"]}]},{\"@type\":\"ImageObject\",\"inLanguage\":\"es\",\"@id\":\"https:\/\/www.noticiasradioreflejos.com.ar\/2021\/comenzo-semana-santa\/#primaryimage\",\"url\":\"http:\/\/farm1.staticflickr.com\/795\/39208711180_a173a46c71_z.jpg\",\"contentUrl\":\"http:\/\/farm1.staticflickr.com\/795\/39208711180_a173a46c71_z.jpg\"},{\"@type\":\"BreadcrumbList\",\"@id\":\"https:\/\/www.noticiasradioreflejos.com.ar\/2021\/comenzo-semana-santa\/#breadcrumb\",\"itemListElement\":[{\"@type\":\"ListItem\",\"position\":1,\"name\":\"Portada\",\"item\":\"https:\/\/www.noticiasradioreflejos.com.ar\/2021\/\"},{\"@type\":\"ListItem\",\"position\":2,\"name\":\"Comenz\u00f3 Semana Santa\"}]},{\"@type\":\"WebSite\",\"@id\":\"https:\/\/www.noticiasradioreflejos.com.ar\/2021\/#website\",\"url\":\"https:\/\/www.noticiasradioreflejos.com.ar\/2021\/\",\"name\":\"Noticias Radio Reflejos\",\"description\":\"Las noticias de mi comarca\",\"potentialAction\":[{\"@type\":\"SearchAction\",\"target\":{\"@type\":\"EntryPoint\",\"urlTemplate\":\"https:\/\/www.noticiasradioreflejos.com.ar\/2021\/?s={search_term_string}\"},\"query-input\":{\"@type\":\"PropertyValueSpecification\",\"valueRequired\":true,\"valueName\":\"search_term_string\"}}],\"inLanguage\":\"es\"},{\"@type\":\"Person\",\"@id\":\"https:\/\/www.noticiasradioreflejos.com.ar\/2021\/#\/schema\/person\/ad82545263dcc5ec0996818884fd5fb1\",\"name\":\"Arnaldo Botto\",\"image\":{\"@type\":\"ImageObject\",\"inLanguage\":\"es\",\"@id\":\"https:\/\/www.noticiasradioreflejos.com.ar\/2021\/#\/schema\/person\/image\/\",\"url\":\"https:\/\/secure.gravatar.com\/avatar\/55cb5e37c1efa326397366e6974cb338056df65cb50e7d64d1cf314e87504837?s=96&d=mm&r=g\",\"contentUrl\":\"https:\/\/secure.gravatar.com\/avatar\/55cb5e37c1efa326397366e6974cb338056df65cb50e7d64d1cf314e87504837?s=96&d=mm&r=g\",\"caption\":\"Arnaldo Botto\"},\"url\":\"https:\/\/www.noticiasradioreflejos.com.ar\/2021\/author\/arnaldo\/\"}]}<\/script>\n<!-- \/ Yoast SEO plugin. -->","yoast_head_json":{"title":"Comenz\u00f3 Semana Santa - Noticias Radio Reflejos","robots":{"index":"index","follow":"follow","max-snippet":"max-snippet:-1","max-image-preview":"max-image-preview:large","max-video-preview":"max-video-preview:-1"},"canonical":"https:\/\/www.noticiasradioreflejos.com.ar\/2021\/comenzo-semana-santa\/","og_locale":"es_ES","og_type":"article","og_title":"Comenz\u00f3 Semana Santa - Noticias Radio Reflejos","og_description":"\u201cEsta semana no es un tiempo de descanso ni de vacaciones, sino de reflexi\u00f3n y mirada interior. Estos d\u00edas llaman a fortalecer el esp\u00edritu y la relaci\u00f3n familiar. No obstante, uno tiene que respetar a las personas que no lo viven desde la fe\u201d, dijo el Padre Norberto L\u00f3pez, nuestro cura p\u00e1rroco en el inicio [&hellip;]","og_url":"https:\/\/www.noticiasradioreflejos.com.ar\/2021\/comenzo-semana-santa\/","og_site_name":"Noticias Radio Reflejos","article_published_time":"2018-03-26T00:20:35+00:00","og_image":[{"url":"http:\/\/farm1.staticflickr.com\/795\/39208711180_a173a46c71_z.jpg","type":"","width":"","height":""}],"author":"Arnaldo Botto","twitter_card":"summary_large_image","schema":{"@context":"https:\/\/schema.org","@graph":[{"@type":"WebPage","@id":"https:\/\/www.noticiasradioreflejos.com.ar\/2021\/comenzo-semana-santa\/","url":"https:\/\/www.noticiasradioreflejos.com.ar\/2021\/comenzo-semana-santa\/","name":"Comenz\u00f3 Semana Santa - Noticias Radio Reflejos","isPartOf":{"@id":"https:\/\/www.noticiasradioreflejos.com.ar\/2021\/#website"},"primaryImageOfPage":{"@id":"https:\/\/www.noticiasradioreflejos.com.ar\/2021\/comenzo-semana-santa\/#primaryimage"},"image":{"@id":"https:\/\/www.noticiasradioreflejos.com.ar\/2021\/comenzo-semana-santa\/#primaryimage"},"thumbnailUrl":"http:\/\/farm1.staticflickr.com\/795\/39208711180_a173a46c71_z.jpg","datePublished":"2018-03-26T00:20:35+00:00","author":{"@id":"https:\/\/www.noticiasradioreflejos.com.ar\/2021\/#\/schema\/person\/ad82545263dcc5ec0996818884fd5fb1"},"breadcrumb":{"@id":"https:\/\/www.noticiasradioreflejos.com.ar\/2021\/comenzo-semana-santa\/#breadcrumb"},"inLanguage":"es","potentialAction":[{"@type":"ReadAction","target":["https:\/\/www.noticiasradioreflejos.com.ar\/2021\/comenzo-semana-santa\/"]}]},{"@type":"ImageObject","inLanguage":"es","@id":"https:\/\/www.noticiasradioreflejos.com.ar\/2021\/comenzo-semana-santa\/#primaryimage","url":"http:\/\/farm1.staticflickr.com\/795\/39208711180_a173a46c71_z.jpg","contentUrl":"http:\/\/farm1.staticflickr.com\/795\/39208711180_a173a46c71_z.jpg"},{"@type":"BreadcrumbList","@id":"https:\/\/www.noticiasradioreflejos.com.ar\/2021\/comenzo-semana-santa\/#breadcrumb","itemListElement":[{"@type":"ListItem","position":1,"name":"Portada","item":"https:\/\/www.noticiasradioreflejos.com.ar\/2021\/"},{"@type":"ListItem","position":2,"name":"Comenz\u00f3 Semana Santa"}]},{"@type":"WebSite","@id":"https:\/\/www.noticiasradioreflejos.com.ar\/2021\/#website","url":"https:\/\/www.noticiasradioreflejos.com.ar\/2021\/","name":"Noticias Radio Reflejos","description":"Las noticias de mi comarca","potentialAction":[{"@type":"SearchAction","target":{"@type":"EntryPoint","urlTemplate":"https:\/\/www.noticiasradioreflejos.com.ar\/2021\/?s={search_term_string}"},"query-input":{"@type":"PropertyValueSpecification","valueRequired":true,"valueName":"search_term_string"}}],"inLanguage":"es"},{"@type":"Person","@id":"https:\/\/www.noticiasradioreflejos.com.ar\/2021\/#\/schema\/person\/ad82545263dcc5ec0996818884fd5fb1","name":"Arnaldo Botto","image":{"@type":"ImageObject","inLanguage":"es","@id":"https:\/\/www.noticiasradioreflejos.com.ar\/2021\/#\/schema\/person\/image\/","url":"https:\/\/secure.gravatar.com\/avatar\/55cb5e37c1efa326397366e6974cb338056df65cb50e7d64d1cf314e87504837?s=96&d=mm&r=g","contentUrl":"https:\/\/secure.gravatar.com\/avatar\/55cb5e37c1efa326397366e6974cb338056df65cb50e7d64d1cf314e87504837?s=96&d=mm&r=g","caption":"Arnaldo Botto"},"url":"https:\/\/www.noticiasradioreflejos.com.ar\/2021\/author\/arnaldo\/"}]}},"_links":{"self":[{"href":"https:\/\/www.noticiasradioreflejos.com.ar\/2021\/wp-json\/wp\/v2\/posts\/20121","targetHints":{"allow":["GET"]}}],"collection":[{"href":"https:\/\/www.noticiasradioreflejos.com.ar\/2021\/wp-json\/wp\/v2\/posts"}],"about":[{"href":"https:\/\/www.noticiasradioreflejos.com.ar\/2021\/wp-json\/wp\/v2\/types\/post"}],"author":[{"embeddable":true,"href":"https:\/\/www.noticiasradioreflejos.com.ar\/2021\/wp-json\/wp\/v2\/users\/3"}],"replies":[{"embeddable":true,"href":"https:\/\/www.noticiasradioreflejos.com.ar\/2021\/wp-json\/wp\/v2\/comments?post=20121"}],"version-history":[{"count":0,"href":"https:\/\/www.noticiasradioreflejos.com.ar\/2021\/wp-json\/wp\/v2\/posts\/20121\/revisions"}],"wp:attachment":[{"href":"https:\/\/www.noticiasradioreflejos.com.ar\/2021\/wp-json\/wp\/v2\/media?parent=20121"}],"wp:term":[{"taxonomy":"category","embeddable":true,"href":"https:\/\/www.noticiasradioreflejos.com.ar\/2021\/wp-json\/wp\/v2\/categories?post=20121"},{"taxonomy":"post_tag","embeddable":true,"href":"https:\/\/www.noticiasradioreflejos.com.ar\/2021\/wp-json\/wp\/v2\/tags?post=20121"}],"curies":[{"name":"wp","href":"https:\/\/api.w.org\/{rel}","templated":true}]}}