{"id":20066,"date":"2018-03-23T14:26:29","date_gmt":"2018-03-23T17:26:29","guid":{"rendered":"http:\/\/www.noticiasradioreflejos.com.ar\/noticias\/?p=20066"},"modified":"2018-03-23T14:26:29","modified_gmt":"2018-03-23T17:26:29","slug":"abrazo-a-la-estacion-y-asamblea","status":"publish","type":"post","link":"https:\/\/www.noticiasradioreflejos.com.ar\/2021\/abrazo-a-la-estacion-y-asamblea\/","title":{"rendered":"Abrazo a la estaci\u00f3n y asamblea"},"content":{"rendered":"<p style=\"font-weight: 400;\">El 15 de marzo fue el d\u00eda del cierre 104 estaciones de ferrocarril, incluidas la de Sierra de la Ventana, Saldungaray, debido a decreto de la disoluci\u00f3n de Ferrobaires por parte de la Gobernadora Mar\u00eda Eugenia Vidal. Aproximadamente 1500 trabajadores ferroviarios quedaron sin sus puestos de trabajo, y muchas localidades sin servicio de trenes. Por esa raz\u00f3n vecinos, e integrantes de instituciones intermedias nos reunimos en un Abrazo a la estaci\u00f3n de Sierra de la Ventana y en asamblea.<\/p>\n<p><!--more--><\/p>\n<p style=\"font-weight: 400;\">En esa jornada Carlos Rocha ley\u00f3 este texto de su autor\u00eda:<\/p>\n<p style=\"font-weight: 400;\">Hace 40 d\u00edas, tomando mate en casa, en La Gruta, con unos amigos, artesanos tambi\u00e9n. Nos enteramos de la noticia del cierre definitivo del ramal, y por lo tanto de la estaci\u00f3n de Sierra.<\/p>\n<p style=\"font-weight: 400;\">Graciela dijo, \u201chabr\u00eda que hacer algo\u201d, y surgi\u00f3 la idea del abrazo. Lo empezamos a compartir por Facebook, y enseguida se empez\u00f3 a sumar gente: Natalia Molina haciendo un afiche, Jorge Canolik apoyando y difundiendo, Mariano Badana y Arnaldo Botto difundi\u00e9ndolo en la radio, amigos queridos comparti\u00e9ndolo, la gente de la Asamblea sum\u00e1ndose, y ac\u00e1 estamos.<\/p>\n<p style=\"font-weight: 400;\">\u00bfPor qu\u00e9 el abrazo?. Por lo que significa abrazarnos abrazamos a alguien que queremos. Abrazamos a un amigo o amiga cuando est\u00e1 mal, abrazamos para consolar, nos abrazamos para sentirnos juntos, darnos calor, amor. Nos apapachamos. Hoy venimos a apapachar a nuestra querida estaci\u00f3n y a compartir nuestros sentimientos, nuestros recuerdos, nuestras an\u00e9cdotas sobre el tren.<\/p>\n<p style=\"font-weight: 400;\">Era lento, pero nos tra\u00eda y nos llevaba. Hab\u00eda que llevar una frazada para no morirse de fr\u00edo, pero nos llevaba y nos tra\u00eda. Llegaba con atraso, pero nos llevaba y nos tra\u00eda.<\/p>\n<p style=\"font-weight: 400;\">Necesitabas viajar, ya sea por vacaciones o por trabajo, pero no ten\u00edas un veh\u00edculo, o no pod\u00edas bancarte el boleto en colectivo para vos y tu familia. Para toda la gente: ah\u00ed estaba el tren, econ\u00f3mico, porque es un servicio para la gente que no tiene otras posibilidades, te tra\u00eda y te llevaba.<\/p>\n<p style=\"font-weight: 400;\">Valijas llenas de alegr\u00eda e ilusiones con mercader\u00eda para vender o trabajar.<\/p>\n<p style=\"font-weight: 400;\">Hoy no lo tenemos porque para este gobierno, para Mar\u00eda Eugenia Vidal y Mauricio Macri, lo que da p\u00e9rdida se cierra.<\/p>\n<p style=\"font-weight: 400;\">Los ferrocarriles en Espa\u00f1a y Francia dan p\u00e9rdida, y los gobiernos de Rajoy y Macron-no precisamente populares-, los mantienen porque son un servicio. El estado est\u00e1 para eso. El estado no es una empresa, no tiene que dar ganancia, tiene que dar servicio.<\/p>\n<p style=\"font-weight: 400;\">Y una \u00faltima referencia a Marcelo Garc\u00eda Jefe de estaci\u00f3n 24 hs. al d\u00eda, los 365 d\u00edas del a\u00f1o. Necesitabas un pasaje de \u00faltimo momento, y Marcelo hac\u00eda magia, y el boleto aparec\u00eda. \u201cMarcelo, despu\u00e9s te lo pago\u201d, y Marcelo te dec\u00eda \u201cCuando puedas, no hay problema\u201d.<\/p>\n<p style=\"font-weight: 400;\">Siempre estuvo, en todo momento, y est\u00e1 con la convicci\u00f3n de un buen empleado, pero tambi\u00e9n ocup\u00e1ndose de la gente y preocup\u00e1ndose por el pasajero. Excepcional ser humano.<\/p>\n<p style=\"font-weight: 400;\">Hoy abrazamos a la estaci\u00f3n y a Marcelo, vamos a apapacharnos, lo necesitamos y lo necesita nuestra querida estaci\u00f3n de Sierra de la Ventana.<\/p>\n<p style=\"font-weight: 400;\">El abrazo y Asamblea cont\u00f3 la cobertura de Soledad Llobet de Canal 9, para el informativo del canal, compartimos los links a los videos:\u00a0<a href=\"https:\/\/www.youtube.com\/watch?v=9sV6grlgck0\" data-saferedirecturl=\"https:\/\/www.google.com\/url?hl=es&amp;q=https:\/\/www.youtube.com\/watch?v%3D9sV6grlgck0&amp;source=gmail&amp;ust=1521911493543000&amp;usg=AFQjCNF4zLg4qacD5qvQEXA-nDI-t0VpEg\">https:\/\/www.youtube.com\/watch?v=9sV6grlgck0<\/a><\/p>\n<p style=\"font-weight: 400;\"><a href=\"https:\/\/www.youtube.com\/watch?v=fDC4vNYfCig\" data-saferedirecturl=\"https:\/\/www.google.com\/url?hl=es&amp;q=https:\/\/www.youtube.com\/watch?v%3DfDC4vNYfCig&amp;source=gmail&amp;ust=1521911493543000&amp;usg=AFQjCNGxZCtfo-3cocpzu373CjtbsiKrRQ\">https:\/\/www.youtube.com\/watch?v=fDC4vNYfCig<\/a><\/p>\n<p style=\"font-weight: 400;\">Tambi\u00e9n cont\u00f3 con la cobertura de Arnaldo Botto de Fm Reflejos y Reflejos de mi comarca:<a href=\"http:\/\/www.noticiasradioreflejos.com.ar\/noticias\/index.php\/2018\/03\/15\/la-estacion-ferroviaria-de-sierra-de-la-ventana-recibio-el-abrazo-de-la-comunidad\/\" data-saferedirecturl=\"https:\/\/www.google.com\/url?hl=es&amp;q=http:\/\/www.noticiasradioreflejos.com.ar\/noticias\/index.php\/2018\/03\/15\/la-estacion-ferroviaria-de-sierra-de-la-ventana-recibio-el-abrazo-de-la-comunidad\/&amp;source=gmail&amp;ust=1521911493544000&amp;usg=AFQjCNFTLJx9yxjQvmp29FZtiz6dvdK6EQ\">http:\/\/www.noticiasradioreflejos.com.ar\/noticias\/index.php\/2018\/03\/15\/la-estacion-ferroviaria-de-sierra-de-la-ventana-recibio-el-abrazo-de-la-comunidad\/<\/a><\/p>\n<p style=\"font-weight: 400;\">Asimismo una publicaci\u00f3n en Facebook de una integrante de la asamblea se viraliz\u00f3, con m\u00e1s de 47200 veces compartidos, m\u00e1s de 10 mil reacciones, y 2,7 mil comentarios:\u00a0<a href=\"https:\/\/www.facebook.com\/natmolina\/posts\/10216278839668202?pnref=story\" data-saferedirecturl=\"https:\/\/www.google.com\/url?hl=es&amp;q=https:\/\/www.facebook.com\/natmolina\/posts\/10216278839668202?pnref%3Dstory&amp;source=gmail&amp;ust=1521911493544000&amp;usg=AFQjCNEb5oxBhPD9ZfkMkLywD2-7udPfjA\">https:\/\/www.facebook.com\/natmolina\/posts\/10216278839668202?pnref=story<\/a><\/p>\n<p style=\"font-weight: 400;\">Desde la Asamblea Que vuelva el tren de vecinos e instituciones de la comarca serrana invitamos a participar a la pr\u00f3xima asamblea, a la cual convocamos a la comunidad, a concejales y al intendente municipal Sergio Bordoni. Esta se llevar\u00e1 adelante el domingo 25 de marzo a las 18 hs.<\/p>\n<p><a href=\"http:\/\/farm5.staticflickr.com\/4795\/27102060458_7145d52612_z.jpg\" title=\"29138252_2039744506065629_109179889_n\" rel=\"\"><img loading=\"lazy\" decoding=\"async\" src=\"http:\/\/farm5.staticflickr.com\/4795\/27102060458_7145d52612_z.jpg\" width=\"640\" height=\"385\" alt=\"29138252_2039744506065629_109179889_n\" title=\"29138252_2039744506065629_109179889_n\" class=\"aligncenter\"><\/a><\/p>\n","protected":false},"excerpt":{"rendered":"<p>El 15 de marzo fue el d\u00eda del cierre 104 estaciones de ferrocarril, incluidas la de Sierra de la Ventana, Saldungaray, debido a decreto de la disoluci\u00f3n de Ferrobaires por parte de la Gobernadora Mar\u00eda Eugenia Vidal. Aproximadamente 1500 trabajadores ferroviarios quedaron sin sus puestos de trabajo, y muchas localidades sin servicio de trenes. Por [&hellip;]<\/p>\n","protected":false},"author":3,"featured_media":0,"comment_status":"closed","ping_status":"open","sticky":false,"template":"","format":"standard","meta":{"footnotes":""},"categories":[26],"tags":[],"class_list":["post-20066","post","type-post","status-publish","format-standard","hentry","category-sociedad"],"yoast_head":"<!-- This site is optimized with the Yoast SEO plugin v25.9 - https:\/\/yoast.com\/wordpress\/plugins\/seo\/ -->\n<title>Abrazo a la estaci\u00f3n y asamblea - Noticias Radio Reflejos<\/title>\n<meta name=\"robots\" content=\"index, follow, max-snippet:-1, max-image-preview:large, max-video-preview:-1\" \/>\n<link rel=\"canonical\" href=\"https:\/\/www.noticiasradioreflejos.com.ar\/2021\/abrazo-a-la-estacion-y-asamblea\/\" \/>\n<meta property=\"og:locale\" content=\"es_ES\" \/>\n<meta property=\"og:type\" content=\"article\" \/>\n<meta property=\"og:title\" content=\"Abrazo a la estaci\u00f3n y asamblea - Noticias Radio Reflejos\" \/>\n<meta property=\"og:description\" content=\"El 15 de marzo fue el d\u00eda del cierre 104 estaciones de ferrocarril, incluidas la de Sierra de la Ventana, Saldungaray, debido a decreto de la disoluci\u00f3n de Ferrobaires por parte de la Gobernadora Mar\u00eda Eugenia Vidal. Aproximadamente 1500 trabajadores ferroviarios quedaron sin sus puestos de trabajo, y muchas localidades sin servicio de trenes. Por [&hellip;]\" \/>\n<meta property=\"og:url\" content=\"https:\/\/www.noticiasradioreflejos.com.ar\/2021\/abrazo-a-la-estacion-y-asamblea\/\" \/>\n<meta property=\"og:site_name\" content=\"Noticias Radio Reflejos\" \/>\n<meta property=\"article:published_time\" content=\"2018-03-23T17:26:29+00:00\" \/>\n<meta property=\"og:image\" content=\"http:\/\/farm5.staticflickr.com\/4795\/27102060458_7145d52612_z.jpg\" \/>\n<meta name=\"author\" content=\"Arnaldo Botto\" \/>\n<meta name=\"twitter:card\" content=\"summary_large_image\" \/>\n<script type=\"application\/ld+json\" class=\"yoast-schema-graph\">{\"@context\":\"https:\/\/schema.org\",\"@graph\":[{\"@type\":\"WebPage\",\"@id\":\"https:\/\/www.noticiasradioreflejos.com.ar\/2021\/abrazo-a-la-estacion-y-asamblea\/\",\"url\":\"https:\/\/www.noticiasradioreflejos.com.ar\/2021\/abrazo-a-la-estacion-y-asamblea\/\",\"name\":\"Abrazo a la estaci\u00f3n y asamblea - Noticias Radio Reflejos\",\"isPartOf\":{\"@id\":\"https:\/\/www.noticiasradioreflejos.com.ar\/2021\/#website\"},\"primaryImageOfPage\":{\"@id\":\"https:\/\/www.noticiasradioreflejos.com.ar\/2021\/abrazo-a-la-estacion-y-asamblea\/#primaryimage\"},\"image\":{\"@id\":\"https:\/\/www.noticiasradioreflejos.com.ar\/2021\/abrazo-a-la-estacion-y-asamblea\/#primaryimage\"},\"thumbnailUrl\":\"http:\/\/farm5.staticflickr.com\/4795\/27102060458_7145d52612_z.jpg\",\"datePublished\":\"2018-03-23T17:26:29+00:00\",\"author\":{\"@id\":\"https:\/\/www.noticiasradioreflejos.com.ar\/2021\/#\/schema\/person\/ad82545263dcc5ec0996818884fd5fb1\"},\"breadcrumb\":{\"@id\":\"https:\/\/www.noticiasradioreflejos.com.ar\/2021\/abrazo-a-la-estacion-y-asamblea\/#breadcrumb\"},\"inLanguage\":\"es\",\"potentialAction\":[{\"@type\":\"ReadAction\",\"target\":[\"https:\/\/www.noticiasradioreflejos.com.ar\/2021\/abrazo-a-la-estacion-y-asamblea\/\"]}]},{\"@type\":\"ImageObject\",\"inLanguage\":\"es\",\"@id\":\"https:\/\/www.noticiasradioreflejos.com.ar\/2021\/abrazo-a-la-estacion-y-asamblea\/#primaryimage\",\"url\":\"http:\/\/farm5.staticflickr.com\/4795\/27102060458_7145d52612_z.jpg\",\"contentUrl\":\"http:\/\/farm5.staticflickr.com\/4795\/27102060458_7145d52612_z.jpg\"},{\"@type\":\"BreadcrumbList\",\"@id\":\"https:\/\/www.noticiasradioreflejos.com.ar\/2021\/abrazo-a-la-estacion-y-asamblea\/#breadcrumb\",\"itemListElement\":[{\"@type\":\"ListItem\",\"position\":1,\"name\":\"Portada\",\"item\":\"https:\/\/www.noticiasradioreflejos.com.ar\/2021\/\"},{\"@type\":\"ListItem\",\"position\":2,\"name\":\"Abrazo a la estaci\u00f3n y asamblea\"}]},{\"@type\":\"WebSite\",\"@id\":\"https:\/\/www.noticiasradioreflejos.com.ar\/2021\/#website\",\"url\":\"https:\/\/www.noticiasradioreflejos.com.ar\/2021\/\",\"name\":\"Noticias Radio Reflejos\",\"description\":\"Las noticias de mi comarca\",\"potentialAction\":[{\"@type\":\"SearchAction\",\"target\":{\"@type\":\"EntryPoint\",\"urlTemplate\":\"https:\/\/www.noticiasradioreflejos.com.ar\/2021\/?s={search_term_string}\"},\"query-input\":{\"@type\":\"PropertyValueSpecification\",\"valueRequired\":true,\"valueName\":\"search_term_string\"}}],\"inLanguage\":\"es\"},{\"@type\":\"Person\",\"@id\":\"https:\/\/www.noticiasradioreflejos.com.ar\/2021\/#\/schema\/person\/ad82545263dcc5ec0996818884fd5fb1\",\"name\":\"Arnaldo Botto\",\"image\":{\"@type\":\"ImageObject\",\"inLanguage\":\"es\",\"@id\":\"https:\/\/www.noticiasradioreflejos.com.ar\/2021\/#\/schema\/person\/image\/\",\"url\":\"https:\/\/secure.gravatar.com\/avatar\/55cb5e37c1efa326397366e6974cb338056df65cb50e7d64d1cf314e87504837?s=96&d=mm&r=g\",\"contentUrl\":\"https:\/\/secure.gravatar.com\/avatar\/55cb5e37c1efa326397366e6974cb338056df65cb50e7d64d1cf314e87504837?s=96&d=mm&r=g\",\"caption\":\"Arnaldo Botto\"},\"url\":\"https:\/\/www.noticiasradioreflejos.com.ar\/2021\/author\/arnaldo\/\"}]}<\/script>\n<!-- \/ Yoast SEO plugin. -->","yoast_head_json":{"title":"Abrazo a la estaci\u00f3n y asamblea - Noticias Radio Reflejos","robots":{"index":"index","follow":"follow","max-snippet":"max-snippet:-1","max-image-preview":"max-image-preview:large","max-video-preview":"max-video-preview:-1"},"canonical":"https:\/\/www.noticiasradioreflejos.com.ar\/2021\/abrazo-a-la-estacion-y-asamblea\/","og_locale":"es_ES","og_type":"article","og_title":"Abrazo a la estaci\u00f3n y asamblea - Noticias Radio Reflejos","og_description":"El 15 de marzo fue el d\u00eda del cierre 104 estaciones de ferrocarril, incluidas la de Sierra de la Ventana, Saldungaray, debido a decreto de la disoluci\u00f3n de Ferrobaires por parte de la Gobernadora Mar\u00eda Eugenia Vidal. Aproximadamente 1500 trabajadores ferroviarios quedaron sin sus puestos de trabajo, y muchas localidades sin servicio de trenes. Por [&hellip;]","og_url":"https:\/\/www.noticiasradioreflejos.com.ar\/2021\/abrazo-a-la-estacion-y-asamblea\/","og_site_name":"Noticias Radio Reflejos","article_published_time":"2018-03-23T17:26:29+00:00","og_image":[{"url":"http:\/\/farm5.staticflickr.com\/4795\/27102060458_7145d52612_z.jpg","type":"","width":"","height":""}],"author":"Arnaldo Botto","twitter_card":"summary_large_image","schema":{"@context":"https:\/\/schema.org","@graph":[{"@type":"WebPage","@id":"https:\/\/www.noticiasradioreflejos.com.ar\/2021\/abrazo-a-la-estacion-y-asamblea\/","url":"https:\/\/www.noticiasradioreflejos.com.ar\/2021\/abrazo-a-la-estacion-y-asamblea\/","name":"Abrazo a la estaci\u00f3n y asamblea - Noticias Radio Reflejos","isPartOf":{"@id":"https:\/\/www.noticiasradioreflejos.com.ar\/2021\/#website"},"primaryImageOfPage":{"@id":"https:\/\/www.noticiasradioreflejos.com.ar\/2021\/abrazo-a-la-estacion-y-asamblea\/#primaryimage"},"image":{"@id":"https:\/\/www.noticiasradioreflejos.com.ar\/2021\/abrazo-a-la-estacion-y-asamblea\/#primaryimage"},"thumbnailUrl":"http:\/\/farm5.staticflickr.com\/4795\/27102060458_7145d52612_z.jpg","datePublished":"2018-03-23T17:26:29+00:00","author":{"@id":"https:\/\/www.noticiasradioreflejos.com.ar\/2021\/#\/schema\/person\/ad82545263dcc5ec0996818884fd5fb1"},"breadcrumb":{"@id":"https:\/\/www.noticiasradioreflejos.com.ar\/2021\/abrazo-a-la-estacion-y-asamblea\/#breadcrumb"},"inLanguage":"es","potentialAction":[{"@type":"ReadAction","target":["https:\/\/www.noticiasradioreflejos.com.ar\/2021\/abrazo-a-la-estacion-y-asamblea\/"]}]},{"@type":"ImageObject","inLanguage":"es","@id":"https:\/\/www.noticiasradioreflejos.com.ar\/2021\/abrazo-a-la-estacion-y-asamblea\/#primaryimage","url":"http:\/\/farm5.staticflickr.com\/4795\/27102060458_7145d52612_z.jpg","contentUrl":"http:\/\/farm5.staticflickr.com\/4795\/27102060458_7145d52612_z.jpg"},{"@type":"BreadcrumbList","@id":"https:\/\/www.noticiasradioreflejos.com.ar\/2021\/abrazo-a-la-estacion-y-asamblea\/#breadcrumb","itemListElement":[{"@type":"ListItem","position":1,"name":"Portada","item":"https:\/\/www.noticiasradioreflejos.com.ar\/2021\/"},{"@type":"ListItem","position":2,"name":"Abrazo a la estaci\u00f3n y asamblea"}]},{"@type":"WebSite","@id":"https:\/\/www.noticiasradioreflejos.com.ar\/2021\/#website","url":"https:\/\/www.noticiasradioreflejos.com.ar\/2021\/","name":"Noticias Radio Reflejos","description":"Las noticias de mi comarca","potentialAction":[{"@type":"SearchAction","target":{"@type":"EntryPoint","urlTemplate":"https:\/\/www.noticiasradioreflejos.com.ar\/2021\/?s={search_term_string}"},"query-input":{"@type":"PropertyValueSpecification","valueRequired":true,"valueName":"search_term_string"}}],"inLanguage":"es"},{"@type":"Person","@id":"https:\/\/www.noticiasradioreflejos.com.ar\/2021\/#\/schema\/person\/ad82545263dcc5ec0996818884fd5fb1","name":"Arnaldo Botto","image":{"@type":"ImageObject","inLanguage":"es","@id":"https:\/\/www.noticiasradioreflejos.com.ar\/2021\/#\/schema\/person\/image\/","url":"https:\/\/secure.gravatar.com\/avatar\/55cb5e37c1efa326397366e6974cb338056df65cb50e7d64d1cf314e87504837?s=96&d=mm&r=g","contentUrl":"https:\/\/secure.gravatar.com\/avatar\/55cb5e37c1efa326397366e6974cb338056df65cb50e7d64d1cf314e87504837?s=96&d=mm&r=g","caption":"Arnaldo Botto"},"url":"https:\/\/www.noticiasradioreflejos.com.ar\/2021\/author\/arnaldo\/"}]}},"_links":{"self":[{"href":"https:\/\/www.noticiasradioreflejos.com.ar\/2021\/wp-json\/wp\/v2\/posts\/20066","targetHints":{"allow":["GET"]}}],"collection":[{"href":"https:\/\/www.noticiasradioreflejos.com.ar\/2021\/wp-json\/wp\/v2\/posts"}],"about":[{"href":"https:\/\/www.noticiasradioreflejos.com.ar\/2021\/wp-json\/wp\/v2\/types\/post"}],"author":[{"embeddable":true,"href":"https:\/\/www.noticiasradioreflejos.com.ar\/2021\/wp-json\/wp\/v2\/users\/3"}],"replies":[{"embeddable":true,"href":"https:\/\/www.noticiasradioreflejos.com.ar\/2021\/wp-json\/wp\/v2\/comments?post=20066"}],"version-history":[{"count":0,"href":"https:\/\/www.noticiasradioreflejos.com.ar\/2021\/wp-json\/wp\/v2\/posts\/20066\/revisions"}],"wp:attachment":[{"href":"https:\/\/www.noticiasradioreflejos.com.ar\/2021\/wp-json\/wp\/v2\/media?parent=20066"}],"wp:term":[{"taxonomy":"category","embeddable":true,"href":"https:\/\/www.noticiasradioreflejos.com.ar\/2021\/wp-json\/wp\/v2\/categories?post=20066"},{"taxonomy":"post_tag","embeddable":true,"href":"https:\/\/www.noticiasradioreflejos.com.ar\/2021\/wp-json\/wp\/v2\/tags?post=20066"}],"curies":[{"name":"wp","href":"https:\/\/api.w.org\/{rel}","templated":true}]}}