{"id":20056,"date":"2018-03-23T14:09:28","date_gmt":"2018-03-23T17:09:28","guid":{"rendered":"http:\/\/www.noticiasradioreflejos.com.ar\/noticias\/?p=20056"},"modified":"2018-03-23T14:09:28","modified_gmt":"2018-03-23T17:09:28","slug":"informacion-del-doctor-mauricio-dos-santos-para-prevenir-la-gripe","status":"publish","type":"post","link":"https:\/\/www.noticiasradioreflejos.com.ar\/2021\/informacion-del-doctor-mauricio-dos-santos-para-prevenir-la-gripe\/","title":{"rendered":"Informaci\u00f3n del doctor Mauricio Dos Santos, para prevenir la gripe."},"content":{"rendered":"<p>La gripe es una infecci\u00f3n respiratoria causada por cierto n\u00famero de virus. El virus se transmite por el aire e ingresa al organismo a trav\u00e9s de la nariz o la boca.<br \/>\nPuede ser grave, incluso mortal, entre los ancianos, embarazadas, reci\u00e9n nacidos y personas con ciertas enfermedades cr\u00f3nicas.<!--more--><br \/>\nLa vacuna antigripal disminuye el contagio, previene formas graves de enfermedad y disminuye la mortalidad en pacientes mayores de 65 a\u00f1os o con factores de riesgo.<br \/>\nDeben vacunarse:<br \/>\nMayores de 65 a\u00f1os<br \/>\nEmbarazadas y puerperas hasta los 6 meses del parto.<br \/>\nNi\u00f1os de 6 meses a 2 a\u00f1os.<br \/>\nPersonas con enfermedades cr\u00f3nicas con indicacion m\u00e9dica. <\/p>\n","protected":false},"excerpt":{"rendered":"<p>La gripe es una infecci\u00f3n respiratoria causada por cierto n\u00famero de virus. El virus se transmite por el aire e ingresa al organismo a trav\u00e9s de la nariz o la boca. Puede ser grave, incluso mortal, entre los ancianos, embarazadas, reci\u00e9n nacidos y personas con ciertas enfermedades cr\u00f3nicas.<\/p>\n","protected":false},"author":3,"featured_media":0,"comment_status":"closed","ping_status":"open","sticky":false,"template":"","format":"standard","meta":{"footnotes":""},"categories":[30],"tags":[],"class_list":["post-20056","post","type-post","status-publish","format-standard","hentry","category-salud"],"yoast_head":"<!-- This site is optimized with the Yoast SEO plugin v25.9 - https:\/\/yoast.com\/wordpress\/plugins\/seo\/ -->\n<title>Informaci\u00f3n del doctor Mauricio Dos Santos, para prevenir la gripe. - Noticias Radio Reflejos<\/title>\n<meta name=\"robots\" content=\"index, follow, max-snippet:-1, max-image-preview:large, max-video-preview:-1\" \/>\n<link rel=\"canonical\" href=\"https:\/\/www.noticiasradioreflejos.com.ar\/2021\/informacion-del-doctor-mauricio-dos-santos-para-prevenir-la-gripe\/\" \/>\n<meta property=\"og:locale\" content=\"es_ES\" \/>\n<meta property=\"og:type\" content=\"article\" \/>\n<meta property=\"og:title\" content=\"Informaci\u00f3n del doctor Mauricio Dos Santos, para prevenir la gripe. - Noticias Radio Reflejos\" \/>\n<meta property=\"og:description\" content=\"La gripe es una infecci\u00f3n respiratoria causada por cierto n\u00famero de virus. El virus se transmite por el aire e ingresa al organismo a trav\u00e9s de la nariz o la boca. Puede ser grave, incluso mortal, entre los ancianos, embarazadas, reci\u00e9n nacidos y personas con ciertas enfermedades cr\u00f3nicas.\" \/>\n<meta property=\"og:url\" content=\"https:\/\/www.noticiasradioreflejos.com.ar\/2021\/informacion-del-doctor-mauricio-dos-santos-para-prevenir-la-gripe\/\" \/>\n<meta property=\"og:site_name\" content=\"Noticias Radio Reflejos\" \/>\n<meta property=\"article:published_time\" content=\"2018-03-23T17:09:28+00:00\" \/>\n<meta property=\"og:image\" content=\"https:\/\/www.noticiasradioreflejos.com.ar\/2021\/wp-content\/uploads\/2021\/07\/logosol300x200.png\" \/>\n\t<meta property=\"og:image:width\" content=\"300\" \/>\n\t<meta property=\"og:image:height\" content=\"200\" \/>\n\t<meta property=\"og:image:type\" content=\"image\/png\" \/>\n<meta name=\"author\" content=\"Arnaldo Botto\" \/>\n<meta name=\"twitter:card\" content=\"summary_large_image\" \/>\n<script type=\"application\/ld+json\" class=\"yoast-schema-graph\">{\"@context\":\"https:\/\/schema.org\",\"@graph\":[{\"@type\":\"WebPage\",\"@id\":\"https:\/\/www.noticiasradioreflejos.com.ar\/2021\/informacion-del-doctor-mauricio-dos-santos-para-prevenir-la-gripe\/\",\"url\":\"https:\/\/www.noticiasradioreflejos.com.ar\/2021\/informacion-del-doctor-mauricio-dos-santos-para-prevenir-la-gripe\/\",\"name\":\"Informaci\u00f3n del doctor Mauricio Dos Santos, para prevenir la gripe. - Noticias Radio Reflejos\",\"isPartOf\":{\"@id\":\"https:\/\/www.noticiasradioreflejos.com.ar\/2021\/#website\"},\"datePublished\":\"2018-03-23T17:09:28+00:00\",\"author\":{\"@id\":\"https:\/\/www.noticiasradioreflejos.com.ar\/2021\/#\/schema\/person\/ad82545263dcc5ec0996818884fd5fb1\"},\"breadcrumb\":{\"@id\":\"https:\/\/www.noticiasradioreflejos.com.ar\/2021\/informacion-del-doctor-mauricio-dos-santos-para-prevenir-la-gripe\/#breadcrumb\"},\"inLanguage\":\"es\",\"potentialAction\":[{\"@type\":\"ReadAction\",\"target\":[\"https:\/\/www.noticiasradioreflejos.com.ar\/2021\/informacion-del-doctor-mauricio-dos-santos-para-prevenir-la-gripe\/\"]}]},{\"@type\":\"BreadcrumbList\",\"@id\":\"https:\/\/www.noticiasradioreflejos.com.ar\/2021\/informacion-del-doctor-mauricio-dos-santos-para-prevenir-la-gripe\/#breadcrumb\",\"itemListElement\":[{\"@type\":\"ListItem\",\"position\":1,\"name\":\"Portada\",\"item\":\"https:\/\/www.noticiasradioreflejos.com.ar\/2021\/\"},{\"@type\":\"ListItem\",\"position\":2,\"name\":\"Informaci\u00f3n del doctor Mauricio Dos Santos, para prevenir la gripe.\"}]},{\"@type\":\"WebSite\",\"@id\":\"https:\/\/www.noticiasradioreflejos.com.ar\/2021\/#website\",\"url\":\"https:\/\/www.noticiasradioreflejos.com.ar\/2021\/\",\"name\":\"Noticias Radio Reflejos\",\"description\":\"Las noticias de mi comarca\",\"potentialAction\":[{\"@type\":\"SearchAction\",\"target\":{\"@type\":\"EntryPoint\",\"urlTemplate\":\"https:\/\/www.noticiasradioreflejos.com.ar\/2021\/?s={search_term_string}\"},\"query-input\":{\"@type\":\"PropertyValueSpecification\",\"valueRequired\":true,\"valueName\":\"search_term_string\"}}],\"inLanguage\":\"es\"},{\"@type\":\"Person\",\"@id\":\"https:\/\/www.noticiasradioreflejos.com.ar\/2021\/#\/schema\/person\/ad82545263dcc5ec0996818884fd5fb1\",\"name\":\"Arnaldo Botto\",\"image\":{\"@type\":\"ImageObject\",\"inLanguage\":\"es\",\"@id\":\"https:\/\/www.noticiasradioreflejos.com.ar\/2021\/#\/schema\/person\/image\/\",\"url\":\"https:\/\/secure.gravatar.com\/avatar\/55cb5e37c1efa326397366e6974cb338056df65cb50e7d64d1cf314e87504837?s=96&d=mm&r=g\",\"contentUrl\":\"https:\/\/secure.gravatar.com\/avatar\/55cb5e37c1efa326397366e6974cb338056df65cb50e7d64d1cf314e87504837?s=96&d=mm&r=g\",\"caption\":\"Arnaldo Botto\"},\"url\":\"https:\/\/www.noticiasradioreflejos.com.ar\/2021\/author\/arnaldo\/\"}]}<\/script>\n<!-- \/ Yoast SEO plugin. -->","yoast_head_json":{"title":"Informaci\u00f3n del doctor Mauricio Dos Santos, para prevenir la gripe. - Noticias Radio Reflejos","robots":{"index":"index","follow":"follow","max-snippet":"max-snippet:-1","max-image-preview":"max-image-preview:large","max-video-preview":"max-video-preview:-1"},"canonical":"https:\/\/www.noticiasradioreflejos.com.ar\/2021\/informacion-del-doctor-mauricio-dos-santos-para-prevenir-la-gripe\/","og_locale":"es_ES","og_type":"article","og_title":"Informaci\u00f3n del doctor Mauricio Dos Santos, para prevenir la gripe. - Noticias Radio Reflejos","og_description":"La gripe es una infecci\u00f3n respiratoria causada por cierto n\u00famero de virus. El virus se transmite por el aire e ingresa al organismo a trav\u00e9s de la nariz o la boca. Puede ser grave, incluso mortal, entre los ancianos, embarazadas, reci\u00e9n nacidos y personas con ciertas enfermedades cr\u00f3nicas.","og_url":"https:\/\/www.noticiasradioreflejos.com.ar\/2021\/informacion-del-doctor-mauricio-dos-santos-para-prevenir-la-gripe\/","og_site_name":"Noticias Radio Reflejos","article_published_time":"2018-03-23T17:09:28+00:00","og_image":[{"width":300,"height":200,"url":"https:\/\/www.noticiasradioreflejos.com.ar\/2021\/wp-content\/uploads\/2021\/07\/logosol300x200.png","type":"image\/png"}],"author":"Arnaldo Botto","twitter_card":"summary_large_image","schema":{"@context":"https:\/\/schema.org","@graph":[{"@type":"WebPage","@id":"https:\/\/www.noticiasradioreflejos.com.ar\/2021\/informacion-del-doctor-mauricio-dos-santos-para-prevenir-la-gripe\/","url":"https:\/\/www.noticiasradioreflejos.com.ar\/2021\/informacion-del-doctor-mauricio-dos-santos-para-prevenir-la-gripe\/","name":"Informaci\u00f3n del doctor Mauricio Dos Santos, para prevenir la gripe. - Noticias Radio Reflejos","isPartOf":{"@id":"https:\/\/www.noticiasradioreflejos.com.ar\/2021\/#website"},"datePublished":"2018-03-23T17:09:28+00:00","author":{"@id":"https:\/\/www.noticiasradioreflejos.com.ar\/2021\/#\/schema\/person\/ad82545263dcc5ec0996818884fd5fb1"},"breadcrumb":{"@id":"https:\/\/www.noticiasradioreflejos.com.ar\/2021\/informacion-del-doctor-mauricio-dos-santos-para-prevenir-la-gripe\/#breadcrumb"},"inLanguage":"es","potentialAction":[{"@type":"ReadAction","target":["https:\/\/www.noticiasradioreflejos.com.ar\/2021\/informacion-del-doctor-mauricio-dos-santos-para-prevenir-la-gripe\/"]}]},{"@type":"BreadcrumbList","@id":"https:\/\/www.noticiasradioreflejos.com.ar\/2021\/informacion-del-doctor-mauricio-dos-santos-para-prevenir-la-gripe\/#breadcrumb","itemListElement":[{"@type":"ListItem","position":1,"name":"Portada","item":"https:\/\/www.noticiasradioreflejos.com.ar\/2021\/"},{"@type":"ListItem","position":2,"name":"Informaci\u00f3n del doctor Mauricio Dos Santos, para prevenir la gripe."}]},{"@type":"WebSite","@id":"https:\/\/www.noticiasradioreflejos.com.ar\/2021\/#website","url":"https:\/\/www.noticiasradioreflejos.com.ar\/2021\/","name":"Noticias Radio Reflejos","description":"Las noticias de mi comarca","potentialAction":[{"@type":"SearchAction","target":{"@type":"EntryPoint","urlTemplate":"https:\/\/www.noticiasradioreflejos.com.ar\/2021\/?s={search_term_string}"},"query-input":{"@type":"PropertyValueSpecification","valueRequired":true,"valueName":"search_term_string"}}],"inLanguage":"es"},{"@type":"Person","@id":"https:\/\/www.noticiasradioreflejos.com.ar\/2021\/#\/schema\/person\/ad82545263dcc5ec0996818884fd5fb1","name":"Arnaldo Botto","image":{"@type":"ImageObject","inLanguage":"es","@id":"https:\/\/www.noticiasradioreflejos.com.ar\/2021\/#\/schema\/person\/image\/","url":"https:\/\/secure.gravatar.com\/avatar\/55cb5e37c1efa326397366e6974cb338056df65cb50e7d64d1cf314e87504837?s=96&d=mm&r=g","contentUrl":"https:\/\/secure.gravatar.com\/avatar\/55cb5e37c1efa326397366e6974cb338056df65cb50e7d64d1cf314e87504837?s=96&d=mm&r=g","caption":"Arnaldo Botto"},"url":"https:\/\/www.noticiasradioreflejos.com.ar\/2021\/author\/arnaldo\/"}]}},"_links":{"self":[{"href":"https:\/\/www.noticiasradioreflejos.com.ar\/2021\/wp-json\/wp\/v2\/posts\/20056","targetHints":{"allow":["GET"]}}],"collection":[{"href":"https:\/\/www.noticiasradioreflejos.com.ar\/2021\/wp-json\/wp\/v2\/posts"}],"about":[{"href":"https:\/\/www.noticiasradioreflejos.com.ar\/2021\/wp-json\/wp\/v2\/types\/post"}],"author":[{"embeddable":true,"href":"https:\/\/www.noticiasradioreflejos.com.ar\/2021\/wp-json\/wp\/v2\/users\/3"}],"replies":[{"embeddable":true,"href":"https:\/\/www.noticiasradioreflejos.com.ar\/2021\/wp-json\/wp\/v2\/comments?post=20056"}],"version-history":[{"count":0,"href":"https:\/\/www.noticiasradioreflejos.com.ar\/2021\/wp-json\/wp\/v2\/posts\/20056\/revisions"}],"wp:attachment":[{"href":"https:\/\/www.noticiasradioreflejos.com.ar\/2021\/wp-json\/wp\/v2\/media?parent=20056"}],"wp:term":[{"taxonomy":"category","embeddable":true,"href":"https:\/\/www.noticiasradioreflejos.com.ar\/2021\/wp-json\/wp\/v2\/categories?post=20056"},{"taxonomy":"post_tag","embeddable":true,"href":"https:\/\/www.noticiasradioreflejos.com.ar\/2021\/wp-json\/wp\/v2\/tags?post=20056"}],"curies":[{"name":"wp","href":"https:\/\/api.w.org\/{rel}","templated":true}]}}