{"id":20027,"date":"2018-03-21T21:05:22","date_gmt":"2018-03-22T00:05:22","guid":{"rendered":"http:\/\/www.noticiasradioreflejos.com.ar\/noticias\/?p=20027"},"modified":"2018-03-21T21:05:22","modified_gmt":"2018-03-22T00:05:22","slug":"prevenir-la-obesidad-infantil-es-un-compromiso-de-todos","status":"publish","type":"post","link":"https:\/\/www.noticiasradioreflejos.com.ar\/2021\/prevenir-la-obesidad-infantil-es-un-compromiso-de-todos\/","title":{"rendered":"Prevenir la obesidad infantil es un compromiso de todos"},"content":{"rendered":"<p>Con el objetivo de presentar su nuevo proyecto sobre la prevenci\u00f3n de la obesidad infantil en territorio bonaerense, la Senadora Julieta Centeno, presidenta de la Comisi\u00f3n de Salud del Senado de la Provincia, encabez\u00f3 la jornada de presentaci\u00f3n de la iniciativa junto a Daniel Salvador, vicegobernador de la provincia y presidente de la Honorable C\u00e1mara de Senadores, y Esteban Carmuega, director del Centro de Estudios Sobre Nutrici\u00f3n Infantil (CESNI)<!--more--><br \/>\n\u201cLa obesidad infantil es la patolog\u00eda nutricional m\u00e1s prevalente en la edad pedi\u00e1trica y es una problem\u00e1tica que nos preocupa tanto a nivel nacional, siendo Argentina el pa\u00eds con mayor obesidad infantil en Am\u00e9rica Latina, como a nivel provincial, donde esta enfermedad toma car\u00e1cter epid\u00e9mico\u201d, sostuvo la senadora.<br \/>\nEl proyecto plantea un abordaje integral de la problem\u00e1tica considerando reforzar el v\u00ednculo de trabajo y cooperaci\u00f3n entre los ministerios y las distintas instituciones sociales involucradas en el tema. En este sentido la senadora Centeno agreg\u00f3: \u201cLo que buscamos es unir esfuerzos e impulsar el compromiso de toda la sociedad con esta causa. El apoyo de las instituciones sociales y de todos los actores que aportan su granito de arena a esta lucha contra la obesidad infantil es fundamental. Para un abordaje integral que nos permita trabajar la problem\u00e1tica desde todos los \u00e1ngulos, algo clave por el origen multicausal e incluso sociocultural de la enfermedad, necesitamos generar un plan cuya estructura nos permita trabajar articulando esfuerzos con todos los actores involucrados. A esto apuntamos con el nuevo proyecto\u201d.<br \/>\n\u201cLa correcta nutrici\u00f3n de los j\u00f3venes es nuestra prioridad y el objetivo que motoriza este trabajo. Los ni\u00f1os y j\u00f3venes de hoy son el futuro, asegurarnos de que puedan desarrollarse correctamente, alcanzando todo su potencial, es apostar a las pr\u00f3ximas generaciones de ciudadanos y a un mejor porvenir para los bonaerenses. Poner el foco en la alimentaci\u00f3n saludable y la nutrici\u00f3n integral desde el momento del nacimiento y la primera infancia es primordial\u201d expres\u00f3 la Senadora.<br \/>\n\u00abHoy, con la presentaci\u00f3n de este proyecto, elegimos darle batalla a la obesidad infantil para que todos los j\u00f3venes bonaerenses puedan llevar una vida saludable, sin complicaciones de salud que les impidan construir un futuro. Generar nuevas pol\u00edticas desde la prevenci\u00f3n, los cuidados y la alimentaci\u00f3n saludable es el primer paso\u00bb, concluy\u00f3 Centeno.<br \/>\n<a title=\"obesidad infantil4\" href=\"http:\/\/farm1.staticflickr.com\/803\/40238700114_35299fd229_z.jpg\" rel=\"\"><img loading=\"lazy\" decoding=\"async\" class=\"aligncenter\" title=\"obesidad infantil4\" src=\"http:\/\/farm1.staticflickr.com\/803\/40238700114_35299fd229_z.jpg\" alt=\"obesidad infantil4\" width=\"640\" height=\"498\" \/><\/a><br \/>\n<a title=\"obesidad infantil2\" href=\"http:\/\/farm5.staticflickr.com\/4786\/40238700614_bffc6db142_z.jpg\" rel=\"\"><img loading=\"lazy\" decoding=\"async\" class=\"aligncenter\" title=\"obesidad infantil2\" src=\"http:\/\/farm5.staticflickr.com\/4786\/40238700614_bffc6db142_z.jpg\" alt=\"obesidad infantil2\" width=\"640\" height=\"426\" \/><\/a><br \/>\n<a title=\"obesidad infantil\" href=\"http:\/\/farm1.staticflickr.com\/788\/40238701294_46a79d7efe_z.jpg\" rel=\"\"><img loading=\"lazy\" decoding=\"async\" class=\"aligncenter\" title=\"obesidad infantil\" src=\"http:\/\/farm1.staticflickr.com\/788\/40238701294_46a79d7efe_z.jpg\" alt=\"obesidad infantil\" width=\"640\" height=\"426\" \/><\/a><\/p>\n","protected":false},"excerpt":{"rendered":"<p>Con el objetivo de presentar su nuevo proyecto sobre la prevenci\u00f3n de la obesidad infantil en territorio bonaerense, la Senadora Julieta Centeno, presidenta de la Comisi\u00f3n de Salud del Senado de la Provincia, encabez\u00f3 la jornada de presentaci\u00f3n de la iniciativa junto a Daniel Salvador, vicegobernador de la provincia y presidente de la Honorable C\u00e1mara [&hellip;]<\/p>\n","protected":false},"author":3,"featured_media":0,"comment_status":"closed","ping_status":"open","sticky":false,"template":"","format":"standard","meta":{"footnotes":""},"categories":[30],"tags":[],"class_list":["post-20027","post","type-post","status-publish","format-standard","hentry","category-salud"],"yoast_head":"<!-- This site is optimized with the Yoast SEO plugin v25.9 - https:\/\/yoast.com\/wordpress\/plugins\/seo\/ -->\n<title>Prevenir la obesidad infantil es un compromiso de todos - Noticias Radio Reflejos<\/title>\n<meta name=\"robots\" content=\"index, follow, max-snippet:-1, max-image-preview:large, max-video-preview:-1\" \/>\n<link rel=\"canonical\" href=\"https:\/\/www.noticiasradioreflejos.com.ar\/2021\/prevenir-la-obesidad-infantil-es-un-compromiso-de-todos\/\" \/>\n<meta property=\"og:locale\" content=\"es_ES\" \/>\n<meta property=\"og:type\" content=\"article\" \/>\n<meta property=\"og:title\" content=\"Prevenir la obesidad infantil es un compromiso de todos - Noticias Radio Reflejos\" \/>\n<meta property=\"og:description\" content=\"Con el objetivo de presentar su nuevo proyecto sobre la prevenci\u00f3n de la obesidad infantil en territorio bonaerense, la Senadora Julieta Centeno, presidenta de la Comisi\u00f3n de Salud del Senado de la Provincia, encabez\u00f3 la jornada de presentaci\u00f3n de la iniciativa junto a Daniel Salvador, vicegobernador de la provincia y presidente de la Honorable C\u00e1mara [&hellip;]\" \/>\n<meta property=\"og:url\" content=\"https:\/\/www.noticiasradioreflejos.com.ar\/2021\/prevenir-la-obesidad-infantil-es-un-compromiso-de-todos\/\" \/>\n<meta property=\"og:site_name\" content=\"Noticias Radio Reflejos\" \/>\n<meta property=\"article:published_time\" content=\"2018-03-22T00:05:22+00:00\" \/>\n<meta property=\"og:image\" content=\"http:\/\/farm1.staticflickr.com\/803\/40238700114_35299fd229_z.jpg\" \/>\n<meta name=\"author\" content=\"Arnaldo Botto\" \/>\n<meta name=\"twitter:card\" content=\"summary_large_image\" \/>\n<script type=\"application\/ld+json\" class=\"yoast-schema-graph\">{\"@context\":\"https:\/\/schema.org\",\"@graph\":[{\"@type\":\"WebPage\",\"@id\":\"https:\/\/www.noticiasradioreflejos.com.ar\/2021\/prevenir-la-obesidad-infantil-es-un-compromiso-de-todos\/\",\"url\":\"https:\/\/www.noticiasradioreflejos.com.ar\/2021\/prevenir-la-obesidad-infantil-es-un-compromiso-de-todos\/\",\"name\":\"Prevenir la obesidad infantil es un compromiso de todos - Noticias Radio Reflejos\",\"isPartOf\":{\"@id\":\"https:\/\/www.noticiasradioreflejos.com.ar\/2021\/#website\"},\"primaryImageOfPage\":{\"@id\":\"https:\/\/www.noticiasradioreflejos.com.ar\/2021\/prevenir-la-obesidad-infantil-es-un-compromiso-de-todos\/#primaryimage\"},\"image\":{\"@id\":\"https:\/\/www.noticiasradioreflejos.com.ar\/2021\/prevenir-la-obesidad-infantil-es-un-compromiso-de-todos\/#primaryimage\"},\"thumbnailUrl\":\"http:\/\/farm1.staticflickr.com\/803\/40238700114_35299fd229_z.jpg\",\"datePublished\":\"2018-03-22T00:05:22+00:00\",\"author\":{\"@id\":\"https:\/\/www.noticiasradioreflejos.com.ar\/2021\/#\/schema\/person\/ad82545263dcc5ec0996818884fd5fb1\"},\"breadcrumb\":{\"@id\":\"https:\/\/www.noticiasradioreflejos.com.ar\/2021\/prevenir-la-obesidad-infantil-es-un-compromiso-de-todos\/#breadcrumb\"},\"inLanguage\":\"es\",\"potentialAction\":[{\"@type\":\"ReadAction\",\"target\":[\"https:\/\/www.noticiasradioreflejos.com.ar\/2021\/prevenir-la-obesidad-infantil-es-un-compromiso-de-todos\/\"]}]},{\"@type\":\"ImageObject\",\"inLanguage\":\"es\",\"@id\":\"https:\/\/www.noticiasradioreflejos.com.ar\/2021\/prevenir-la-obesidad-infantil-es-un-compromiso-de-todos\/#primaryimage\",\"url\":\"http:\/\/farm1.staticflickr.com\/803\/40238700114_35299fd229_z.jpg\",\"contentUrl\":\"http:\/\/farm1.staticflickr.com\/803\/40238700114_35299fd229_z.jpg\"},{\"@type\":\"BreadcrumbList\",\"@id\":\"https:\/\/www.noticiasradioreflejos.com.ar\/2021\/prevenir-la-obesidad-infantil-es-un-compromiso-de-todos\/#breadcrumb\",\"itemListElement\":[{\"@type\":\"ListItem\",\"position\":1,\"name\":\"Portada\",\"item\":\"https:\/\/www.noticiasradioreflejos.com.ar\/2021\/\"},{\"@type\":\"ListItem\",\"position\":2,\"name\":\"Prevenir la obesidad infantil es un compromiso de todos\"}]},{\"@type\":\"WebSite\",\"@id\":\"https:\/\/www.noticiasradioreflejos.com.ar\/2021\/#website\",\"url\":\"https:\/\/www.noticiasradioreflejos.com.ar\/2021\/\",\"name\":\"Noticias Radio Reflejos\",\"description\":\"Las noticias de mi comarca\",\"potentialAction\":[{\"@type\":\"SearchAction\",\"target\":{\"@type\":\"EntryPoint\",\"urlTemplate\":\"https:\/\/www.noticiasradioreflejos.com.ar\/2021\/?s={search_term_string}\"},\"query-input\":{\"@type\":\"PropertyValueSpecification\",\"valueRequired\":true,\"valueName\":\"search_term_string\"}}],\"inLanguage\":\"es\"},{\"@type\":\"Person\",\"@id\":\"https:\/\/www.noticiasradioreflejos.com.ar\/2021\/#\/schema\/person\/ad82545263dcc5ec0996818884fd5fb1\",\"name\":\"Arnaldo Botto\",\"image\":{\"@type\":\"ImageObject\",\"inLanguage\":\"es\",\"@id\":\"https:\/\/www.noticiasradioreflejos.com.ar\/2021\/#\/schema\/person\/image\/\",\"url\":\"https:\/\/secure.gravatar.com\/avatar\/55cb5e37c1efa326397366e6974cb338056df65cb50e7d64d1cf314e87504837?s=96&d=mm&r=g\",\"contentUrl\":\"https:\/\/secure.gravatar.com\/avatar\/55cb5e37c1efa326397366e6974cb338056df65cb50e7d64d1cf314e87504837?s=96&d=mm&r=g\",\"caption\":\"Arnaldo Botto\"},\"url\":\"https:\/\/www.noticiasradioreflejos.com.ar\/2021\/author\/arnaldo\/\"}]}<\/script>\n<!-- \/ Yoast SEO plugin. -->","yoast_head_json":{"title":"Prevenir la obesidad infantil es un compromiso de todos - Noticias Radio Reflejos","robots":{"index":"index","follow":"follow","max-snippet":"max-snippet:-1","max-image-preview":"max-image-preview:large","max-video-preview":"max-video-preview:-1"},"canonical":"https:\/\/www.noticiasradioreflejos.com.ar\/2021\/prevenir-la-obesidad-infantil-es-un-compromiso-de-todos\/","og_locale":"es_ES","og_type":"article","og_title":"Prevenir la obesidad infantil es un compromiso de todos - Noticias Radio Reflejos","og_description":"Con el objetivo de presentar su nuevo proyecto sobre la prevenci\u00f3n de la obesidad infantil en territorio bonaerense, la Senadora Julieta Centeno, presidenta de la Comisi\u00f3n de Salud del Senado de la Provincia, encabez\u00f3 la jornada de presentaci\u00f3n de la iniciativa junto a Daniel Salvador, vicegobernador de la provincia y presidente de la Honorable C\u00e1mara [&hellip;]","og_url":"https:\/\/www.noticiasradioreflejos.com.ar\/2021\/prevenir-la-obesidad-infantil-es-un-compromiso-de-todos\/","og_site_name":"Noticias Radio Reflejos","article_published_time":"2018-03-22T00:05:22+00:00","og_image":[{"url":"http:\/\/farm1.staticflickr.com\/803\/40238700114_35299fd229_z.jpg","type":"","width":"","height":""}],"author":"Arnaldo Botto","twitter_card":"summary_large_image","schema":{"@context":"https:\/\/schema.org","@graph":[{"@type":"WebPage","@id":"https:\/\/www.noticiasradioreflejos.com.ar\/2021\/prevenir-la-obesidad-infantil-es-un-compromiso-de-todos\/","url":"https:\/\/www.noticiasradioreflejos.com.ar\/2021\/prevenir-la-obesidad-infantil-es-un-compromiso-de-todos\/","name":"Prevenir la obesidad infantil es un compromiso de todos - Noticias Radio Reflejos","isPartOf":{"@id":"https:\/\/www.noticiasradioreflejos.com.ar\/2021\/#website"},"primaryImageOfPage":{"@id":"https:\/\/www.noticiasradioreflejos.com.ar\/2021\/prevenir-la-obesidad-infantil-es-un-compromiso-de-todos\/#primaryimage"},"image":{"@id":"https:\/\/www.noticiasradioreflejos.com.ar\/2021\/prevenir-la-obesidad-infantil-es-un-compromiso-de-todos\/#primaryimage"},"thumbnailUrl":"http:\/\/farm1.staticflickr.com\/803\/40238700114_35299fd229_z.jpg","datePublished":"2018-03-22T00:05:22+00:00","author":{"@id":"https:\/\/www.noticiasradioreflejos.com.ar\/2021\/#\/schema\/person\/ad82545263dcc5ec0996818884fd5fb1"},"breadcrumb":{"@id":"https:\/\/www.noticiasradioreflejos.com.ar\/2021\/prevenir-la-obesidad-infantil-es-un-compromiso-de-todos\/#breadcrumb"},"inLanguage":"es","potentialAction":[{"@type":"ReadAction","target":["https:\/\/www.noticiasradioreflejos.com.ar\/2021\/prevenir-la-obesidad-infantil-es-un-compromiso-de-todos\/"]}]},{"@type":"ImageObject","inLanguage":"es","@id":"https:\/\/www.noticiasradioreflejos.com.ar\/2021\/prevenir-la-obesidad-infantil-es-un-compromiso-de-todos\/#primaryimage","url":"http:\/\/farm1.staticflickr.com\/803\/40238700114_35299fd229_z.jpg","contentUrl":"http:\/\/farm1.staticflickr.com\/803\/40238700114_35299fd229_z.jpg"},{"@type":"BreadcrumbList","@id":"https:\/\/www.noticiasradioreflejos.com.ar\/2021\/prevenir-la-obesidad-infantil-es-un-compromiso-de-todos\/#breadcrumb","itemListElement":[{"@type":"ListItem","position":1,"name":"Portada","item":"https:\/\/www.noticiasradioreflejos.com.ar\/2021\/"},{"@type":"ListItem","position":2,"name":"Prevenir la obesidad infantil es un compromiso de todos"}]},{"@type":"WebSite","@id":"https:\/\/www.noticiasradioreflejos.com.ar\/2021\/#website","url":"https:\/\/www.noticiasradioreflejos.com.ar\/2021\/","name":"Noticias Radio Reflejos","description":"Las noticias de mi comarca","potentialAction":[{"@type":"SearchAction","target":{"@type":"EntryPoint","urlTemplate":"https:\/\/www.noticiasradioreflejos.com.ar\/2021\/?s={search_term_string}"},"query-input":{"@type":"PropertyValueSpecification","valueRequired":true,"valueName":"search_term_string"}}],"inLanguage":"es"},{"@type":"Person","@id":"https:\/\/www.noticiasradioreflejos.com.ar\/2021\/#\/schema\/person\/ad82545263dcc5ec0996818884fd5fb1","name":"Arnaldo Botto","image":{"@type":"ImageObject","inLanguage":"es","@id":"https:\/\/www.noticiasradioreflejos.com.ar\/2021\/#\/schema\/person\/image\/","url":"https:\/\/secure.gravatar.com\/avatar\/55cb5e37c1efa326397366e6974cb338056df65cb50e7d64d1cf314e87504837?s=96&d=mm&r=g","contentUrl":"https:\/\/secure.gravatar.com\/avatar\/55cb5e37c1efa326397366e6974cb338056df65cb50e7d64d1cf314e87504837?s=96&d=mm&r=g","caption":"Arnaldo Botto"},"url":"https:\/\/www.noticiasradioreflejos.com.ar\/2021\/author\/arnaldo\/"}]}},"_links":{"self":[{"href":"https:\/\/www.noticiasradioreflejos.com.ar\/2021\/wp-json\/wp\/v2\/posts\/20027","targetHints":{"allow":["GET"]}}],"collection":[{"href":"https:\/\/www.noticiasradioreflejos.com.ar\/2021\/wp-json\/wp\/v2\/posts"}],"about":[{"href":"https:\/\/www.noticiasradioreflejos.com.ar\/2021\/wp-json\/wp\/v2\/types\/post"}],"author":[{"embeddable":true,"href":"https:\/\/www.noticiasradioreflejos.com.ar\/2021\/wp-json\/wp\/v2\/users\/3"}],"replies":[{"embeddable":true,"href":"https:\/\/www.noticiasradioreflejos.com.ar\/2021\/wp-json\/wp\/v2\/comments?post=20027"}],"version-history":[{"count":0,"href":"https:\/\/www.noticiasradioreflejos.com.ar\/2021\/wp-json\/wp\/v2\/posts\/20027\/revisions"}],"wp:attachment":[{"href":"https:\/\/www.noticiasradioreflejos.com.ar\/2021\/wp-json\/wp\/v2\/media?parent=20027"}],"wp:term":[{"taxonomy":"category","embeddable":true,"href":"https:\/\/www.noticiasradioreflejos.com.ar\/2021\/wp-json\/wp\/v2\/categories?post=20027"},{"taxonomy":"post_tag","embeddable":true,"href":"https:\/\/www.noticiasradioreflejos.com.ar\/2021\/wp-json\/wp\/v2\/tags?post=20027"}],"curies":[{"name":"wp","href":"https:\/\/api.w.org\/{rel}","templated":true}]}}