{"id":20011,"date":"2018-03-21T12:42:40","date_gmt":"2018-03-21T15:42:40","guid":{"rendered":"http:\/\/www.noticiasradioreflejos.com.ar\/noticias\/?p=20011"},"modified":"2018-03-21T12:42:40","modified_gmt":"2018-03-21T15:42:40","slug":"preocupan-los-casos-de-rabia-detectados-en-murcielagos-en-territorio-bonaerense","status":"publish","type":"post","link":"https:\/\/www.noticiasradioreflejos.com.ar\/2021\/preocupan-los-casos-de-rabia-detectados-en-murcielagos-en-territorio-bonaerense\/","title":{"rendered":"Preocupan los casos de rabia detectados en murci\u00e9lagos en territorio bonaerense"},"content":{"rendered":"<p>SE CONFIRMARON OCHO EN LA PROVINCIA Y DOS EN LA PLATA EN LO QUE VA DEL A\u00d1O<br \/>\nLos n\u00fameros fueron difundidos por el Colegio de Veterinarios. Lo atribuyen al crecimiento de las muestras mandadas a analizar.<!--more--><br \/>\nEn los primeros d\u00edas de enero de este a\u00f1o un gato dom\u00e9stico muri\u00f3 en Valeria del Mar despu\u00e9s de que un murci\u00e9lago le contagiara la rabia. A fines de febrero, otro caso resonante renov\u00f3 la preocupaci\u00f3n. Esta vez fue un nene que estaba de vacaciones en Mar del Plata y fue mordido por un murci\u00e9lago que presentaba signos de la enfermedad.<br \/>\n<a href=\"http:\/\/farm1.staticflickr.com\/811\/40898858802_481785d532.jpg\" title=\"1521616857066\" rel=\"\"><img loading=\"lazy\" decoding=\"async\" src=\"http:\/\/farm1.staticflickr.com\/811\/40898858802_481785d532.jpg\" width=\"500\" height=\"312\" alt=\"1521616857066\" title=\"1521616857066\" class=\"aligncenter\"><\/a><br \/>\nDe la mano de esos dos casos, se renovaron las advertencias de los profesionales para que se consulte a la autoridad sanitaria m\u00e1s pr\u00f3xima ante la aparici\u00f3n de murci\u00e9lagos en horario diurno, con vuelo dificultoso o arrastr\u00e1ndose. Las consultas de la poblaci\u00f3n al Centro Provincial de Zoonosis Urbana por murci\u00e9lagos aumentaron e igualaron a las de todo 2017.<br \/>\nSe detectaron en total en lo que va del a\u00f1o ocho casos de murci\u00e9lagos infectados con rabia. Y dos de ellos en La Plata.<br \/>\nDesde el Colegio de Veterinarios con sede en nuestra ciudad se destaca que ese incremento de las muestras es un indicador de la toma de conciencia de la poblaci\u00f3n sobre el problema (ver aparte).<br \/>\nPero adem\u00e1s se llama a apuntalar la prevenci\u00f3n, para evitar el principal riesgo: que la rabia presente en los murci\u00e9lagos se traslade a perros y gatos, principalmente, y de all\u00ed a los humanos.<br \/>\nDesde la entidad indican que \u201clos casos positivos informados no implican una epidemia sino un aumento del env\u00edo de muestras motivado por la detecci\u00f3n reciente de dos casos positivos en un gato y en un ni\u00f1o que entr\u00f3 en contacto con un murci\u00e9lago\u201d.<br \/>\nEl crecimiento de la demanda de an\u00e1lisis demuestra que los murci\u00e9lagos no pasan inadvertidos. Frente a esta situaci\u00f3n, subrayan en el Colegio que \u201cno se trata de alarmar, sino de tomar recaudos y actuar a tiempo\u201d.<br \/>\nEn ese sentido difundieron recomendaciones sobre c\u00f3mo actuar con los murci\u00e9lagos:<br \/>\n-Si se encuentra dentro de un domicilio, se debe intentar que salga solo. Si no, aislarlo y llamar al Centro de Zoonosis municipal.<br \/>\n-Aunque parezca muerto, no se debe tocar: se debe evitar la exposici\u00f3n a mordeduras. Alejar a los ni\u00f1os y mascotas del lugar.<br \/>\n-Quienes encuentren murci\u00e9lagos de d\u00eda, heridos o muertos, deben aislarlos y comunicarse con el Centro de Zoonosis.<br \/>\n-Ense\u00f1ar a los ni\u00f1os sobre el riesgo de jugar con murci\u00e9lagos. No es habitual que estos animales est\u00e9n visibles de d\u00eda y menos en el piso, siendo en estos casos muy probablemente un animal enfermo. Si el murci\u00e9lago mordi\u00f3 a una mascota, debe llevarse de urgencia al Centro de Zoonosis, y si el murci\u00e9lago mordi\u00f3 a una persona, debe concurrir inmediatamente a un hospital.<br \/>\nfuente: www.eldia.com<\/p>\n","protected":false},"excerpt":{"rendered":"<p>SE CONFIRMARON OCHO EN LA PROVINCIA Y DOS EN LA PLATA EN LO QUE VA DEL A\u00d1O Los n\u00fameros fueron difundidos por el Colegio de Veterinarios. Lo atribuyen al crecimiento de las muestras mandadas a analizar.<\/p>\n","protected":false},"author":3,"featured_media":0,"comment_status":"closed","ping_status":"open","sticky":false,"template":"","format":"standard","meta":{"footnotes":""},"categories":[30],"tags":[],"class_list":["post-20011","post","type-post","status-publish","format-standard","hentry","category-salud"],"yoast_head":"<!-- This site is optimized with the Yoast SEO plugin v25.9 - https:\/\/yoast.com\/wordpress\/plugins\/seo\/ -->\n<title>Preocupan los casos de rabia detectados en murci\u00e9lagos en territorio bonaerense - Noticias Radio Reflejos<\/title>\n<meta name=\"robots\" content=\"index, follow, max-snippet:-1, max-image-preview:large, max-video-preview:-1\" \/>\n<link rel=\"canonical\" href=\"https:\/\/www.noticiasradioreflejos.com.ar\/2021\/preocupan-los-casos-de-rabia-detectados-en-murcielagos-en-territorio-bonaerense\/\" \/>\n<meta property=\"og:locale\" content=\"es_ES\" \/>\n<meta property=\"og:type\" content=\"article\" \/>\n<meta property=\"og:title\" content=\"Preocupan los casos de rabia detectados en murci\u00e9lagos en territorio bonaerense - Noticias Radio Reflejos\" \/>\n<meta property=\"og:description\" content=\"SE CONFIRMARON OCHO EN LA PROVINCIA Y DOS EN LA PLATA EN LO QUE VA DEL A\u00d1O Los n\u00fameros fueron difundidos por el Colegio de Veterinarios. Lo atribuyen al crecimiento de las muestras mandadas a analizar.\" \/>\n<meta property=\"og:url\" content=\"https:\/\/www.noticiasradioreflejos.com.ar\/2021\/preocupan-los-casos-de-rabia-detectados-en-murcielagos-en-territorio-bonaerense\/\" \/>\n<meta property=\"og:site_name\" content=\"Noticias Radio Reflejos\" \/>\n<meta property=\"article:published_time\" content=\"2018-03-21T15:42:40+00:00\" \/>\n<meta property=\"og:image\" content=\"http:\/\/farm1.staticflickr.com\/811\/40898858802_481785d532.jpg\" \/>\n<meta name=\"author\" content=\"Arnaldo Botto\" \/>\n<meta name=\"twitter:card\" content=\"summary_large_image\" \/>\n<script type=\"application\/ld+json\" class=\"yoast-schema-graph\">{\"@context\":\"https:\/\/schema.org\",\"@graph\":[{\"@type\":\"WebPage\",\"@id\":\"https:\/\/www.noticiasradioreflejos.com.ar\/2021\/preocupan-los-casos-de-rabia-detectados-en-murcielagos-en-territorio-bonaerense\/\",\"url\":\"https:\/\/www.noticiasradioreflejos.com.ar\/2021\/preocupan-los-casos-de-rabia-detectados-en-murcielagos-en-territorio-bonaerense\/\",\"name\":\"Preocupan los casos de rabia detectados en murci\u00e9lagos en territorio bonaerense - Noticias Radio Reflejos\",\"isPartOf\":{\"@id\":\"https:\/\/www.noticiasradioreflejos.com.ar\/2021\/#website\"},\"primaryImageOfPage\":{\"@id\":\"https:\/\/www.noticiasradioreflejos.com.ar\/2021\/preocupan-los-casos-de-rabia-detectados-en-murcielagos-en-territorio-bonaerense\/#primaryimage\"},\"image\":{\"@id\":\"https:\/\/www.noticiasradioreflejos.com.ar\/2021\/preocupan-los-casos-de-rabia-detectados-en-murcielagos-en-territorio-bonaerense\/#primaryimage\"},\"thumbnailUrl\":\"http:\/\/farm1.staticflickr.com\/811\/40898858802_481785d532.jpg\",\"datePublished\":\"2018-03-21T15:42:40+00:00\",\"author\":{\"@id\":\"https:\/\/www.noticiasradioreflejos.com.ar\/2021\/#\/schema\/person\/ad82545263dcc5ec0996818884fd5fb1\"},\"breadcrumb\":{\"@id\":\"https:\/\/www.noticiasradioreflejos.com.ar\/2021\/preocupan-los-casos-de-rabia-detectados-en-murcielagos-en-territorio-bonaerense\/#breadcrumb\"},\"inLanguage\":\"es\",\"potentialAction\":[{\"@type\":\"ReadAction\",\"target\":[\"https:\/\/www.noticiasradioreflejos.com.ar\/2021\/preocupan-los-casos-de-rabia-detectados-en-murcielagos-en-territorio-bonaerense\/\"]}]},{\"@type\":\"ImageObject\",\"inLanguage\":\"es\",\"@id\":\"https:\/\/www.noticiasradioreflejos.com.ar\/2021\/preocupan-los-casos-de-rabia-detectados-en-murcielagos-en-territorio-bonaerense\/#primaryimage\",\"url\":\"http:\/\/farm1.staticflickr.com\/811\/40898858802_481785d532.jpg\",\"contentUrl\":\"http:\/\/farm1.staticflickr.com\/811\/40898858802_481785d532.jpg\"},{\"@type\":\"BreadcrumbList\",\"@id\":\"https:\/\/www.noticiasradioreflejos.com.ar\/2021\/preocupan-los-casos-de-rabia-detectados-en-murcielagos-en-territorio-bonaerense\/#breadcrumb\",\"itemListElement\":[{\"@type\":\"ListItem\",\"position\":1,\"name\":\"Portada\",\"item\":\"https:\/\/www.noticiasradioreflejos.com.ar\/2021\/\"},{\"@type\":\"ListItem\",\"position\":2,\"name\":\"Preocupan los casos de rabia detectados en murci\u00e9lagos en territorio bonaerense\"}]},{\"@type\":\"WebSite\",\"@id\":\"https:\/\/www.noticiasradioreflejos.com.ar\/2021\/#website\",\"url\":\"https:\/\/www.noticiasradioreflejos.com.ar\/2021\/\",\"name\":\"Noticias Radio Reflejos\",\"description\":\"Las noticias de mi comarca\",\"potentialAction\":[{\"@type\":\"SearchAction\",\"target\":{\"@type\":\"EntryPoint\",\"urlTemplate\":\"https:\/\/www.noticiasradioreflejos.com.ar\/2021\/?s={search_term_string}\"},\"query-input\":{\"@type\":\"PropertyValueSpecification\",\"valueRequired\":true,\"valueName\":\"search_term_string\"}}],\"inLanguage\":\"es\"},{\"@type\":\"Person\",\"@id\":\"https:\/\/www.noticiasradioreflejos.com.ar\/2021\/#\/schema\/person\/ad82545263dcc5ec0996818884fd5fb1\",\"name\":\"Arnaldo Botto\",\"image\":{\"@type\":\"ImageObject\",\"inLanguage\":\"es\",\"@id\":\"https:\/\/www.noticiasradioreflejos.com.ar\/2021\/#\/schema\/person\/image\/\",\"url\":\"https:\/\/secure.gravatar.com\/avatar\/55cb5e37c1efa326397366e6974cb338056df65cb50e7d64d1cf314e87504837?s=96&d=mm&r=g\",\"contentUrl\":\"https:\/\/secure.gravatar.com\/avatar\/55cb5e37c1efa326397366e6974cb338056df65cb50e7d64d1cf314e87504837?s=96&d=mm&r=g\",\"caption\":\"Arnaldo Botto\"},\"url\":\"https:\/\/www.noticiasradioreflejos.com.ar\/2021\/author\/arnaldo\/\"}]}<\/script>\n<!-- \/ Yoast SEO plugin. -->","yoast_head_json":{"title":"Preocupan los casos de rabia detectados en murci\u00e9lagos en territorio bonaerense - Noticias Radio Reflejos","robots":{"index":"index","follow":"follow","max-snippet":"max-snippet:-1","max-image-preview":"max-image-preview:large","max-video-preview":"max-video-preview:-1"},"canonical":"https:\/\/www.noticiasradioreflejos.com.ar\/2021\/preocupan-los-casos-de-rabia-detectados-en-murcielagos-en-territorio-bonaerense\/","og_locale":"es_ES","og_type":"article","og_title":"Preocupan los casos de rabia detectados en murci\u00e9lagos en territorio bonaerense - Noticias Radio Reflejos","og_description":"SE CONFIRMARON OCHO EN LA PROVINCIA Y DOS EN LA PLATA EN LO QUE VA DEL A\u00d1O Los n\u00fameros fueron difundidos por el Colegio de Veterinarios. Lo atribuyen al crecimiento de las muestras mandadas a analizar.","og_url":"https:\/\/www.noticiasradioreflejos.com.ar\/2021\/preocupan-los-casos-de-rabia-detectados-en-murcielagos-en-territorio-bonaerense\/","og_site_name":"Noticias Radio Reflejos","article_published_time":"2018-03-21T15:42:40+00:00","og_image":[{"url":"http:\/\/farm1.staticflickr.com\/811\/40898858802_481785d532.jpg","type":"","width":"","height":""}],"author":"Arnaldo Botto","twitter_card":"summary_large_image","schema":{"@context":"https:\/\/schema.org","@graph":[{"@type":"WebPage","@id":"https:\/\/www.noticiasradioreflejos.com.ar\/2021\/preocupan-los-casos-de-rabia-detectados-en-murcielagos-en-territorio-bonaerense\/","url":"https:\/\/www.noticiasradioreflejos.com.ar\/2021\/preocupan-los-casos-de-rabia-detectados-en-murcielagos-en-territorio-bonaerense\/","name":"Preocupan los casos de rabia detectados en murci\u00e9lagos en territorio bonaerense - Noticias Radio Reflejos","isPartOf":{"@id":"https:\/\/www.noticiasradioreflejos.com.ar\/2021\/#website"},"primaryImageOfPage":{"@id":"https:\/\/www.noticiasradioreflejos.com.ar\/2021\/preocupan-los-casos-de-rabia-detectados-en-murcielagos-en-territorio-bonaerense\/#primaryimage"},"image":{"@id":"https:\/\/www.noticiasradioreflejos.com.ar\/2021\/preocupan-los-casos-de-rabia-detectados-en-murcielagos-en-territorio-bonaerense\/#primaryimage"},"thumbnailUrl":"http:\/\/farm1.staticflickr.com\/811\/40898858802_481785d532.jpg","datePublished":"2018-03-21T15:42:40+00:00","author":{"@id":"https:\/\/www.noticiasradioreflejos.com.ar\/2021\/#\/schema\/person\/ad82545263dcc5ec0996818884fd5fb1"},"breadcrumb":{"@id":"https:\/\/www.noticiasradioreflejos.com.ar\/2021\/preocupan-los-casos-de-rabia-detectados-en-murcielagos-en-territorio-bonaerense\/#breadcrumb"},"inLanguage":"es","potentialAction":[{"@type":"ReadAction","target":["https:\/\/www.noticiasradioreflejos.com.ar\/2021\/preocupan-los-casos-de-rabia-detectados-en-murcielagos-en-territorio-bonaerense\/"]}]},{"@type":"ImageObject","inLanguage":"es","@id":"https:\/\/www.noticiasradioreflejos.com.ar\/2021\/preocupan-los-casos-de-rabia-detectados-en-murcielagos-en-territorio-bonaerense\/#primaryimage","url":"http:\/\/farm1.staticflickr.com\/811\/40898858802_481785d532.jpg","contentUrl":"http:\/\/farm1.staticflickr.com\/811\/40898858802_481785d532.jpg"},{"@type":"BreadcrumbList","@id":"https:\/\/www.noticiasradioreflejos.com.ar\/2021\/preocupan-los-casos-de-rabia-detectados-en-murcielagos-en-territorio-bonaerense\/#breadcrumb","itemListElement":[{"@type":"ListItem","position":1,"name":"Portada","item":"https:\/\/www.noticiasradioreflejos.com.ar\/2021\/"},{"@type":"ListItem","position":2,"name":"Preocupan los casos de rabia detectados en murci\u00e9lagos en territorio bonaerense"}]},{"@type":"WebSite","@id":"https:\/\/www.noticiasradioreflejos.com.ar\/2021\/#website","url":"https:\/\/www.noticiasradioreflejos.com.ar\/2021\/","name":"Noticias Radio Reflejos","description":"Las noticias de mi comarca","potentialAction":[{"@type":"SearchAction","target":{"@type":"EntryPoint","urlTemplate":"https:\/\/www.noticiasradioreflejos.com.ar\/2021\/?s={search_term_string}"},"query-input":{"@type":"PropertyValueSpecification","valueRequired":true,"valueName":"search_term_string"}}],"inLanguage":"es"},{"@type":"Person","@id":"https:\/\/www.noticiasradioreflejos.com.ar\/2021\/#\/schema\/person\/ad82545263dcc5ec0996818884fd5fb1","name":"Arnaldo Botto","image":{"@type":"ImageObject","inLanguage":"es","@id":"https:\/\/www.noticiasradioreflejos.com.ar\/2021\/#\/schema\/person\/image\/","url":"https:\/\/secure.gravatar.com\/avatar\/55cb5e37c1efa326397366e6974cb338056df65cb50e7d64d1cf314e87504837?s=96&d=mm&r=g","contentUrl":"https:\/\/secure.gravatar.com\/avatar\/55cb5e37c1efa326397366e6974cb338056df65cb50e7d64d1cf314e87504837?s=96&d=mm&r=g","caption":"Arnaldo Botto"},"url":"https:\/\/www.noticiasradioreflejos.com.ar\/2021\/author\/arnaldo\/"}]}},"_links":{"self":[{"href":"https:\/\/www.noticiasradioreflejos.com.ar\/2021\/wp-json\/wp\/v2\/posts\/20011","targetHints":{"allow":["GET"]}}],"collection":[{"href":"https:\/\/www.noticiasradioreflejos.com.ar\/2021\/wp-json\/wp\/v2\/posts"}],"about":[{"href":"https:\/\/www.noticiasradioreflejos.com.ar\/2021\/wp-json\/wp\/v2\/types\/post"}],"author":[{"embeddable":true,"href":"https:\/\/www.noticiasradioreflejos.com.ar\/2021\/wp-json\/wp\/v2\/users\/3"}],"replies":[{"embeddable":true,"href":"https:\/\/www.noticiasradioreflejos.com.ar\/2021\/wp-json\/wp\/v2\/comments?post=20011"}],"version-history":[{"count":0,"href":"https:\/\/www.noticiasradioreflejos.com.ar\/2021\/wp-json\/wp\/v2\/posts\/20011\/revisions"}],"wp:attachment":[{"href":"https:\/\/www.noticiasradioreflejos.com.ar\/2021\/wp-json\/wp\/v2\/media?parent=20011"}],"wp:term":[{"taxonomy":"category","embeddable":true,"href":"https:\/\/www.noticiasradioreflejos.com.ar\/2021\/wp-json\/wp\/v2\/categories?post=20011"},{"taxonomy":"post_tag","embeddable":true,"href":"https:\/\/www.noticiasradioreflejos.com.ar\/2021\/wp-json\/wp\/v2\/tags?post=20011"}],"curies":[{"name":"wp","href":"https:\/\/api.w.org\/{rel}","templated":true}]}}