{"id":19955,"date":"2018-03-19T22:44:18","date_gmt":"2018-03-20T01:44:18","guid":{"rendered":"http:\/\/www.noticiasradioreflejos.com.ar\/noticias\/?p=19955"},"modified":"2018-03-19T22:44:18","modified_gmt":"2018-03-20T01:44:18","slug":"bordoni-confirmo-que-el-municipio-se-hara-car","status":"publish","type":"post","link":"https:\/\/www.noticiasradioreflejos.com.ar\/2021\/bordoni-confirmo-que-el-municipio-se-hara-car\/","title":{"rendered":"Bordoni confirm\u00f3 que el municipio se har\u00e1 cargo del mantenimiento del alumbrado p\u00fablico"},"content":{"rendered":"<p>Mediante una conferencia de prensa desarrollada este lunes por la tarde en su despacho, el intendente municipal, Sergio Bordoni, anunci\u00f3 que el municipio se har\u00e1 cargo del mantenimiento del alumbrado p\u00fablico a partir del 1 de abril.<!--more--><br \/>\nLa novedad surgi\u00f3 luego de que se confirmara que no se renovar\u00e1 el convenio de la comuna con la Cooperativa El\u00e9ctrica de Tornquist (CELT), mediante en el que \u00e9sta prestaba dicho servicio.<br \/>\n\u201cPara renovar el contrato, le hicimos una oferta al Consejo de Administraci\u00f3n de la CELT, pero no le cerraban los n\u00fameros y a nosotros no nos conven\u00edan. Es por ello que hemos tomado la decisi\u00f3n de mantener el servicio por nuestros medios, para lo que compraremos una hidrogr\u00faa y dispondremos de personal municipal para dicha tarea\u201d, indic\u00f3.<br \/>\nAsimismo, tras las declaraciones de Silvia Diez en la ma\u00f1ana de este lunes en FM de la Ciudad 99.5 y Noticias Tornquist, asegur\u00f3 que \u201cno se aclar\u00f3 que los $74.000 mensuales que nos costaba el servicio eran m\u00e1s IVA, por lo que est\u00e1bamos abonando un total de casi $87.000 por s\u00f3lo el cambio de luminarias. Lo que pretend\u00eda la CELT para el nuevo contrato se iba a $99.500 mensuales\u201d.<br \/>\n\u201cSe dijo tambi\u00e9n que est\u00e1bamos agreg\u00e1ndole un trabajo m\u00e1s que era la poda sobre el cableado, pero no dijeron la plata que ped\u00edan por esa tarea, que eran otros $38.000 por mes m\u00e1s IVA. O sea que si sumamos los dos montos se nos iban a $145.000 mensuales\u201d, se\u00f1al\u00f3.<br \/>\n\u201cCabe aclarar que el servicio se prestaba Tornquist, Villa ventana y La Gruta, y no en Chasic\u00f3 como se hab\u00eda dicho, donde se hace cargo la cooperativa de all\u00e1, la igual que en Sierra de la Ventana y Saldungaray\u201d, dijo.<br \/>\nAhora, para comenzar a prestar el servicio, el jefe comunal coment\u00f3 que \u201cinvertiremos cerca de $700.000 en una gr\u00faa, que amortizaremos en nueve meses\u201d. \u201cEn materiales (luminarias, cables, repuestos), dicho por la misma cooperativa, el gasto mensual es de $18.000, que ser\u00eda el gasto que vamos a tener nosotros. Bajar\u00edamos unos $120.000 por mes y para el municipio es much\u00edsima plata\u201d, manifest\u00f3.<br \/>\nLa inversi\u00f3n, seg\u00fan dijo Bordoni, saldr\u00e1 de la misma fuente que estaba destinada a abonar el sentido, que pasar\u00e1 de fondo de gasto corriente a fondo de inversi\u00f3n.<br \/>\n\u201cCada vez que nosotros tengamos que cambiar una luminaria, la cooperativa tendr\u00e1 la obligaci\u00f3n de desenergizar el sector en el que se trabaje \u2013aclar\u00f3- porque ellos seguir\u00e1n con el mantenimiento de la red\u201d.<br \/>\nEl intendente consider\u00f3 que \u201cac\u00e1 no hay que enojarse con nadie, los n\u00fameros son los que mandan, tenemos que achicar gastos y mejorar el servicio. Es una decisi\u00f3n pol\u00edtica pero no caprichosa, aun los $90.000 pesos que le hab\u00edamos ofrecido para este a\u00f1o me parec\u00edan elevados. Si no lo podemos hacer, buscaremos algo o lo privatizaremos de vuelta\u201d.<br \/>\nPor otra parte, Bordoni se refiri\u00f3 a Servicios Sociales, en el que tambi\u00e9n existen discrepancias entre el municipio y la CELT. \u201cEs un tema puntual que tambi\u00e9n estamos tratando, hay gente<br \/>\nque queda afuera del servicio y dieron de baja a carenciados por los que se pagaba. Espero que lo revean y no me obliguen a hacer algo distinto tambi\u00e9n ah\u00ed\u201d, dispar\u00f3.<br \/>\n\u201cMuchos abuelos que est\u00e1n en hogares de ancianos se quedan afuera del servicio social. Desde la cooperativa nos dijeron que cambiaron las leyes y la forma y que antes se hac\u00eda mal, pero habr\u00e1 que reverlo y llegar a un buen puerto, porque hay mucha gente que lo necesita y no lo puede pagar. La idea no es competir, sino dar soluciones a la gente que es carenciada, para eso estoy en funciones\u201d, sostuvo.<br \/>\nPor \u00faltimo, inform\u00f3 que a partir del 1 de abril el n\u00famero de reclamos tanto para alumbrado p\u00fablico como otro tipo de solicitudes, ser\u00e1 el del municipio, 4941075, donde comenzar\u00e1 a funcionar un centro de monitoreo las 24 hs.<br \/>\nTambi\u00e9n los reclamos se podr\u00e1n hacer v\u00eda web o a trav\u00e9s de la app Tornquist Reclamos.<br \/>\n<iframe loading=\"lazy\" src=\"https:\/\/w.soundcloud.com\/player\/?url=https%3A\/\/api.soundcloud.com\/tracks\/416306397&amp;color=%23ff5500&amp;auto_play=false&amp;hide_related=false&amp;show_comments=true&amp;show_user=true&amp;show_reposts=false&amp;show_teaser=true\" width=\"100%\" height=\"166\" frameborder=\"no\" scrolling=\"no\"><\/iframe><\/p>\n","protected":false},"excerpt":{"rendered":"<p>Mediante una conferencia de prensa desarrollada este lunes por la tarde en su despacho, el intendente municipal, Sergio Bordoni, anunci\u00f3 que el municipio se har\u00e1 cargo del mantenimiento del alumbrado p\u00fablico a partir del 1 de abril.<\/p>\n","protected":false},"author":3,"featured_media":0,"comment_status":"closed","ping_status":"open","sticky":false,"template":"","format":"standard","meta":{"footnotes":""},"categories":[24],"tags":[],"class_list":["post-19955","post","type-post","status-publish","format-standard","hentry","category-politica"],"yoast_head":"<!-- This site is optimized with the Yoast SEO plugin v25.9 - https:\/\/yoast.com\/wordpress\/plugins\/seo\/ -->\n<title>Bordoni confirm\u00f3 que el municipio se har\u00e1 cargo del mantenimiento del alumbrado p\u00fablico - Noticias Radio Reflejos<\/title>\n<meta name=\"robots\" content=\"index, follow, max-snippet:-1, max-image-preview:large, max-video-preview:-1\" \/>\n<link rel=\"canonical\" href=\"https:\/\/www.noticiasradioreflejos.com.ar\/2021\/bordoni-confirmo-que-el-municipio-se-hara-car\/\" \/>\n<meta property=\"og:locale\" content=\"es_ES\" \/>\n<meta property=\"og:type\" content=\"article\" \/>\n<meta property=\"og:title\" content=\"Bordoni confirm\u00f3 que el municipio se har\u00e1 cargo del mantenimiento del alumbrado p\u00fablico - Noticias Radio Reflejos\" \/>\n<meta property=\"og:description\" content=\"Mediante una conferencia de prensa desarrollada este lunes por la tarde en su despacho, el intendente municipal, Sergio Bordoni, anunci\u00f3 que el municipio se har\u00e1 cargo del mantenimiento del alumbrado p\u00fablico a partir del 1 de abril.\" \/>\n<meta property=\"og:url\" content=\"https:\/\/www.noticiasradioreflejos.com.ar\/2021\/bordoni-confirmo-que-el-municipio-se-hara-car\/\" \/>\n<meta property=\"og:site_name\" content=\"Noticias Radio Reflejos\" \/>\n<meta property=\"article:published_time\" content=\"2018-03-20T01:44:18+00:00\" \/>\n<meta property=\"og:image\" content=\"https:\/\/www.noticiasradioreflejos.com.ar\/2021\/wp-content\/uploads\/2021\/07\/logosol300x200.png\" \/>\n\t<meta property=\"og:image:width\" content=\"300\" \/>\n\t<meta property=\"og:image:height\" content=\"200\" \/>\n\t<meta property=\"og:image:type\" content=\"image\/png\" \/>\n<meta name=\"author\" content=\"Arnaldo Botto\" \/>\n<meta name=\"twitter:card\" content=\"summary_large_image\" \/>\n<script type=\"application\/ld+json\" class=\"yoast-schema-graph\">{\"@context\":\"https:\/\/schema.org\",\"@graph\":[{\"@type\":\"WebPage\",\"@id\":\"https:\/\/www.noticiasradioreflejos.com.ar\/2021\/bordoni-confirmo-que-el-municipio-se-hara-car\/\",\"url\":\"https:\/\/www.noticiasradioreflejos.com.ar\/2021\/bordoni-confirmo-que-el-municipio-se-hara-car\/\",\"name\":\"Bordoni confirm\u00f3 que el municipio se har\u00e1 cargo del mantenimiento del alumbrado p\u00fablico - Noticias Radio Reflejos\",\"isPartOf\":{\"@id\":\"https:\/\/www.noticiasradioreflejos.com.ar\/2021\/#website\"},\"datePublished\":\"2018-03-20T01:44:18+00:00\",\"author\":{\"@id\":\"https:\/\/www.noticiasradioreflejos.com.ar\/2021\/#\/schema\/person\/ad82545263dcc5ec0996818884fd5fb1\"},\"breadcrumb\":{\"@id\":\"https:\/\/www.noticiasradioreflejos.com.ar\/2021\/bordoni-confirmo-que-el-municipio-se-hara-car\/#breadcrumb\"},\"inLanguage\":\"es\",\"potentialAction\":[{\"@type\":\"ReadAction\",\"target\":[\"https:\/\/www.noticiasradioreflejos.com.ar\/2021\/bordoni-confirmo-que-el-municipio-se-hara-car\/\"]}]},{\"@type\":\"BreadcrumbList\",\"@id\":\"https:\/\/www.noticiasradioreflejos.com.ar\/2021\/bordoni-confirmo-que-el-municipio-se-hara-car\/#breadcrumb\",\"itemListElement\":[{\"@type\":\"ListItem\",\"position\":1,\"name\":\"Portada\",\"item\":\"https:\/\/www.noticiasradioreflejos.com.ar\/2021\/\"},{\"@type\":\"ListItem\",\"position\":2,\"name\":\"Bordoni confirm\u00f3 que el municipio se har\u00e1 cargo del mantenimiento del alumbrado p\u00fablico\"}]},{\"@type\":\"WebSite\",\"@id\":\"https:\/\/www.noticiasradioreflejos.com.ar\/2021\/#website\",\"url\":\"https:\/\/www.noticiasradioreflejos.com.ar\/2021\/\",\"name\":\"Noticias Radio Reflejos\",\"description\":\"Las noticias de mi comarca\",\"potentialAction\":[{\"@type\":\"SearchAction\",\"target\":{\"@type\":\"EntryPoint\",\"urlTemplate\":\"https:\/\/www.noticiasradioreflejos.com.ar\/2021\/?s={search_term_string}\"},\"query-input\":{\"@type\":\"PropertyValueSpecification\",\"valueRequired\":true,\"valueName\":\"search_term_string\"}}],\"inLanguage\":\"es\"},{\"@type\":\"Person\",\"@id\":\"https:\/\/www.noticiasradioreflejos.com.ar\/2021\/#\/schema\/person\/ad82545263dcc5ec0996818884fd5fb1\",\"name\":\"Arnaldo Botto\",\"image\":{\"@type\":\"ImageObject\",\"inLanguage\":\"es\",\"@id\":\"https:\/\/www.noticiasradioreflejos.com.ar\/2021\/#\/schema\/person\/image\/\",\"url\":\"https:\/\/secure.gravatar.com\/avatar\/55cb5e37c1efa326397366e6974cb338056df65cb50e7d64d1cf314e87504837?s=96&d=mm&r=g\",\"contentUrl\":\"https:\/\/secure.gravatar.com\/avatar\/55cb5e37c1efa326397366e6974cb338056df65cb50e7d64d1cf314e87504837?s=96&d=mm&r=g\",\"caption\":\"Arnaldo Botto\"},\"url\":\"https:\/\/www.noticiasradioreflejos.com.ar\/2021\/author\/arnaldo\/\"}]}<\/script>\n<!-- \/ Yoast SEO plugin. -->","yoast_head_json":{"title":"Bordoni confirm\u00f3 que el municipio se har\u00e1 cargo del mantenimiento del alumbrado p\u00fablico - Noticias Radio Reflejos","robots":{"index":"index","follow":"follow","max-snippet":"max-snippet:-1","max-image-preview":"max-image-preview:large","max-video-preview":"max-video-preview:-1"},"canonical":"https:\/\/www.noticiasradioreflejos.com.ar\/2021\/bordoni-confirmo-que-el-municipio-se-hara-car\/","og_locale":"es_ES","og_type":"article","og_title":"Bordoni confirm\u00f3 que el municipio se har\u00e1 cargo del mantenimiento del alumbrado p\u00fablico - Noticias Radio Reflejos","og_description":"Mediante una conferencia de prensa desarrollada este lunes por la tarde en su despacho, el intendente municipal, Sergio Bordoni, anunci\u00f3 que el municipio se har\u00e1 cargo del mantenimiento del alumbrado p\u00fablico a partir del 1 de abril.","og_url":"https:\/\/www.noticiasradioreflejos.com.ar\/2021\/bordoni-confirmo-que-el-municipio-se-hara-car\/","og_site_name":"Noticias Radio Reflejos","article_published_time":"2018-03-20T01:44:18+00:00","og_image":[{"width":300,"height":200,"url":"https:\/\/www.noticiasradioreflejos.com.ar\/2021\/wp-content\/uploads\/2021\/07\/logosol300x200.png","type":"image\/png"}],"author":"Arnaldo Botto","twitter_card":"summary_large_image","schema":{"@context":"https:\/\/schema.org","@graph":[{"@type":"WebPage","@id":"https:\/\/www.noticiasradioreflejos.com.ar\/2021\/bordoni-confirmo-que-el-municipio-se-hara-car\/","url":"https:\/\/www.noticiasradioreflejos.com.ar\/2021\/bordoni-confirmo-que-el-municipio-se-hara-car\/","name":"Bordoni confirm\u00f3 que el municipio se har\u00e1 cargo del mantenimiento del alumbrado p\u00fablico - Noticias Radio Reflejos","isPartOf":{"@id":"https:\/\/www.noticiasradioreflejos.com.ar\/2021\/#website"},"datePublished":"2018-03-20T01:44:18+00:00","author":{"@id":"https:\/\/www.noticiasradioreflejos.com.ar\/2021\/#\/schema\/person\/ad82545263dcc5ec0996818884fd5fb1"},"breadcrumb":{"@id":"https:\/\/www.noticiasradioreflejos.com.ar\/2021\/bordoni-confirmo-que-el-municipio-se-hara-car\/#breadcrumb"},"inLanguage":"es","potentialAction":[{"@type":"ReadAction","target":["https:\/\/www.noticiasradioreflejos.com.ar\/2021\/bordoni-confirmo-que-el-municipio-se-hara-car\/"]}]},{"@type":"BreadcrumbList","@id":"https:\/\/www.noticiasradioreflejos.com.ar\/2021\/bordoni-confirmo-que-el-municipio-se-hara-car\/#breadcrumb","itemListElement":[{"@type":"ListItem","position":1,"name":"Portada","item":"https:\/\/www.noticiasradioreflejos.com.ar\/2021\/"},{"@type":"ListItem","position":2,"name":"Bordoni confirm\u00f3 que el municipio se har\u00e1 cargo del mantenimiento del alumbrado p\u00fablico"}]},{"@type":"WebSite","@id":"https:\/\/www.noticiasradioreflejos.com.ar\/2021\/#website","url":"https:\/\/www.noticiasradioreflejos.com.ar\/2021\/","name":"Noticias Radio Reflejos","description":"Las noticias de mi comarca","potentialAction":[{"@type":"SearchAction","target":{"@type":"EntryPoint","urlTemplate":"https:\/\/www.noticiasradioreflejos.com.ar\/2021\/?s={search_term_string}"},"query-input":{"@type":"PropertyValueSpecification","valueRequired":true,"valueName":"search_term_string"}}],"inLanguage":"es"},{"@type":"Person","@id":"https:\/\/www.noticiasradioreflejos.com.ar\/2021\/#\/schema\/person\/ad82545263dcc5ec0996818884fd5fb1","name":"Arnaldo Botto","image":{"@type":"ImageObject","inLanguage":"es","@id":"https:\/\/www.noticiasradioreflejos.com.ar\/2021\/#\/schema\/person\/image\/","url":"https:\/\/secure.gravatar.com\/avatar\/55cb5e37c1efa326397366e6974cb338056df65cb50e7d64d1cf314e87504837?s=96&d=mm&r=g","contentUrl":"https:\/\/secure.gravatar.com\/avatar\/55cb5e37c1efa326397366e6974cb338056df65cb50e7d64d1cf314e87504837?s=96&d=mm&r=g","caption":"Arnaldo Botto"},"url":"https:\/\/www.noticiasradioreflejos.com.ar\/2021\/author\/arnaldo\/"}]}},"_links":{"self":[{"href":"https:\/\/www.noticiasradioreflejos.com.ar\/2021\/wp-json\/wp\/v2\/posts\/19955","targetHints":{"allow":["GET"]}}],"collection":[{"href":"https:\/\/www.noticiasradioreflejos.com.ar\/2021\/wp-json\/wp\/v2\/posts"}],"about":[{"href":"https:\/\/www.noticiasradioreflejos.com.ar\/2021\/wp-json\/wp\/v2\/types\/post"}],"author":[{"embeddable":true,"href":"https:\/\/www.noticiasradioreflejos.com.ar\/2021\/wp-json\/wp\/v2\/users\/3"}],"replies":[{"embeddable":true,"href":"https:\/\/www.noticiasradioreflejos.com.ar\/2021\/wp-json\/wp\/v2\/comments?post=19955"}],"version-history":[{"count":0,"href":"https:\/\/www.noticiasradioreflejos.com.ar\/2021\/wp-json\/wp\/v2\/posts\/19955\/revisions"}],"wp:attachment":[{"href":"https:\/\/www.noticiasradioreflejos.com.ar\/2021\/wp-json\/wp\/v2\/media?parent=19955"}],"wp:term":[{"taxonomy":"category","embeddable":true,"href":"https:\/\/www.noticiasradioreflejos.com.ar\/2021\/wp-json\/wp\/v2\/categories?post=19955"},{"taxonomy":"post_tag","embeddable":true,"href":"https:\/\/www.noticiasradioreflejos.com.ar\/2021\/wp-json\/wp\/v2\/tags?post=19955"}],"curies":[{"name":"wp","href":"https:\/\/api.w.org\/{rel}","templated":true}]}}