{"id":19951,"date":"2018-03-19T20:04:21","date_gmt":"2018-03-19T23:04:21","guid":{"rendered":"http:\/\/www.noticiasradioreflejos.com.ar\/noticias\/?p=19951"},"modified":"2018-03-19T20:04:21","modified_gmt":"2018-03-19T23:04:21","slug":"el-municipio-considera-que-puede-mantener-el-alumbrado-publico-a-un-menor-costo-que-la-celt","status":"publish","type":"post","link":"https:\/\/www.noticiasradioreflejos.com.ar\/2021\/el-municipio-considera-que-puede-mantener-el-alumbrado-publico-a-un-menor-costo-que-la-celt\/","title":{"rendered":"\u201cEl municipio considera que puede mantener el alumbrado p\u00fablico a un menor costo que la CELT\u201d"},"content":{"rendered":"<p>El \u00faltimo viernes, la Cooperativa El\u00e9ctrica Limitada de Tornquist inform\u00f3 que no renovar\u00e1 el convenio con la municipalidad y dejar\u00e1 de prestar el servicio de mantenimiento de alumbrado p\u00fablico a partir del venidero 1 de abril.<!--more--><br \/>\nEn ese marco, Silvia Diez, integrante del Consejo de Administraci\u00f3n de la entidad, indic\u00f3 que \u201clamentablemente no pudimos llegar a un acuerdo con el municipio respecto al valor del servicio, que se brinda a partir de un convenio que se va renovando todos los a\u00f1os de acuerdo a como van evolucionando los costos\u201d.<br \/>\n\u201cEste a\u00f1o le planteamos al municipio un incremento de costo de 11,4% que en realidad que es menor a la inflaci\u00f3n. El n\u00famero se labora en base a distintos \u00edtems, como los materiales, mano de obra directa, parte de la amortizaci\u00f3n del hidroelevador afectado a la actividad y la gesti\u00f3n administrativa\u201d, explic\u00f3.<br \/>\nDiez sostuvo que \u201cel municipio considera que puede prestar el servicio a un menor costo. Hasta este ejercicio se ven\u00edan abonando por mes $74.000 y nosotros propusimos elevarlo a $82.600\u201d.<br \/>\nAsimismo, afirm\u00f3 que dicho monto no s\u00f3lo es por la ciudad de Tornquist, sino que incluye el servicio en Villa Ventana, Villa Serrana La Gruta, Tres Picos y Chasic\u00f3.<br \/>\n\u201cEn los costos tratamos de hacer el menor aumento posible; es m\u00e1s, no est\u00e1n incluidos combustible, lubricantes, ni gastos de mantenimiento de los rodados, exclusivamente es mano de obra, movilidad y materiales, que aumentaron un 50%\u201d, agreg\u00f3.<br \/>\nEn cuanto al personal que se encontraba afectado al servicio, asegur\u00f3 Diez que no se ver\u00e1 perjudicado ya que estar\u00e1 dedicado a las tareas propias de la CELT. \u201cTenemos una carga de trabajo muy importante, lo que hace que muchas veces los empleados hagan horas extras porque el horario laboral no alcanza para las tareas que tienen que hacer\u201d, se\u00f1al\u00f3.<br \/>\n\u201cEsperamos que el municipio pueda brindar el servicio en la mejores condiciones y si es a menor costo, mejor para la comunidad, la cooperativa en ese sentido no tiene una posici\u00f3n opuesta\u201d, concluy\u00f3.<br \/>\n<iframe loading=\"lazy\" width=\"100%\" height=\"166\" scrolling=\"no\" frameborder=\"no\" allow=\"autoplay\" src=\"https:\/\/w.soundcloud.com\/player\/?url=https%3A\/\/api.soundcloud.com\/tracks\/416239905&#038;color=%23ff5500&#038;auto_play=false&#038;hide_related=false&#038;show_comments=true&#038;show_user=true&#038;show_reposts=false&#038;show_teaser=true\"><\/iframe><\/p>\n","protected":false},"excerpt":{"rendered":"<p>El \u00faltimo viernes, la Cooperativa El\u00e9ctrica Limitada de Tornquist inform\u00f3 que no renovar\u00e1 el convenio con la municipalidad y dejar\u00e1 de prestar el servicio de mantenimiento de alumbrado p\u00fablico a partir del venidero 1 de abril.<\/p>\n","protected":false},"author":3,"featured_media":0,"comment_status":"closed","ping_status":"open","sticky":false,"template":"","format":"standard","meta":{"footnotes":""},"categories":[24],"tags":[],"class_list":["post-19951","post","type-post","status-publish","format-standard","hentry","category-politica"],"yoast_head":"<!-- This site is optimized with the Yoast SEO plugin v25.9 - https:\/\/yoast.com\/wordpress\/plugins\/seo\/ -->\n<title>\u201cEl municipio considera que puede mantener el alumbrado p\u00fablico a un menor costo que la CELT\u201d - Noticias Radio Reflejos<\/title>\n<meta name=\"robots\" content=\"index, follow, max-snippet:-1, max-image-preview:large, max-video-preview:-1\" \/>\n<link rel=\"canonical\" href=\"https:\/\/www.noticiasradioreflejos.com.ar\/2021\/el-municipio-considera-que-puede-mantener-el-alumbrado-publico-a-un-menor-costo-que-la-celt\/\" \/>\n<meta property=\"og:locale\" content=\"es_ES\" \/>\n<meta property=\"og:type\" content=\"article\" \/>\n<meta property=\"og:title\" content=\"\u201cEl municipio considera que puede mantener el alumbrado p\u00fablico a un menor costo que la CELT\u201d - Noticias Radio Reflejos\" \/>\n<meta property=\"og:description\" content=\"El \u00faltimo viernes, la Cooperativa El\u00e9ctrica Limitada de Tornquist inform\u00f3 que no renovar\u00e1 el convenio con la municipalidad y dejar\u00e1 de prestar el servicio de mantenimiento de alumbrado p\u00fablico a partir del venidero 1 de abril.\" \/>\n<meta property=\"og:url\" content=\"https:\/\/www.noticiasradioreflejos.com.ar\/2021\/el-municipio-considera-que-puede-mantener-el-alumbrado-publico-a-un-menor-costo-que-la-celt\/\" \/>\n<meta property=\"og:site_name\" content=\"Noticias Radio Reflejos\" \/>\n<meta property=\"article:published_time\" content=\"2018-03-19T23:04:21+00:00\" \/>\n<meta property=\"og:image\" content=\"https:\/\/www.noticiasradioreflejos.com.ar\/2021\/wp-content\/uploads\/2021\/07\/logosol300x200.png\" \/>\n\t<meta property=\"og:image:width\" content=\"300\" \/>\n\t<meta property=\"og:image:height\" content=\"200\" \/>\n\t<meta property=\"og:image:type\" content=\"image\/png\" \/>\n<meta name=\"author\" content=\"Arnaldo Botto\" \/>\n<meta name=\"twitter:card\" content=\"summary_large_image\" \/>\n<script type=\"application\/ld+json\" class=\"yoast-schema-graph\">{\"@context\":\"https:\/\/schema.org\",\"@graph\":[{\"@type\":\"WebPage\",\"@id\":\"https:\/\/www.noticiasradioreflejos.com.ar\/2021\/el-municipio-considera-que-puede-mantener-el-alumbrado-publico-a-un-menor-costo-que-la-celt\/\",\"url\":\"https:\/\/www.noticiasradioreflejos.com.ar\/2021\/el-municipio-considera-que-puede-mantener-el-alumbrado-publico-a-un-menor-costo-que-la-celt\/\",\"name\":\"\u201cEl municipio considera que puede mantener el alumbrado p\u00fablico a un menor costo que la CELT\u201d - Noticias Radio Reflejos\",\"isPartOf\":{\"@id\":\"https:\/\/www.noticiasradioreflejos.com.ar\/2021\/#website\"},\"datePublished\":\"2018-03-19T23:04:21+00:00\",\"author\":{\"@id\":\"https:\/\/www.noticiasradioreflejos.com.ar\/2021\/#\/schema\/person\/ad82545263dcc5ec0996818884fd5fb1\"},\"breadcrumb\":{\"@id\":\"https:\/\/www.noticiasradioreflejos.com.ar\/2021\/el-municipio-considera-que-puede-mantener-el-alumbrado-publico-a-un-menor-costo-que-la-celt\/#breadcrumb\"},\"inLanguage\":\"es\",\"potentialAction\":[{\"@type\":\"ReadAction\",\"target\":[\"https:\/\/www.noticiasradioreflejos.com.ar\/2021\/el-municipio-considera-que-puede-mantener-el-alumbrado-publico-a-un-menor-costo-que-la-celt\/\"]}]},{\"@type\":\"BreadcrumbList\",\"@id\":\"https:\/\/www.noticiasradioreflejos.com.ar\/2021\/el-municipio-considera-que-puede-mantener-el-alumbrado-publico-a-un-menor-costo-que-la-celt\/#breadcrumb\",\"itemListElement\":[{\"@type\":\"ListItem\",\"position\":1,\"name\":\"Portada\",\"item\":\"https:\/\/www.noticiasradioreflejos.com.ar\/2021\/\"},{\"@type\":\"ListItem\",\"position\":2,\"name\":\"\u201cEl municipio considera que puede mantener el alumbrado p\u00fablico a un menor costo que la CELT\u201d\"}]},{\"@type\":\"WebSite\",\"@id\":\"https:\/\/www.noticiasradioreflejos.com.ar\/2021\/#website\",\"url\":\"https:\/\/www.noticiasradioreflejos.com.ar\/2021\/\",\"name\":\"Noticias Radio Reflejos\",\"description\":\"Las noticias de mi comarca\",\"potentialAction\":[{\"@type\":\"SearchAction\",\"target\":{\"@type\":\"EntryPoint\",\"urlTemplate\":\"https:\/\/www.noticiasradioreflejos.com.ar\/2021\/?s={search_term_string}\"},\"query-input\":{\"@type\":\"PropertyValueSpecification\",\"valueRequired\":true,\"valueName\":\"search_term_string\"}}],\"inLanguage\":\"es\"},{\"@type\":\"Person\",\"@id\":\"https:\/\/www.noticiasradioreflejos.com.ar\/2021\/#\/schema\/person\/ad82545263dcc5ec0996818884fd5fb1\",\"name\":\"Arnaldo Botto\",\"image\":{\"@type\":\"ImageObject\",\"inLanguage\":\"es\",\"@id\":\"https:\/\/www.noticiasradioreflejos.com.ar\/2021\/#\/schema\/person\/image\/\",\"url\":\"https:\/\/secure.gravatar.com\/avatar\/55cb5e37c1efa326397366e6974cb338056df65cb50e7d64d1cf314e87504837?s=96&d=mm&r=g\",\"contentUrl\":\"https:\/\/secure.gravatar.com\/avatar\/55cb5e37c1efa326397366e6974cb338056df65cb50e7d64d1cf314e87504837?s=96&d=mm&r=g\",\"caption\":\"Arnaldo Botto\"},\"url\":\"https:\/\/www.noticiasradioreflejos.com.ar\/2021\/author\/arnaldo\/\"}]}<\/script>\n<!-- \/ Yoast SEO plugin. -->","yoast_head_json":{"title":"\u201cEl municipio considera que puede mantener el alumbrado p\u00fablico a un menor costo que la CELT\u201d - Noticias Radio Reflejos","robots":{"index":"index","follow":"follow","max-snippet":"max-snippet:-1","max-image-preview":"max-image-preview:large","max-video-preview":"max-video-preview:-1"},"canonical":"https:\/\/www.noticiasradioreflejos.com.ar\/2021\/el-municipio-considera-que-puede-mantener-el-alumbrado-publico-a-un-menor-costo-que-la-celt\/","og_locale":"es_ES","og_type":"article","og_title":"\u201cEl municipio considera que puede mantener el alumbrado p\u00fablico a un menor costo que la CELT\u201d - Noticias Radio Reflejos","og_description":"El \u00faltimo viernes, la Cooperativa El\u00e9ctrica Limitada de Tornquist inform\u00f3 que no renovar\u00e1 el convenio con la municipalidad y dejar\u00e1 de prestar el servicio de mantenimiento de alumbrado p\u00fablico a partir del venidero 1 de abril.","og_url":"https:\/\/www.noticiasradioreflejos.com.ar\/2021\/el-municipio-considera-que-puede-mantener-el-alumbrado-publico-a-un-menor-costo-que-la-celt\/","og_site_name":"Noticias Radio Reflejos","article_published_time":"2018-03-19T23:04:21+00:00","og_image":[{"width":300,"height":200,"url":"https:\/\/www.noticiasradioreflejos.com.ar\/2021\/wp-content\/uploads\/2021\/07\/logosol300x200.png","type":"image\/png"}],"author":"Arnaldo Botto","twitter_card":"summary_large_image","schema":{"@context":"https:\/\/schema.org","@graph":[{"@type":"WebPage","@id":"https:\/\/www.noticiasradioreflejos.com.ar\/2021\/el-municipio-considera-que-puede-mantener-el-alumbrado-publico-a-un-menor-costo-que-la-celt\/","url":"https:\/\/www.noticiasradioreflejos.com.ar\/2021\/el-municipio-considera-que-puede-mantener-el-alumbrado-publico-a-un-menor-costo-que-la-celt\/","name":"\u201cEl municipio considera que puede mantener el alumbrado p\u00fablico a un menor costo que la CELT\u201d - Noticias Radio Reflejos","isPartOf":{"@id":"https:\/\/www.noticiasradioreflejos.com.ar\/2021\/#website"},"datePublished":"2018-03-19T23:04:21+00:00","author":{"@id":"https:\/\/www.noticiasradioreflejos.com.ar\/2021\/#\/schema\/person\/ad82545263dcc5ec0996818884fd5fb1"},"breadcrumb":{"@id":"https:\/\/www.noticiasradioreflejos.com.ar\/2021\/el-municipio-considera-que-puede-mantener-el-alumbrado-publico-a-un-menor-costo-que-la-celt\/#breadcrumb"},"inLanguage":"es","potentialAction":[{"@type":"ReadAction","target":["https:\/\/www.noticiasradioreflejos.com.ar\/2021\/el-municipio-considera-que-puede-mantener-el-alumbrado-publico-a-un-menor-costo-que-la-celt\/"]}]},{"@type":"BreadcrumbList","@id":"https:\/\/www.noticiasradioreflejos.com.ar\/2021\/el-municipio-considera-que-puede-mantener-el-alumbrado-publico-a-un-menor-costo-que-la-celt\/#breadcrumb","itemListElement":[{"@type":"ListItem","position":1,"name":"Portada","item":"https:\/\/www.noticiasradioreflejos.com.ar\/2021\/"},{"@type":"ListItem","position":2,"name":"\u201cEl municipio considera que puede mantener el alumbrado p\u00fablico a un menor costo que la CELT\u201d"}]},{"@type":"WebSite","@id":"https:\/\/www.noticiasradioreflejos.com.ar\/2021\/#website","url":"https:\/\/www.noticiasradioreflejos.com.ar\/2021\/","name":"Noticias Radio Reflejos","description":"Las noticias de mi comarca","potentialAction":[{"@type":"SearchAction","target":{"@type":"EntryPoint","urlTemplate":"https:\/\/www.noticiasradioreflejos.com.ar\/2021\/?s={search_term_string}"},"query-input":{"@type":"PropertyValueSpecification","valueRequired":true,"valueName":"search_term_string"}}],"inLanguage":"es"},{"@type":"Person","@id":"https:\/\/www.noticiasradioreflejos.com.ar\/2021\/#\/schema\/person\/ad82545263dcc5ec0996818884fd5fb1","name":"Arnaldo Botto","image":{"@type":"ImageObject","inLanguage":"es","@id":"https:\/\/www.noticiasradioreflejos.com.ar\/2021\/#\/schema\/person\/image\/","url":"https:\/\/secure.gravatar.com\/avatar\/55cb5e37c1efa326397366e6974cb338056df65cb50e7d64d1cf314e87504837?s=96&d=mm&r=g","contentUrl":"https:\/\/secure.gravatar.com\/avatar\/55cb5e37c1efa326397366e6974cb338056df65cb50e7d64d1cf314e87504837?s=96&d=mm&r=g","caption":"Arnaldo Botto"},"url":"https:\/\/www.noticiasradioreflejos.com.ar\/2021\/author\/arnaldo\/"}]}},"_links":{"self":[{"href":"https:\/\/www.noticiasradioreflejos.com.ar\/2021\/wp-json\/wp\/v2\/posts\/19951","targetHints":{"allow":["GET"]}}],"collection":[{"href":"https:\/\/www.noticiasradioreflejos.com.ar\/2021\/wp-json\/wp\/v2\/posts"}],"about":[{"href":"https:\/\/www.noticiasradioreflejos.com.ar\/2021\/wp-json\/wp\/v2\/types\/post"}],"author":[{"embeddable":true,"href":"https:\/\/www.noticiasradioreflejos.com.ar\/2021\/wp-json\/wp\/v2\/users\/3"}],"replies":[{"embeddable":true,"href":"https:\/\/www.noticiasradioreflejos.com.ar\/2021\/wp-json\/wp\/v2\/comments?post=19951"}],"version-history":[{"count":0,"href":"https:\/\/www.noticiasradioreflejos.com.ar\/2021\/wp-json\/wp\/v2\/posts\/19951\/revisions"}],"wp:attachment":[{"href":"https:\/\/www.noticiasradioreflejos.com.ar\/2021\/wp-json\/wp\/v2\/media?parent=19951"}],"wp:term":[{"taxonomy":"category","embeddable":true,"href":"https:\/\/www.noticiasradioreflejos.com.ar\/2021\/wp-json\/wp\/v2\/categories?post=19951"},{"taxonomy":"post_tag","embeddable":true,"href":"https:\/\/www.noticiasradioreflejos.com.ar\/2021\/wp-json\/wp\/v2\/tags?post=19951"}],"curies":[{"name":"wp","href":"https:\/\/api.w.org\/{rel}","templated":true}]}}