{"id":19948,"date":"2018-03-19T19:58:33","date_gmt":"2018-03-19T22:58:33","guid":{"rendered":"http:\/\/www.noticiasradioreflejos.com.ar\/noticias\/?p=19948"},"modified":"2018-03-19T19:58:33","modified_gmt":"2018-03-19T22:58:33","slug":"brillante-jornada-de-las-inferiores-de-automoto","status":"publish","type":"post","link":"https:\/\/www.noticiasradioreflejos.com.ar\/2021\/brillante-jornada-de-las-inferiores-de-automoto\/","title":{"rendered":"Brillante jornada de las inferiores de Automoto"},"content":{"rendered":"<p>Dos partidos, dos victorias, dos grandes actuaciones. Automoto complet\u00f3 una gran jornada frente a El Progreso de Pueblo Santa Mar\u00eda, equipo al que super\u00f3 tanto en Sexta como en Octava, las dos \u00fanicas categor\u00edas que se presentaron en el marco de la segunda jornada del certamen de inferiores de la Liga Regional de Coronel Su\u00e1rez.<!--more--><br \/>\nEn calidad de visitante, los chicos del Rojo mostraron una clara superioridad sobre su rival, ganaron c\u00f3modamente ambos juegos y treparon a la cima de la tabla de posiciones en sendas divisionales.<br \/>\nEn Sexta, Automoto gole\u00f3 por 4 a 1, gracias a los goles de Valentino Bucchi, en dos oportunidades, Sim\u00f3n Wallace y Danilo Cinquegrani. De esta manera, acumulan cuatro unidades, igual que Boca Juniors.<br \/>\nEn Octava, los chicos reaccionaron luego de estar en desventaja, para dar vuelta el marcador y superar a El Progreso por 3 a 1. Ger\u00f3nimo Kugler, dos veces, y Thiago Franco se hicieron presentes en la red, para mantener la vanguardia y el puntaje ideal.<br \/>\nLa Quinta y S\u00e9ptima tuvieron fecha libre, debido a que El Progreso no tiene esas divisionales<br \/>\nEl pr\u00f3ximo s\u00e1bado, el azulgrana visitar\u00e1 a Club Sarmiento \u201cA\u201d de Pig\u00fc\u00e9 en todas las categor\u00edas.<br \/>\nLas tablas de posiciones de la Zona \u201cA\u201d son las siguientes:<br \/>\n<a title=\"tabla de posiciones\" href=\"http:\/\/farm1.staticflickr.com\/787\/27037664438_3161712f85.jpg\" rel=\"\"><img loading=\"lazy\" decoding=\"async\" class=\"aligncenter\" title=\"tabla de posiciones\" src=\"http:\/\/farm1.staticflickr.com\/787\/27037664438_3161712f85.jpg\" alt=\"tabla de posiciones\" width=\"355\" height=\"350\" \/><\/a><br \/>\n<a title=\"tabla de posiciones2\" href=\"http:\/\/farm5.staticflickr.com\/4774\/26035975617_bccebcf5a4.jpg\" rel=\"\"><img loading=\"lazy\" decoding=\"async\" class=\"aligncenter\" title=\"tabla de posiciones2\" src=\"http:\/\/farm5.staticflickr.com\/4774\/26035975617_bccebcf5a4.jpg\" alt=\"tabla de posiciones2\" width=\"357\" height=\"358\" \/><\/a><br \/>\n<a href=\"http:\/\/farm5.staticflickr.com\/4772\/40908725311_4a79bafa4d.jpg\" title=\"tabla de posiciones3\" rel=\"\"><img loading=\"lazy\" decoding=\"async\" src=\"http:\/\/farm5.staticflickr.com\/4772\/40908725311_4a79bafa4d.jpg\" width=\"355\" height=\"233\" alt=\"tabla de posiciones3\" title=\"tabla de posiciones3\" class=\"aligncenter\"><\/a><br \/>\n<a href=\"http:\/\/farm1.staticflickr.com\/788\/26036062497_ab48f1528a_z.jpg\" title=\"inferiores automotooo2\" rel=\"\"><img loading=\"lazy\" decoding=\"async\" src=\"http:\/\/farm1.staticflickr.com\/788\/26036062497_ab48f1528a_z.jpg\" width=\"640\" height=\"480\" alt=\"inferiores automotooo2\" title=\"inferiores automotooo2\" class=\"aligncenter\"><\/a><br \/>\n<a href=\"http:\/\/farm5.staticflickr.com\/4782\/40908833511_f74673baf9_z.jpg\" title=\"inferiores automotooo\" rel=\"\"><img loading=\"lazy\" decoding=\"async\" src=\"http:\/\/farm5.staticflickr.com\/4782\/40908833511_f74673baf9_z.jpg\" width=\"640\" height=\"500\" alt=\"inferiores automotooo\" title=\"inferiores automotooo\" class=\"aligncenter\"><\/a><br \/>\nDepartamento de Prensa \u2013 Automoto Club Deportivo<br \/>\nwww.clubautomotopasion.com.ar<br \/>\nFacebook: \/automototornquist<br \/>\nTwitter: @ClubAutomoto<\/p>\n","protected":false},"excerpt":{"rendered":"<p>Dos partidos, dos victorias, dos grandes actuaciones. Automoto complet\u00f3 una gran jornada frente a El Progreso de Pueblo Santa Mar\u00eda, equipo al que super\u00f3 tanto en Sexta como en Octava, las dos \u00fanicas categor\u00edas que se presentaron en el marco de la segunda jornada del certamen de inferiores de la Liga Regional de Coronel Su\u00e1rez.<\/p>\n","protected":false},"author":3,"featured_media":0,"comment_status":"closed","ping_status":"open","sticky":false,"template":"","format":"standard","meta":{"footnotes":""},"categories":[27],"tags":[],"class_list":["post-19948","post","type-post","status-publish","format-standard","hentry","category-deportes"],"yoast_head":"<!-- This site is optimized with the Yoast SEO plugin v25.9 - https:\/\/yoast.com\/wordpress\/plugins\/seo\/ -->\n<title>Brillante jornada de las inferiores de Automoto - Noticias Radio Reflejos<\/title>\n<meta name=\"robots\" content=\"index, follow, max-snippet:-1, max-image-preview:large, max-video-preview:-1\" \/>\n<link rel=\"canonical\" href=\"https:\/\/www.noticiasradioreflejos.com.ar\/2021\/brillante-jornada-de-las-inferiores-de-automoto\/\" \/>\n<meta property=\"og:locale\" content=\"es_ES\" \/>\n<meta property=\"og:type\" content=\"article\" \/>\n<meta property=\"og:title\" content=\"Brillante jornada de las inferiores de Automoto - Noticias Radio Reflejos\" \/>\n<meta property=\"og:description\" content=\"Dos partidos, dos victorias, dos grandes actuaciones. Automoto complet\u00f3 una gran jornada frente a El Progreso de Pueblo Santa Mar\u00eda, equipo al que super\u00f3 tanto en Sexta como en Octava, las dos \u00fanicas categor\u00edas que se presentaron en el marco de la segunda jornada del certamen de inferiores de la Liga Regional de Coronel Su\u00e1rez.\" \/>\n<meta property=\"og:url\" content=\"https:\/\/www.noticiasradioreflejos.com.ar\/2021\/brillante-jornada-de-las-inferiores-de-automoto\/\" \/>\n<meta property=\"og:site_name\" content=\"Noticias Radio Reflejos\" \/>\n<meta property=\"article:published_time\" content=\"2018-03-19T22:58:33+00:00\" \/>\n<meta property=\"og:image\" content=\"http:\/\/farm1.staticflickr.com\/787\/27037664438_3161712f85.jpg\" \/>\n<meta name=\"author\" content=\"Arnaldo Botto\" \/>\n<meta name=\"twitter:card\" content=\"summary_large_image\" \/>\n<script type=\"application\/ld+json\" class=\"yoast-schema-graph\">{\"@context\":\"https:\/\/schema.org\",\"@graph\":[{\"@type\":\"WebPage\",\"@id\":\"https:\/\/www.noticiasradioreflejos.com.ar\/2021\/brillante-jornada-de-las-inferiores-de-automoto\/\",\"url\":\"https:\/\/www.noticiasradioreflejos.com.ar\/2021\/brillante-jornada-de-las-inferiores-de-automoto\/\",\"name\":\"Brillante jornada de las inferiores de Automoto - Noticias Radio Reflejos\",\"isPartOf\":{\"@id\":\"https:\/\/www.noticiasradioreflejos.com.ar\/2021\/#website\"},\"primaryImageOfPage\":{\"@id\":\"https:\/\/www.noticiasradioreflejos.com.ar\/2021\/brillante-jornada-de-las-inferiores-de-automoto\/#primaryimage\"},\"image\":{\"@id\":\"https:\/\/www.noticiasradioreflejos.com.ar\/2021\/brillante-jornada-de-las-inferiores-de-automoto\/#primaryimage\"},\"thumbnailUrl\":\"http:\/\/farm1.staticflickr.com\/787\/27037664438_3161712f85.jpg\",\"datePublished\":\"2018-03-19T22:58:33+00:00\",\"author\":{\"@id\":\"https:\/\/www.noticiasradioreflejos.com.ar\/2021\/#\/schema\/person\/ad82545263dcc5ec0996818884fd5fb1\"},\"breadcrumb\":{\"@id\":\"https:\/\/www.noticiasradioreflejos.com.ar\/2021\/brillante-jornada-de-las-inferiores-de-automoto\/#breadcrumb\"},\"inLanguage\":\"es\",\"potentialAction\":[{\"@type\":\"ReadAction\",\"target\":[\"https:\/\/www.noticiasradioreflejos.com.ar\/2021\/brillante-jornada-de-las-inferiores-de-automoto\/\"]}]},{\"@type\":\"ImageObject\",\"inLanguage\":\"es\",\"@id\":\"https:\/\/www.noticiasradioreflejos.com.ar\/2021\/brillante-jornada-de-las-inferiores-de-automoto\/#primaryimage\",\"url\":\"http:\/\/farm1.staticflickr.com\/787\/27037664438_3161712f85.jpg\",\"contentUrl\":\"http:\/\/farm1.staticflickr.com\/787\/27037664438_3161712f85.jpg\"},{\"@type\":\"BreadcrumbList\",\"@id\":\"https:\/\/www.noticiasradioreflejos.com.ar\/2021\/brillante-jornada-de-las-inferiores-de-automoto\/#breadcrumb\",\"itemListElement\":[{\"@type\":\"ListItem\",\"position\":1,\"name\":\"Portada\",\"item\":\"https:\/\/www.noticiasradioreflejos.com.ar\/2021\/\"},{\"@type\":\"ListItem\",\"position\":2,\"name\":\"Brillante jornada de las inferiores de Automoto\"}]},{\"@type\":\"WebSite\",\"@id\":\"https:\/\/www.noticiasradioreflejos.com.ar\/2021\/#website\",\"url\":\"https:\/\/www.noticiasradioreflejos.com.ar\/2021\/\",\"name\":\"Noticias Radio Reflejos\",\"description\":\"Las noticias de mi comarca\",\"potentialAction\":[{\"@type\":\"SearchAction\",\"target\":{\"@type\":\"EntryPoint\",\"urlTemplate\":\"https:\/\/www.noticiasradioreflejos.com.ar\/2021\/?s={search_term_string}\"},\"query-input\":{\"@type\":\"PropertyValueSpecification\",\"valueRequired\":true,\"valueName\":\"search_term_string\"}}],\"inLanguage\":\"es\"},{\"@type\":\"Person\",\"@id\":\"https:\/\/www.noticiasradioreflejos.com.ar\/2021\/#\/schema\/person\/ad82545263dcc5ec0996818884fd5fb1\",\"name\":\"Arnaldo Botto\",\"image\":{\"@type\":\"ImageObject\",\"inLanguage\":\"es\",\"@id\":\"https:\/\/www.noticiasradioreflejos.com.ar\/2021\/#\/schema\/person\/image\/\",\"url\":\"https:\/\/secure.gravatar.com\/avatar\/55cb5e37c1efa326397366e6974cb338056df65cb50e7d64d1cf314e87504837?s=96&d=mm&r=g\",\"contentUrl\":\"https:\/\/secure.gravatar.com\/avatar\/55cb5e37c1efa326397366e6974cb338056df65cb50e7d64d1cf314e87504837?s=96&d=mm&r=g\",\"caption\":\"Arnaldo Botto\"},\"url\":\"https:\/\/www.noticiasradioreflejos.com.ar\/2021\/author\/arnaldo\/\"}]}<\/script>\n<!-- \/ Yoast SEO plugin. -->","yoast_head_json":{"title":"Brillante jornada de las inferiores de Automoto - Noticias Radio Reflejos","robots":{"index":"index","follow":"follow","max-snippet":"max-snippet:-1","max-image-preview":"max-image-preview:large","max-video-preview":"max-video-preview:-1"},"canonical":"https:\/\/www.noticiasradioreflejos.com.ar\/2021\/brillante-jornada-de-las-inferiores-de-automoto\/","og_locale":"es_ES","og_type":"article","og_title":"Brillante jornada de las inferiores de Automoto - Noticias Radio Reflejos","og_description":"Dos partidos, dos victorias, dos grandes actuaciones. Automoto complet\u00f3 una gran jornada frente a El Progreso de Pueblo Santa Mar\u00eda, equipo al que super\u00f3 tanto en Sexta como en Octava, las dos \u00fanicas categor\u00edas que se presentaron en el marco de la segunda jornada del certamen de inferiores de la Liga Regional de Coronel Su\u00e1rez.","og_url":"https:\/\/www.noticiasradioreflejos.com.ar\/2021\/brillante-jornada-de-las-inferiores-de-automoto\/","og_site_name":"Noticias Radio Reflejos","article_published_time":"2018-03-19T22:58:33+00:00","og_image":[{"url":"http:\/\/farm1.staticflickr.com\/787\/27037664438_3161712f85.jpg","type":"","width":"","height":""}],"author":"Arnaldo Botto","twitter_card":"summary_large_image","schema":{"@context":"https:\/\/schema.org","@graph":[{"@type":"WebPage","@id":"https:\/\/www.noticiasradioreflejos.com.ar\/2021\/brillante-jornada-de-las-inferiores-de-automoto\/","url":"https:\/\/www.noticiasradioreflejos.com.ar\/2021\/brillante-jornada-de-las-inferiores-de-automoto\/","name":"Brillante jornada de las inferiores de Automoto - Noticias Radio Reflejos","isPartOf":{"@id":"https:\/\/www.noticiasradioreflejos.com.ar\/2021\/#website"},"primaryImageOfPage":{"@id":"https:\/\/www.noticiasradioreflejos.com.ar\/2021\/brillante-jornada-de-las-inferiores-de-automoto\/#primaryimage"},"image":{"@id":"https:\/\/www.noticiasradioreflejos.com.ar\/2021\/brillante-jornada-de-las-inferiores-de-automoto\/#primaryimage"},"thumbnailUrl":"http:\/\/farm1.staticflickr.com\/787\/27037664438_3161712f85.jpg","datePublished":"2018-03-19T22:58:33+00:00","author":{"@id":"https:\/\/www.noticiasradioreflejos.com.ar\/2021\/#\/schema\/person\/ad82545263dcc5ec0996818884fd5fb1"},"breadcrumb":{"@id":"https:\/\/www.noticiasradioreflejos.com.ar\/2021\/brillante-jornada-de-las-inferiores-de-automoto\/#breadcrumb"},"inLanguage":"es","potentialAction":[{"@type":"ReadAction","target":["https:\/\/www.noticiasradioreflejos.com.ar\/2021\/brillante-jornada-de-las-inferiores-de-automoto\/"]}]},{"@type":"ImageObject","inLanguage":"es","@id":"https:\/\/www.noticiasradioreflejos.com.ar\/2021\/brillante-jornada-de-las-inferiores-de-automoto\/#primaryimage","url":"http:\/\/farm1.staticflickr.com\/787\/27037664438_3161712f85.jpg","contentUrl":"http:\/\/farm1.staticflickr.com\/787\/27037664438_3161712f85.jpg"},{"@type":"BreadcrumbList","@id":"https:\/\/www.noticiasradioreflejos.com.ar\/2021\/brillante-jornada-de-las-inferiores-de-automoto\/#breadcrumb","itemListElement":[{"@type":"ListItem","position":1,"name":"Portada","item":"https:\/\/www.noticiasradioreflejos.com.ar\/2021\/"},{"@type":"ListItem","position":2,"name":"Brillante jornada de las inferiores de Automoto"}]},{"@type":"WebSite","@id":"https:\/\/www.noticiasradioreflejos.com.ar\/2021\/#website","url":"https:\/\/www.noticiasradioreflejos.com.ar\/2021\/","name":"Noticias Radio Reflejos","description":"Las noticias de mi comarca","potentialAction":[{"@type":"SearchAction","target":{"@type":"EntryPoint","urlTemplate":"https:\/\/www.noticiasradioreflejos.com.ar\/2021\/?s={search_term_string}"},"query-input":{"@type":"PropertyValueSpecification","valueRequired":true,"valueName":"search_term_string"}}],"inLanguage":"es"},{"@type":"Person","@id":"https:\/\/www.noticiasradioreflejos.com.ar\/2021\/#\/schema\/person\/ad82545263dcc5ec0996818884fd5fb1","name":"Arnaldo Botto","image":{"@type":"ImageObject","inLanguage":"es","@id":"https:\/\/www.noticiasradioreflejos.com.ar\/2021\/#\/schema\/person\/image\/","url":"https:\/\/secure.gravatar.com\/avatar\/55cb5e37c1efa326397366e6974cb338056df65cb50e7d64d1cf314e87504837?s=96&d=mm&r=g","contentUrl":"https:\/\/secure.gravatar.com\/avatar\/55cb5e37c1efa326397366e6974cb338056df65cb50e7d64d1cf314e87504837?s=96&d=mm&r=g","caption":"Arnaldo Botto"},"url":"https:\/\/www.noticiasradioreflejos.com.ar\/2021\/author\/arnaldo\/"}]}},"_links":{"self":[{"href":"https:\/\/www.noticiasradioreflejos.com.ar\/2021\/wp-json\/wp\/v2\/posts\/19948","targetHints":{"allow":["GET"]}}],"collection":[{"href":"https:\/\/www.noticiasradioreflejos.com.ar\/2021\/wp-json\/wp\/v2\/posts"}],"about":[{"href":"https:\/\/www.noticiasradioreflejos.com.ar\/2021\/wp-json\/wp\/v2\/types\/post"}],"author":[{"embeddable":true,"href":"https:\/\/www.noticiasradioreflejos.com.ar\/2021\/wp-json\/wp\/v2\/users\/3"}],"replies":[{"embeddable":true,"href":"https:\/\/www.noticiasradioreflejos.com.ar\/2021\/wp-json\/wp\/v2\/comments?post=19948"}],"version-history":[{"count":0,"href":"https:\/\/www.noticiasradioreflejos.com.ar\/2021\/wp-json\/wp\/v2\/posts\/19948\/revisions"}],"wp:attachment":[{"href":"https:\/\/www.noticiasradioreflejos.com.ar\/2021\/wp-json\/wp\/v2\/media?parent=19948"}],"wp:term":[{"taxonomy":"category","embeddable":true,"href":"https:\/\/www.noticiasradioreflejos.com.ar\/2021\/wp-json\/wp\/v2\/categories?post=19948"},{"taxonomy":"post_tag","embeddable":true,"href":"https:\/\/www.noticiasradioreflejos.com.ar\/2021\/wp-json\/wp\/v2\/tags?post=19948"}],"curies":[{"name":"wp","href":"https:\/\/api.w.org\/{rel}","templated":true}]}}