{"id":19935,"date":"2018-03-19T10:02:08","date_gmt":"2018-03-19T13:02:08","guid":{"rendered":"http:\/\/www.noticiasradioreflejos.com.ar\/noticias\/?p=19935"},"modified":"2018-03-19T10:02:08","modified_gmt":"2018-03-19T13:02:08","slug":"taller-de-narrativa-2018","status":"publish","type":"post","link":"https:\/\/www.noticiasradioreflejos.com.ar\/2021\/taller-de-narrativa-2018\/","title":{"rendered":"Taller de Narrativa 2018."},"content":{"rendered":"<p>El Ministerio de Gesti\u00f3n Cultural de la Provincia de Buenos Aires, convoca al<br \/>\nTaller de Narrativa 2018. El mismo consistir\u00e1 en un taller pr\u00e1ctico online de abordaje del an\u00e1lisis y la correcci\u00f3n individual de ideas, identificando una an\u00e9cdota, que funcionar\u00e1 como disparador para la escritura de relatos de ficci\u00f3n con un g\u00e9nero escogido (realismo, terror, negro, ciencia ficci\u00f3n, rom\u00e1ntico, juvenil, infantil).<!--more--><br \/>\n<strong>Objetivos<\/strong><br \/>\nEl taller proporcionar\u00e1 un sistema de trabajo y los recursos anal\u00edticos, te\u00f3ricos y pr\u00e1cticos frente al relato escrito. Se buscar\u00e1 adquirir un manejo adecuado de las herramientas y recursos de la escritura de cuentos, la adquisici\u00f3n de capacidad de autocr\u00edtica, estimulando la creatividad en busca de un estilo y voz propia. Se facilitar\u00e1 la lectura de otros autores para la asimilaci\u00f3n de nuevas miradas. En caso de ser necesario se brindar\u00e1n elementos te\u00f3ricos (\u00f3ptica del narrador, estructura de los personajes, voz narrativa, nudos de conflictos y desarrollo de los cursos de acci\u00f3n) aplicados a los proyectos en proceso.<br \/>\n<strong>Requisitos<\/strong><br \/>\nDestinado a mayores de 18 (dieciocho) a\u00f1os con residencia comprobable en la Provincia de Buenos Aires, la que se probar\u00e1 con la presentaci\u00f3n del DNI en el que conste, siendo el \u00fanico medio admisible.<br \/>\nEl taller tiene un cupo de 10 (diez) participantes. Se podr\u00e1 presentar 1 (una) sola producci\u00f3n individual o de manera grupal. Solo se aceptar\u00e1 1 (una) producci\u00f3n por grupo.<br \/>\n<strong>Modalidad<\/strong><br \/>\nLa modalidad es cuatrimestral durante los meses de marzo, abril, mayo y junio 2018.<br \/>\n<strong>Inscripci\u00f3n<\/strong><br \/>\nV\u00eda mail a dirasistenciasartisticas1@gmail.com con asunto: TALLER DE NARRATIVA A DISTANCIA.<br \/>\nEn el cuerpo del mail se deber\u00e1 detallar: nombre\/s y apellido\/s, edad\/es y Municipio de la Provincia de Buenos Aires en el que residan.<br \/>\nPlazo de la convocatoria: desde el lunes 19 al mi\u00e9rcoles 28 de marzo de 2018 a las 18 hs.<br \/>\nAnuncio de seleccionados v\u00eda mail: a partir del lunes 03 de abril de 2018.<br \/>\n<strong>Consultas<\/strong><br \/>\nTel\u00e9fono: (0221) 482-7943 \/  427-0617<br \/>\nMail: dirasistenciasartisticas1@gmail.com<\/p>\n","protected":false},"excerpt":{"rendered":"<p>El Ministerio de Gesti\u00f3n Cultural de la Provincia de Buenos Aires, convoca al Taller de Narrativa 2018. El mismo consistir\u00e1 en un taller pr\u00e1ctico online de abordaje del an\u00e1lisis y la correcci\u00f3n individual de ideas, identificando una an\u00e9cdota, que funcionar\u00e1 como disparador para la escritura de relatos de ficci\u00f3n con un g\u00e9nero escogido (realismo, terror, [&hellip;]<\/p>\n","protected":false},"author":3,"featured_media":0,"comment_status":"closed","ping_status":"open","sticky":false,"template":"","format":"standard","meta":{"footnotes":""},"categories":[35],"tags":[],"class_list":["post-19935","post","type-post","status-publish","format-standard","hentry","category-cultura"],"yoast_head":"<!-- This site is optimized with the Yoast SEO plugin v25.9 - https:\/\/yoast.com\/wordpress\/plugins\/seo\/ -->\n<title>Taller de Narrativa 2018. - Noticias Radio Reflejos<\/title>\n<meta name=\"robots\" content=\"index, follow, max-snippet:-1, max-image-preview:large, max-video-preview:-1\" \/>\n<link rel=\"canonical\" href=\"https:\/\/www.noticiasradioreflejos.com.ar\/2021\/taller-de-narrativa-2018\/\" \/>\n<meta property=\"og:locale\" content=\"es_ES\" \/>\n<meta property=\"og:type\" content=\"article\" \/>\n<meta property=\"og:title\" content=\"Taller de Narrativa 2018. - Noticias Radio Reflejos\" \/>\n<meta property=\"og:description\" content=\"El Ministerio de Gesti\u00f3n Cultural de la Provincia de Buenos Aires, convoca al Taller de Narrativa 2018. El mismo consistir\u00e1 en un taller pr\u00e1ctico online de abordaje del an\u00e1lisis y la correcci\u00f3n individual de ideas, identificando una an\u00e9cdota, que funcionar\u00e1 como disparador para la escritura de relatos de ficci\u00f3n con un g\u00e9nero escogido (realismo, terror, [&hellip;]\" \/>\n<meta property=\"og:url\" content=\"https:\/\/www.noticiasradioreflejos.com.ar\/2021\/taller-de-narrativa-2018\/\" \/>\n<meta property=\"og:site_name\" content=\"Noticias Radio Reflejos\" \/>\n<meta property=\"article:published_time\" content=\"2018-03-19T13:02:08+00:00\" \/>\n<meta property=\"og:image\" content=\"https:\/\/www.noticiasradioreflejos.com.ar\/2021\/wp-content\/uploads\/2021\/07\/logosol300x200.png\" \/>\n\t<meta property=\"og:image:width\" content=\"300\" \/>\n\t<meta property=\"og:image:height\" content=\"200\" \/>\n\t<meta property=\"og:image:type\" content=\"image\/png\" \/>\n<meta name=\"author\" content=\"Arnaldo Botto\" \/>\n<meta name=\"twitter:card\" content=\"summary_large_image\" \/>\n<script type=\"application\/ld+json\" class=\"yoast-schema-graph\">{\"@context\":\"https:\/\/schema.org\",\"@graph\":[{\"@type\":\"WebPage\",\"@id\":\"https:\/\/www.noticiasradioreflejos.com.ar\/2021\/taller-de-narrativa-2018\/\",\"url\":\"https:\/\/www.noticiasradioreflejos.com.ar\/2021\/taller-de-narrativa-2018\/\",\"name\":\"Taller de Narrativa 2018. - Noticias Radio Reflejos\",\"isPartOf\":{\"@id\":\"https:\/\/www.noticiasradioreflejos.com.ar\/2021\/#website\"},\"datePublished\":\"2018-03-19T13:02:08+00:00\",\"author\":{\"@id\":\"https:\/\/www.noticiasradioreflejos.com.ar\/2021\/#\/schema\/person\/ad82545263dcc5ec0996818884fd5fb1\"},\"breadcrumb\":{\"@id\":\"https:\/\/www.noticiasradioreflejos.com.ar\/2021\/taller-de-narrativa-2018\/#breadcrumb\"},\"inLanguage\":\"es\",\"potentialAction\":[{\"@type\":\"ReadAction\",\"target\":[\"https:\/\/www.noticiasradioreflejos.com.ar\/2021\/taller-de-narrativa-2018\/\"]}]},{\"@type\":\"BreadcrumbList\",\"@id\":\"https:\/\/www.noticiasradioreflejos.com.ar\/2021\/taller-de-narrativa-2018\/#breadcrumb\",\"itemListElement\":[{\"@type\":\"ListItem\",\"position\":1,\"name\":\"Portada\",\"item\":\"https:\/\/www.noticiasradioreflejos.com.ar\/2021\/\"},{\"@type\":\"ListItem\",\"position\":2,\"name\":\"Taller de Narrativa 2018.\"}]},{\"@type\":\"WebSite\",\"@id\":\"https:\/\/www.noticiasradioreflejos.com.ar\/2021\/#website\",\"url\":\"https:\/\/www.noticiasradioreflejos.com.ar\/2021\/\",\"name\":\"Noticias Radio Reflejos\",\"description\":\"Las noticias de mi comarca\",\"potentialAction\":[{\"@type\":\"SearchAction\",\"target\":{\"@type\":\"EntryPoint\",\"urlTemplate\":\"https:\/\/www.noticiasradioreflejos.com.ar\/2021\/?s={search_term_string}\"},\"query-input\":{\"@type\":\"PropertyValueSpecification\",\"valueRequired\":true,\"valueName\":\"search_term_string\"}}],\"inLanguage\":\"es\"},{\"@type\":\"Person\",\"@id\":\"https:\/\/www.noticiasradioreflejos.com.ar\/2021\/#\/schema\/person\/ad82545263dcc5ec0996818884fd5fb1\",\"name\":\"Arnaldo Botto\",\"image\":{\"@type\":\"ImageObject\",\"inLanguage\":\"es\",\"@id\":\"https:\/\/www.noticiasradioreflejos.com.ar\/2021\/#\/schema\/person\/image\/\",\"url\":\"https:\/\/secure.gravatar.com\/avatar\/55cb5e37c1efa326397366e6974cb338056df65cb50e7d64d1cf314e87504837?s=96&d=mm&r=g\",\"contentUrl\":\"https:\/\/secure.gravatar.com\/avatar\/55cb5e37c1efa326397366e6974cb338056df65cb50e7d64d1cf314e87504837?s=96&d=mm&r=g\",\"caption\":\"Arnaldo Botto\"},\"url\":\"https:\/\/www.noticiasradioreflejos.com.ar\/2021\/author\/arnaldo\/\"}]}<\/script>\n<!-- \/ Yoast SEO plugin. -->","yoast_head_json":{"title":"Taller de Narrativa 2018. - Noticias Radio Reflejos","robots":{"index":"index","follow":"follow","max-snippet":"max-snippet:-1","max-image-preview":"max-image-preview:large","max-video-preview":"max-video-preview:-1"},"canonical":"https:\/\/www.noticiasradioreflejos.com.ar\/2021\/taller-de-narrativa-2018\/","og_locale":"es_ES","og_type":"article","og_title":"Taller de Narrativa 2018. - Noticias Radio Reflejos","og_description":"El Ministerio de Gesti\u00f3n Cultural de la Provincia de Buenos Aires, convoca al Taller de Narrativa 2018. El mismo consistir\u00e1 en un taller pr\u00e1ctico online de abordaje del an\u00e1lisis y la correcci\u00f3n individual de ideas, identificando una an\u00e9cdota, que funcionar\u00e1 como disparador para la escritura de relatos de ficci\u00f3n con un g\u00e9nero escogido (realismo, terror, [&hellip;]","og_url":"https:\/\/www.noticiasradioreflejos.com.ar\/2021\/taller-de-narrativa-2018\/","og_site_name":"Noticias Radio Reflejos","article_published_time":"2018-03-19T13:02:08+00:00","og_image":[{"width":300,"height":200,"url":"https:\/\/www.noticiasradioreflejos.com.ar\/2021\/wp-content\/uploads\/2021\/07\/logosol300x200.png","type":"image\/png"}],"author":"Arnaldo Botto","twitter_card":"summary_large_image","schema":{"@context":"https:\/\/schema.org","@graph":[{"@type":"WebPage","@id":"https:\/\/www.noticiasradioreflejos.com.ar\/2021\/taller-de-narrativa-2018\/","url":"https:\/\/www.noticiasradioreflejos.com.ar\/2021\/taller-de-narrativa-2018\/","name":"Taller de Narrativa 2018. - Noticias Radio Reflejos","isPartOf":{"@id":"https:\/\/www.noticiasradioreflejos.com.ar\/2021\/#website"},"datePublished":"2018-03-19T13:02:08+00:00","author":{"@id":"https:\/\/www.noticiasradioreflejos.com.ar\/2021\/#\/schema\/person\/ad82545263dcc5ec0996818884fd5fb1"},"breadcrumb":{"@id":"https:\/\/www.noticiasradioreflejos.com.ar\/2021\/taller-de-narrativa-2018\/#breadcrumb"},"inLanguage":"es","potentialAction":[{"@type":"ReadAction","target":["https:\/\/www.noticiasradioreflejos.com.ar\/2021\/taller-de-narrativa-2018\/"]}]},{"@type":"BreadcrumbList","@id":"https:\/\/www.noticiasradioreflejos.com.ar\/2021\/taller-de-narrativa-2018\/#breadcrumb","itemListElement":[{"@type":"ListItem","position":1,"name":"Portada","item":"https:\/\/www.noticiasradioreflejos.com.ar\/2021\/"},{"@type":"ListItem","position":2,"name":"Taller de Narrativa 2018."}]},{"@type":"WebSite","@id":"https:\/\/www.noticiasradioreflejos.com.ar\/2021\/#website","url":"https:\/\/www.noticiasradioreflejos.com.ar\/2021\/","name":"Noticias Radio Reflejos","description":"Las noticias de mi comarca","potentialAction":[{"@type":"SearchAction","target":{"@type":"EntryPoint","urlTemplate":"https:\/\/www.noticiasradioreflejos.com.ar\/2021\/?s={search_term_string}"},"query-input":{"@type":"PropertyValueSpecification","valueRequired":true,"valueName":"search_term_string"}}],"inLanguage":"es"},{"@type":"Person","@id":"https:\/\/www.noticiasradioreflejos.com.ar\/2021\/#\/schema\/person\/ad82545263dcc5ec0996818884fd5fb1","name":"Arnaldo Botto","image":{"@type":"ImageObject","inLanguage":"es","@id":"https:\/\/www.noticiasradioreflejos.com.ar\/2021\/#\/schema\/person\/image\/","url":"https:\/\/secure.gravatar.com\/avatar\/55cb5e37c1efa326397366e6974cb338056df65cb50e7d64d1cf314e87504837?s=96&d=mm&r=g","contentUrl":"https:\/\/secure.gravatar.com\/avatar\/55cb5e37c1efa326397366e6974cb338056df65cb50e7d64d1cf314e87504837?s=96&d=mm&r=g","caption":"Arnaldo Botto"},"url":"https:\/\/www.noticiasradioreflejos.com.ar\/2021\/author\/arnaldo\/"}]}},"_links":{"self":[{"href":"https:\/\/www.noticiasradioreflejos.com.ar\/2021\/wp-json\/wp\/v2\/posts\/19935","targetHints":{"allow":["GET"]}}],"collection":[{"href":"https:\/\/www.noticiasradioreflejos.com.ar\/2021\/wp-json\/wp\/v2\/posts"}],"about":[{"href":"https:\/\/www.noticiasradioreflejos.com.ar\/2021\/wp-json\/wp\/v2\/types\/post"}],"author":[{"embeddable":true,"href":"https:\/\/www.noticiasradioreflejos.com.ar\/2021\/wp-json\/wp\/v2\/users\/3"}],"replies":[{"embeddable":true,"href":"https:\/\/www.noticiasradioreflejos.com.ar\/2021\/wp-json\/wp\/v2\/comments?post=19935"}],"version-history":[{"count":0,"href":"https:\/\/www.noticiasradioreflejos.com.ar\/2021\/wp-json\/wp\/v2\/posts\/19935\/revisions"}],"wp:attachment":[{"href":"https:\/\/www.noticiasradioreflejos.com.ar\/2021\/wp-json\/wp\/v2\/media?parent=19935"}],"wp:term":[{"taxonomy":"category","embeddable":true,"href":"https:\/\/www.noticiasradioreflejos.com.ar\/2021\/wp-json\/wp\/v2\/categories?post=19935"},{"taxonomy":"post_tag","embeddable":true,"href":"https:\/\/www.noticiasradioreflejos.com.ar\/2021\/wp-json\/wp\/v2\/tags?post=19935"}],"curies":[{"name":"wp","href":"https:\/\/api.w.org\/{rel}","templated":true}]}}