{"id":19896,"date":"2018-03-17T11:33:03","date_gmt":"2018-03-17T14:33:03","guid":{"rendered":"http:\/\/www.noticiasradioreflejos.com.ar\/noticias\/?p=19896"},"modified":"2018-03-17T11:33:03","modified_gmt":"2018-03-17T14:33:03","slug":"fisa-2018-continua-hoy-un-plan-atractivo-para-toda-la-familia","status":"publish","type":"post","link":"https:\/\/www.noticiasradioreflejos.com.ar\/2021\/fisa-2018-continua-hoy-un-plan-atractivo-para-toda-la-familia\/","title":{"rendered":"FISA 2018 contin\u00faa hoy, un plan atractivo para toda la familia"},"content":{"rendered":"<p>Luego de una primera jornada de \u00e9xito con el cierre estelar de Axel, inicia el primer fin de semana de FISA 2018. Hoy a las 16 Pi\u00f1\u00f3n Fijo ser\u00e1 la atracci\u00f3n para toda la familia en lo que promete ser una feria para recordar.<br \/>\n<a href=\"http:\/\/farm1.staticflickr.com\/810\/25987474827_7336542c8b_z.jpg\" title=\"axel3\" rel=\"\"><img loading=\"lazy\" decoding=\"async\" src=\"http:\/\/farm1.staticflickr.com\/810\/25987474827_7336542c8b_z.jpg\" width=\"640\" height=\"359\" alt=\"axel3\" title=\"axel3\" class=\"aligncenter\"><\/a><!--more--><br \/>\n<a href=\"http:\/\/farm1.staticflickr.com\/817\/39965430585_be35b43ab4_z.jpg\" title=\"axel2\" rel=\"\"><img loading=\"lazy\" decoding=\"async\" src=\"http:\/\/farm1.staticflickr.com\/817\/39965430585_be35b43ab4_z.jpg\" width=\"640\" height=\"359\" alt=\"axel2\" title=\"axel2\" class=\"aligncenter\"><\/a><br \/>\n<a href=\"http:\/\/farm1.staticflickr.com\/800\/25987474907_fc4952d16a_z.jpg\" title=\"axel\" rel=\"\"><img loading=\"lazy\" decoding=\"async\" src=\"http:\/\/farm1.staticflickr.com\/800\/25987474907_fc4952d16a_z.jpg\" width=\"640\" height=\"359\" alt=\"axel\" title=\"axel\" class=\"aligncenter\"><\/a><br \/>\nLas m\u00e1s de 3000 personas que se hicieron presentes en el show del aclamado cantante, fueron el corolario del primer viernes de la tradicional cita de todos los bahienses, que este a\u00f1o se extiende a lo largo de dos fines de semana, con opciones para todos los gustos. Los m\u00e1s de 200 expositores son solo un condimento m\u00e1s que se suma a los shows que prometen hacer de esta edici\u00f3n una para recordar.<br \/>\nLa agenda de este fin de semana contin\u00faa con la participaci\u00f3n estelar de Pi\u00f1\u00f3n Fijo, un paseo imperdible para toda la familia.<br \/>\nAgendate ac\u00e1 todas las actividades:<br \/>\nS\u00e1bado 17: Pi\u00f1\u00f3n Fijo<br \/>\n# D\u00f3nde? Predio FISA<br \/>\n# Entrada general $100, menores de 12 y jubilados sin cargo!!<br \/>\n# La linea 500 te trae hasta el predio<br \/>\n\ud83d\udce3 Horario de Feria: Viernes de 13 a 21 hs y S\u00e1bado y Domingo de 11 a 21 hs<br \/>\nAdem\u00e1s..<br \/>\n# Rody Muskaripa, Mago Galo, Froozen y Hombre Ara\u00f1a para los m\u00e1s chiquitos<br \/>\n# A las 14hs Torneo de Asadores<br \/>\n# A las 18hs Charla \u00bb Introducci\u00f3n al Bitcoin y Blockchain\u00bb<br \/>\n# FISA VIVE \u00abEspecial Danza\u00bb<br \/>\n# A las 19 hs Grupo Buey<br \/>\n# M\u00f3vil DNI<br \/>\nDomingo 18: Banda Andina &#8211; Mejunje<br \/>\nViernes 23: Kapanga<br \/>\nS\u00e1bado 24: Improdelivery &#8211; El tren de Homero<br \/>\nDomingo 25: Radagast<\/p>\n","protected":false},"excerpt":{"rendered":"<p>Luego de una primera jornada de \u00e9xito con el cierre estelar de Axel, inicia el primer fin de semana de FISA 2018. Hoy a las 16 Pi\u00f1\u00f3n Fijo ser\u00e1 la atracci\u00f3n para toda la familia en lo que promete ser una feria para recordar.<\/p>\n","protected":false},"author":3,"featured_media":0,"comment_status":"closed","ping_status":"open","sticky":false,"template":"","format":"standard","meta":{"footnotes":""},"categories":[35],"tags":[],"class_list":["post-19896","post","type-post","status-publish","format-standard","hentry","category-cultura"],"yoast_head":"<!-- This site is optimized with the Yoast SEO plugin v25.9 - https:\/\/yoast.com\/wordpress\/plugins\/seo\/ -->\n<title>FISA 2018 contin\u00faa hoy, un plan atractivo para toda la familia - Noticias Radio Reflejos<\/title>\n<meta name=\"robots\" content=\"index, follow, max-snippet:-1, max-image-preview:large, max-video-preview:-1\" \/>\n<link rel=\"canonical\" href=\"https:\/\/www.noticiasradioreflejos.com.ar\/2021\/fisa-2018-continua-hoy-un-plan-atractivo-para-toda-la-familia\/\" \/>\n<meta property=\"og:locale\" content=\"es_ES\" \/>\n<meta property=\"og:type\" content=\"article\" \/>\n<meta property=\"og:title\" content=\"FISA 2018 contin\u00faa hoy, un plan atractivo para toda la familia - Noticias Radio Reflejos\" \/>\n<meta property=\"og:description\" content=\"Luego de una primera jornada de \u00e9xito con el cierre estelar de Axel, inicia el primer fin de semana de FISA 2018. Hoy a las 16 Pi\u00f1\u00f3n Fijo ser\u00e1 la atracci\u00f3n para toda la familia en lo que promete ser una feria para recordar.\" \/>\n<meta property=\"og:url\" content=\"https:\/\/www.noticiasradioreflejos.com.ar\/2021\/fisa-2018-continua-hoy-un-plan-atractivo-para-toda-la-familia\/\" \/>\n<meta property=\"og:site_name\" content=\"Noticias Radio Reflejos\" \/>\n<meta property=\"article:published_time\" content=\"2018-03-17T14:33:03+00:00\" \/>\n<meta property=\"og:image\" content=\"http:\/\/farm1.staticflickr.com\/810\/25987474827_7336542c8b_z.jpg\" \/>\n<meta name=\"author\" content=\"Arnaldo Botto\" \/>\n<meta name=\"twitter:card\" content=\"summary_large_image\" \/>\n<script type=\"application\/ld+json\" class=\"yoast-schema-graph\">{\"@context\":\"https:\/\/schema.org\",\"@graph\":[{\"@type\":\"WebPage\",\"@id\":\"https:\/\/www.noticiasradioreflejos.com.ar\/2021\/fisa-2018-continua-hoy-un-plan-atractivo-para-toda-la-familia\/\",\"url\":\"https:\/\/www.noticiasradioreflejos.com.ar\/2021\/fisa-2018-continua-hoy-un-plan-atractivo-para-toda-la-familia\/\",\"name\":\"FISA 2018 contin\u00faa hoy, un plan atractivo para toda la familia - Noticias Radio Reflejos\",\"isPartOf\":{\"@id\":\"https:\/\/www.noticiasradioreflejos.com.ar\/2021\/#website\"},\"primaryImageOfPage\":{\"@id\":\"https:\/\/www.noticiasradioreflejos.com.ar\/2021\/fisa-2018-continua-hoy-un-plan-atractivo-para-toda-la-familia\/#primaryimage\"},\"image\":{\"@id\":\"https:\/\/www.noticiasradioreflejos.com.ar\/2021\/fisa-2018-continua-hoy-un-plan-atractivo-para-toda-la-familia\/#primaryimage\"},\"thumbnailUrl\":\"http:\/\/farm1.staticflickr.com\/810\/25987474827_7336542c8b_z.jpg\",\"datePublished\":\"2018-03-17T14:33:03+00:00\",\"author\":{\"@id\":\"https:\/\/www.noticiasradioreflejos.com.ar\/2021\/#\/schema\/person\/ad82545263dcc5ec0996818884fd5fb1\"},\"breadcrumb\":{\"@id\":\"https:\/\/www.noticiasradioreflejos.com.ar\/2021\/fisa-2018-continua-hoy-un-plan-atractivo-para-toda-la-familia\/#breadcrumb\"},\"inLanguage\":\"es\",\"potentialAction\":[{\"@type\":\"ReadAction\",\"target\":[\"https:\/\/www.noticiasradioreflejos.com.ar\/2021\/fisa-2018-continua-hoy-un-plan-atractivo-para-toda-la-familia\/\"]}]},{\"@type\":\"ImageObject\",\"inLanguage\":\"es\",\"@id\":\"https:\/\/www.noticiasradioreflejos.com.ar\/2021\/fisa-2018-continua-hoy-un-plan-atractivo-para-toda-la-familia\/#primaryimage\",\"url\":\"http:\/\/farm1.staticflickr.com\/810\/25987474827_7336542c8b_z.jpg\",\"contentUrl\":\"http:\/\/farm1.staticflickr.com\/810\/25987474827_7336542c8b_z.jpg\"},{\"@type\":\"BreadcrumbList\",\"@id\":\"https:\/\/www.noticiasradioreflejos.com.ar\/2021\/fisa-2018-continua-hoy-un-plan-atractivo-para-toda-la-familia\/#breadcrumb\",\"itemListElement\":[{\"@type\":\"ListItem\",\"position\":1,\"name\":\"Portada\",\"item\":\"https:\/\/www.noticiasradioreflejos.com.ar\/2021\/\"},{\"@type\":\"ListItem\",\"position\":2,\"name\":\"FISA 2018 contin\u00faa hoy, un plan atractivo para toda la familia\"}]},{\"@type\":\"WebSite\",\"@id\":\"https:\/\/www.noticiasradioreflejos.com.ar\/2021\/#website\",\"url\":\"https:\/\/www.noticiasradioreflejos.com.ar\/2021\/\",\"name\":\"Noticias Radio Reflejos\",\"description\":\"Las noticias de mi comarca\",\"potentialAction\":[{\"@type\":\"SearchAction\",\"target\":{\"@type\":\"EntryPoint\",\"urlTemplate\":\"https:\/\/www.noticiasradioreflejos.com.ar\/2021\/?s={search_term_string}\"},\"query-input\":{\"@type\":\"PropertyValueSpecification\",\"valueRequired\":true,\"valueName\":\"search_term_string\"}}],\"inLanguage\":\"es\"},{\"@type\":\"Person\",\"@id\":\"https:\/\/www.noticiasradioreflejos.com.ar\/2021\/#\/schema\/person\/ad82545263dcc5ec0996818884fd5fb1\",\"name\":\"Arnaldo Botto\",\"image\":{\"@type\":\"ImageObject\",\"inLanguage\":\"es\",\"@id\":\"https:\/\/www.noticiasradioreflejos.com.ar\/2021\/#\/schema\/person\/image\/\",\"url\":\"https:\/\/secure.gravatar.com\/avatar\/55cb5e37c1efa326397366e6974cb338056df65cb50e7d64d1cf314e87504837?s=96&d=mm&r=g\",\"contentUrl\":\"https:\/\/secure.gravatar.com\/avatar\/55cb5e37c1efa326397366e6974cb338056df65cb50e7d64d1cf314e87504837?s=96&d=mm&r=g\",\"caption\":\"Arnaldo Botto\"},\"url\":\"https:\/\/www.noticiasradioreflejos.com.ar\/2021\/author\/arnaldo\/\"}]}<\/script>\n<!-- \/ Yoast SEO plugin. -->","yoast_head_json":{"title":"FISA 2018 contin\u00faa hoy, un plan atractivo para toda la familia - Noticias Radio Reflejos","robots":{"index":"index","follow":"follow","max-snippet":"max-snippet:-1","max-image-preview":"max-image-preview:large","max-video-preview":"max-video-preview:-1"},"canonical":"https:\/\/www.noticiasradioreflejos.com.ar\/2021\/fisa-2018-continua-hoy-un-plan-atractivo-para-toda-la-familia\/","og_locale":"es_ES","og_type":"article","og_title":"FISA 2018 contin\u00faa hoy, un plan atractivo para toda la familia - Noticias Radio Reflejos","og_description":"Luego de una primera jornada de \u00e9xito con el cierre estelar de Axel, inicia el primer fin de semana de FISA 2018. Hoy a las 16 Pi\u00f1\u00f3n Fijo ser\u00e1 la atracci\u00f3n para toda la familia en lo que promete ser una feria para recordar.","og_url":"https:\/\/www.noticiasradioreflejos.com.ar\/2021\/fisa-2018-continua-hoy-un-plan-atractivo-para-toda-la-familia\/","og_site_name":"Noticias Radio Reflejos","article_published_time":"2018-03-17T14:33:03+00:00","og_image":[{"url":"http:\/\/farm1.staticflickr.com\/810\/25987474827_7336542c8b_z.jpg","type":"","width":"","height":""}],"author":"Arnaldo Botto","twitter_card":"summary_large_image","schema":{"@context":"https:\/\/schema.org","@graph":[{"@type":"WebPage","@id":"https:\/\/www.noticiasradioreflejos.com.ar\/2021\/fisa-2018-continua-hoy-un-plan-atractivo-para-toda-la-familia\/","url":"https:\/\/www.noticiasradioreflejos.com.ar\/2021\/fisa-2018-continua-hoy-un-plan-atractivo-para-toda-la-familia\/","name":"FISA 2018 contin\u00faa hoy, un plan atractivo para toda la familia - Noticias Radio Reflejos","isPartOf":{"@id":"https:\/\/www.noticiasradioreflejos.com.ar\/2021\/#website"},"primaryImageOfPage":{"@id":"https:\/\/www.noticiasradioreflejos.com.ar\/2021\/fisa-2018-continua-hoy-un-plan-atractivo-para-toda-la-familia\/#primaryimage"},"image":{"@id":"https:\/\/www.noticiasradioreflejos.com.ar\/2021\/fisa-2018-continua-hoy-un-plan-atractivo-para-toda-la-familia\/#primaryimage"},"thumbnailUrl":"http:\/\/farm1.staticflickr.com\/810\/25987474827_7336542c8b_z.jpg","datePublished":"2018-03-17T14:33:03+00:00","author":{"@id":"https:\/\/www.noticiasradioreflejos.com.ar\/2021\/#\/schema\/person\/ad82545263dcc5ec0996818884fd5fb1"},"breadcrumb":{"@id":"https:\/\/www.noticiasradioreflejos.com.ar\/2021\/fisa-2018-continua-hoy-un-plan-atractivo-para-toda-la-familia\/#breadcrumb"},"inLanguage":"es","potentialAction":[{"@type":"ReadAction","target":["https:\/\/www.noticiasradioreflejos.com.ar\/2021\/fisa-2018-continua-hoy-un-plan-atractivo-para-toda-la-familia\/"]}]},{"@type":"ImageObject","inLanguage":"es","@id":"https:\/\/www.noticiasradioreflejos.com.ar\/2021\/fisa-2018-continua-hoy-un-plan-atractivo-para-toda-la-familia\/#primaryimage","url":"http:\/\/farm1.staticflickr.com\/810\/25987474827_7336542c8b_z.jpg","contentUrl":"http:\/\/farm1.staticflickr.com\/810\/25987474827_7336542c8b_z.jpg"},{"@type":"BreadcrumbList","@id":"https:\/\/www.noticiasradioreflejos.com.ar\/2021\/fisa-2018-continua-hoy-un-plan-atractivo-para-toda-la-familia\/#breadcrumb","itemListElement":[{"@type":"ListItem","position":1,"name":"Portada","item":"https:\/\/www.noticiasradioreflejos.com.ar\/2021\/"},{"@type":"ListItem","position":2,"name":"FISA 2018 contin\u00faa hoy, un plan atractivo para toda la familia"}]},{"@type":"WebSite","@id":"https:\/\/www.noticiasradioreflejos.com.ar\/2021\/#website","url":"https:\/\/www.noticiasradioreflejos.com.ar\/2021\/","name":"Noticias Radio Reflejos","description":"Las noticias de mi comarca","potentialAction":[{"@type":"SearchAction","target":{"@type":"EntryPoint","urlTemplate":"https:\/\/www.noticiasradioreflejos.com.ar\/2021\/?s={search_term_string}"},"query-input":{"@type":"PropertyValueSpecification","valueRequired":true,"valueName":"search_term_string"}}],"inLanguage":"es"},{"@type":"Person","@id":"https:\/\/www.noticiasradioreflejos.com.ar\/2021\/#\/schema\/person\/ad82545263dcc5ec0996818884fd5fb1","name":"Arnaldo Botto","image":{"@type":"ImageObject","inLanguage":"es","@id":"https:\/\/www.noticiasradioreflejos.com.ar\/2021\/#\/schema\/person\/image\/","url":"https:\/\/secure.gravatar.com\/avatar\/55cb5e37c1efa326397366e6974cb338056df65cb50e7d64d1cf314e87504837?s=96&d=mm&r=g","contentUrl":"https:\/\/secure.gravatar.com\/avatar\/55cb5e37c1efa326397366e6974cb338056df65cb50e7d64d1cf314e87504837?s=96&d=mm&r=g","caption":"Arnaldo Botto"},"url":"https:\/\/www.noticiasradioreflejos.com.ar\/2021\/author\/arnaldo\/"}]}},"_links":{"self":[{"href":"https:\/\/www.noticiasradioreflejos.com.ar\/2021\/wp-json\/wp\/v2\/posts\/19896","targetHints":{"allow":["GET"]}}],"collection":[{"href":"https:\/\/www.noticiasradioreflejos.com.ar\/2021\/wp-json\/wp\/v2\/posts"}],"about":[{"href":"https:\/\/www.noticiasradioreflejos.com.ar\/2021\/wp-json\/wp\/v2\/types\/post"}],"author":[{"embeddable":true,"href":"https:\/\/www.noticiasradioreflejos.com.ar\/2021\/wp-json\/wp\/v2\/users\/3"}],"replies":[{"embeddable":true,"href":"https:\/\/www.noticiasradioreflejos.com.ar\/2021\/wp-json\/wp\/v2\/comments?post=19896"}],"version-history":[{"count":0,"href":"https:\/\/www.noticiasradioreflejos.com.ar\/2021\/wp-json\/wp\/v2\/posts\/19896\/revisions"}],"wp:attachment":[{"href":"https:\/\/www.noticiasradioreflejos.com.ar\/2021\/wp-json\/wp\/v2\/media?parent=19896"}],"wp:term":[{"taxonomy":"category","embeddable":true,"href":"https:\/\/www.noticiasradioreflejos.com.ar\/2021\/wp-json\/wp\/v2\/categories?post=19896"},{"taxonomy":"post_tag","embeddable":true,"href":"https:\/\/www.noticiasradioreflejos.com.ar\/2021\/wp-json\/wp\/v2\/tags?post=19896"}],"curies":[{"name":"wp","href":"https:\/\/api.w.org\/{rel}","templated":true}]}}