{"id":19872,"date":"2018-03-16T01:27:11","date_gmt":"2018-03-16T04:27:11","guid":{"rendered":"http:\/\/www.noticiasradioreflejos.com.ar\/noticias\/?p=19872"},"modified":"2018-03-16T01:27:11","modified_gmt":"2018-03-16T04:27:11","slug":"todos-pensamos-que-un-tren-de-pasajeros-molestaria-si-realmente-es-asi-que-no-nos-mientan-sabemos-que-hay-detras-un-interes-economico","status":"publish","type":"post","link":"https:\/\/www.noticiasradioreflejos.com.ar\/2021\/todos-pensamos-que-un-tren-de-pasajeros-molestaria-si-realmente-es-asi-que-no-nos-mientan-sabemos-que-hay-detras-un-interes-economico\/","title":{"rendered":"&quot;Todos pensamos que un tren de pasajeros molestar\u00eda, si realmente es as\u00ed que no nos mientan, sabemos que hay detr\u00e1s un inter\u00e9s econ\u00f3mico&quot;."},"content":{"rendered":"<p>Nota a Dante Peralta, Integrante de Asoc. de Turismo comunitario de Saldungaray ATUCOS.<!--more--><br \/>\n\u00abJustamente hoy bueno, un poco emblem\u00e1tico digamos, el d\u00eda de hoy por lo que implica la fecha puntualmente, pero bueno, esto es una lucha, vamos a seguir avanzando en lo que podamos, creo que la instancia nuestra no termina ac\u00e1, tenemos que tratar de llegar un poquito mas arriba en esto, y yo creo que el pr\u00f3ximo objetivo una opini\u00f3n personal pero considero que tenemos que tratar de llegar a la gobernadora, o sino a Guillermo Dietrich, para poder ver de parte de ellos que respuesta nos dan a nuestro petitorio puntualmente, pero, ac\u00e1 estamos sumando fuerza, queremos que las estaciones sigan abiertas que es lo mas importante, que vuelva el tren, hay una linda movida, no solo la parte nuestra sino a nivel provincial, tambi\u00e9n se est\u00e1n movilizando a trav\u00e9s de la c\u00e1mara de diputados, hemos mandado diferentes petitorios, que hay mucha gente que esta afectada por esto, no solamente nosotros este ramal, sino que hay otros ramales que han cerrado que es realmente una pena, y bueno la lucha hay que seguirla, las decisiones ya est\u00e1n tomadas, capaz que revertir las decisiones pueda ser muy dif\u00edcil pero sigamos luchando para que esto no decaiga, y que nuevamente podamos tener el tren de pasajeros\u00bb.Expres\u00f3 Dante<br \/>\n\u00abEn la asamblea anterior se juntaron las autoridades, el intendente planteo lo que hab\u00eda hecho, todos valoramos mucho lo que ha podido hacer, por ah\u00ed se tiro un poco abajo diciendo que es el as de copas en todo esto, pero realmente es la fuerza viva que tenemos pol\u00edticamente, realmente es \u00e9l el que tendr\u00eda que tomar la manija y decir bueno vamos adelante con esto, y bueno quedo el compromiso de que iba a averiguar haber realmente que hab\u00eda pasado con el tema de si realmente hab\u00eda habido alguna investigaci\u00f3n t\u00e9cnica, en referente a lo que se plantea que las v\u00edas no est\u00e1n en condiciones, que eso nos queda a nosotros la duda porque si pasan tantos trenes de carga, como no vamos a poder tener tren de pasajeros, cosas que no nos terminan de cerrar, no creemos que sean las v\u00edas el motivo por el cual no podamos tener un tren de pasajeros, hay otros intereses, lo que planteamos nosotros y creemos es que ac\u00e1 prevalece un inter\u00e9s comercial sobre todo, sobre lo privado, por ese motivo podemos llegar a tener mas frecuencia de trenes de carga, creemos en la mayor\u00eda, todos pensamos que un tren de pasajeros molestar\u00eda, si realmente es as\u00ed que no nos mientan, vamos a las cosas como realmente son, sabemos que hay detr\u00e1s un inter\u00e9s puntual, un inter\u00e9s econ\u00f3mico detr\u00e1s de todo esto, queremos algo que es un servicio publico, mas all\u00e1 de que sea rentable o no, tenemos que tratar de seguir luchando en lo que podamos, agotaremos todas las instancias posibles, lo peor que nos puede pasar a los que estamos en esto es pensar que no haya una vuelta atr\u00e1s, al contrario no, esto tiene que seguir para adelante, tenemos que volver a tener el tren de pasajeros, y creo que en eso es en lo que tenemos que luchar, no podemos pensar que no lo vamos a volver a tener nunca mas, lucharemos hasta que podamos tener un tren de pasajeros\u00bb.<br \/>\nSe le pregunt\u00f3 si se sienten acompa\u00f1ados por las instituciones, a lo que Dante Peralta respondi\u00f3, \u00abSi, si, por suerte si\u00bb.<br \/>\n\u00abEl d\u00eda 12 y 13 de Mayo si no me equivoco, es el d\u00eda del monumento nacional, vamos a estar haciendo alg\u00fan espect\u00e1culo, en el portal en la delegaci\u00f3n, para revalorizar sus valores y haber si podemos incluir la estaci\u00f3n tambi\u00e9n para que se declare un monumento o bien un patrimonio cultural hist\u00f3rico, veremos que alcance le podemos dar, que categor\u00eda le podemos llegar a dar a la estaci\u00f3n, pero la idea es poderlo categorizar\u00bb. Finalizo.<br \/>\nNOTA COMPLETA:<br \/>\n<iframe loading=\"lazy\" src=\"https:\/\/w.soundcloud.com\/player\/?url=https%3A\/\/api.soundcloud.com\/tracks\/414381264&amp;color=%23ff5500&amp;auto_play=false&amp;hide_related=false&amp;show_comments=true&amp;show_user=true&amp;show_reposts=false&amp;show_teaser=true\" width=\"100%\" height=\"166\" frameborder=\"no\" scrolling=\"no\"><\/iframe><br \/>\n<a title=\"abrazo5\" href=\"http:\/\/farm1.staticflickr.com\/816\/26964688798_6bd7e782bd_z.jpg\" rel=\"\"><img loading=\"lazy\" decoding=\"async\" class=\"aligncenter\" title=\"abrazo5\" src=\"http:\/\/farm1.staticflickr.com\/816\/26964688798_6bd7e782bd_z.jpg\" alt=\"abrazo5\" width=\"640\" height=\"360\" \/><\/a><br \/>\n<a title=\"abrazo4\" href=\"http:\/\/farm5.staticflickr.com\/4772\/40792897532_fa77acc5a0_z.jpg\" rel=\"\"><img loading=\"lazy\" decoding=\"async\" class=\"aligncenter\" title=\"abrazo4\" src=\"http:\/\/farm5.staticflickr.com\/4772\/40792897532_fa77acc5a0_z.jpg\" alt=\"abrazo4\" width=\"640\" height=\"360\" \/><\/a><br \/>\n<a title=\"abrazo2\" href=\"http:\/\/farm1.staticflickr.com\/799\/26964689098_17d14a52aa_z.jpg\" rel=\"\"><img loading=\"lazy\" decoding=\"async\" class=\"aligncenter\" title=\"abrazo2\" src=\"http:\/\/farm1.staticflickr.com\/799\/26964689098_17d14a52aa_z.jpg\" alt=\"abrazo2\" width=\"640\" height=\"360\" \/><\/a><br \/>\n<a title=\"abrazo\" href=\"http:\/\/farm1.staticflickr.com\/813\/40792898222_941370c375_z.jpg\" rel=\"\"><img loading=\"lazy\" decoding=\"async\" class=\"aligncenter\" title=\"abrazo\" src=\"http:\/\/farm1.staticflickr.com\/813\/40792898222_941370c375_z.jpg\" alt=\"abrazo\" width=\"640\" height=\"360\" \/><\/a><\/p>\n","protected":false},"excerpt":{"rendered":"<p>Nota a Dante Peralta, Integrante de Asoc. de Turismo comunitario de Saldungaray ATUCOS.<\/p>\n","protected":false},"author":3,"featured_media":0,"comment_status":"closed","ping_status":"open","sticky":false,"template":"","format":"standard","meta":{"footnotes":""},"categories":[26],"tags":[],"class_list":["post-19872","post","type-post","status-publish","format-standard","hentry","category-sociedad"],"yoast_head":"<!-- This site is optimized with the Yoast SEO plugin v25.9 - https:\/\/yoast.com\/wordpress\/plugins\/seo\/ -->\n<title>&quot;Todos pensamos que un tren de pasajeros molestar\u00eda, si realmente es as\u00ed que no nos mientan, sabemos que hay detr\u00e1s un inter\u00e9s econ\u00f3mico&quot;. - Noticias Radio Reflejos<\/title>\n<meta name=\"robots\" content=\"index, follow, max-snippet:-1, max-image-preview:large, max-video-preview:-1\" \/>\n<link rel=\"canonical\" href=\"https:\/\/www.noticiasradioreflejos.com.ar\/2021\/todos-pensamos-que-un-tren-de-pasajeros-molestaria-si-realmente-es-asi-que-no-nos-mientan-sabemos-que-hay-detras-un-interes-economico\/\" \/>\n<meta property=\"og:locale\" content=\"es_ES\" \/>\n<meta property=\"og:type\" content=\"article\" \/>\n<meta property=\"og:title\" content=\"&quot;Todos pensamos que un tren de pasajeros molestar\u00eda, si realmente es as\u00ed que no nos mientan, sabemos que hay detr\u00e1s un inter\u00e9s econ\u00f3mico&quot;. - Noticias Radio Reflejos\" \/>\n<meta property=\"og:description\" content=\"Nota a Dante Peralta, Integrante de Asoc. de Turismo comunitario de Saldungaray ATUCOS.\" \/>\n<meta property=\"og:url\" content=\"https:\/\/www.noticiasradioreflejos.com.ar\/2021\/todos-pensamos-que-un-tren-de-pasajeros-molestaria-si-realmente-es-asi-que-no-nos-mientan-sabemos-que-hay-detras-un-interes-economico\/\" \/>\n<meta property=\"og:site_name\" content=\"Noticias Radio Reflejos\" \/>\n<meta property=\"article:published_time\" content=\"2018-03-16T04:27:11+00:00\" \/>\n<meta property=\"og:image\" content=\"http:\/\/farm1.staticflickr.com\/816\/26964688798_6bd7e782bd_z.jpg\" \/>\n<meta name=\"author\" content=\"Arnaldo Botto\" \/>\n<meta name=\"twitter:card\" content=\"summary_large_image\" \/>\n<script type=\"application\/ld+json\" class=\"yoast-schema-graph\">{\"@context\":\"https:\/\/schema.org\",\"@graph\":[{\"@type\":\"WebPage\",\"@id\":\"https:\/\/www.noticiasradioreflejos.com.ar\/2021\/todos-pensamos-que-un-tren-de-pasajeros-molestaria-si-realmente-es-asi-que-no-nos-mientan-sabemos-que-hay-detras-un-interes-economico\/\",\"url\":\"https:\/\/www.noticiasradioreflejos.com.ar\/2021\/todos-pensamos-que-un-tren-de-pasajeros-molestaria-si-realmente-es-asi-que-no-nos-mientan-sabemos-que-hay-detras-un-interes-economico\/\",\"name\":\"&quot;Todos pensamos que un tren de pasajeros molestar\u00eda, si realmente es as\u00ed que no nos mientan, sabemos que hay detr\u00e1s un inter\u00e9s econ\u00f3mico&quot;. - Noticias Radio Reflejos\",\"isPartOf\":{\"@id\":\"https:\/\/www.noticiasradioreflejos.com.ar\/2021\/#website\"},\"primaryImageOfPage\":{\"@id\":\"https:\/\/www.noticiasradioreflejos.com.ar\/2021\/todos-pensamos-que-un-tren-de-pasajeros-molestaria-si-realmente-es-asi-que-no-nos-mientan-sabemos-que-hay-detras-un-interes-economico\/#primaryimage\"},\"image\":{\"@id\":\"https:\/\/www.noticiasradioreflejos.com.ar\/2021\/todos-pensamos-que-un-tren-de-pasajeros-molestaria-si-realmente-es-asi-que-no-nos-mientan-sabemos-que-hay-detras-un-interes-economico\/#primaryimage\"},\"thumbnailUrl\":\"http:\/\/farm1.staticflickr.com\/816\/26964688798_6bd7e782bd_z.jpg\",\"datePublished\":\"2018-03-16T04:27:11+00:00\",\"author\":{\"@id\":\"https:\/\/www.noticiasradioreflejos.com.ar\/2021\/#\/schema\/person\/ad82545263dcc5ec0996818884fd5fb1\"},\"breadcrumb\":{\"@id\":\"https:\/\/www.noticiasradioreflejos.com.ar\/2021\/todos-pensamos-que-un-tren-de-pasajeros-molestaria-si-realmente-es-asi-que-no-nos-mientan-sabemos-que-hay-detras-un-interes-economico\/#breadcrumb\"},\"inLanguage\":\"es\",\"potentialAction\":[{\"@type\":\"ReadAction\",\"target\":[\"https:\/\/www.noticiasradioreflejos.com.ar\/2021\/todos-pensamos-que-un-tren-de-pasajeros-molestaria-si-realmente-es-asi-que-no-nos-mientan-sabemos-que-hay-detras-un-interes-economico\/\"]}]},{\"@type\":\"ImageObject\",\"inLanguage\":\"es\",\"@id\":\"https:\/\/www.noticiasradioreflejos.com.ar\/2021\/todos-pensamos-que-un-tren-de-pasajeros-molestaria-si-realmente-es-asi-que-no-nos-mientan-sabemos-que-hay-detras-un-interes-economico\/#primaryimage\",\"url\":\"http:\/\/farm1.staticflickr.com\/816\/26964688798_6bd7e782bd_z.jpg\",\"contentUrl\":\"http:\/\/farm1.staticflickr.com\/816\/26964688798_6bd7e782bd_z.jpg\"},{\"@type\":\"BreadcrumbList\",\"@id\":\"https:\/\/www.noticiasradioreflejos.com.ar\/2021\/todos-pensamos-que-un-tren-de-pasajeros-molestaria-si-realmente-es-asi-que-no-nos-mientan-sabemos-que-hay-detras-un-interes-economico\/#breadcrumb\",\"itemListElement\":[{\"@type\":\"ListItem\",\"position\":1,\"name\":\"Portada\",\"item\":\"https:\/\/www.noticiasradioreflejos.com.ar\/2021\/\"},{\"@type\":\"ListItem\",\"position\":2,\"name\":\"&quot;Todos pensamos que un tren de pasajeros molestar\u00eda, si realmente es as\u00ed que no nos mientan, sabemos que hay detr\u00e1s un inter\u00e9s econ\u00f3mico&quot;.\"}]},{\"@type\":\"WebSite\",\"@id\":\"https:\/\/www.noticiasradioreflejos.com.ar\/2021\/#website\",\"url\":\"https:\/\/www.noticiasradioreflejos.com.ar\/2021\/\",\"name\":\"Noticias Radio Reflejos\",\"description\":\"Las noticias de mi comarca\",\"potentialAction\":[{\"@type\":\"SearchAction\",\"target\":{\"@type\":\"EntryPoint\",\"urlTemplate\":\"https:\/\/www.noticiasradioreflejos.com.ar\/2021\/?s={search_term_string}\"},\"query-input\":{\"@type\":\"PropertyValueSpecification\",\"valueRequired\":true,\"valueName\":\"search_term_string\"}}],\"inLanguage\":\"es\"},{\"@type\":\"Person\",\"@id\":\"https:\/\/www.noticiasradioreflejos.com.ar\/2021\/#\/schema\/person\/ad82545263dcc5ec0996818884fd5fb1\",\"name\":\"Arnaldo Botto\",\"image\":{\"@type\":\"ImageObject\",\"inLanguage\":\"es\",\"@id\":\"https:\/\/www.noticiasradioreflejos.com.ar\/2021\/#\/schema\/person\/image\/\",\"url\":\"https:\/\/secure.gravatar.com\/avatar\/55cb5e37c1efa326397366e6974cb338056df65cb50e7d64d1cf314e87504837?s=96&d=mm&r=g\",\"contentUrl\":\"https:\/\/secure.gravatar.com\/avatar\/55cb5e37c1efa326397366e6974cb338056df65cb50e7d64d1cf314e87504837?s=96&d=mm&r=g\",\"caption\":\"Arnaldo Botto\"},\"url\":\"https:\/\/www.noticiasradioreflejos.com.ar\/2021\/author\/arnaldo\/\"}]}<\/script>\n<!-- \/ Yoast SEO plugin. -->","yoast_head_json":{"title":"&quot;Todos pensamos que un tren de pasajeros molestar\u00eda, si realmente es as\u00ed que no nos mientan, sabemos que hay detr\u00e1s un inter\u00e9s econ\u00f3mico&quot;. - Noticias Radio Reflejos","robots":{"index":"index","follow":"follow","max-snippet":"max-snippet:-1","max-image-preview":"max-image-preview:large","max-video-preview":"max-video-preview:-1"},"canonical":"https:\/\/www.noticiasradioreflejos.com.ar\/2021\/todos-pensamos-que-un-tren-de-pasajeros-molestaria-si-realmente-es-asi-que-no-nos-mientan-sabemos-que-hay-detras-un-interes-economico\/","og_locale":"es_ES","og_type":"article","og_title":"&quot;Todos pensamos que un tren de pasajeros molestar\u00eda, si realmente es as\u00ed que no nos mientan, sabemos que hay detr\u00e1s un inter\u00e9s econ\u00f3mico&quot;. - Noticias Radio Reflejos","og_description":"Nota a Dante Peralta, Integrante de Asoc. de Turismo comunitario de Saldungaray ATUCOS.","og_url":"https:\/\/www.noticiasradioreflejos.com.ar\/2021\/todos-pensamos-que-un-tren-de-pasajeros-molestaria-si-realmente-es-asi-que-no-nos-mientan-sabemos-que-hay-detras-un-interes-economico\/","og_site_name":"Noticias Radio Reflejos","article_published_time":"2018-03-16T04:27:11+00:00","og_image":[{"url":"http:\/\/farm1.staticflickr.com\/816\/26964688798_6bd7e782bd_z.jpg","type":"","width":"","height":""}],"author":"Arnaldo Botto","twitter_card":"summary_large_image","schema":{"@context":"https:\/\/schema.org","@graph":[{"@type":"WebPage","@id":"https:\/\/www.noticiasradioreflejos.com.ar\/2021\/todos-pensamos-que-un-tren-de-pasajeros-molestaria-si-realmente-es-asi-que-no-nos-mientan-sabemos-que-hay-detras-un-interes-economico\/","url":"https:\/\/www.noticiasradioreflejos.com.ar\/2021\/todos-pensamos-que-un-tren-de-pasajeros-molestaria-si-realmente-es-asi-que-no-nos-mientan-sabemos-que-hay-detras-un-interes-economico\/","name":"&quot;Todos pensamos que un tren de pasajeros molestar\u00eda, si realmente es as\u00ed que no nos mientan, sabemos que hay detr\u00e1s un inter\u00e9s econ\u00f3mico&quot;. - Noticias Radio Reflejos","isPartOf":{"@id":"https:\/\/www.noticiasradioreflejos.com.ar\/2021\/#website"},"primaryImageOfPage":{"@id":"https:\/\/www.noticiasradioreflejos.com.ar\/2021\/todos-pensamos-que-un-tren-de-pasajeros-molestaria-si-realmente-es-asi-que-no-nos-mientan-sabemos-que-hay-detras-un-interes-economico\/#primaryimage"},"image":{"@id":"https:\/\/www.noticiasradioreflejos.com.ar\/2021\/todos-pensamos-que-un-tren-de-pasajeros-molestaria-si-realmente-es-asi-que-no-nos-mientan-sabemos-que-hay-detras-un-interes-economico\/#primaryimage"},"thumbnailUrl":"http:\/\/farm1.staticflickr.com\/816\/26964688798_6bd7e782bd_z.jpg","datePublished":"2018-03-16T04:27:11+00:00","author":{"@id":"https:\/\/www.noticiasradioreflejos.com.ar\/2021\/#\/schema\/person\/ad82545263dcc5ec0996818884fd5fb1"},"breadcrumb":{"@id":"https:\/\/www.noticiasradioreflejos.com.ar\/2021\/todos-pensamos-que-un-tren-de-pasajeros-molestaria-si-realmente-es-asi-que-no-nos-mientan-sabemos-que-hay-detras-un-interes-economico\/#breadcrumb"},"inLanguage":"es","potentialAction":[{"@type":"ReadAction","target":["https:\/\/www.noticiasradioreflejos.com.ar\/2021\/todos-pensamos-que-un-tren-de-pasajeros-molestaria-si-realmente-es-asi-que-no-nos-mientan-sabemos-que-hay-detras-un-interes-economico\/"]}]},{"@type":"ImageObject","inLanguage":"es","@id":"https:\/\/www.noticiasradioreflejos.com.ar\/2021\/todos-pensamos-que-un-tren-de-pasajeros-molestaria-si-realmente-es-asi-que-no-nos-mientan-sabemos-que-hay-detras-un-interes-economico\/#primaryimage","url":"http:\/\/farm1.staticflickr.com\/816\/26964688798_6bd7e782bd_z.jpg","contentUrl":"http:\/\/farm1.staticflickr.com\/816\/26964688798_6bd7e782bd_z.jpg"},{"@type":"BreadcrumbList","@id":"https:\/\/www.noticiasradioreflejos.com.ar\/2021\/todos-pensamos-que-un-tren-de-pasajeros-molestaria-si-realmente-es-asi-que-no-nos-mientan-sabemos-que-hay-detras-un-interes-economico\/#breadcrumb","itemListElement":[{"@type":"ListItem","position":1,"name":"Portada","item":"https:\/\/www.noticiasradioreflejos.com.ar\/2021\/"},{"@type":"ListItem","position":2,"name":"&quot;Todos pensamos que un tren de pasajeros molestar\u00eda, si realmente es as\u00ed que no nos mientan, sabemos que hay detr\u00e1s un inter\u00e9s econ\u00f3mico&quot;."}]},{"@type":"WebSite","@id":"https:\/\/www.noticiasradioreflejos.com.ar\/2021\/#website","url":"https:\/\/www.noticiasradioreflejos.com.ar\/2021\/","name":"Noticias Radio Reflejos","description":"Las noticias de mi comarca","potentialAction":[{"@type":"SearchAction","target":{"@type":"EntryPoint","urlTemplate":"https:\/\/www.noticiasradioreflejos.com.ar\/2021\/?s={search_term_string}"},"query-input":{"@type":"PropertyValueSpecification","valueRequired":true,"valueName":"search_term_string"}}],"inLanguage":"es"},{"@type":"Person","@id":"https:\/\/www.noticiasradioreflejos.com.ar\/2021\/#\/schema\/person\/ad82545263dcc5ec0996818884fd5fb1","name":"Arnaldo Botto","image":{"@type":"ImageObject","inLanguage":"es","@id":"https:\/\/www.noticiasradioreflejos.com.ar\/2021\/#\/schema\/person\/image\/","url":"https:\/\/secure.gravatar.com\/avatar\/55cb5e37c1efa326397366e6974cb338056df65cb50e7d64d1cf314e87504837?s=96&d=mm&r=g","contentUrl":"https:\/\/secure.gravatar.com\/avatar\/55cb5e37c1efa326397366e6974cb338056df65cb50e7d64d1cf314e87504837?s=96&d=mm&r=g","caption":"Arnaldo Botto"},"url":"https:\/\/www.noticiasradioreflejos.com.ar\/2021\/author\/arnaldo\/"}]}},"_links":{"self":[{"href":"https:\/\/www.noticiasradioreflejos.com.ar\/2021\/wp-json\/wp\/v2\/posts\/19872","targetHints":{"allow":["GET"]}}],"collection":[{"href":"https:\/\/www.noticiasradioreflejos.com.ar\/2021\/wp-json\/wp\/v2\/posts"}],"about":[{"href":"https:\/\/www.noticiasradioreflejos.com.ar\/2021\/wp-json\/wp\/v2\/types\/post"}],"author":[{"embeddable":true,"href":"https:\/\/www.noticiasradioreflejos.com.ar\/2021\/wp-json\/wp\/v2\/users\/3"}],"replies":[{"embeddable":true,"href":"https:\/\/www.noticiasradioreflejos.com.ar\/2021\/wp-json\/wp\/v2\/comments?post=19872"}],"version-history":[{"count":0,"href":"https:\/\/www.noticiasradioreflejos.com.ar\/2021\/wp-json\/wp\/v2\/posts\/19872\/revisions"}],"wp:attachment":[{"href":"https:\/\/www.noticiasradioreflejos.com.ar\/2021\/wp-json\/wp\/v2\/media?parent=19872"}],"wp:term":[{"taxonomy":"category","embeddable":true,"href":"https:\/\/www.noticiasradioreflejos.com.ar\/2021\/wp-json\/wp\/v2\/categories?post=19872"},{"taxonomy":"post_tag","embeddable":true,"href":"https:\/\/www.noticiasradioreflejos.com.ar\/2021\/wp-json\/wp\/v2\/tags?post=19872"}],"curies":[{"name":"wp","href":"https:\/\/api.w.org\/{rel}","templated":true}]}}