{"id":19865,"date":"2018-03-16T00:33:24","date_gmt":"2018-03-16T03:33:24","guid":{"rendered":"http:\/\/www.noticiasradioreflejos.com.ar\/noticias\/?p=19865"},"modified":"2018-03-16T00:33:24","modified_gmt":"2018-03-16T03:33:24","slug":"que-se-sepa-que-los-pueblos-estamos-movilizados-que-estamos-luchando-por-preservar-nuestro-patrimonio-historico-y-cultural","status":"publish","type":"post","link":"https:\/\/www.noticiasradioreflejos.com.ar\/2021\/que-se-sepa-que-los-pueblos-estamos-movilizados-que-estamos-luchando-por-preservar-nuestro-patrimonio-historico-y-cultural\/","title":{"rendered":"&quot;Que se sepa que los pueblos estamos movilizados, que estamos luchando por preservar nuestro patrimonio hist\u00f3rico y cultural&quot;."},"content":{"rendered":"<p>Presidente y Vice de la C\u00e1mara de Comercio de Sierra de la Ventana, CAMCOTISAS se hicieron presentes en el abrazo a la estaci\u00f3n Ferroviaria de Sierra de la Ventana uni\u00e9ndose y acompa\u00f1ando el Reclamo #Quevuelvaeltren.<!--more--><br \/>\n\u00abEn este caso estamos presentes desde la c\u00e1mara de comercio, junto a Marcela Giacon\u00eda la vicepresidente en estos momentos, acompa\u00f1ando todas las iniciativas, apoyando todas las gestiones, tambi\u00e9n desde nuestro lugar, a trav\u00e9s de la federaci\u00f3n econ\u00f3mica de Buenos Aires, se han hecho reclamos puntuales frente a distintas autoridades, como para que esto llegue, que se sepa, independientemente de la resoluci\u00f3n que se tome, posteriormente la idea es que se sepa que los pueblos estamos movilizados, que estamos luchando por preservar nuestro patrimonio hist\u00f3rico y cultural en cada una de las estaciones que hoy se cierran definitivamente creo que son 104, en toda la provincia de Buenos Aires, y en defensa de los miles de puestos de trabajo que tambi\u00e9n quedan cesantes\u00bb Expres\u00f3 Micaela Costas<br \/>\n\u00abY ademas el servicio por supuesto, que nosotros ya hace 1 a\u00f1o y medio que venimos gestionando diferentes caminos de reclamos, sin ninguna respuesta formal y efectiva, pero bueno eso no quita que se siga reclamando y pidiendo por la restauraci\u00f3n del servicio de pasajeros\u00bb, expres\u00f3 Marcela Giacon\u00eda<br \/>\nSe le pregunt\u00f3 si hizo falta mucha consulta entre los asociados de la c\u00e1mara para tener una respuesta y un respaldo como el que dieron, a lo que Giacon\u00eda respondi\u00f3, \u00abNo, no, est\u00e1n todos de acuerdo, estamos todos de acuerdo en que el servicio no se tendr\u00eda que haber levantado, y en esta lucha que por supuesto apoyamos a la asamblea y las gestiones que viene haciendo el intendente, para que bueno, desde naci\u00f3n ya se tomo la decisi\u00f3n, pero bueno no obstante eso seguimos solicitando que vuelva el servicio, y creo que va a ser una constante de todos los pueblos, creo que esto la ultima palabra no esta dicha todav\u00eda, a corto plazo si, pero, esto tenemos que seguir luchando y bregando por que vuelva el servicio de pasajeros\u00bb.<br \/>\nTambi\u00e9n se les consult\u00f3 sobre que les pareci\u00f3 la idea de que la estaci\u00f3n se mantenga abierta, si fue una buena decisi\u00f3n, a lo que respondieron \u00abSi, por supuesto, creemos que fue una decisi\u00f3n muy atino, muy a tiempo, r\u00e1pida, que nos genero a nosotros tambi\u00e9n un respaldo, uno sabe que el municipio apoya todas estas gestiones, que desde sus posibilidades y sus canales gestionara el reclamo correspondiente, y bueno eso nos dio a todas las instituciones el \u00edmpetu para apoyar con todas nuestras fuerzas este reclamo que es de todos, ojala en alg\u00fan momento se escuchen a los pueblos del interior\u00bb<br \/>\nNOTA COMPLETA:<br \/>\n<iframe loading=\"lazy\" src=\"https:\/\/w.soundcloud.com\/player\/?url=https%3A\/\/api.soundcloud.com\/tracks\/414378585&amp;color=%23ff5500&amp;auto_play=false&amp;hide_related=false&amp;show_comments=true&amp;show_user=true&amp;show_reposts=false&amp;show_teaser=true\" width=\"100%\" height=\"166\" frameborder=\"no\" scrolling=\"no\"><\/iframe><br \/>\n<a title=\"11830024\" href=\"http:\/\/farm1.staticflickr.com\/804\/26962536778_c1dc1c1bdf_z.jpg\" rel=\"\"><img loading=\"lazy\" decoding=\"async\" class=\"aligncenter\" title=\"11830024\" src=\"http:\/\/farm1.staticflickr.com\/804\/26962536778_c1dc1c1bdf_z.jpg\" alt=\"11830024\" width=\"640\" height=\"360\" \/><\/a><br \/>\n<a title=\"11830023\" href=\"http:\/\/farm5.staticflickr.com\/4778\/40123508424_cff7524661_z.jpg\" rel=\"\"><img loading=\"lazy\" decoding=\"async\" class=\"aligncenter\" title=\"11830023\" src=\"http:\/\/farm5.staticflickr.com\/4778\/40123508424_cff7524661_z.jpg\" alt=\"11830023\" width=\"640\" height=\"360\" \/><\/a><br \/>\n<a title=\"11830015\" href=\"http:\/\/farm5.staticflickr.com\/4780\/40123515144_0ee856775c_z.jpg\" rel=\"\"><img loading=\"lazy\" decoding=\"async\" class=\"aligncenter\" title=\"11830015\" src=\"http:\/\/farm5.staticflickr.com\/4780\/40123515144_0ee856775c_z.jpg\" alt=\"11830015\" width=\"640\" height=\"360\" \/><\/a><\/p>\n","protected":false},"excerpt":{"rendered":"<p>Presidente y Vice de la C\u00e1mara de Comercio de Sierra de la Ventana, CAMCOTISAS se hicieron presentes en el abrazo a la estaci\u00f3n Ferroviaria de Sierra de la Ventana uni\u00e9ndose y acompa\u00f1ando el Reclamo #Quevuelvaeltren.<\/p>\n","protected":false},"author":3,"featured_media":0,"comment_status":"closed","ping_status":"open","sticky":false,"template":"","format":"standard","meta":{"footnotes":""},"categories":[26],"tags":[],"class_list":["post-19865","post","type-post","status-publish","format-standard","hentry","category-sociedad"],"yoast_head":"<!-- This site is optimized with the Yoast SEO plugin v25.9 - https:\/\/yoast.com\/wordpress\/plugins\/seo\/ -->\n<title>&quot;Que se sepa que los pueblos estamos movilizados, que estamos luchando por preservar nuestro patrimonio hist\u00f3rico y cultural&quot;. - Noticias Radio Reflejos<\/title>\n<meta name=\"robots\" content=\"index, follow, max-snippet:-1, max-image-preview:large, max-video-preview:-1\" \/>\n<link rel=\"canonical\" href=\"https:\/\/www.noticiasradioreflejos.com.ar\/2021\/que-se-sepa-que-los-pueblos-estamos-movilizados-que-estamos-luchando-por-preservar-nuestro-patrimonio-historico-y-cultural\/\" \/>\n<meta property=\"og:locale\" content=\"es_ES\" \/>\n<meta property=\"og:type\" content=\"article\" \/>\n<meta property=\"og:title\" content=\"&quot;Que se sepa que los pueblos estamos movilizados, que estamos luchando por preservar nuestro patrimonio hist\u00f3rico y cultural&quot;. - Noticias Radio Reflejos\" \/>\n<meta property=\"og:description\" content=\"Presidente y Vice de la C\u00e1mara de Comercio de Sierra de la Ventana, CAMCOTISAS se hicieron presentes en el abrazo a la estaci\u00f3n Ferroviaria de Sierra de la Ventana uni\u00e9ndose y acompa\u00f1ando el Reclamo #Quevuelvaeltren.\" \/>\n<meta property=\"og:url\" content=\"https:\/\/www.noticiasradioreflejos.com.ar\/2021\/que-se-sepa-que-los-pueblos-estamos-movilizados-que-estamos-luchando-por-preservar-nuestro-patrimonio-historico-y-cultural\/\" \/>\n<meta property=\"og:site_name\" content=\"Noticias Radio Reflejos\" \/>\n<meta property=\"article:published_time\" content=\"2018-03-16T03:33:24+00:00\" \/>\n<meta property=\"og:image\" content=\"http:\/\/farm1.staticflickr.com\/804\/26962536778_c1dc1c1bdf_z.jpg\" \/>\n<meta name=\"author\" content=\"Arnaldo Botto\" \/>\n<meta name=\"twitter:card\" content=\"summary_large_image\" \/>\n<script type=\"application\/ld+json\" class=\"yoast-schema-graph\">{\"@context\":\"https:\/\/schema.org\",\"@graph\":[{\"@type\":\"WebPage\",\"@id\":\"https:\/\/www.noticiasradioreflejos.com.ar\/2021\/que-se-sepa-que-los-pueblos-estamos-movilizados-que-estamos-luchando-por-preservar-nuestro-patrimonio-historico-y-cultural\/\",\"url\":\"https:\/\/www.noticiasradioreflejos.com.ar\/2021\/que-se-sepa-que-los-pueblos-estamos-movilizados-que-estamos-luchando-por-preservar-nuestro-patrimonio-historico-y-cultural\/\",\"name\":\"&quot;Que se sepa que los pueblos estamos movilizados, que estamos luchando por preservar nuestro patrimonio hist\u00f3rico y cultural&quot;. - Noticias Radio Reflejos\",\"isPartOf\":{\"@id\":\"https:\/\/www.noticiasradioreflejos.com.ar\/2021\/#website\"},\"primaryImageOfPage\":{\"@id\":\"https:\/\/www.noticiasradioreflejos.com.ar\/2021\/que-se-sepa-que-los-pueblos-estamos-movilizados-que-estamos-luchando-por-preservar-nuestro-patrimonio-historico-y-cultural\/#primaryimage\"},\"image\":{\"@id\":\"https:\/\/www.noticiasradioreflejos.com.ar\/2021\/que-se-sepa-que-los-pueblos-estamos-movilizados-que-estamos-luchando-por-preservar-nuestro-patrimonio-historico-y-cultural\/#primaryimage\"},\"thumbnailUrl\":\"http:\/\/farm1.staticflickr.com\/804\/26962536778_c1dc1c1bdf_z.jpg\",\"datePublished\":\"2018-03-16T03:33:24+00:00\",\"author\":{\"@id\":\"https:\/\/www.noticiasradioreflejos.com.ar\/2021\/#\/schema\/person\/ad82545263dcc5ec0996818884fd5fb1\"},\"breadcrumb\":{\"@id\":\"https:\/\/www.noticiasradioreflejos.com.ar\/2021\/que-se-sepa-que-los-pueblos-estamos-movilizados-que-estamos-luchando-por-preservar-nuestro-patrimonio-historico-y-cultural\/#breadcrumb\"},\"inLanguage\":\"es\",\"potentialAction\":[{\"@type\":\"ReadAction\",\"target\":[\"https:\/\/www.noticiasradioreflejos.com.ar\/2021\/que-se-sepa-que-los-pueblos-estamos-movilizados-que-estamos-luchando-por-preservar-nuestro-patrimonio-historico-y-cultural\/\"]}]},{\"@type\":\"ImageObject\",\"inLanguage\":\"es\",\"@id\":\"https:\/\/www.noticiasradioreflejos.com.ar\/2021\/que-se-sepa-que-los-pueblos-estamos-movilizados-que-estamos-luchando-por-preservar-nuestro-patrimonio-historico-y-cultural\/#primaryimage\",\"url\":\"http:\/\/farm1.staticflickr.com\/804\/26962536778_c1dc1c1bdf_z.jpg\",\"contentUrl\":\"http:\/\/farm1.staticflickr.com\/804\/26962536778_c1dc1c1bdf_z.jpg\"},{\"@type\":\"BreadcrumbList\",\"@id\":\"https:\/\/www.noticiasradioreflejos.com.ar\/2021\/que-se-sepa-que-los-pueblos-estamos-movilizados-que-estamos-luchando-por-preservar-nuestro-patrimonio-historico-y-cultural\/#breadcrumb\",\"itemListElement\":[{\"@type\":\"ListItem\",\"position\":1,\"name\":\"Portada\",\"item\":\"https:\/\/www.noticiasradioreflejos.com.ar\/2021\/\"},{\"@type\":\"ListItem\",\"position\":2,\"name\":\"&quot;Que se sepa que los pueblos estamos movilizados, que estamos luchando por preservar nuestro patrimonio hist\u00f3rico y cultural&quot;.\"}]},{\"@type\":\"WebSite\",\"@id\":\"https:\/\/www.noticiasradioreflejos.com.ar\/2021\/#website\",\"url\":\"https:\/\/www.noticiasradioreflejos.com.ar\/2021\/\",\"name\":\"Noticias Radio Reflejos\",\"description\":\"Las noticias de mi comarca\",\"potentialAction\":[{\"@type\":\"SearchAction\",\"target\":{\"@type\":\"EntryPoint\",\"urlTemplate\":\"https:\/\/www.noticiasradioreflejos.com.ar\/2021\/?s={search_term_string}\"},\"query-input\":{\"@type\":\"PropertyValueSpecification\",\"valueRequired\":true,\"valueName\":\"search_term_string\"}}],\"inLanguage\":\"es\"},{\"@type\":\"Person\",\"@id\":\"https:\/\/www.noticiasradioreflejos.com.ar\/2021\/#\/schema\/person\/ad82545263dcc5ec0996818884fd5fb1\",\"name\":\"Arnaldo Botto\",\"image\":{\"@type\":\"ImageObject\",\"inLanguage\":\"es\",\"@id\":\"https:\/\/www.noticiasradioreflejos.com.ar\/2021\/#\/schema\/person\/image\/\",\"url\":\"https:\/\/secure.gravatar.com\/avatar\/55cb5e37c1efa326397366e6974cb338056df65cb50e7d64d1cf314e87504837?s=96&d=mm&r=g\",\"contentUrl\":\"https:\/\/secure.gravatar.com\/avatar\/55cb5e37c1efa326397366e6974cb338056df65cb50e7d64d1cf314e87504837?s=96&d=mm&r=g\",\"caption\":\"Arnaldo Botto\"},\"url\":\"https:\/\/www.noticiasradioreflejos.com.ar\/2021\/author\/arnaldo\/\"}]}<\/script>\n<!-- \/ Yoast SEO plugin. -->","yoast_head_json":{"title":"&quot;Que se sepa que los pueblos estamos movilizados, que estamos luchando por preservar nuestro patrimonio hist\u00f3rico y cultural&quot;. - Noticias Radio Reflejos","robots":{"index":"index","follow":"follow","max-snippet":"max-snippet:-1","max-image-preview":"max-image-preview:large","max-video-preview":"max-video-preview:-1"},"canonical":"https:\/\/www.noticiasradioreflejos.com.ar\/2021\/que-se-sepa-que-los-pueblos-estamos-movilizados-que-estamos-luchando-por-preservar-nuestro-patrimonio-historico-y-cultural\/","og_locale":"es_ES","og_type":"article","og_title":"&quot;Que se sepa que los pueblos estamos movilizados, que estamos luchando por preservar nuestro patrimonio hist\u00f3rico y cultural&quot;. - Noticias Radio Reflejos","og_description":"Presidente y Vice de la C\u00e1mara de Comercio de Sierra de la Ventana, CAMCOTISAS se hicieron presentes en el abrazo a la estaci\u00f3n Ferroviaria de Sierra de la Ventana uni\u00e9ndose y acompa\u00f1ando el Reclamo #Quevuelvaeltren.","og_url":"https:\/\/www.noticiasradioreflejos.com.ar\/2021\/que-se-sepa-que-los-pueblos-estamos-movilizados-que-estamos-luchando-por-preservar-nuestro-patrimonio-historico-y-cultural\/","og_site_name":"Noticias Radio Reflejos","article_published_time":"2018-03-16T03:33:24+00:00","og_image":[{"url":"http:\/\/farm1.staticflickr.com\/804\/26962536778_c1dc1c1bdf_z.jpg","type":"","width":"","height":""}],"author":"Arnaldo Botto","twitter_card":"summary_large_image","schema":{"@context":"https:\/\/schema.org","@graph":[{"@type":"WebPage","@id":"https:\/\/www.noticiasradioreflejos.com.ar\/2021\/que-se-sepa-que-los-pueblos-estamos-movilizados-que-estamos-luchando-por-preservar-nuestro-patrimonio-historico-y-cultural\/","url":"https:\/\/www.noticiasradioreflejos.com.ar\/2021\/que-se-sepa-que-los-pueblos-estamos-movilizados-que-estamos-luchando-por-preservar-nuestro-patrimonio-historico-y-cultural\/","name":"&quot;Que se sepa que los pueblos estamos movilizados, que estamos luchando por preservar nuestro patrimonio hist\u00f3rico y cultural&quot;. - Noticias Radio Reflejos","isPartOf":{"@id":"https:\/\/www.noticiasradioreflejos.com.ar\/2021\/#website"},"primaryImageOfPage":{"@id":"https:\/\/www.noticiasradioreflejos.com.ar\/2021\/que-se-sepa-que-los-pueblos-estamos-movilizados-que-estamos-luchando-por-preservar-nuestro-patrimonio-historico-y-cultural\/#primaryimage"},"image":{"@id":"https:\/\/www.noticiasradioreflejos.com.ar\/2021\/que-se-sepa-que-los-pueblos-estamos-movilizados-que-estamos-luchando-por-preservar-nuestro-patrimonio-historico-y-cultural\/#primaryimage"},"thumbnailUrl":"http:\/\/farm1.staticflickr.com\/804\/26962536778_c1dc1c1bdf_z.jpg","datePublished":"2018-03-16T03:33:24+00:00","author":{"@id":"https:\/\/www.noticiasradioreflejos.com.ar\/2021\/#\/schema\/person\/ad82545263dcc5ec0996818884fd5fb1"},"breadcrumb":{"@id":"https:\/\/www.noticiasradioreflejos.com.ar\/2021\/que-se-sepa-que-los-pueblos-estamos-movilizados-que-estamos-luchando-por-preservar-nuestro-patrimonio-historico-y-cultural\/#breadcrumb"},"inLanguage":"es","potentialAction":[{"@type":"ReadAction","target":["https:\/\/www.noticiasradioreflejos.com.ar\/2021\/que-se-sepa-que-los-pueblos-estamos-movilizados-que-estamos-luchando-por-preservar-nuestro-patrimonio-historico-y-cultural\/"]}]},{"@type":"ImageObject","inLanguage":"es","@id":"https:\/\/www.noticiasradioreflejos.com.ar\/2021\/que-se-sepa-que-los-pueblos-estamos-movilizados-que-estamos-luchando-por-preservar-nuestro-patrimonio-historico-y-cultural\/#primaryimage","url":"http:\/\/farm1.staticflickr.com\/804\/26962536778_c1dc1c1bdf_z.jpg","contentUrl":"http:\/\/farm1.staticflickr.com\/804\/26962536778_c1dc1c1bdf_z.jpg"},{"@type":"BreadcrumbList","@id":"https:\/\/www.noticiasradioreflejos.com.ar\/2021\/que-se-sepa-que-los-pueblos-estamos-movilizados-que-estamos-luchando-por-preservar-nuestro-patrimonio-historico-y-cultural\/#breadcrumb","itemListElement":[{"@type":"ListItem","position":1,"name":"Portada","item":"https:\/\/www.noticiasradioreflejos.com.ar\/2021\/"},{"@type":"ListItem","position":2,"name":"&quot;Que se sepa que los pueblos estamos movilizados, que estamos luchando por preservar nuestro patrimonio hist\u00f3rico y cultural&quot;."}]},{"@type":"WebSite","@id":"https:\/\/www.noticiasradioreflejos.com.ar\/2021\/#website","url":"https:\/\/www.noticiasradioreflejos.com.ar\/2021\/","name":"Noticias Radio Reflejos","description":"Las noticias de mi comarca","potentialAction":[{"@type":"SearchAction","target":{"@type":"EntryPoint","urlTemplate":"https:\/\/www.noticiasradioreflejos.com.ar\/2021\/?s={search_term_string}"},"query-input":{"@type":"PropertyValueSpecification","valueRequired":true,"valueName":"search_term_string"}}],"inLanguage":"es"},{"@type":"Person","@id":"https:\/\/www.noticiasradioreflejos.com.ar\/2021\/#\/schema\/person\/ad82545263dcc5ec0996818884fd5fb1","name":"Arnaldo Botto","image":{"@type":"ImageObject","inLanguage":"es","@id":"https:\/\/www.noticiasradioreflejos.com.ar\/2021\/#\/schema\/person\/image\/","url":"https:\/\/secure.gravatar.com\/avatar\/55cb5e37c1efa326397366e6974cb338056df65cb50e7d64d1cf314e87504837?s=96&d=mm&r=g","contentUrl":"https:\/\/secure.gravatar.com\/avatar\/55cb5e37c1efa326397366e6974cb338056df65cb50e7d64d1cf314e87504837?s=96&d=mm&r=g","caption":"Arnaldo Botto"},"url":"https:\/\/www.noticiasradioreflejos.com.ar\/2021\/author\/arnaldo\/"}]}},"_links":{"self":[{"href":"https:\/\/www.noticiasradioreflejos.com.ar\/2021\/wp-json\/wp\/v2\/posts\/19865","targetHints":{"allow":["GET"]}}],"collection":[{"href":"https:\/\/www.noticiasradioreflejos.com.ar\/2021\/wp-json\/wp\/v2\/posts"}],"about":[{"href":"https:\/\/www.noticiasradioreflejos.com.ar\/2021\/wp-json\/wp\/v2\/types\/post"}],"author":[{"embeddable":true,"href":"https:\/\/www.noticiasradioreflejos.com.ar\/2021\/wp-json\/wp\/v2\/users\/3"}],"replies":[{"embeddable":true,"href":"https:\/\/www.noticiasradioreflejos.com.ar\/2021\/wp-json\/wp\/v2\/comments?post=19865"}],"version-history":[{"count":0,"href":"https:\/\/www.noticiasradioreflejos.com.ar\/2021\/wp-json\/wp\/v2\/posts\/19865\/revisions"}],"wp:attachment":[{"href":"https:\/\/www.noticiasradioreflejos.com.ar\/2021\/wp-json\/wp\/v2\/media?parent=19865"}],"wp:term":[{"taxonomy":"category","embeddable":true,"href":"https:\/\/www.noticiasradioreflejos.com.ar\/2021\/wp-json\/wp\/v2\/categories?post=19865"},{"taxonomy":"post_tag","embeddable":true,"href":"https:\/\/www.noticiasradioreflejos.com.ar\/2021\/wp-json\/wp\/v2\/tags?post=19865"}],"curies":[{"name":"wp","href":"https:\/\/api.w.org\/{rel}","templated":true}]}}