{"id":19836,"date":"2018-03-15T11:58:59","date_gmt":"2018-03-15T14:58:59","guid":{"rendered":"http:\/\/www.noticiasradioreflejos.com.ar\/noticias\/?p=19836"},"modified":"2018-03-15T11:58:59","modified_gmt":"2018-03-15T14:58:59","slug":"la-policia-atrapo-a-un-hombre-con-graves-antecedentes-penales","status":"publish","type":"post","link":"https:\/\/www.noticiasradioreflejos.com.ar\/2021\/la-policia-atrapo-a-un-hombre-con-graves-antecedentes-penales\/","title":{"rendered":"La polic\u00eda atrap\u00f3 a un hombre con graves antecedentes penales."},"content":{"rendered":"<p>Hubo mucha preocupaci\u00f3n en las \u00faltimas horas luego de la denuncia que realiz\u00f3 una mam\u00e1 por las redes sociales ayer por la tarde, donde dio cuenta de que su hija, estudiante de secundario de 16 a\u00f1os, vivi\u00f3 una situaci\u00f3n en la v\u00eda p\u00fablica cuando un hombre le mostr\u00f3 sus genitales.<!--more--><br \/>\nEste caso, sumado a otros m\u00e1s que se fueron conociendo, alert\u00f3 a la polic\u00eda local para dar con el individuo.<br \/>\nSoledad Alarc\u00f3n, madre de una menor, relat\u00f3 a nuestro medio lo sucedido y agreg\u00f3 que el mismo se movilizaba en una bicicleta. \u201cLe pregunt\u00f3 la hora a mi hija y cuando ella se dio vuelta ten\u00eda sus partes \u00edntimas afuera\u201d. La joven se alej\u00f3 y dio aviso a su familia, la que se comunic\u00f3 con la polic\u00eda. Inclusive la mujer dijo tener conocimiento de que el hombre se estaba masturbando en La Plaza.<br \/>\nEsta ma\u00f1ana, al conocerse m\u00e1s casos, la polic\u00eda ampli\u00f3 el operativo y el hombre fue detenido en el sector c\u00e9ntrico frente a la plaza principal de nuestra ciudad.<br \/>\nNuestro medio se comunic\u00f3 con el comisario Daniel P\u00e9rez que confirm\u00f3 la noticia y adelant\u00f3 que el individuo, que ser\u00eda de Bah\u00eda Blanca, tiene antecedentes penales por violaci\u00f3n y robo calificado.<br \/>\nFue trasladado a la comisar\u00eda con la intervenci\u00f3n de la ayudant\u00eda fiscal con sede en Tornquist. No se adelantaron sus datos por el momento.<br \/>\nNota con la madre de una joven que relat\u00f3 lo sucedido<br \/>\n<iframe loading=\"lazy\" src=\"https:\/\/w.soundcloud.com\/player\/?url=https%3A\/\/api.soundcloud.com\/tracks\/414071301&amp;color=%23ff5500&amp;auto_play=false&amp;hide_related=false&amp;show_comments=true&amp;show_user=true&amp;show_reposts=false&amp;show_teaser=true\" width=\"100%\" height=\"166\" frameborder=\"no\" scrolling=\"no\"><\/iframe><\/p>\n","protected":false},"excerpt":{"rendered":"<p>Hubo mucha preocupaci\u00f3n en las \u00faltimas horas luego de la denuncia que realiz\u00f3 una mam\u00e1 por las redes sociales ayer por la tarde, donde dio cuenta de que su hija, estudiante de secundario de 16 a\u00f1os, vivi\u00f3 una situaci\u00f3n en la v\u00eda p\u00fablica cuando un hombre le mostr\u00f3 sus genitales.<\/p>\n","protected":false},"author":3,"featured_media":19838,"comment_status":"closed","ping_status":"open","sticky":false,"template":"","format":"standard","meta":{"footnotes":""},"categories":[29],"tags":[],"class_list":["post-19836","post","type-post","status-publish","format-standard","has-post-thumbnail","hentry","category-policiales"],"yoast_head":"<!-- This site is optimized with the Yoast SEO plugin v25.9 - https:\/\/yoast.com\/wordpress\/plugins\/seo\/ -->\n<title>La polic\u00eda atrap\u00f3 a un hombre con graves antecedentes penales. - Noticias Radio Reflejos<\/title>\n<meta name=\"robots\" content=\"index, follow, max-snippet:-1, max-image-preview:large, max-video-preview:-1\" \/>\n<link rel=\"canonical\" href=\"https:\/\/www.noticiasradioreflejos.com.ar\/2021\/la-policia-atrapo-a-un-hombre-con-graves-antecedentes-penales\/\" \/>\n<meta property=\"og:locale\" content=\"es_ES\" \/>\n<meta property=\"og:type\" content=\"article\" \/>\n<meta property=\"og:title\" content=\"La polic\u00eda atrap\u00f3 a un hombre con graves antecedentes penales. - Noticias Radio Reflejos\" \/>\n<meta property=\"og:description\" content=\"Hubo mucha preocupaci\u00f3n en las \u00faltimas horas luego de la denuncia que realiz\u00f3 una mam\u00e1 por las redes sociales ayer por la tarde, donde dio cuenta de que su hija, estudiante de secundario de 16 a\u00f1os, vivi\u00f3 una situaci\u00f3n en la v\u00eda p\u00fablica cuando un hombre le mostr\u00f3 sus genitales.\" \/>\n<meta property=\"og:url\" content=\"https:\/\/www.noticiasradioreflejos.com.ar\/2021\/la-policia-atrapo-a-un-hombre-con-graves-antecedentes-penales\/\" \/>\n<meta property=\"og:site_name\" content=\"Noticias Radio Reflejos\" \/>\n<meta property=\"article:published_time\" content=\"2018-03-15T14:58:59+00:00\" \/>\n<meta property=\"og:image\" content=\"https:\/\/www.noticiasradioreflejos.com.ar\/2021\/wp-content\/uploads\/2018\/03\/esposas.jpg\" \/>\n\t<meta property=\"og:image:width\" content=\"1330\" \/>\n\t<meta property=\"og:image:height\" content=\"750\" \/>\n\t<meta property=\"og:image:type\" content=\"image\/jpeg\" \/>\n<meta name=\"author\" content=\"Arnaldo Botto\" \/>\n<meta name=\"twitter:card\" content=\"summary_large_image\" \/>\n<script type=\"application\/ld+json\" class=\"yoast-schema-graph\">{\"@context\":\"https:\/\/schema.org\",\"@graph\":[{\"@type\":\"WebPage\",\"@id\":\"https:\/\/www.noticiasradioreflejos.com.ar\/2021\/la-policia-atrapo-a-un-hombre-con-graves-antecedentes-penales\/\",\"url\":\"https:\/\/www.noticiasradioreflejos.com.ar\/2021\/la-policia-atrapo-a-un-hombre-con-graves-antecedentes-penales\/\",\"name\":\"La polic\u00eda atrap\u00f3 a un hombre con graves antecedentes penales. - Noticias Radio Reflejos\",\"isPartOf\":{\"@id\":\"https:\/\/www.noticiasradioreflejos.com.ar\/2021\/#website\"},\"primaryImageOfPage\":{\"@id\":\"https:\/\/www.noticiasradioreflejos.com.ar\/2021\/la-policia-atrapo-a-un-hombre-con-graves-antecedentes-penales\/#primaryimage\"},\"image\":{\"@id\":\"https:\/\/www.noticiasradioreflejos.com.ar\/2021\/la-policia-atrapo-a-un-hombre-con-graves-antecedentes-penales\/#primaryimage\"},\"thumbnailUrl\":\"https:\/\/www.noticiasradioreflejos.com.ar\/2021\/wp-content\/uploads\/2018\/03\/esposas.jpg\",\"datePublished\":\"2018-03-15T14:58:59+00:00\",\"author\":{\"@id\":\"https:\/\/www.noticiasradioreflejos.com.ar\/2021\/#\/schema\/person\/ad82545263dcc5ec0996818884fd5fb1\"},\"breadcrumb\":{\"@id\":\"https:\/\/www.noticiasradioreflejos.com.ar\/2021\/la-policia-atrapo-a-un-hombre-con-graves-antecedentes-penales\/#breadcrumb\"},\"inLanguage\":\"es\",\"potentialAction\":[{\"@type\":\"ReadAction\",\"target\":[\"https:\/\/www.noticiasradioreflejos.com.ar\/2021\/la-policia-atrapo-a-un-hombre-con-graves-antecedentes-penales\/\"]}]},{\"@type\":\"ImageObject\",\"inLanguage\":\"es\",\"@id\":\"https:\/\/www.noticiasradioreflejos.com.ar\/2021\/la-policia-atrapo-a-un-hombre-con-graves-antecedentes-penales\/#primaryimage\",\"url\":\"https:\/\/www.noticiasradioreflejos.com.ar\/2021\/wp-content\/uploads\/2018\/03\/esposas.jpg\",\"contentUrl\":\"https:\/\/www.noticiasradioreflejos.com.ar\/2021\/wp-content\/uploads\/2018\/03\/esposas.jpg\",\"width\":1330,\"height\":750},{\"@type\":\"BreadcrumbList\",\"@id\":\"https:\/\/www.noticiasradioreflejos.com.ar\/2021\/la-policia-atrapo-a-un-hombre-con-graves-antecedentes-penales\/#breadcrumb\",\"itemListElement\":[{\"@type\":\"ListItem\",\"position\":1,\"name\":\"Portada\",\"item\":\"https:\/\/www.noticiasradioreflejos.com.ar\/2021\/\"},{\"@type\":\"ListItem\",\"position\":2,\"name\":\"La polic\u00eda atrap\u00f3 a un hombre con graves antecedentes penales.\"}]},{\"@type\":\"WebSite\",\"@id\":\"https:\/\/www.noticiasradioreflejos.com.ar\/2021\/#website\",\"url\":\"https:\/\/www.noticiasradioreflejos.com.ar\/2021\/\",\"name\":\"Noticias Radio Reflejos\",\"description\":\"Las noticias de mi comarca\",\"potentialAction\":[{\"@type\":\"SearchAction\",\"target\":{\"@type\":\"EntryPoint\",\"urlTemplate\":\"https:\/\/www.noticiasradioreflejos.com.ar\/2021\/?s={search_term_string}\"},\"query-input\":{\"@type\":\"PropertyValueSpecification\",\"valueRequired\":true,\"valueName\":\"search_term_string\"}}],\"inLanguage\":\"es\"},{\"@type\":\"Person\",\"@id\":\"https:\/\/www.noticiasradioreflejos.com.ar\/2021\/#\/schema\/person\/ad82545263dcc5ec0996818884fd5fb1\",\"name\":\"Arnaldo Botto\",\"image\":{\"@type\":\"ImageObject\",\"inLanguage\":\"es\",\"@id\":\"https:\/\/www.noticiasradioreflejos.com.ar\/2021\/#\/schema\/person\/image\/\",\"url\":\"https:\/\/secure.gravatar.com\/avatar\/55cb5e37c1efa326397366e6974cb338056df65cb50e7d64d1cf314e87504837?s=96&d=mm&r=g\",\"contentUrl\":\"https:\/\/secure.gravatar.com\/avatar\/55cb5e37c1efa326397366e6974cb338056df65cb50e7d64d1cf314e87504837?s=96&d=mm&r=g\",\"caption\":\"Arnaldo Botto\"},\"url\":\"https:\/\/www.noticiasradioreflejos.com.ar\/2021\/author\/arnaldo\/\"}]}<\/script>\n<!-- \/ Yoast SEO plugin. -->","yoast_head_json":{"title":"La polic\u00eda atrap\u00f3 a un hombre con graves antecedentes penales. - Noticias Radio Reflejos","robots":{"index":"index","follow":"follow","max-snippet":"max-snippet:-1","max-image-preview":"max-image-preview:large","max-video-preview":"max-video-preview:-1"},"canonical":"https:\/\/www.noticiasradioreflejos.com.ar\/2021\/la-policia-atrapo-a-un-hombre-con-graves-antecedentes-penales\/","og_locale":"es_ES","og_type":"article","og_title":"La polic\u00eda atrap\u00f3 a un hombre con graves antecedentes penales. - Noticias Radio Reflejos","og_description":"Hubo mucha preocupaci\u00f3n en las \u00faltimas horas luego de la denuncia que realiz\u00f3 una mam\u00e1 por las redes sociales ayer por la tarde, donde dio cuenta de que su hija, estudiante de secundario de 16 a\u00f1os, vivi\u00f3 una situaci\u00f3n en la v\u00eda p\u00fablica cuando un hombre le mostr\u00f3 sus genitales.","og_url":"https:\/\/www.noticiasradioreflejos.com.ar\/2021\/la-policia-atrapo-a-un-hombre-con-graves-antecedentes-penales\/","og_site_name":"Noticias Radio Reflejos","article_published_time":"2018-03-15T14:58:59+00:00","og_image":[{"width":1330,"height":750,"url":"https:\/\/www.noticiasradioreflejos.com.ar\/2021\/wp-content\/uploads\/2018\/03\/esposas.jpg","type":"image\/jpeg"}],"author":"Arnaldo Botto","twitter_card":"summary_large_image","schema":{"@context":"https:\/\/schema.org","@graph":[{"@type":"WebPage","@id":"https:\/\/www.noticiasradioreflejos.com.ar\/2021\/la-policia-atrapo-a-un-hombre-con-graves-antecedentes-penales\/","url":"https:\/\/www.noticiasradioreflejos.com.ar\/2021\/la-policia-atrapo-a-un-hombre-con-graves-antecedentes-penales\/","name":"La polic\u00eda atrap\u00f3 a un hombre con graves antecedentes penales. - Noticias Radio Reflejos","isPartOf":{"@id":"https:\/\/www.noticiasradioreflejos.com.ar\/2021\/#website"},"primaryImageOfPage":{"@id":"https:\/\/www.noticiasradioreflejos.com.ar\/2021\/la-policia-atrapo-a-un-hombre-con-graves-antecedentes-penales\/#primaryimage"},"image":{"@id":"https:\/\/www.noticiasradioreflejos.com.ar\/2021\/la-policia-atrapo-a-un-hombre-con-graves-antecedentes-penales\/#primaryimage"},"thumbnailUrl":"https:\/\/www.noticiasradioreflejos.com.ar\/2021\/wp-content\/uploads\/2018\/03\/esposas.jpg","datePublished":"2018-03-15T14:58:59+00:00","author":{"@id":"https:\/\/www.noticiasradioreflejos.com.ar\/2021\/#\/schema\/person\/ad82545263dcc5ec0996818884fd5fb1"},"breadcrumb":{"@id":"https:\/\/www.noticiasradioreflejos.com.ar\/2021\/la-policia-atrapo-a-un-hombre-con-graves-antecedentes-penales\/#breadcrumb"},"inLanguage":"es","potentialAction":[{"@type":"ReadAction","target":["https:\/\/www.noticiasradioreflejos.com.ar\/2021\/la-policia-atrapo-a-un-hombre-con-graves-antecedentes-penales\/"]}]},{"@type":"ImageObject","inLanguage":"es","@id":"https:\/\/www.noticiasradioreflejos.com.ar\/2021\/la-policia-atrapo-a-un-hombre-con-graves-antecedentes-penales\/#primaryimage","url":"https:\/\/www.noticiasradioreflejos.com.ar\/2021\/wp-content\/uploads\/2018\/03\/esposas.jpg","contentUrl":"https:\/\/www.noticiasradioreflejos.com.ar\/2021\/wp-content\/uploads\/2018\/03\/esposas.jpg","width":1330,"height":750},{"@type":"BreadcrumbList","@id":"https:\/\/www.noticiasradioreflejos.com.ar\/2021\/la-policia-atrapo-a-un-hombre-con-graves-antecedentes-penales\/#breadcrumb","itemListElement":[{"@type":"ListItem","position":1,"name":"Portada","item":"https:\/\/www.noticiasradioreflejos.com.ar\/2021\/"},{"@type":"ListItem","position":2,"name":"La polic\u00eda atrap\u00f3 a un hombre con graves antecedentes penales."}]},{"@type":"WebSite","@id":"https:\/\/www.noticiasradioreflejos.com.ar\/2021\/#website","url":"https:\/\/www.noticiasradioreflejos.com.ar\/2021\/","name":"Noticias Radio Reflejos","description":"Las noticias de mi comarca","potentialAction":[{"@type":"SearchAction","target":{"@type":"EntryPoint","urlTemplate":"https:\/\/www.noticiasradioreflejos.com.ar\/2021\/?s={search_term_string}"},"query-input":{"@type":"PropertyValueSpecification","valueRequired":true,"valueName":"search_term_string"}}],"inLanguage":"es"},{"@type":"Person","@id":"https:\/\/www.noticiasradioreflejos.com.ar\/2021\/#\/schema\/person\/ad82545263dcc5ec0996818884fd5fb1","name":"Arnaldo Botto","image":{"@type":"ImageObject","inLanguage":"es","@id":"https:\/\/www.noticiasradioreflejos.com.ar\/2021\/#\/schema\/person\/image\/","url":"https:\/\/secure.gravatar.com\/avatar\/55cb5e37c1efa326397366e6974cb338056df65cb50e7d64d1cf314e87504837?s=96&d=mm&r=g","contentUrl":"https:\/\/secure.gravatar.com\/avatar\/55cb5e37c1efa326397366e6974cb338056df65cb50e7d64d1cf314e87504837?s=96&d=mm&r=g","caption":"Arnaldo Botto"},"url":"https:\/\/www.noticiasradioreflejos.com.ar\/2021\/author\/arnaldo\/"}]}},"_links":{"self":[{"href":"https:\/\/www.noticiasradioreflejos.com.ar\/2021\/wp-json\/wp\/v2\/posts\/19836","targetHints":{"allow":["GET"]}}],"collection":[{"href":"https:\/\/www.noticiasradioreflejos.com.ar\/2021\/wp-json\/wp\/v2\/posts"}],"about":[{"href":"https:\/\/www.noticiasradioreflejos.com.ar\/2021\/wp-json\/wp\/v2\/types\/post"}],"author":[{"embeddable":true,"href":"https:\/\/www.noticiasradioreflejos.com.ar\/2021\/wp-json\/wp\/v2\/users\/3"}],"replies":[{"embeddable":true,"href":"https:\/\/www.noticiasradioreflejos.com.ar\/2021\/wp-json\/wp\/v2\/comments?post=19836"}],"version-history":[{"count":0,"href":"https:\/\/www.noticiasradioreflejos.com.ar\/2021\/wp-json\/wp\/v2\/posts\/19836\/revisions"}],"wp:featuredmedia":[{"embeddable":true,"href":"https:\/\/www.noticiasradioreflejos.com.ar\/2021\/wp-json\/wp\/v2\/media\/19838"}],"wp:attachment":[{"href":"https:\/\/www.noticiasradioreflejos.com.ar\/2021\/wp-json\/wp\/v2\/media?parent=19836"}],"wp:term":[{"taxonomy":"category","embeddable":true,"href":"https:\/\/www.noticiasradioreflejos.com.ar\/2021\/wp-json\/wp\/v2\/categories?post=19836"},{"taxonomy":"post_tag","embeddable":true,"href":"https:\/\/www.noticiasradioreflejos.com.ar\/2021\/wp-json\/wp\/v2\/tags?post=19836"}],"curies":[{"name":"wp","href":"https:\/\/api.w.org\/{rel}","templated":true}]}}