{"id":1950,"date":"2016-10-06T23:48:31","date_gmt":"2016-10-06T23:48:31","guid":{"rendered":"http:\/\/noticiasradioreflejos.com.ar\/noticias\/?p=1950"},"modified":"2016-10-06T23:48:31","modified_gmt":"2016-10-06T23:48:31","slug":"hay-obras-que-se-estan-haciendo-y-no-se-ven","status":"publish","type":"post","link":"https:\/\/www.noticiasradioreflejos.com.ar\/2021\/hay-obras-que-se-estan-haciendo-y-no-se-ven\/","title":{"rendered":"\u201cHay obras que se est\u00e1n haciendo y no se ven\u201d"},"content":{"rendered":"<p>De esa manera, Gustavo Moroncini y Noelia Baier respondieron las cr\u00edticas de V\u00edctor Ant\u00f3n hacia la actual gesti\u00f3n de gobierno.<!--more--><br \/>\nEl Presidente del Concejo Deliberante, Gustavo Moroncini (Cambiemos) y la concejal Noelia Baier (Frente Progresista C\u00edvico y Social), se refirieron a las cr\u00edticas hacia la actual gesti\u00f3n comunal por parte del edil V\u00edctor Ant\u00f3n, del Frente para la Victoria.<br \/>\n\u201cQue vaya a ver la obra que se est\u00e1 haciendo en el hospital, que es mucho m\u00e1s importante que lo que hicieron ellos\u201d, manifest\u00f3 Moroncini.<br \/>\n\u201cLas respuestas se las vamos a dar con el tiempo. Yo no creo que Trankels, en su primer a\u00f1o de gobierno, haya hecho tantas cosas. El barrio de viviendas y la obra de cord\u00f3n cuneta las agarr\u00f3 de las gestiones anteriores. Yo creo que empez\u00f3 a caminar bien con la gesti\u00f3n en su segundo periodo\u201d, dispar\u00f3.<br \/>\nRespecto a la continuidad de obras de la gesti\u00f3n de gobierno de Trankels, Moroncini indic\u00f3 que para reanudarlas \u201cprimero se investigan, se mira como se hizo la licitaci\u00f3n y que montos tiene\u201d. Adem\u00e1s, \u201chay montones de proyectos que se los entregamos en mano a la Gobernadora Mar\u00eda Eugenia Vidal y est\u00e1n por salir\u201d.<br \/>\nLos concejales del Frente para la Victoria \u201cno se quieren enterar de las cosas que se est\u00e1n haciendo y quieren decir lo que tienen ganas de decir porque saben que nosotros no les contestamos\u201d.<br \/>\nPor su parte, Baier sostuvo que \u201ctenemos que tener en cuenta el cr\u00edtico momento econ\u00f3mico actual, que ni desde nuestro bloque ni desde la intendencia se neg\u00f3, pero conf\u00edo plenamente en que las obras van a llegar y celebro lo que se est\u00e1 haciendo\u201d.<br \/>\nEn cuanto la difusi\u00f3n de las acciones de gobierno, se\u00f1al\u00f3 que \u201cnuestro intendente tiene una forma de comunicar que no es la que m\u00e1s luce. Es m\u00e1s reticente a la foto, no es tanto de mostrar, incluso cuando se le sugiere prefiere un perfil bajo y es por propia decisi\u00f3n de \u00e9l que las obras no se ven\u201d.<br \/>\nSOBRE LA ADHESI\u00d3N A LA LEY DE COTRIBUCI\u00d3N POR MEJORAS<br \/>\nMoroncini ratific\u00f3 la intenci\u00f3n de adhesi\u00f3n por parte del Ejecutivo y de concejales oficialistas y aliados al gobierno a la Ley de Contribuci\u00f3n por Mejoras, que establece que los inversores en el distrito abonen al municipio un porcentaje de su ganancia.<br \/>\nEl Presidente del cuerpo legislativo asegur\u00f3 que entiende el rechazo de la concejal Maria Graciela Musso y de la C\u00e1mara de Comercio a esta medida \u201cporque abr\u00eds el juego y tocas intereses de gente que son due\u00f1os de cosas que con las que pueden hacer negocios\u201d.<br \/>\nEn ese marco, explic\u00f3 con un ejemplo lo que busca la ley: \u201csi vos ten\u00e9s un campo al lado del pueblo y lo loteas, te da un beneficio. Un porcentaje de la parte extra del beneficio lo ten\u00e9s que compartir con la municipalidad, que con ese dinero har\u00e1 calles, cord\u00f3n cuneta, luz, cloacas y agua en esos lotes\u201d.<br \/>\nNoelia Baier<\/p>\n","protected":false},"excerpt":{"rendered":"<p>De esa manera, Gustavo Moroncini y Noelia Baier respondieron las cr\u00edticas de V\u00edctor Ant\u00f3n hacia la actual gesti\u00f3n de gobierno.<\/p>\n","protected":false},"author":3,"featured_media":0,"comment_status":"closed","ping_status":"open","sticky":false,"template":"","format":"standard","meta":{"footnotes":""},"categories":[24],"tags":[],"class_list":["post-1950","post","type-post","status-publish","format-standard","hentry","category-politica"],"yoast_head":"<!-- This site is optimized with the Yoast SEO plugin v25.9 - https:\/\/yoast.com\/wordpress\/plugins\/seo\/ -->\n<title>\u201cHay obras que se est\u00e1n haciendo y no se ven\u201d - Noticias Radio Reflejos<\/title>\n<meta name=\"robots\" content=\"index, follow, max-snippet:-1, max-image-preview:large, max-video-preview:-1\" \/>\n<link rel=\"canonical\" href=\"https:\/\/www.noticiasradioreflejos.com.ar\/2021\/hay-obras-que-se-estan-haciendo-y-no-se-ven\/\" \/>\n<meta property=\"og:locale\" content=\"es_ES\" \/>\n<meta property=\"og:type\" content=\"article\" \/>\n<meta property=\"og:title\" content=\"\u201cHay obras que se est\u00e1n haciendo y no se ven\u201d - Noticias Radio Reflejos\" \/>\n<meta property=\"og:description\" content=\"De esa manera, Gustavo Moroncini y Noelia Baier respondieron las cr\u00edticas de V\u00edctor Ant\u00f3n hacia la actual gesti\u00f3n de gobierno.\" \/>\n<meta property=\"og:url\" content=\"https:\/\/www.noticiasradioreflejos.com.ar\/2021\/hay-obras-que-se-estan-haciendo-y-no-se-ven\/\" \/>\n<meta property=\"og:site_name\" content=\"Noticias Radio Reflejos\" \/>\n<meta property=\"article:published_time\" content=\"2016-10-06T23:48:31+00:00\" \/>\n<meta property=\"og:image\" content=\"https:\/\/www.noticiasradioreflejos.com.ar\/2021\/wp-content\/uploads\/2021\/07\/logosol300x200.png\" \/>\n\t<meta property=\"og:image:width\" content=\"300\" \/>\n\t<meta property=\"og:image:height\" content=\"200\" \/>\n\t<meta property=\"og:image:type\" content=\"image\/png\" \/>\n<meta name=\"author\" content=\"Arnaldo Botto\" \/>\n<meta name=\"twitter:card\" content=\"summary_large_image\" \/>\n<script type=\"application\/ld+json\" class=\"yoast-schema-graph\">{\"@context\":\"https:\/\/schema.org\",\"@graph\":[{\"@type\":\"WebPage\",\"@id\":\"https:\/\/www.noticiasradioreflejos.com.ar\/2021\/hay-obras-que-se-estan-haciendo-y-no-se-ven\/\",\"url\":\"https:\/\/www.noticiasradioreflejos.com.ar\/2021\/hay-obras-que-se-estan-haciendo-y-no-se-ven\/\",\"name\":\"\u201cHay obras que se est\u00e1n haciendo y no se ven\u201d - Noticias Radio Reflejos\",\"isPartOf\":{\"@id\":\"https:\/\/www.noticiasradioreflejos.com.ar\/2021\/#website\"},\"datePublished\":\"2016-10-06T23:48:31+00:00\",\"author\":{\"@id\":\"https:\/\/www.noticiasradioreflejos.com.ar\/2021\/#\/schema\/person\/ad82545263dcc5ec0996818884fd5fb1\"},\"breadcrumb\":{\"@id\":\"https:\/\/www.noticiasradioreflejos.com.ar\/2021\/hay-obras-que-se-estan-haciendo-y-no-se-ven\/#breadcrumb\"},\"inLanguage\":\"es\",\"potentialAction\":[{\"@type\":\"ReadAction\",\"target\":[\"https:\/\/www.noticiasradioreflejos.com.ar\/2021\/hay-obras-que-se-estan-haciendo-y-no-se-ven\/\"]}]},{\"@type\":\"BreadcrumbList\",\"@id\":\"https:\/\/www.noticiasradioreflejos.com.ar\/2021\/hay-obras-que-se-estan-haciendo-y-no-se-ven\/#breadcrumb\",\"itemListElement\":[{\"@type\":\"ListItem\",\"position\":1,\"name\":\"Portada\",\"item\":\"https:\/\/www.noticiasradioreflejos.com.ar\/2021\/\"},{\"@type\":\"ListItem\",\"position\":2,\"name\":\"\u201cHay obras que se est\u00e1n haciendo y no se ven\u201d\"}]},{\"@type\":\"WebSite\",\"@id\":\"https:\/\/www.noticiasradioreflejos.com.ar\/2021\/#website\",\"url\":\"https:\/\/www.noticiasradioreflejos.com.ar\/2021\/\",\"name\":\"Noticias Radio Reflejos\",\"description\":\"Las noticias de mi comarca\",\"potentialAction\":[{\"@type\":\"SearchAction\",\"target\":{\"@type\":\"EntryPoint\",\"urlTemplate\":\"https:\/\/www.noticiasradioreflejos.com.ar\/2021\/?s={search_term_string}\"},\"query-input\":{\"@type\":\"PropertyValueSpecification\",\"valueRequired\":true,\"valueName\":\"search_term_string\"}}],\"inLanguage\":\"es\"},{\"@type\":\"Person\",\"@id\":\"https:\/\/www.noticiasradioreflejos.com.ar\/2021\/#\/schema\/person\/ad82545263dcc5ec0996818884fd5fb1\",\"name\":\"Arnaldo Botto\",\"image\":{\"@type\":\"ImageObject\",\"inLanguage\":\"es\",\"@id\":\"https:\/\/www.noticiasradioreflejos.com.ar\/2021\/#\/schema\/person\/image\/\",\"url\":\"https:\/\/secure.gravatar.com\/avatar\/55cb5e37c1efa326397366e6974cb338056df65cb50e7d64d1cf314e87504837?s=96&d=mm&r=g\",\"contentUrl\":\"https:\/\/secure.gravatar.com\/avatar\/55cb5e37c1efa326397366e6974cb338056df65cb50e7d64d1cf314e87504837?s=96&d=mm&r=g\",\"caption\":\"Arnaldo Botto\"},\"url\":\"https:\/\/www.noticiasradioreflejos.com.ar\/2021\/author\/arnaldo\/\"}]}<\/script>\n<!-- \/ Yoast SEO plugin. -->","yoast_head_json":{"title":"\u201cHay obras que se est\u00e1n haciendo y no se ven\u201d - Noticias Radio Reflejos","robots":{"index":"index","follow":"follow","max-snippet":"max-snippet:-1","max-image-preview":"max-image-preview:large","max-video-preview":"max-video-preview:-1"},"canonical":"https:\/\/www.noticiasradioreflejos.com.ar\/2021\/hay-obras-que-se-estan-haciendo-y-no-se-ven\/","og_locale":"es_ES","og_type":"article","og_title":"\u201cHay obras que se est\u00e1n haciendo y no se ven\u201d - Noticias Radio Reflejos","og_description":"De esa manera, Gustavo Moroncini y Noelia Baier respondieron las cr\u00edticas de V\u00edctor Ant\u00f3n hacia la actual gesti\u00f3n de gobierno.","og_url":"https:\/\/www.noticiasradioreflejos.com.ar\/2021\/hay-obras-que-se-estan-haciendo-y-no-se-ven\/","og_site_name":"Noticias Radio Reflejos","article_published_time":"2016-10-06T23:48:31+00:00","og_image":[{"width":300,"height":200,"url":"https:\/\/www.noticiasradioreflejos.com.ar\/2021\/wp-content\/uploads\/2021\/07\/logosol300x200.png","type":"image\/png"}],"author":"Arnaldo Botto","twitter_card":"summary_large_image","schema":{"@context":"https:\/\/schema.org","@graph":[{"@type":"WebPage","@id":"https:\/\/www.noticiasradioreflejos.com.ar\/2021\/hay-obras-que-se-estan-haciendo-y-no-se-ven\/","url":"https:\/\/www.noticiasradioreflejos.com.ar\/2021\/hay-obras-que-se-estan-haciendo-y-no-se-ven\/","name":"\u201cHay obras que se est\u00e1n haciendo y no se ven\u201d - Noticias Radio Reflejos","isPartOf":{"@id":"https:\/\/www.noticiasradioreflejos.com.ar\/2021\/#website"},"datePublished":"2016-10-06T23:48:31+00:00","author":{"@id":"https:\/\/www.noticiasradioreflejos.com.ar\/2021\/#\/schema\/person\/ad82545263dcc5ec0996818884fd5fb1"},"breadcrumb":{"@id":"https:\/\/www.noticiasradioreflejos.com.ar\/2021\/hay-obras-que-se-estan-haciendo-y-no-se-ven\/#breadcrumb"},"inLanguage":"es","potentialAction":[{"@type":"ReadAction","target":["https:\/\/www.noticiasradioreflejos.com.ar\/2021\/hay-obras-que-se-estan-haciendo-y-no-se-ven\/"]}]},{"@type":"BreadcrumbList","@id":"https:\/\/www.noticiasradioreflejos.com.ar\/2021\/hay-obras-que-se-estan-haciendo-y-no-se-ven\/#breadcrumb","itemListElement":[{"@type":"ListItem","position":1,"name":"Portada","item":"https:\/\/www.noticiasradioreflejos.com.ar\/2021\/"},{"@type":"ListItem","position":2,"name":"\u201cHay obras que se est\u00e1n haciendo y no se ven\u201d"}]},{"@type":"WebSite","@id":"https:\/\/www.noticiasradioreflejos.com.ar\/2021\/#website","url":"https:\/\/www.noticiasradioreflejos.com.ar\/2021\/","name":"Noticias Radio Reflejos","description":"Las noticias de mi comarca","potentialAction":[{"@type":"SearchAction","target":{"@type":"EntryPoint","urlTemplate":"https:\/\/www.noticiasradioreflejos.com.ar\/2021\/?s={search_term_string}"},"query-input":{"@type":"PropertyValueSpecification","valueRequired":true,"valueName":"search_term_string"}}],"inLanguage":"es"},{"@type":"Person","@id":"https:\/\/www.noticiasradioreflejos.com.ar\/2021\/#\/schema\/person\/ad82545263dcc5ec0996818884fd5fb1","name":"Arnaldo Botto","image":{"@type":"ImageObject","inLanguage":"es","@id":"https:\/\/www.noticiasradioreflejos.com.ar\/2021\/#\/schema\/person\/image\/","url":"https:\/\/secure.gravatar.com\/avatar\/55cb5e37c1efa326397366e6974cb338056df65cb50e7d64d1cf314e87504837?s=96&d=mm&r=g","contentUrl":"https:\/\/secure.gravatar.com\/avatar\/55cb5e37c1efa326397366e6974cb338056df65cb50e7d64d1cf314e87504837?s=96&d=mm&r=g","caption":"Arnaldo Botto"},"url":"https:\/\/www.noticiasradioreflejos.com.ar\/2021\/author\/arnaldo\/"}]}},"_links":{"self":[{"href":"https:\/\/www.noticiasradioreflejos.com.ar\/2021\/wp-json\/wp\/v2\/posts\/1950","targetHints":{"allow":["GET"]}}],"collection":[{"href":"https:\/\/www.noticiasradioreflejos.com.ar\/2021\/wp-json\/wp\/v2\/posts"}],"about":[{"href":"https:\/\/www.noticiasradioreflejos.com.ar\/2021\/wp-json\/wp\/v2\/types\/post"}],"author":[{"embeddable":true,"href":"https:\/\/www.noticiasradioreflejos.com.ar\/2021\/wp-json\/wp\/v2\/users\/3"}],"replies":[{"embeddable":true,"href":"https:\/\/www.noticiasradioreflejos.com.ar\/2021\/wp-json\/wp\/v2\/comments?post=1950"}],"version-history":[{"count":0,"href":"https:\/\/www.noticiasradioreflejos.com.ar\/2021\/wp-json\/wp\/v2\/posts\/1950\/revisions"}],"wp:attachment":[{"href":"https:\/\/www.noticiasradioreflejos.com.ar\/2021\/wp-json\/wp\/v2\/media?parent=1950"}],"wp:term":[{"taxonomy":"category","embeddable":true,"href":"https:\/\/www.noticiasradioreflejos.com.ar\/2021\/wp-json\/wp\/v2\/categories?post=1950"},{"taxonomy":"post_tag","embeddable":true,"href":"https:\/\/www.noticiasradioreflejos.com.ar\/2021\/wp-json\/wp\/v2\/tags?post=1950"}],"curies":[{"name":"wp","href":"https:\/\/api.w.org\/{rel}","templated":true}]}}