{"id":19465,"date":"2018-03-06T10:47:48","date_gmt":"2018-03-06T13:47:48","guid":{"rendered":"http:\/\/www.noticiasradioreflejos.com.ar\/noticias\/?p=19465"},"modified":"2018-03-06T10:47:48","modified_gmt":"2018-03-06T13:47:48","slug":"quedo-inaugurada-la-muestra-fotografica-embajadoras-del-patrimonio-inmaterial","status":"publish","type":"post","link":"https:\/\/www.noticiasradioreflejos.com.ar\/2021\/quedo-inaugurada-la-muestra-fotografica-embajadoras-del-patrimonio-inmaterial\/","title":{"rendered":"Qued\u00f3 inaugurada la muestra fotogr\u00e1fica \u201cEmbajadoras del Patrimonio Inmaterial\u201d."},"content":{"rendered":"<p><a title=\"IMG_6323\" href=\"http:\/\/farm5.staticflickr.com\/4740\/40653364941_11266a4926.jpg\" rel=\"\"><img loading=\"lazy\" decoding=\"async\" class=\"alignleft\" style=\"float: left;\" title=\"IMG_6323\" src=\"http:\/\/farm5.staticflickr.com\/4740\/40653364941_11266a4926.jpg\" alt=\"IMG_6323\" width=\"375\" height=\"500\" \/><\/a>En el d\u00eda de ayer, se dio comienzo a las actividades planificadas por la Direcci\u00f3n de Cultura, para celebrar la semana de la mujer.<!--more--><br \/>\nEl teatro Rodolfo Funke fue el lugar elegido para exponer la muestra fotogr\u00e1fica \u201cEmbajadoras del Patrimonio Inmaterial\u201d. Mujeres que participaron del programa \u201cArchivo Oral\u201d, fueron retratadas por fot\u00f3grafos locales, que gentilmente se sumaron a la iniciativa.<br \/>\nEmotivo momento se vivi\u00f3 en el lugar, donde familiares y amigos pudieron disfrutar de las historias detr\u00e1s de las im\u00e1genes expuestas.<br \/>\nAgradecemos a todos los que participaron, especialmente a los fot\u00f3grafos: Tono Bruni, Alejandra Baier, Federico Mutti, Rosita Verdugo, Hern\u00e1n Getino, Patricia Marazca, Germ\u00e1n Gonzalez, Cristina Duarte, Luz Mart\u00ed, Graciela Rivarola y Lorena Bauer, quienes cedieron su tiempo para participar y construir la muestra.<br \/>\nLas actividades contin\u00faan el d\u00eda de hoy en la Biblioteca E. Tornquist, donde se desarrollar\u00e1 una charla sobre \u201cMujeres en la Sociedad\u201d a las 19hs.<br \/>\n<a title=\"IMG_6318\" href=\"http:\/\/farm5.staticflickr.com\/4650\/40653367881_bd4b09689f.jpg\" rel=\"\"><img loading=\"lazy\" decoding=\"async\" class=\"aligncenter\" title=\"IMG_6318\" src=\"http:\/\/farm5.staticflickr.com\/4650\/40653367881_bd4b09689f.jpg\" alt=\"IMG_6318\" width=\"500\" height=\"375\" \/><\/a><a title=\"IMG_6336\" href=\"http:\/\/farm5.staticflickr.com\/4652\/26782334158_e531cdc4c4.jpg\" rel=\"\"><img loading=\"lazy\" decoding=\"async\" class=\"aligncenter\" title=\"IMG_6336\" src=\"http:\/\/farm5.staticflickr.com\/4652\/26782334158_e531cdc4c4.jpg\" alt=\"IMG_6336\" width=\"500\" height=\"375\" \/><\/a><\/p>\n","protected":false},"excerpt":{"rendered":"<p>En el d\u00eda de ayer, se dio comienzo a las actividades planificadas por la Direcci\u00f3n de Cultura, para celebrar la semana de la mujer.<\/p>\n","protected":false},"author":3,"featured_media":0,"comment_status":"closed","ping_status":"open","sticky":false,"template":"","format":"standard","meta":{"footnotes":""},"categories":[35],"tags":[],"class_list":["post-19465","post","type-post","status-publish","format-standard","hentry","category-cultura"],"yoast_head":"<!-- This site is optimized with the Yoast SEO plugin v25.9 - https:\/\/yoast.com\/wordpress\/plugins\/seo\/ -->\n<title>Qued\u00f3 inaugurada la muestra fotogr\u00e1fica \u201cEmbajadoras del Patrimonio Inmaterial\u201d. - Noticias Radio Reflejos<\/title>\n<meta name=\"robots\" content=\"index, follow, max-snippet:-1, max-image-preview:large, max-video-preview:-1\" \/>\n<link rel=\"canonical\" href=\"https:\/\/www.noticiasradioreflejos.com.ar\/2021\/quedo-inaugurada-la-muestra-fotografica-embajadoras-del-patrimonio-inmaterial\/\" \/>\n<meta property=\"og:locale\" content=\"es_ES\" \/>\n<meta property=\"og:type\" content=\"article\" \/>\n<meta property=\"og:title\" content=\"Qued\u00f3 inaugurada la muestra fotogr\u00e1fica \u201cEmbajadoras del Patrimonio Inmaterial\u201d. - Noticias Radio Reflejos\" \/>\n<meta property=\"og:description\" content=\"En el d\u00eda de ayer, se dio comienzo a las actividades planificadas por la Direcci\u00f3n de Cultura, para celebrar la semana de la mujer.\" \/>\n<meta property=\"og:url\" content=\"https:\/\/www.noticiasradioreflejos.com.ar\/2021\/quedo-inaugurada-la-muestra-fotografica-embajadoras-del-patrimonio-inmaterial\/\" \/>\n<meta property=\"og:site_name\" content=\"Noticias Radio Reflejos\" \/>\n<meta property=\"article:published_time\" content=\"2018-03-06T13:47:48+00:00\" \/>\n<meta property=\"og:image\" content=\"http:\/\/farm5.staticflickr.com\/4740\/40653364941_11266a4926.jpg\" \/>\n<meta name=\"author\" content=\"Arnaldo Botto\" \/>\n<meta name=\"twitter:card\" content=\"summary_large_image\" \/>\n<script type=\"application\/ld+json\" class=\"yoast-schema-graph\">{\"@context\":\"https:\/\/schema.org\",\"@graph\":[{\"@type\":\"WebPage\",\"@id\":\"https:\/\/www.noticiasradioreflejos.com.ar\/2021\/quedo-inaugurada-la-muestra-fotografica-embajadoras-del-patrimonio-inmaterial\/\",\"url\":\"https:\/\/www.noticiasradioreflejos.com.ar\/2021\/quedo-inaugurada-la-muestra-fotografica-embajadoras-del-patrimonio-inmaterial\/\",\"name\":\"Qued\u00f3 inaugurada la muestra fotogr\u00e1fica \u201cEmbajadoras del Patrimonio Inmaterial\u201d. - Noticias Radio Reflejos\",\"isPartOf\":{\"@id\":\"https:\/\/www.noticiasradioreflejos.com.ar\/2021\/#website\"},\"primaryImageOfPage\":{\"@id\":\"https:\/\/www.noticiasradioreflejos.com.ar\/2021\/quedo-inaugurada-la-muestra-fotografica-embajadoras-del-patrimonio-inmaterial\/#primaryimage\"},\"image\":{\"@id\":\"https:\/\/www.noticiasradioreflejos.com.ar\/2021\/quedo-inaugurada-la-muestra-fotografica-embajadoras-del-patrimonio-inmaterial\/#primaryimage\"},\"thumbnailUrl\":\"http:\/\/farm5.staticflickr.com\/4740\/40653364941_11266a4926.jpg\",\"datePublished\":\"2018-03-06T13:47:48+00:00\",\"author\":{\"@id\":\"https:\/\/www.noticiasradioreflejos.com.ar\/2021\/#\/schema\/person\/ad82545263dcc5ec0996818884fd5fb1\"},\"breadcrumb\":{\"@id\":\"https:\/\/www.noticiasradioreflejos.com.ar\/2021\/quedo-inaugurada-la-muestra-fotografica-embajadoras-del-patrimonio-inmaterial\/#breadcrumb\"},\"inLanguage\":\"es\",\"potentialAction\":[{\"@type\":\"ReadAction\",\"target\":[\"https:\/\/www.noticiasradioreflejos.com.ar\/2021\/quedo-inaugurada-la-muestra-fotografica-embajadoras-del-patrimonio-inmaterial\/\"]}]},{\"@type\":\"ImageObject\",\"inLanguage\":\"es\",\"@id\":\"https:\/\/www.noticiasradioreflejos.com.ar\/2021\/quedo-inaugurada-la-muestra-fotografica-embajadoras-del-patrimonio-inmaterial\/#primaryimage\",\"url\":\"http:\/\/farm5.staticflickr.com\/4740\/40653364941_11266a4926.jpg\",\"contentUrl\":\"http:\/\/farm5.staticflickr.com\/4740\/40653364941_11266a4926.jpg\"},{\"@type\":\"BreadcrumbList\",\"@id\":\"https:\/\/www.noticiasradioreflejos.com.ar\/2021\/quedo-inaugurada-la-muestra-fotografica-embajadoras-del-patrimonio-inmaterial\/#breadcrumb\",\"itemListElement\":[{\"@type\":\"ListItem\",\"position\":1,\"name\":\"Portada\",\"item\":\"https:\/\/www.noticiasradioreflejos.com.ar\/2021\/\"},{\"@type\":\"ListItem\",\"position\":2,\"name\":\"Qued\u00f3 inaugurada la muestra fotogr\u00e1fica \u201cEmbajadoras del Patrimonio Inmaterial\u201d.\"}]},{\"@type\":\"WebSite\",\"@id\":\"https:\/\/www.noticiasradioreflejos.com.ar\/2021\/#website\",\"url\":\"https:\/\/www.noticiasradioreflejos.com.ar\/2021\/\",\"name\":\"Noticias Radio Reflejos\",\"description\":\"Las noticias de mi comarca\",\"potentialAction\":[{\"@type\":\"SearchAction\",\"target\":{\"@type\":\"EntryPoint\",\"urlTemplate\":\"https:\/\/www.noticiasradioreflejos.com.ar\/2021\/?s={search_term_string}\"},\"query-input\":{\"@type\":\"PropertyValueSpecification\",\"valueRequired\":true,\"valueName\":\"search_term_string\"}}],\"inLanguage\":\"es\"},{\"@type\":\"Person\",\"@id\":\"https:\/\/www.noticiasradioreflejos.com.ar\/2021\/#\/schema\/person\/ad82545263dcc5ec0996818884fd5fb1\",\"name\":\"Arnaldo Botto\",\"image\":{\"@type\":\"ImageObject\",\"inLanguage\":\"es\",\"@id\":\"https:\/\/www.noticiasradioreflejos.com.ar\/2021\/#\/schema\/person\/image\/\",\"url\":\"https:\/\/secure.gravatar.com\/avatar\/55cb5e37c1efa326397366e6974cb338056df65cb50e7d64d1cf314e87504837?s=96&d=mm&r=g\",\"contentUrl\":\"https:\/\/secure.gravatar.com\/avatar\/55cb5e37c1efa326397366e6974cb338056df65cb50e7d64d1cf314e87504837?s=96&d=mm&r=g\",\"caption\":\"Arnaldo Botto\"},\"url\":\"https:\/\/www.noticiasradioreflejos.com.ar\/2021\/author\/arnaldo\/\"}]}<\/script>\n<!-- \/ Yoast SEO plugin. -->","yoast_head_json":{"title":"Qued\u00f3 inaugurada la muestra fotogr\u00e1fica \u201cEmbajadoras del Patrimonio Inmaterial\u201d. - Noticias Radio Reflejos","robots":{"index":"index","follow":"follow","max-snippet":"max-snippet:-1","max-image-preview":"max-image-preview:large","max-video-preview":"max-video-preview:-1"},"canonical":"https:\/\/www.noticiasradioreflejos.com.ar\/2021\/quedo-inaugurada-la-muestra-fotografica-embajadoras-del-patrimonio-inmaterial\/","og_locale":"es_ES","og_type":"article","og_title":"Qued\u00f3 inaugurada la muestra fotogr\u00e1fica \u201cEmbajadoras del Patrimonio Inmaterial\u201d. - Noticias Radio Reflejos","og_description":"En el d\u00eda de ayer, se dio comienzo a las actividades planificadas por la Direcci\u00f3n de Cultura, para celebrar la semana de la mujer.","og_url":"https:\/\/www.noticiasradioreflejos.com.ar\/2021\/quedo-inaugurada-la-muestra-fotografica-embajadoras-del-patrimonio-inmaterial\/","og_site_name":"Noticias Radio Reflejos","article_published_time":"2018-03-06T13:47:48+00:00","og_image":[{"url":"http:\/\/farm5.staticflickr.com\/4740\/40653364941_11266a4926.jpg","type":"","width":"","height":""}],"author":"Arnaldo Botto","twitter_card":"summary_large_image","schema":{"@context":"https:\/\/schema.org","@graph":[{"@type":"WebPage","@id":"https:\/\/www.noticiasradioreflejos.com.ar\/2021\/quedo-inaugurada-la-muestra-fotografica-embajadoras-del-patrimonio-inmaterial\/","url":"https:\/\/www.noticiasradioreflejos.com.ar\/2021\/quedo-inaugurada-la-muestra-fotografica-embajadoras-del-patrimonio-inmaterial\/","name":"Qued\u00f3 inaugurada la muestra fotogr\u00e1fica \u201cEmbajadoras del Patrimonio Inmaterial\u201d. - Noticias Radio Reflejos","isPartOf":{"@id":"https:\/\/www.noticiasradioreflejos.com.ar\/2021\/#website"},"primaryImageOfPage":{"@id":"https:\/\/www.noticiasradioreflejos.com.ar\/2021\/quedo-inaugurada-la-muestra-fotografica-embajadoras-del-patrimonio-inmaterial\/#primaryimage"},"image":{"@id":"https:\/\/www.noticiasradioreflejos.com.ar\/2021\/quedo-inaugurada-la-muestra-fotografica-embajadoras-del-patrimonio-inmaterial\/#primaryimage"},"thumbnailUrl":"http:\/\/farm5.staticflickr.com\/4740\/40653364941_11266a4926.jpg","datePublished":"2018-03-06T13:47:48+00:00","author":{"@id":"https:\/\/www.noticiasradioreflejos.com.ar\/2021\/#\/schema\/person\/ad82545263dcc5ec0996818884fd5fb1"},"breadcrumb":{"@id":"https:\/\/www.noticiasradioreflejos.com.ar\/2021\/quedo-inaugurada-la-muestra-fotografica-embajadoras-del-patrimonio-inmaterial\/#breadcrumb"},"inLanguage":"es","potentialAction":[{"@type":"ReadAction","target":["https:\/\/www.noticiasradioreflejos.com.ar\/2021\/quedo-inaugurada-la-muestra-fotografica-embajadoras-del-patrimonio-inmaterial\/"]}]},{"@type":"ImageObject","inLanguage":"es","@id":"https:\/\/www.noticiasradioreflejos.com.ar\/2021\/quedo-inaugurada-la-muestra-fotografica-embajadoras-del-patrimonio-inmaterial\/#primaryimage","url":"http:\/\/farm5.staticflickr.com\/4740\/40653364941_11266a4926.jpg","contentUrl":"http:\/\/farm5.staticflickr.com\/4740\/40653364941_11266a4926.jpg"},{"@type":"BreadcrumbList","@id":"https:\/\/www.noticiasradioreflejos.com.ar\/2021\/quedo-inaugurada-la-muestra-fotografica-embajadoras-del-patrimonio-inmaterial\/#breadcrumb","itemListElement":[{"@type":"ListItem","position":1,"name":"Portada","item":"https:\/\/www.noticiasradioreflejos.com.ar\/2021\/"},{"@type":"ListItem","position":2,"name":"Qued\u00f3 inaugurada la muestra fotogr\u00e1fica \u201cEmbajadoras del Patrimonio Inmaterial\u201d."}]},{"@type":"WebSite","@id":"https:\/\/www.noticiasradioreflejos.com.ar\/2021\/#website","url":"https:\/\/www.noticiasradioreflejos.com.ar\/2021\/","name":"Noticias Radio Reflejos","description":"Las noticias de mi comarca","potentialAction":[{"@type":"SearchAction","target":{"@type":"EntryPoint","urlTemplate":"https:\/\/www.noticiasradioreflejos.com.ar\/2021\/?s={search_term_string}"},"query-input":{"@type":"PropertyValueSpecification","valueRequired":true,"valueName":"search_term_string"}}],"inLanguage":"es"},{"@type":"Person","@id":"https:\/\/www.noticiasradioreflejos.com.ar\/2021\/#\/schema\/person\/ad82545263dcc5ec0996818884fd5fb1","name":"Arnaldo Botto","image":{"@type":"ImageObject","inLanguage":"es","@id":"https:\/\/www.noticiasradioreflejos.com.ar\/2021\/#\/schema\/person\/image\/","url":"https:\/\/secure.gravatar.com\/avatar\/55cb5e37c1efa326397366e6974cb338056df65cb50e7d64d1cf314e87504837?s=96&d=mm&r=g","contentUrl":"https:\/\/secure.gravatar.com\/avatar\/55cb5e37c1efa326397366e6974cb338056df65cb50e7d64d1cf314e87504837?s=96&d=mm&r=g","caption":"Arnaldo Botto"},"url":"https:\/\/www.noticiasradioreflejos.com.ar\/2021\/author\/arnaldo\/"}]}},"_links":{"self":[{"href":"https:\/\/www.noticiasradioreflejos.com.ar\/2021\/wp-json\/wp\/v2\/posts\/19465","targetHints":{"allow":["GET"]}}],"collection":[{"href":"https:\/\/www.noticiasradioreflejos.com.ar\/2021\/wp-json\/wp\/v2\/posts"}],"about":[{"href":"https:\/\/www.noticiasradioreflejos.com.ar\/2021\/wp-json\/wp\/v2\/types\/post"}],"author":[{"embeddable":true,"href":"https:\/\/www.noticiasradioreflejos.com.ar\/2021\/wp-json\/wp\/v2\/users\/3"}],"replies":[{"embeddable":true,"href":"https:\/\/www.noticiasradioreflejos.com.ar\/2021\/wp-json\/wp\/v2\/comments?post=19465"}],"version-history":[{"count":0,"href":"https:\/\/www.noticiasradioreflejos.com.ar\/2021\/wp-json\/wp\/v2\/posts\/19465\/revisions"}],"wp:attachment":[{"href":"https:\/\/www.noticiasradioreflejos.com.ar\/2021\/wp-json\/wp\/v2\/media?parent=19465"}],"wp:term":[{"taxonomy":"category","embeddable":true,"href":"https:\/\/www.noticiasradioreflejos.com.ar\/2021\/wp-json\/wp\/v2\/categories?post=19465"},{"taxonomy":"post_tag","embeddable":true,"href":"https:\/\/www.noticiasradioreflejos.com.ar\/2021\/wp-json\/wp\/v2\/tags?post=19465"}],"curies":[{"name":"wp","href":"https:\/\/api.w.org\/{rel}","templated":true}]}}