{"id":1946,"date":"2016-10-06T23:40:17","date_gmt":"2016-10-06T23:40:17","guid":{"rendered":"http:\/\/noticiasradioreflejos.com.ar\/noticias\/?p=1946"},"modified":"2016-10-06T23:40:17","modified_gmt":"2016-10-06T23:40:17","slug":"vemos-que-las-obras-no-tienen-la-relevancia-que-plantearon-en-campana","status":"publish","type":"post","link":"https:\/\/www.noticiasradioreflejos.com.ar\/2021\/vemos-que-las-obras-no-tienen-la-relevancia-que-plantearon-en-campana\/","title":{"rendered":"\u201cVemos que las obras no tienen la relevancia que plantearon en campa\u00f1a\u201d"},"content":{"rendered":"<p>Con cr\u00edticas al gobierno de Sergio Bordoni, V\u00edctor Ant\u00f3n asegur\u00f3 que no se est\u00e1n ejecutando acciones de relevancia respecto a lo que se dijo durante la candidatura y a lo que se est\u00e1 haciendo en otros distritos de la zona.<!--more--><br \/>\nDurante su alocuci\u00f3n en la sesi\u00f3n de este mi\u00e9rcoles en el Concejo Deliberante y en una nota con Noticias Tornquist, el concejal del Frente para la Victoria V\u00edctor Ant\u00f3n, expres\u00f3 duras cr\u00edticas al gobierno comunal encabezado por Sergio Bordoni.<br \/>\n\u201cDesde este bloque vemos con preocupaci\u00f3n las cosas que no se est\u00e1n haciendo en el distrito. Vemos que las obras no tienen la relevancia que se plantearon en campa\u00f1a\u201d, sostuvo.<br \/>\n\u201cLeyendo los medios de comunicaci\u00f3n de la regi\u00f3n, uno ve que en los distrito vecinos se est\u00e1n haciendo obras importantes: se construir\u00e1 un frigor\u00edfico en Patagones; Mar\u00eda Eugenia Vidal anunci\u00f3 una inversi\u00f3n de 200 millones de d\u00f3lares en Quequ\u00e9n; en Villalonga comenz\u00f3 la obra de desag\u00fces pluviales; en Pig\u00fc\u00e9 se est\u00e1 instalando un tom\u00f3grafo; en Monte Hermoso se est\u00e1 reasfaltando la costanera y se est\u00e1n haciendo obras de asfaltado; en Azopardo se est\u00e1 realizando la ampliaci\u00f3n del geri\u00e1trico; en Puan y en Dorrego se est\u00e1 asfaltando; mientras que en Tornquist s\u00f3lo se est\u00e1n haciendo cord\u00f3n cuneta y badenes\u201d, se\u00f1al\u00f3.<br \/>\n\u201cQuien hoy es intendente y alguno de sus funcionarios, cuando eran concejales nos dec\u00edan que nos tiraban por la cabeza obras que no eran necesarias como cord\u00f3n cuneta y bicisendas y hoy vemos que est\u00e1n haciendo cord\u00f3n cuneta y bicisendas\u201d, a\u00f1adi\u00f3.<br \/>\nEl edil del FPV manifest\u00f3 que \u201ccuando uno ve que los recursos para hacer obras est\u00e1n, ya que la coparticipaci\u00f3n aument\u00f3 un 70% respecto al a\u00f1o pasado, y que nos dieron c\u00e1tedra durante cuatro a\u00f1os dici\u00e9ndonos c\u00f3mo es gestionar, \u00bfc\u00f3mo es que ahora no se pueden hacer las cosas?\u201d.<br \/>\n\u201cRepasando las obras a continuar que les dej\u00f3 la \u2018pesada herencia\u2019, vemos que no pueden terminar el Jard\u00edn N\u00ba 907 en Tornquist y la Escuela N\u00ba 21 de Villa Ventana, obras iniciadas en la gesti\u00f3n anterior y que en su momento Bordoni dijo que lo concluir\u00eda con el Fondo Educativo; sobre el barrio de 20 viviendas, en enero nos dijeron que iba a haber una redeterminaci\u00f3n de precios y que para junio iba a estar terminado, y no vemos avances importantes\u201d, continu\u00f3.<br \/>\nAdem\u00e1s, \u201ctomamos m\u00e1s de 80 empleados municipales y el pueblo est\u00e1 cada vez m\u00e1s sucio, pero no es una cr\u00edtica al empleado, porque el Ejecutivo es quien designa las tareas que deben realizar\u201d.<br \/>\nPara cerrar, Ant\u00f3n afirm\u00f3: \u201cNos ponemos contentos porque sale desde el HCD la primera acci\u00f3n concreta que tiene que ver con el cuidado del medio ambiente. No vimos acciones al respecto por parte del Ejecutivo y ahora aprobamos una ordenanza que establece que a partir del 1 de diciembre todos los grandes generadores van a tener que separar los residuos\u201d.<\/p>\n","protected":false},"excerpt":{"rendered":"<p>Con cr\u00edticas al gobierno de Sergio Bordoni, V\u00edctor Ant\u00f3n asegur\u00f3 que no se est\u00e1n ejecutando acciones de relevancia respecto a lo que se dijo durante la candidatura y a lo que se est\u00e1 haciendo en otros distritos de la zona.<\/p>\n","protected":false},"author":3,"featured_media":0,"comment_status":"closed","ping_status":"open","sticky":false,"template":"","format":"standard","meta":{"footnotes":""},"categories":[24],"tags":[],"class_list":["post-1946","post","type-post","status-publish","format-standard","hentry","category-politica"],"yoast_head":"<!-- This site is optimized with the Yoast SEO plugin v25.9 - https:\/\/yoast.com\/wordpress\/plugins\/seo\/ -->\n<title>\u201cVemos que las obras no tienen la relevancia que plantearon en campa\u00f1a\u201d - Noticias Radio Reflejos<\/title>\n<meta name=\"robots\" content=\"index, follow, max-snippet:-1, max-image-preview:large, max-video-preview:-1\" \/>\n<link rel=\"canonical\" href=\"https:\/\/www.noticiasradioreflejos.com.ar\/2021\/vemos-que-las-obras-no-tienen-la-relevancia-que-plantearon-en-campana\/\" \/>\n<meta property=\"og:locale\" content=\"es_ES\" \/>\n<meta property=\"og:type\" content=\"article\" \/>\n<meta property=\"og:title\" content=\"\u201cVemos que las obras no tienen la relevancia que plantearon en campa\u00f1a\u201d - Noticias Radio Reflejos\" \/>\n<meta property=\"og:description\" content=\"Con cr\u00edticas al gobierno de Sergio Bordoni, V\u00edctor Ant\u00f3n asegur\u00f3 que no se est\u00e1n ejecutando acciones de relevancia respecto a lo que se dijo durante la candidatura y a lo que se est\u00e1 haciendo en otros distritos de la zona.\" \/>\n<meta property=\"og:url\" content=\"https:\/\/www.noticiasradioreflejos.com.ar\/2021\/vemos-que-las-obras-no-tienen-la-relevancia-que-plantearon-en-campana\/\" \/>\n<meta property=\"og:site_name\" content=\"Noticias Radio Reflejos\" \/>\n<meta property=\"article:published_time\" content=\"2016-10-06T23:40:17+00:00\" \/>\n<meta property=\"og:image\" content=\"https:\/\/www.noticiasradioreflejos.com.ar\/2021\/wp-content\/uploads\/2021\/07\/logosol300x200.png\" \/>\n\t<meta property=\"og:image:width\" content=\"300\" \/>\n\t<meta property=\"og:image:height\" content=\"200\" \/>\n\t<meta property=\"og:image:type\" content=\"image\/png\" \/>\n<meta name=\"author\" content=\"Arnaldo Botto\" \/>\n<meta name=\"twitter:card\" content=\"summary_large_image\" \/>\n<script type=\"application\/ld+json\" class=\"yoast-schema-graph\">{\"@context\":\"https:\/\/schema.org\",\"@graph\":[{\"@type\":\"WebPage\",\"@id\":\"https:\/\/www.noticiasradioreflejos.com.ar\/2021\/vemos-que-las-obras-no-tienen-la-relevancia-que-plantearon-en-campana\/\",\"url\":\"https:\/\/www.noticiasradioreflejos.com.ar\/2021\/vemos-que-las-obras-no-tienen-la-relevancia-que-plantearon-en-campana\/\",\"name\":\"\u201cVemos que las obras no tienen la relevancia que plantearon en campa\u00f1a\u201d - Noticias Radio Reflejos\",\"isPartOf\":{\"@id\":\"https:\/\/www.noticiasradioreflejos.com.ar\/2021\/#website\"},\"datePublished\":\"2016-10-06T23:40:17+00:00\",\"author\":{\"@id\":\"https:\/\/www.noticiasradioreflejos.com.ar\/2021\/#\/schema\/person\/ad82545263dcc5ec0996818884fd5fb1\"},\"breadcrumb\":{\"@id\":\"https:\/\/www.noticiasradioreflejos.com.ar\/2021\/vemos-que-las-obras-no-tienen-la-relevancia-que-plantearon-en-campana\/#breadcrumb\"},\"inLanguage\":\"es\",\"potentialAction\":[{\"@type\":\"ReadAction\",\"target\":[\"https:\/\/www.noticiasradioreflejos.com.ar\/2021\/vemos-que-las-obras-no-tienen-la-relevancia-que-plantearon-en-campana\/\"]}]},{\"@type\":\"BreadcrumbList\",\"@id\":\"https:\/\/www.noticiasradioreflejos.com.ar\/2021\/vemos-que-las-obras-no-tienen-la-relevancia-que-plantearon-en-campana\/#breadcrumb\",\"itemListElement\":[{\"@type\":\"ListItem\",\"position\":1,\"name\":\"Portada\",\"item\":\"https:\/\/www.noticiasradioreflejos.com.ar\/2021\/\"},{\"@type\":\"ListItem\",\"position\":2,\"name\":\"\u201cVemos que las obras no tienen la relevancia que plantearon en campa\u00f1a\u201d\"}]},{\"@type\":\"WebSite\",\"@id\":\"https:\/\/www.noticiasradioreflejos.com.ar\/2021\/#website\",\"url\":\"https:\/\/www.noticiasradioreflejos.com.ar\/2021\/\",\"name\":\"Noticias Radio Reflejos\",\"description\":\"Las noticias de mi comarca\",\"potentialAction\":[{\"@type\":\"SearchAction\",\"target\":{\"@type\":\"EntryPoint\",\"urlTemplate\":\"https:\/\/www.noticiasradioreflejos.com.ar\/2021\/?s={search_term_string}\"},\"query-input\":{\"@type\":\"PropertyValueSpecification\",\"valueRequired\":true,\"valueName\":\"search_term_string\"}}],\"inLanguage\":\"es\"},{\"@type\":\"Person\",\"@id\":\"https:\/\/www.noticiasradioreflejos.com.ar\/2021\/#\/schema\/person\/ad82545263dcc5ec0996818884fd5fb1\",\"name\":\"Arnaldo Botto\",\"image\":{\"@type\":\"ImageObject\",\"inLanguage\":\"es\",\"@id\":\"https:\/\/www.noticiasradioreflejos.com.ar\/2021\/#\/schema\/person\/image\/\",\"url\":\"https:\/\/secure.gravatar.com\/avatar\/55cb5e37c1efa326397366e6974cb338056df65cb50e7d64d1cf314e87504837?s=96&d=mm&r=g\",\"contentUrl\":\"https:\/\/secure.gravatar.com\/avatar\/55cb5e37c1efa326397366e6974cb338056df65cb50e7d64d1cf314e87504837?s=96&d=mm&r=g\",\"caption\":\"Arnaldo Botto\"},\"url\":\"https:\/\/www.noticiasradioreflejos.com.ar\/2021\/author\/arnaldo\/\"}]}<\/script>\n<!-- \/ Yoast SEO plugin. -->","yoast_head_json":{"title":"\u201cVemos que las obras no tienen la relevancia que plantearon en campa\u00f1a\u201d - Noticias Radio Reflejos","robots":{"index":"index","follow":"follow","max-snippet":"max-snippet:-1","max-image-preview":"max-image-preview:large","max-video-preview":"max-video-preview:-1"},"canonical":"https:\/\/www.noticiasradioreflejos.com.ar\/2021\/vemos-que-las-obras-no-tienen-la-relevancia-que-plantearon-en-campana\/","og_locale":"es_ES","og_type":"article","og_title":"\u201cVemos que las obras no tienen la relevancia que plantearon en campa\u00f1a\u201d - Noticias Radio Reflejos","og_description":"Con cr\u00edticas al gobierno de Sergio Bordoni, V\u00edctor Ant\u00f3n asegur\u00f3 que no se est\u00e1n ejecutando acciones de relevancia respecto a lo que se dijo durante la candidatura y a lo que se est\u00e1 haciendo en otros distritos de la zona.","og_url":"https:\/\/www.noticiasradioreflejos.com.ar\/2021\/vemos-que-las-obras-no-tienen-la-relevancia-que-plantearon-en-campana\/","og_site_name":"Noticias Radio Reflejos","article_published_time":"2016-10-06T23:40:17+00:00","og_image":[{"width":300,"height":200,"url":"https:\/\/www.noticiasradioreflejos.com.ar\/2021\/wp-content\/uploads\/2021\/07\/logosol300x200.png","type":"image\/png"}],"author":"Arnaldo Botto","twitter_card":"summary_large_image","schema":{"@context":"https:\/\/schema.org","@graph":[{"@type":"WebPage","@id":"https:\/\/www.noticiasradioreflejos.com.ar\/2021\/vemos-que-las-obras-no-tienen-la-relevancia-que-plantearon-en-campana\/","url":"https:\/\/www.noticiasradioreflejos.com.ar\/2021\/vemos-que-las-obras-no-tienen-la-relevancia-que-plantearon-en-campana\/","name":"\u201cVemos que las obras no tienen la relevancia que plantearon en campa\u00f1a\u201d - Noticias Radio Reflejos","isPartOf":{"@id":"https:\/\/www.noticiasradioreflejos.com.ar\/2021\/#website"},"datePublished":"2016-10-06T23:40:17+00:00","author":{"@id":"https:\/\/www.noticiasradioreflejos.com.ar\/2021\/#\/schema\/person\/ad82545263dcc5ec0996818884fd5fb1"},"breadcrumb":{"@id":"https:\/\/www.noticiasradioreflejos.com.ar\/2021\/vemos-que-las-obras-no-tienen-la-relevancia-que-plantearon-en-campana\/#breadcrumb"},"inLanguage":"es","potentialAction":[{"@type":"ReadAction","target":["https:\/\/www.noticiasradioreflejos.com.ar\/2021\/vemos-que-las-obras-no-tienen-la-relevancia-que-plantearon-en-campana\/"]}]},{"@type":"BreadcrumbList","@id":"https:\/\/www.noticiasradioreflejos.com.ar\/2021\/vemos-que-las-obras-no-tienen-la-relevancia-que-plantearon-en-campana\/#breadcrumb","itemListElement":[{"@type":"ListItem","position":1,"name":"Portada","item":"https:\/\/www.noticiasradioreflejos.com.ar\/2021\/"},{"@type":"ListItem","position":2,"name":"\u201cVemos que las obras no tienen la relevancia que plantearon en campa\u00f1a\u201d"}]},{"@type":"WebSite","@id":"https:\/\/www.noticiasradioreflejos.com.ar\/2021\/#website","url":"https:\/\/www.noticiasradioreflejos.com.ar\/2021\/","name":"Noticias Radio Reflejos","description":"Las noticias de mi comarca","potentialAction":[{"@type":"SearchAction","target":{"@type":"EntryPoint","urlTemplate":"https:\/\/www.noticiasradioreflejos.com.ar\/2021\/?s={search_term_string}"},"query-input":{"@type":"PropertyValueSpecification","valueRequired":true,"valueName":"search_term_string"}}],"inLanguage":"es"},{"@type":"Person","@id":"https:\/\/www.noticiasradioreflejos.com.ar\/2021\/#\/schema\/person\/ad82545263dcc5ec0996818884fd5fb1","name":"Arnaldo Botto","image":{"@type":"ImageObject","inLanguage":"es","@id":"https:\/\/www.noticiasradioreflejos.com.ar\/2021\/#\/schema\/person\/image\/","url":"https:\/\/secure.gravatar.com\/avatar\/55cb5e37c1efa326397366e6974cb338056df65cb50e7d64d1cf314e87504837?s=96&d=mm&r=g","contentUrl":"https:\/\/secure.gravatar.com\/avatar\/55cb5e37c1efa326397366e6974cb338056df65cb50e7d64d1cf314e87504837?s=96&d=mm&r=g","caption":"Arnaldo Botto"},"url":"https:\/\/www.noticiasradioreflejos.com.ar\/2021\/author\/arnaldo\/"}]}},"_links":{"self":[{"href":"https:\/\/www.noticiasradioreflejos.com.ar\/2021\/wp-json\/wp\/v2\/posts\/1946","targetHints":{"allow":["GET"]}}],"collection":[{"href":"https:\/\/www.noticiasradioreflejos.com.ar\/2021\/wp-json\/wp\/v2\/posts"}],"about":[{"href":"https:\/\/www.noticiasradioreflejos.com.ar\/2021\/wp-json\/wp\/v2\/types\/post"}],"author":[{"embeddable":true,"href":"https:\/\/www.noticiasradioreflejos.com.ar\/2021\/wp-json\/wp\/v2\/users\/3"}],"replies":[{"embeddable":true,"href":"https:\/\/www.noticiasradioreflejos.com.ar\/2021\/wp-json\/wp\/v2\/comments?post=1946"}],"version-history":[{"count":0,"href":"https:\/\/www.noticiasradioreflejos.com.ar\/2021\/wp-json\/wp\/v2\/posts\/1946\/revisions"}],"wp:attachment":[{"href":"https:\/\/www.noticiasradioreflejos.com.ar\/2021\/wp-json\/wp\/v2\/media?parent=1946"}],"wp:term":[{"taxonomy":"category","embeddable":true,"href":"https:\/\/www.noticiasradioreflejos.com.ar\/2021\/wp-json\/wp\/v2\/categories?post=1946"},{"taxonomy":"post_tag","embeddable":true,"href":"https:\/\/www.noticiasradioreflejos.com.ar\/2021\/wp-json\/wp\/v2\/tags?post=1946"}],"curies":[{"name":"wp","href":"https:\/\/api.w.org\/{rel}","templated":true}]}}