{"id":19448,"date":"2018-03-05T21:45:24","date_gmt":"2018-03-06T00:45:24","guid":{"rendered":"http:\/\/www.noticiasradioreflejos.com.ar\/noticias\/?p=19448"},"modified":"2018-03-05T21:45:24","modified_gmt":"2018-03-06T00:45:24","slug":"gran-fin-de-semana-de-las-inferiores-de-automoto","status":"publish","type":"post","link":"https:\/\/www.noticiasradioreflejos.com.ar\/2021\/gran-fin-de-semana-de-las-inferiores-de-automoto\/","title":{"rendered":"Gran fin de semana de las inferiores de Automoto"},"content":{"rendered":"<p>Las inferiores del Automoto Club Deportivo cumplieron una destacada labor en los dos torneos que afrontaron durante el fin de semana, de manera simult\u00e1nea, en Coronel Su\u00e1rez y Pig\u00fc\u00e9, con vistas a la participaci\u00f3n en el certamen que organiza la Liga Regional de F\u00fatbol de Coronel Su\u00e1rez, que se iniciar\u00e1 el pr\u00f3ximo s\u00e1bado.<!--more--><br \/>\nEn Su\u00e1rez, la Quinta divisi\u00f3n cumpli\u00f3 un excelente trabajo, m\u00e1s all\u00e1 de haber perdido la final del certamen en la definici\u00f3n por penales frente a Blanco y Negro de esa ciudad. La serie finaliz\u00f3 por 4 a 2, despu\u00e9s de empatar 1 a 1 en un gol durante el tiempo regular. Franco Castillo hab\u00eda marcado el empate.<br \/>\nPara acceder al encuentro decisivo, los chicos azulgranas hab\u00edan derrotado a Deportivo Sarmiento por 1 a 0, con tanto marcado por Gino Bacci.<br \/>\nLa misma suerte corri\u00f3 la S\u00e9ptima divisi\u00f3n, que al igual que la categor\u00eda m\u00e1s grande cay\u00f3 mediante la definici\u00f3n desde el punto del penal por 3 a 1 y ante el mismo rival, Blanco y Negro. El juego hab\u00eda terminado empatado 0 a 0.<br \/>\nEn el primer partido del torneo, Automoto hab\u00eda superado claramente a Deportivo Sarmiento por 3 a 0, con tres goles de Valent\u00edn Alric, de gran fin de semana (marc\u00f3 7 conquistas en 5 partidos).<br \/>\nEn Pig\u00fc\u00e9, el Rojo, que afront\u00f3 el torneo con jugadores 2005 y 2006, pese a que a \u00faltimo momento la organizaci\u00f3n permiti\u00f3 incluir a los futbolistas 2004 que militan en S\u00e9ptima, cumpli\u00f3 una destacada labor al adjudicarse la Copa de Plata.<br \/>\nPara quedarse con el trofeo (y el tercer puesto en la general), Automoto super\u00f3 en la definici\u00f3n por penales a Deportivo Argentino por 2 a 1, con una destacada labor del arquero Mateo Bolletta, que ataj\u00f3 dos de los disparos. El partido hab\u00eda terminado empatado en dos tantos por equipo, con goles de Tom\u00e1s Fuhr y Valent\u00edn Alric para los azulgranas.<br \/>\nDurante la fase de grupos, los chicos vencieron a Uni\u00f3n de Tornquist por 2 a 0 (Valent\u00edn Alric en dos ocasiones) y Uni\u00f3n Pig\u00fc\u00e9 por 3 a 1 (Ger\u00f3nimo Kugler -2- y Tom\u00e1s Dorregaray), mientras que cayeron ante el local Club Sarmiento por un ajustado 3 a 2 (Valent\u00edn Alric y Ger\u00f3nimo Kugler).<br \/>\nSin dudas que result\u00f3 un gran fin de semana para las categor\u00edas que disputaron los mencionados cert\u00e1menes. Y no s\u00f3lo por el aspecto deportivo, sino tambi\u00e9n por la experiencia vivida y los d\u00edas compartidos.<br \/>\n<a title=\"inferiores automoto5\" href=\"http:\/\/farm5.staticflickr.com\/4800\/25773005287_7cb978cb6b_z.jpg\" rel=\"\"><img loading=\"lazy\" decoding=\"async\" class=\"aligncenter\" title=\"inferiores automoto5\" src=\"http:\/\/farm5.staticflickr.com\/4800\/25773005287_7cb978cb6b_z.jpg\" alt=\"inferiores automoto5\" width=\"640\" height=\"427\" \/><\/a><br \/>\n<a title=\"inferiores automoto4\" href=\"http:\/\/farm5.staticflickr.com\/4777\/26772201418_0c9c9eaf28_z.jpg\" rel=\"\"><img loading=\"lazy\" decoding=\"async\" class=\"aligncenter\" title=\"inferiores automoto4\" src=\"http:\/\/farm5.staticflickr.com\/4777\/26772201418_0c9c9eaf28_z.jpg\" alt=\"inferiores automoto4\" width=\"640\" height=\"360\" \/><\/a><br \/>\n<a title=\"inferiores automoto3\" href=\"http:\/\/farm5.staticflickr.com\/4774\/39748005965_7d2b9943a3_z.jpg\" rel=\"\"><img loading=\"lazy\" decoding=\"async\" class=\"aligncenter\" title=\"inferiores automoto3\" src=\"http:\/\/farm5.staticflickr.com\/4774\/39748005965_7d2b9943a3_z.jpg\" alt=\"inferiores automoto3\" width=\"640\" height=\"480\" \/><\/a><br \/>\n<a title=\"inferiores automoto2\" href=\"http:\/\/farm5.staticflickr.com\/4710\/26772202898_3a1990cb52_z.jpg\" rel=\"\"><img loading=\"lazy\" decoding=\"async\" class=\"aligncenter\" title=\"inferiores automoto2\" src=\"http:\/\/farm5.staticflickr.com\/4710\/26772202898_3a1990cb52_z.jpg\" alt=\"inferiores automoto2\" width=\"480\" height=\"640\" \/><\/a><br \/>\nDepartamento de Prensa \u2013 Automoto Club Deportivo<br \/>\nwww.clubautomotopasion.com.ar<br \/>\nFacebook: \/automototornquist<br \/>\nTwitter: @ClubAutomoto<\/p>\n","protected":false},"excerpt":{"rendered":"<p>Las inferiores del Automoto Club Deportivo cumplieron una destacada labor en los dos torneos que afrontaron durante el fin de semana, de manera simult\u00e1nea, en Coronel Su\u00e1rez y Pig\u00fc\u00e9, con vistas a la participaci\u00f3n en el certamen que organiza la Liga Regional de F\u00fatbol de Coronel Su\u00e1rez, que se iniciar\u00e1 el pr\u00f3ximo s\u00e1bado.<\/p>\n","protected":false},"author":3,"featured_media":0,"comment_status":"closed","ping_status":"open","sticky":false,"template":"","format":"standard","meta":{"footnotes":""},"categories":[27],"tags":[],"class_list":["post-19448","post","type-post","status-publish","format-standard","hentry","category-deportes"],"yoast_head":"<!-- This site is optimized with the Yoast SEO plugin v25.9 - https:\/\/yoast.com\/wordpress\/plugins\/seo\/ -->\n<title>Gran fin de semana de las inferiores de Automoto - Noticias Radio Reflejos<\/title>\n<meta name=\"robots\" content=\"index, follow, max-snippet:-1, max-image-preview:large, max-video-preview:-1\" \/>\n<link rel=\"canonical\" href=\"https:\/\/www.noticiasradioreflejos.com.ar\/2021\/gran-fin-de-semana-de-las-inferiores-de-automoto\/\" \/>\n<meta property=\"og:locale\" content=\"es_ES\" \/>\n<meta property=\"og:type\" content=\"article\" \/>\n<meta property=\"og:title\" content=\"Gran fin de semana de las inferiores de Automoto - Noticias Radio Reflejos\" \/>\n<meta property=\"og:description\" content=\"Las inferiores del Automoto Club Deportivo cumplieron una destacada labor en los dos torneos que afrontaron durante el fin de semana, de manera simult\u00e1nea, en Coronel Su\u00e1rez y Pig\u00fc\u00e9, con vistas a la participaci\u00f3n en el certamen que organiza la Liga Regional de F\u00fatbol de Coronel Su\u00e1rez, que se iniciar\u00e1 el pr\u00f3ximo s\u00e1bado.\" \/>\n<meta property=\"og:url\" content=\"https:\/\/www.noticiasradioreflejos.com.ar\/2021\/gran-fin-de-semana-de-las-inferiores-de-automoto\/\" \/>\n<meta property=\"og:site_name\" content=\"Noticias Radio Reflejos\" \/>\n<meta property=\"article:published_time\" content=\"2018-03-06T00:45:24+00:00\" \/>\n<meta property=\"og:image\" content=\"http:\/\/farm5.staticflickr.com\/4800\/25773005287_7cb978cb6b_z.jpg\" \/>\n<meta name=\"author\" content=\"Arnaldo Botto\" \/>\n<meta name=\"twitter:card\" content=\"summary_large_image\" \/>\n<script type=\"application\/ld+json\" class=\"yoast-schema-graph\">{\"@context\":\"https:\/\/schema.org\",\"@graph\":[{\"@type\":\"WebPage\",\"@id\":\"https:\/\/www.noticiasradioreflejos.com.ar\/2021\/gran-fin-de-semana-de-las-inferiores-de-automoto\/\",\"url\":\"https:\/\/www.noticiasradioreflejos.com.ar\/2021\/gran-fin-de-semana-de-las-inferiores-de-automoto\/\",\"name\":\"Gran fin de semana de las inferiores de Automoto - Noticias Radio Reflejos\",\"isPartOf\":{\"@id\":\"https:\/\/www.noticiasradioreflejos.com.ar\/2021\/#website\"},\"primaryImageOfPage\":{\"@id\":\"https:\/\/www.noticiasradioreflejos.com.ar\/2021\/gran-fin-de-semana-de-las-inferiores-de-automoto\/#primaryimage\"},\"image\":{\"@id\":\"https:\/\/www.noticiasradioreflejos.com.ar\/2021\/gran-fin-de-semana-de-las-inferiores-de-automoto\/#primaryimage\"},\"thumbnailUrl\":\"http:\/\/farm5.staticflickr.com\/4800\/25773005287_7cb978cb6b_z.jpg\",\"datePublished\":\"2018-03-06T00:45:24+00:00\",\"author\":{\"@id\":\"https:\/\/www.noticiasradioreflejos.com.ar\/2021\/#\/schema\/person\/ad82545263dcc5ec0996818884fd5fb1\"},\"breadcrumb\":{\"@id\":\"https:\/\/www.noticiasradioreflejos.com.ar\/2021\/gran-fin-de-semana-de-las-inferiores-de-automoto\/#breadcrumb\"},\"inLanguage\":\"es\",\"potentialAction\":[{\"@type\":\"ReadAction\",\"target\":[\"https:\/\/www.noticiasradioreflejos.com.ar\/2021\/gran-fin-de-semana-de-las-inferiores-de-automoto\/\"]}]},{\"@type\":\"ImageObject\",\"inLanguage\":\"es\",\"@id\":\"https:\/\/www.noticiasradioreflejos.com.ar\/2021\/gran-fin-de-semana-de-las-inferiores-de-automoto\/#primaryimage\",\"url\":\"http:\/\/farm5.staticflickr.com\/4800\/25773005287_7cb978cb6b_z.jpg\",\"contentUrl\":\"http:\/\/farm5.staticflickr.com\/4800\/25773005287_7cb978cb6b_z.jpg\"},{\"@type\":\"BreadcrumbList\",\"@id\":\"https:\/\/www.noticiasradioreflejos.com.ar\/2021\/gran-fin-de-semana-de-las-inferiores-de-automoto\/#breadcrumb\",\"itemListElement\":[{\"@type\":\"ListItem\",\"position\":1,\"name\":\"Portada\",\"item\":\"https:\/\/www.noticiasradioreflejos.com.ar\/2021\/\"},{\"@type\":\"ListItem\",\"position\":2,\"name\":\"Gran fin de semana de las inferiores de Automoto\"}]},{\"@type\":\"WebSite\",\"@id\":\"https:\/\/www.noticiasradioreflejos.com.ar\/2021\/#website\",\"url\":\"https:\/\/www.noticiasradioreflejos.com.ar\/2021\/\",\"name\":\"Noticias Radio Reflejos\",\"description\":\"Las noticias de mi comarca\",\"potentialAction\":[{\"@type\":\"SearchAction\",\"target\":{\"@type\":\"EntryPoint\",\"urlTemplate\":\"https:\/\/www.noticiasradioreflejos.com.ar\/2021\/?s={search_term_string}\"},\"query-input\":{\"@type\":\"PropertyValueSpecification\",\"valueRequired\":true,\"valueName\":\"search_term_string\"}}],\"inLanguage\":\"es\"},{\"@type\":\"Person\",\"@id\":\"https:\/\/www.noticiasradioreflejos.com.ar\/2021\/#\/schema\/person\/ad82545263dcc5ec0996818884fd5fb1\",\"name\":\"Arnaldo Botto\",\"image\":{\"@type\":\"ImageObject\",\"inLanguage\":\"es\",\"@id\":\"https:\/\/www.noticiasradioreflejos.com.ar\/2021\/#\/schema\/person\/image\/\",\"url\":\"https:\/\/secure.gravatar.com\/avatar\/55cb5e37c1efa326397366e6974cb338056df65cb50e7d64d1cf314e87504837?s=96&d=mm&r=g\",\"contentUrl\":\"https:\/\/secure.gravatar.com\/avatar\/55cb5e37c1efa326397366e6974cb338056df65cb50e7d64d1cf314e87504837?s=96&d=mm&r=g\",\"caption\":\"Arnaldo Botto\"},\"url\":\"https:\/\/www.noticiasradioreflejos.com.ar\/2021\/author\/arnaldo\/\"}]}<\/script>\n<!-- \/ Yoast SEO plugin. -->","yoast_head_json":{"title":"Gran fin de semana de las inferiores de Automoto - Noticias Radio Reflejos","robots":{"index":"index","follow":"follow","max-snippet":"max-snippet:-1","max-image-preview":"max-image-preview:large","max-video-preview":"max-video-preview:-1"},"canonical":"https:\/\/www.noticiasradioreflejos.com.ar\/2021\/gran-fin-de-semana-de-las-inferiores-de-automoto\/","og_locale":"es_ES","og_type":"article","og_title":"Gran fin de semana de las inferiores de Automoto - Noticias Radio Reflejos","og_description":"Las inferiores del Automoto Club Deportivo cumplieron una destacada labor en los dos torneos que afrontaron durante el fin de semana, de manera simult\u00e1nea, en Coronel Su\u00e1rez y Pig\u00fc\u00e9, con vistas a la participaci\u00f3n en el certamen que organiza la Liga Regional de F\u00fatbol de Coronel Su\u00e1rez, que se iniciar\u00e1 el pr\u00f3ximo s\u00e1bado.","og_url":"https:\/\/www.noticiasradioreflejos.com.ar\/2021\/gran-fin-de-semana-de-las-inferiores-de-automoto\/","og_site_name":"Noticias Radio Reflejos","article_published_time":"2018-03-06T00:45:24+00:00","og_image":[{"url":"http:\/\/farm5.staticflickr.com\/4800\/25773005287_7cb978cb6b_z.jpg","type":"","width":"","height":""}],"author":"Arnaldo Botto","twitter_card":"summary_large_image","schema":{"@context":"https:\/\/schema.org","@graph":[{"@type":"WebPage","@id":"https:\/\/www.noticiasradioreflejos.com.ar\/2021\/gran-fin-de-semana-de-las-inferiores-de-automoto\/","url":"https:\/\/www.noticiasradioreflejos.com.ar\/2021\/gran-fin-de-semana-de-las-inferiores-de-automoto\/","name":"Gran fin de semana de las inferiores de Automoto - Noticias Radio Reflejos","isPartOf":{"@id":"https:\/\/www.noticiasradioreflejos.com.ar\/2021\/#website"},"primaryImageOfPage":{"@id":"https:\/\/www.noticiasradioreflejos.com.ar\/2021\/gran-fin-de-semana-de-las-inferiores-de-automoto\/#primaryimage"},"image":{"@id":"https:\/\/www.noticiasradioreflejos.com.ar\/2021\/gran-fin-de-semana-de-las-inferiores-de-automoto\/#primaryimage"},"thumbnailUrl":"http:\/\/farm5.staticflickr.com\/4800\/25773005287_7cb978cb6b_z.jpg","datePublished":"2018-03-06T00:45:24+00:00","author":{"@id":"https:\/\/www.noticiasradioreflejos.com.ar\/2021\/#\/schema\/person\/ad82545263dcc5ec0996818884fd5fb1"},"breadcrumb":{"@id":"https:\/\/www.noticiasradioreflejos.com.ar\/2021\/gran-fin-de-semana-de-las-inferiores-de-automoto\/#breadcrumb"},"inLanguage":"es","potentialAction":[{"@type":"ReadAction","target":["https:\/\/www.noticiasradioreflejos.com.ar\/2021\/gran-fin-de-semana-de-las-inferiores-de-automoto\/"]}]},{"@type":"ImageObject","inLanguage":"es","@id":"https:\/\/www.noticiasradioreflejos.com.ar\/2021\/gran-fin-de-semana-de-las-inferiores-de-automoto\/#primaryimage","url":"http:\/\/farm5.staticflickr.com\/4800\/25773005287_7cb978cb6b_z.jpg","contentUrl":"http:\/\/farm5.staticflickr.com\/4800\/25773005287_7cb978cb6b_z.jpg"},{"@type":"BreadcrumbList","@id":"https:\/\/www.noticiasradioreflejos.com.ar\/2021\/gran-fin-de-semana-de-las-inferiores-de-automoto\/#breadcrumb","itemListElement":[{"@type":"ListItem","position":1,"name":"Portada","item":"https:\/\/www.noticiasradioreflejos.com.ar\/2021\/"},{"@type":"ListItem","position":2,"name":"Gran fin de semana de las inferiores de Automoto"}]},{"@type":"WebSite","@id":"https:\/\/www.noticiasradioreflejos.com.ar\/2021\/#website","url":"https:\/\/www.noticiasradioreflejos.com.ar\/2021\/","name":"Noticias Radio Reflejos","description":"Las noticias de mi comarca","potentialAction":[{"@type":"SearchAction","target":{"@type":"EntryPoint","urlTemplate":"https:\/\/www.noticiasradioreflejos.com.ar\/2021\/?s={search_term_string}"},"query-input":{"@type":"PropertyValueSpecification","valueRequired":true,"valueName":"search_term_string"}}],"inLanguage":"es"},{"@type":"Person","@id":"https:\/\/www.noticiasradioreflejos.com.ar\/2021\/#\/schema\/person\/ad82545263dcc5ec0996818884fd5fb1","name":"Arnaldo Botto","image":{"@type":"ImageObject","inLanguage":"es","@id":"https:\/\/www.noticiasradioreflejos.com.ar\/2021\/#\/schema\/person\/image\/","url":"https:\/\/secure.gravatar.com\/avatar\/55cb5e37c1efa326397366e6974cb338056df65cb50e7d64d1cf314e87504837?s=96&d=mm&r=g","contentUrl":"https:\/\/secure.gravatar.com\/avatar\/55cb5e37c1efa326397366e6974cb338056df65cb50e7d64d1cf314e87504837?s=96&d=mm&r=g","caption":"Arnaldo Botto"},"url":"https:\/\/www.noticiasradioreflejos.com.ar\/2021\/author\/arnaldo\/"}]}},"_links":{"self":[{"href":"https:\/\/www.noticiasradioreflejos.com.ar\/2021\/wp-json\/wp\/v2\/posts\/19448","targetHints":{"allow":["GET"]}}],"collection":[{"href":"https:\/\/www.noticiasradioreflejos.com.ar\/2021\/wp-json\/wp\/v2\/posts"}],"about":[{"href":"https:\/\/www.noticiasradioreflejos.com.ar\/2021\/wp-json\/wp\/v2\/types\/post"}],"author":[{"embeddable":true,"href":"https:\/\/www.noticiasradioreflejos.com.ar\/2021\/wp-json\/wp\/v2\/users\/3"}],"replies":[{"embeddable":true,"href":"https:\/\/www.noticiasradioreflejos.com.ar\/2021\/wp-json\/wp\/v2\/comments?post=19448"}],"version-history":[{"count":0,"href":"https:\/\/www.noticiasradioreflejos.com.ar\/2021\/wp-json\/wp\/v2\/posts\/19448\/revisions"}],"wp:attachment":[{"href":"https:\/\/www.noticiasradioreflejos.com.ar\/2021\/wp-json\/wp\/v2\/media?parent=19448"}],"wp:term":[{"taxonomy":"category","embeddable":true,"href":"https:\/\/www.noticiasradioreflejos.com.ar\/2021\/wp-json\/wp\/v2\/categories?post=19448"},{"taxonomy":"post_tag","embeddable":true,"href":"https:\/\/www.noticiasradioreflejos.com.ar\/2021\/wp-json\/wp\/v2\/tags?post=19448"}],"curies":[{"name":"wp","href":"https:\/\/api.w.org\/{rel}","templated":true}]}}