{"id":19016,"date":"2018-02-19T20:00:04","date_gmt":"2018-02-19T23:00:04","guid":{"rendered":"http:\/\/www.noticiasradioreflejos.com.ar\/noticias\/?p=19016"},"modified":"2018-02-19T20:00:04","modified_gmt":"2018-02-19T23:00:04","slug":"estamos-muy-conformes-con-el-trabajo-que-se-hizo","status":"publish","type":"post","link":"https:\/\/www.noticiasradioreflejos.com.ar\/2021\/estamos-muy-conformes-con-el-trabajo-que-se-hizo\/","title":{"rendered":"\u201cEstamos muy conformes con el trabajo que se hizo\u201d"},"content":{"rendered":"<p>Luego de la lluvia de este domingo que termin\u00f3 de extinguir los \u00faltimos focos del incendio que devast\u00f3 gran parte de las sierras, el Jefe de Cuerpo Activo de los bomberos de Tornquist, Martin Haag, hizo un balance.<!--more--><br \/>\n\u201cLa lluvia nos permiti\u00f3 que todo el per\u00edmetro, que ya estaba contenido y sin actividad, se enfr\u00ede, levant\u00e1ramos las guardias de ceniza y estemos m\u00e1s tranquilos\u201d, se\u00f1al\u00f3.<br \/>\nEn cuanto a la actuaci\u00f3n de los cuarteles de bomberos de afuera del distrito, que eran m\u00e1s de 30, explic\u00f3 que \u201ctodo el sistema de bomberos voluntarios est\u00e1 coordinado, yo soy el Director de Operaciones de la Federaci\u00f3n Centro Sur y tengo contacto con mis pares de las otras federaciones; hay un protocolo de convocatoria y cuando llam\u00e1bamos autom\u00e1ticamente ven\u00edan. Y hab\u00eda m\u00e1s dotaciones disponibles por si se las necesitaba\u201d.<br \/>\nPig\u00fc\u00e9, Saavedra y Punta Alta fueron los \u00faltimos en irse ya que estaban haciendo guardia de cenizas en el Cerro Bah\u00eda Blanca y disponibles por si surg\u00eda una emergencia.<br \/>\nM\u00e1s adelante, Haag se refiri\u00f3 al inicio de varios focos entre el mi\u00e9rcoles y el domingo que se sospecha que hayan sido intencionales.<br \/>\n\u201cEs muy sospechoso, tenemos muchas dudas porque son inicios de fuego sobre un mismo sector, llama mucho la atenci\u00f3n d\u00f3nde iniciaron y c\u00f3mo. El mi\u00e9rcoles se inicia sobre el puente del Abra en un sector muy raro con carga de combustible y con viento a favor sobre la ruta 76 hacia el sur; y los otros dos incendios en la banquina contraria hacia el norte, por lo que hay muchas coincidencias\u201d, manifest\u00f3.<br \/>\n\u201cEn el de ayer tuvimos la suerte de que justo transitaban por ah\u00ed bomberos de Tornquist que se dirig\u00edan a otro sector y pudieron pararlo hasta que llegaron los de Villa Ventana para enfriarlo\u201d, a\u00f1adi\u00f3.<br \/>\nHaag sostuvo que \u201clo que coincide no es solamente el tiempo de inicio de los focos (cada dos d\u00edas: mi\u00e9rcoles, viernes y domingo), sino que pasado ese tiempo estamos abocados a otro lugar y hay menos gente trabajando ah\u00ed. Adem\u00e1s, todos fueron en la hora m\u00e1s cr\u00edtica, que es entre el mediod\u00eda y las 18 hs, y todo sobre un mismo sector\u201d.<br \/>\n\u201cEstamos muy conformes con el trabajo que se hizo, la coordinaci\u00f3n y c\u00f3mo se actu\u00f3, dando prioridades. Se trabaj\u00f3 a conciencia siempre sobre la seguridad de las personas, y los aviones operaron cuando necesit\u00e1bamos que lo hagan\u201d, destac\u00f3 por otra parte.<br \/>\nTambi\u00e9n subray\u00f3 la colaboraci\u00f3n de la gente cuando se la solicit\u00f3. \u201cLa familia Keller se puso a disposici\u00f3n y eso es lo que necesitamos, que se acerquen y vayan a un lugar que sirvan\u201d. Adem\u00e1s agradeci\u00f3 a todos los que colaboraron, acerc\u00e1ndose al cuartel, poniendo su veh\u00edculo, todos alineado para combatir el incendio.<br \/>\nPor \u00faltimo destac\u00f3 la labor de los casi 40 cuarteles que trabajaron en el incendio y felicit\u00f3 a los voluntarios de Chasic\u00f3, Cerri y Villa Iris, \u201cporque al mismo tiempo que este incendio tuvimos otros en la zona oeste y ellos nos cubrieron\u201d.<br \/>\n<iframe loading=\"lazy\" width=\"100%\" height=\"166\" scrolling=\"no\" frameborder=\"no\" allow=\"autoplay\" src=\"https:\/\/w.soundcloud.com\/player\/?url=https%3A\/\/api.soundcloud.com\/tracks\/402195507&amp;color=%23ff5500&amp;auto_play=false&amp;hide_related=false&amp;show_comments=true&amp;show_user=true&amp;show_reposts=false&amp;show_teaser=true\"><\/iframe><\/p>\n","protected":false},"excerpt":{"rendered":"<p>Luego de la lluvia de este domingo que termin\u00f3 de extinguir los \u00faltimos focos del incendio que devast\u00f3 gran parte de las sierras, el Jefe de Cuerpo Activo de los bomberos de Tornquist, Martin Haag, hizo un balance.<\/p>\n","protected":false},"author":3,"featured_media":0,"comment_status":"closed","ping_status":"open","sticky":false,"template":"","format":"standard","meta":{"footnotes":""},"categories":[26],"tags":[],"class_list":["post-19016","post","type-post","status-publish","format-standard","hentry","category-sociedad"],"yoast_head":"<!-- This site is optimized with the Yoast SEO plugin v25.9 - https:\/\/yoast.com\/wordpress\/plugins\/seo\/ -->\n<title>\u201cEstamos muy conformes con el trabajo que se hizo\u201d - Noticias Radio Reflejos<\/title>\n<meta name=\"robots\" content=\"index, follow, max-snippet:-1, max-image-preview:large, max-video-preview:-1\" \/>\n<link rel=\"canonical\" href=\"https:\/\/www.noticiasradioreflejos.com.ar\/2021\/estamos-muy-conformes-con-el-trabajo-que-se-hizo\/\" \/>\n<meta property=\"og:locale\" content=\"es_ES\" \/>\n<meta property=\"og:type\" content=\"article\" \/>\n<meta property=\"og:title\" content=\"\u201cEstamos muy conformes con el trabajo que se hizo\u201d - Noticias Radio Reflejos\" \/>\n<meta property=\"og:description\" content=\"Luego de la lluvia de este domingo que termin\u00f3 de extinguir los \u00faltimos focos del incendio que devast\u00f3 gran parte de las sierras, el Jefe de Cuerpo Activo de los bomberos de Tornquist, Martin Haag, hizo un balance.\" \/>\n<meta property=\"og:url\" content=\"https:\/\/www.noticiasradioreflejos.com.ar\/2021\/estamos-muy-conformes-con-el-trabajo-que-se-hizo\/\" \/>\n<meta property=\"og:site_name\" content=\"Noticias Radio Reflejos\" \/>\n<meta property=\"article:published_time\" content=\"2018-02-19T23:00:04+00:00\" \/>\n<meta property=\"og:image\" content=\"https:\/\/www.noticiasradioreflejos.com.ar\/2021\/wp-content\/uploads\/2021\/07\/logosol300x200.png\" \/>\n\t<meta property=\"og:image:width\" content=\"300\" \/>\n\t<meta property=\"og:image:height\" content=\"200\" \/>\n\t<meta property=\"og:image:type\" content=\"image\/png\" \/>\n<meta name=\"author\" content=\"Arnaldo Botto\" \/>\n<meta name=\"twitter:card\" content=\"summary_large_image\" \/>\n<script type=\"application\/ld+json\" class=\"yoast-schema-graph\">{\"@context\":\"https:\/\/schema.org\",\"@graph\":[{\"@type\":\"WebPage\",\"@id\":\"https:\/\/www.noticiasradioreflejos.com.ar\/2021\/estamos-muy-conformes-con-el-trabajo-que-se-hizo\/\",\"url\":\"https:\/\/www.noticiasradioreflejos.com.ar\/2021\/estamos-muy-conformes-con-el-trabajo-que-se-hizo\/\",\"name\":\"\u201cEstamos muy conformes con el trabajo que se hizo\u201d - Noticias Radio Reflejos\",\"isPartOf\":{\"@id\":\"https:\/\/www.noticiasradioreflejos.com.ar\/2021\/#website\"},\"datePublished\":\"2018-02-19T23:00:04+00:00\",\"author\":{\"@id\":\"https:\/\/www.noticiasradioreflejos.com.ar\/2021\/#\/schema\/person\/ad82545263dcc5ec0996818884fd5fb1\"},\"breadcrumb\":{\"@id\":\"https:\/\/www.noticiasradioreflejos.com.ar\/2021\/estamos-muy-conformes-con-el-trabajo-que-se-hizo\/#breadcrumb\"},\"inLanguage\":\"es\",\"potentialAction\":[{\"@type\":\"ReadAction\",\"target\":[\"https:\/\/www.noticiasradioreflejos.com.ar\/2021\/estamos-muy-conformes-con-el-trabajo-que-se-hizo\/\"]}]},{\"@type\":\"BreadcrumbList\",\"@id\":\"https:\/\/www.noticiasradioreflejos.com.ar\/2021\/estamos-muy-conformes-con-el-trabajo-que-se-hizo\/#breadcrumb\",\"itemListElement\":[{\"@type\":\"ListItem\",\"position\":1,\"name\":\"Portada\",\"item\":\"https:\/\/www.noticiasradioreflejos.com.ar\/2021\/\"},{\"@type\":\"ListItem\",\"position\":2,\"name\":\"\u201cEstamos muy conformes con el trabajo que se hizo\u201d\"}]},{\"@type\":\"WebSite\",\"@id\":\"https:\/\/www.noticiasradioreflejos.com.ar\/2021\/#website\",\"url\":\"https:\/\/www.noticiasradioreflejos.com.ar\/2021\/\",\"name\":\"Noticias Radio Reflejos\",\"description\":\"Las noticias de mi comarca\",\"potentialAction\":[{\"@type\":\"SearchAction\",\"target\":{\"@type\":\"EntryPoint\",\"urlTemplate\":\"https:\/\/www.noticiasradioreflejos.com.ar\/2021\/?s={search_term_string}\"},\"query-input\":{\"@type\":\"PropertyValueSpecification\",\"valueRequired\":true,\"valueName\":\"search_term_string\"}}],\"inLanguage\":\"es\"},{\"@type\":\"Person\",\"@id\":\"https:\/\/www.noticiasradioreflejos.com.ar\/2021\/#\/schema\/person\/ad82545263dcc5ec0996818884fd5fb1\",\"name\":\"Arnaldo Botto\",\"image\":{\"@type\":\"ImageObject\",\"inLanguage\":\"es\",\"@id\":\"https:\/\/www.noticiasradioreflejos.com.ar\/2021\/#\/schema\/person\/image\/\",\"url\":\"https:\/\/secure.gravatar.com\/avatar\/55cb5e37c1efa326397366e6974cb338056df65cb50e7d64d1cf314e87504837?s=96&d=mm&r=g\",\"contentUrl\":\"https:\/\/secure.gravatar.com\/avatar\/55cb5e37c1efa326397366e6974cb338056df65cb50e7d64d1cf314e87504837?s=96&d=mm&r=g\",\"caption\":\"Arnaldo Botto\"},\"url\":\"https:\/\/www.noticiasradioreflejos.com.ar\/2021\/author\/arnaldo\/\"}]}<\/script>\n<!-- \/ Yoast SEO plugin. -->","yoast_head_json":{"title":"\u201cEstamos muy conformes con el trabajo que se hizo\u201d - Noticias Radio Reflejos","robots":{"index":"index","follow":"follow","max-snippet":"max-snippet:-1","max-image-preview":"max-image-preview:large","max-video-preview":"max-video-preview:-1"},"canonical":"https:\/\/www.noticiasradioreflejos.com.ar\/2021\/estamos-muy-conformes-con-el-trabajo-que-se-hizo\/","og_locale":"es_ES","og_type":"article","og_title":"\u201cEstamos muy conformes con el trabajo que se hizo\u201d - Noticias Radio Reflejos","og_description":"Luego de la lluvia de este domingo que termin\u00f3 de extinguir los \u00faltimos focos del incendio que devast\u00f3 gran parte de las sierras, el Jefe de Cuerpo Activo de los bomberos de Tornquist, Martin Haag, hizo un balance.","og_url":"https:\/\/www.noticiasradioreflejos.com.ar\/2021\/estamos-muy-conformes-con-el-trabajo-que-se-hizo\/","og_site_name":"Noticias Radio Reflejos","article_published_time":"2018-02-19T23:00:04+00:00","og_image":[{"width":300,"height":200,"url":"https:\/\/www.noticiasradioreflejos.com.ar\/2021\/wp-content\/uploads\/2021\/07\/logosol300x200.png","type":"image\/png"}],"author":"Arnaldo Botto","twitter_card":"summary_large_image","schema":{"@context":"https:\/\/schema.org","@graph":[{"@type":"WebPage","@id":"https:\/\/www.noticiasradioreflejos.com.ar\/2021\/estamos-muy-conformes-con-el-trabajo-que-se-hizo\/","url":"https:\/\/www.noticiasradioreflejos.com.ar\/2021\/estamos-muy-conformes-con-el-trabajo-que-se-hizo\/","name":"\u201cEstamos muy conformes con el trabajo que se hizo\u201d - Noticias Radio Reflejos","isPartOf":{"@id":"https:\/\/www.noticiasradioreflejos.com.ar\/2021\/#website"},"datePublished":"2018-02-19T23:00:04+00:00","author":{"@id":"https:\/\/www.noticiasradioreflejos.com.ar\/2021\/#\/schema\/person\/ad82545263dcc5ec0996818884fd5fb1"},"breadcrumb":{"@id":"https:\/\/www.noticiasradioreflejos.com.ar\/2021\/estamos-muy-conformes-con-el-trabajo-que-se-hizo\/#breadcrumb"},"inLanguage":"es","potentialAction":[{"@type":"ReadAction","target":["https:\/\/www.noticiasradioreflejos.com.ar\/2021\/estamos-muy-conformes-con-el-trabajo-que-se-hizo\/"]}]},{"@type":"BreadcrumbList","@id":"https:\/\/www.noticiasradioreflejos.com.ar\/2021\/estamos-muy-conformes-con-el-trabajo-que-se-hizo\/#breadcrumb","itemListElement":[{"@type":"ListItem","position":1,"name":"Portada","item":"https:\/\/www.noticiasradioreflejos.com.ar\/2021\/"},{"@type":"ListItem","position":2,"name":"\u201cEstamos muy conformes con el trabajo que se hizo\u201d"}]},{"@type":"WebSite","@id":"https:\/\/www.noticiasradioreflejos.com.ar\/2021\/#website","url":"https:\/\/www.noticiasradioreflejos.com.ar\/2021\/","name":"Noticias Radio Reflejos","description":"Las noticias de mi comarca","potentialAction":[{"@type":"SearchAction","target":{"@type":"EntryPoint","urlTemplate":"https:\/\/www.noticiasradioreflejos.com.ar\/2021\/?s={search_term_string}"},"query-input":{"@type":"PropertyValueSpecification","valueRequired":true,"valueName":"search_term_string"}}],"inLanguage":"es"},{"@type":"Person","@id":"https:\/\/www.noticiasradioreflejos.com.ar\/2021\/#\/schema\/person\/ad82545263dcc5ec0996818884fd5fb1","name":"Arnaldo Botto","image":{"@type":"ImageObject","inLanguage":"es","@id":"https:\/\/www.noticiasradioreflejos.com.ar\/2021\/#\/schema\/person\/image\/","url":"https:\/\/secure.gravatar.com\/avatar\/55cb5e37c1efa326397366e6974cb338056df65cb50e7d64d1cf314e87504837?s=96&d=mm&r=g","contentUrl":"https:\/\/secure.gravatar.com\/avatar\/55cb5e37c1efa326397366e6974cb338056df65cb50e7d64d1cf314e87504837?s=96&d=mm&r=g","caption":"Arnaldo Botto"},"url":"https:\/\/www.noticiasradioreflejos.com.ar\/2021\/author\/arnaldo\/"}]}},"_links":{"self":[{"href":"https:\/\/www.noticiasradioreflejos.com.ar\/2021\/wp-json\/wp\/v2\/posts\/19016","targetHints":{"allow":["GET"]}}],"collection":[{"href":"https:\/\/www.noticiasradioreflejos.com.ar\/2021\/wp-json\/wp\/v2\/posts"}],"about":[{"href":"https:\/\/www.noticiasradioreflejos.com.ar\/2021\/wp-json\/wp\/v2\/types\/post"}],"author":[{"embeddable":true,"href":"https:\/\/www.noticiasradioreflejos.com.ar\/2021\/wp-json\/wp\/v2\/users\/3"}],"replies":[{"embeddable":true,"href":"https:\/\/www.noticiasradioreflejos.com.ar\/2021\/wp-json\/wp\/v2\/comments?post=19016"}],"version-history":[{"count":0,"href":"https:\/\/www.noticiasradioreflejos.com.ar\/2021\/wp-json\/wp\/v2\/posts\/19016\/revisions"}],"wp:attachment":[{"href":"https:\/\/www.noticiasradioreflejos.com.ar\/2021\/wp-json\/wp\/v2\/media?parent=19016"}],"wp:term":[{"taxonomy":"category","embeddable":true,"href":"https:\/\/www.noticiasradioreflejos.com.ar\/2021\/wp-json\/wp\/v2\/categories?post=19016"},{"taxonomy":"post_tag","embeddable":true,"href":"https:\/\/www.noticiasradioreflejos.com.ar\/2021\/wp-json\/wp\/v2\/tags?post=19016"}],"curies":[{"name":"wp","href":"https:\/\/api.w.org\/{rel}","templated":true}]}}