{"id":18793,"date":"2018-02-14T09:10:38","date_gmt":"2018-02-14T12:10:38","guid":{"rendered":"http:\/\/www.noticiasradioreflejos.com.ar\/noticias\/?p=18793"},"modified":"2018-02-14T09:10:38","modified_gmt":"2018-02-14T12:10:38","slug":"pedido-de-informe-en-relacion-al-nac-nucleo-de-acceso-al-conocimiento","status":"publish","type":"post","link":"https:\/\/www.noticiasradioreflejos.com.ar\/2021\/pedido-de-informe-en-relacion-al-nac-nucleo-de-acceso-al-conocimiento\/","title":{"rendered":"Pedido de Informe en relaci\u00f3n al  NAC (N\u00facleo de Acceso al Conocimiento)"},"content":{"rendered":"<p>Los Bloques Frente para la Victoria y Frente Justicialista Cumplir presentaron en la secretar\u00eda del Honorable Concejo Deliberante un pedido de Informe en relaci\u00f3n al NAC (N\u00facleo de Acceso al Conocimiento), el cual fue inaugurado en la gesti\u00f3n del Ex intendente Municipal, Lic. Gustavo Trankels en el edificio correspondiente al Ex Correo Argentino. El mismo, por decisi\u00f3n del actual intendente Municipal, Sergio Bordoni dej\u00f3 de funcionar.<!--more--><br \/>\nLa finalidad de la solicitud, es conocer el destino del valioso equipamiento que contaba el NAC, (computadoras, TV Led, equipos de grabaci\u00f3n y de video), entre otro. Tecnolog\u00eda que adem\u00e1s de reducir la brecha digital existente en la sociedad garantizaba de esta manera la inclusi\u00f3n.<br \/>\nTornquist, 8 de febrero de 2018.-<br \/>\nVISTO: La inauguraci\u00f3n del NAC (N\u00facleo del Acceso al Conocimiento) realizada el d\u00eda 9 de octubre de 2015 en el edificio del Ex Correo Argentino; Y<br \/>\nCONSIDERANDO:<br \/>\nQue la puesta en funcionamiento fue con la finalidad de permitir a toda la comunidad del distrito realizar cursos de formaci\u00f3n y capacitaci\u00f3n gratuitos de manera virtual en institutos o universidades de diferente puntos del pa\u00eds.<br \/>\nQue se recuper\u00f3 un hist\u00f3rico inmueble, lo cual result\u00f3 muy significativo para la comunidad.<br \/>\nQue el espacio p\u00fablico permit\u00eda el acceso libre y gratuito, reivindicando el rol de la educaci\u00f3n p\u00fablica.<br \/>\nQue adem\u00e1s de reducir la brecha digital existente en la sociedad garantizaba de esta manera la inclusi\u00f3n.<br \/>\nQue ofrec\u00eda a todos los habitantes, el acceso a las nuevas TIC (Tecnolog\u00eda de la Informaci\u00f3n y la Comunicaci\u00f3n).generando las condiciones para el desarrollo de las personas y sus comunidades.<br \/>\nQue contaba con una isla de edici\u00f3n de video y una de grabaci\u00f3n, para que nuestros artistas puedan grabar su cd.<br \/>\nQue en el mes de enero del a\u00f1o 2016 el Intendente Municipal actual decidi\u00f3 que dejara de funcionar el NAC.<br \/>\nPOR LO ENUNCIADO ANTERIORMENTE<br \/>\nLOS BLOQUES FRENTE PARA LA VICTORIA Y FRENTE JUSTICIALISTA CUMPLIR<br \/>\nElevan el siguiente:<br \/>\nPEDIDO DE INFORME<br \/>\nARTICULO 1\u00ba: Solicitase al Sr Intendente Municipal don Sergio Bordoni, informe detalladamente el destino de todo el equipamiento tecnol\u00f3gico (computadoras, playstation, tv led , equipos de video y de grabaci\u00f3n, entre otros) , con los que contaba el NAC.<br \/>\nARTICULO 2\u00ba: De forma.-<\/p>\n","protected":false},"excerpt":{"rendered":"<p>Los Bloques Frente para la Victoria y Frente Justicialista Cumplir presentaron en la secretar\u00eda del Honorable Concejo Deliberante un pedido de Informe en relaci\u00f3n al NAC (N\u00facleo de Acceso al Conocimiento), el cual fue inaugurado en la gesti\u00f3n del Ex intendente Municipal, Lic. Gustavo Trankels en el edificio correspondiente al Ex Correo Argentino. El mismo, [&hellip;]<\/p>\n","protected":false},"author":3,"featured_media":0,"comment_status":"closed","ping_status":"open","sticky":false,"template":"","format":"standard","meta":{"footnotes":""},"categories":[24],"tags":[],"class_list":["post-18793","post","type-post","status-publish","format-standard","hentry","category-politica"],"yoast_head":"<!-- This site is optimized with the Yoast SEO plugin v25.9 - https:\/\/yoast.com\/wordpress\/plugins\/seo\/ -->\n<title>Pedido de Informe en relaci\u00f3n al NAC (N\u00facleo de Acceso al Conocimiento) - Noticias Radio Reflejos<\/title>\n<meta name=\"robots\" content=\"index, follow, max-snippet:-1, max-image-preview:large, max-video-preview:-1\" \/>\n<link rel=\"canonical\" href=\"https:\/\/www.noticiasradioreflejos.com.ar\/2021\/pedido-de-informe-en-relacion-al-nac-nucleo-de-acceso-al-conocimiento\/\" \/>\n<meta property=\"og:locale\" content=\"es_ES\" \/>\n<meta property=\"og:type\" content=\"article\" \/>\n<meta property=\"og:title\" content=\"Pedido de Informe en relaci\u00f3n al NAC (N\u00facleo de Acceso al Conocimiento) - Noticias Radio Reflejos\" \/>\n<meta property=\"og:description\" content=\"Los Bloques Frente para la Victoria y Frente Justicialista Cumplir presentaron en la secretar\u00eda del Honorable Concejo Deliberante un pedido de Informe en relaci\u00f3n al NAC (N\u00facleo de Acceso al Conocimiento), el cual fue inaugurado en la gesti\u00f3n del Ex intendente Municipal, Lic. Gustavo Trankels en el edificio correspondiente al Ex Correo Argentino. El mismo, [&hellip;]\" \/>\n<meta property=\"og:url\" content=\"https:\/\/www.noticiasradioreflejos.com.ar\/2021\/pedido-de-informe-en-relacion-al-nac-nucleo-de-acceso-al-conocimiento\/\" \/>\n<meta property=\"og:site_name\" content=\"Noticias Radio Reflejos\" \/>\n<meta property=\"article:published_time\" content=\"2018-02-14T12:10:38+00:00\" \/>\n<meta property=\"og:image\" content=\"https:\/\/www.noticiasradioreflejos.com.ar\/2021\/wp-content\/uploads\/2021\/07\/logosol300x200.png\" \/>\n\t<meta property=\"og:image:width\" content=\"300\" \/>\n\t<meta property=\"og:image:height\" content=\"200\" \/>\n\t<meta property=\"og:image:type\" content=\"image\/png\" \/>\n<meta name=\"author\" content=\"Arnaldo Botto\" \/>\n<meta name=\"twitter:card\" content=\"summary_large_image\" \/>\n<script type=\"application\/ld+json\" class=\"yoast-schema-graph\">{\"@context\":\"https:\/\/schema.org\",\"@graph\":[{\"@type\":\"WebPage\",\"@id\":\"https:\/\/www.noticiasradioreflejos.com.ar\/2021\/pedido-de-informe-en-relacion-al-nac-nucleo-de-acceso-al-conocimiento\/\",\"url\":\"https:\/\/www.noticiasradioreflejos.com.ar\/2021\/pedido-de-informe-en-relacion-al-nac-nucleo-de-acceso-al-conocimiento\/\",\"name\":\"Pedido de Informe en relaci\u00f3n al NAC (N\u00facleo de Acceso al Conocimiento) - Noticias Radio Reflejos\",\"isPartOf\":{\"@id\":\"https:\/\/www.noticiasradioreflejos.com.ar\/2021\/#website\"},\"datePublished\":\"2018-02-14T12:10:38+00:00\",\"author\":{\"@id\":\"https:\/\/www.noticiasradioreflejos.com.ar\/2021\/#\/schema\/person\/ad82545263dcc5ec0996818884fd5fb1\"},\"breadcrumb\":{\"@id\":\"https:\/\/www.noticiasradioreflejos.com.ar\/2021\/pedido-de-informe-en-relacion-al-nac-nucleo-de-acceso-al-conocimiento\/#breadcrumb\"},\"inLanguage\":\"es\",\"potentialAction\":[{\"@type\":\"ReadAction\",\"target\":[\"https:\/\/www.noticiasradioreflejos.com.ar\/2021\/pedido-de-informe-en-relacion-al-nac-nucleo-de-acceso-al-conocimiento\/\"]}]},{\"@type\":\"BreadcrumbList\",\"@id\":\"https:\/\/www.noticiasradioreflejos.com.ar\/2021\/pedido-de-informe-en-relacion-al-nac-nucleo-de-acceso-al-conocimiento\/#breadcrumb\",\"itemListElement\":[{\"@type\":\"ListItem\",\"position\":1,\"name\":\"Portada\",\"item\":\"https:\/\/www.noticiasradioreflejos.com.ar\/2021\/\"},{\"@type\":\"ListItem\",\"position\":2,\"name\":\"Pedido de Informe en relaci\u00f3n al NAC (N\u00facleo de Acceso al Conocimiento)\"}]},{\"@type\":\"WebSite\",\"@id\":\"https:\/\/www.noticiasradioreflejos.com.ar\/2021\/#website\",\"url\":\"https:\/\/www.noticiasradioreflejos.com.ar\/2021\/\",\"name\":\"Noticias Radio Reflejos\",\"description\":\"Las noticias de mi comarca\",\"potentialAction\":[{\"@type\":\"SearchAction\",\"target\":{\"@type\":\"EntryPoint\",\"urlTemplate\":\"https:\/\/www.noticiasradioreflejos.com.ar\/2021\/?s={search_term_string}\"},\"query-input\":{\"@type\":\"PropertyValueSpecification\",\"valueRequired\":true,\"valueName\":\"search_term_string\"}}],\"inLanguage\":\"es\"},{\"@type\":\"Person\",\"@id\":\"https:\/\/www.noticiasradioreflejos.com.ar\/2021\/#\/schema\/person\/ad82545263dcc5ec0996818884fd5fb1\",\"name\":\"Arnaldo Botto\",\"image\":{\"@type\":\"ImageObject\",\"inLanguage\":\"es\",\"@id\":\"https:\/\/www.noticiasradioreflejos.com.ar\/2021\/#\/schema\/person\/image\/\",\"url\":\"https:\/\/secure.gravatar.com\/avatar\/55cb5e37c1efa326397366e6974cb338056df65cb50e7d64d1cf314e87504837?s=96&d=mm&r=g\",\"contentUrl\":\"https:\/\/secure.gravatar.com\/avatar\/55cb5e37c1efa326397366e6974cb338056df65cb50e7d64d1cf314e87504837?s=96&d=mm&r=g\",\"caption\":\"Arnaldo Botto\"},\"url\":\"https:\/\/www.noticiasradioreflejos.com.ar\/2021\/author\/arnaldo\/\"}]}<\/script>\n<!-- \/ Yoast SEO plugin. -->","yoast_head_json":{"title":"Pedido de Informe en relaci\u00f3n al NAC (N\u00facleo de Acceso al Conocimiento) - Noticias Radio Reflejos","robots":{"index":"index","follow":"follow","max-snippet":"max-snippet:-1","max-image-preview":"max-image-preview:large","max-video-preview":"max-video-preview:-1"},"canonical":"https:\/\/www.noticiasradioreflejos.com.ar\/2021\/pedido-de-informe-en-relacion-al-nac-nucleo-de-acceso-al-conocimiento\/","og_locale":"es_ES","og_type":"article","og_title":"Pedido de Informe en relaci\u00f3n al NAC (N\u00facleo de Acceso al Conocimiento) - Noticias Radio Reflejos","og_description":"Los Bloques Frente para la Victoria y Frente Justicialista Cumplir presentaron en la secretar\u00eda del Honorable Concejo Deliberante un pedido de Informe en relaci\u00f3n al NAC (N\u00facleo de Acceso al Conocimiento), el cual fue inaugurado en la gesti\u00f3n del Ex intendente Municipal, Lic. Gustavo Trankels en el edificio correspondiente al Ex Correo Argentino. El mismo, [&hellip;]","og_url":"https:\/\/www.noticiasradioreflejos.com.ar\/2021\/pedido-de-informe-en-relacion-al-nac-nucleo-de-acceso-al-conocimiento\/","og_site_name":"Noticias Radio Reflejos","article_published_time":"2018-02-14T12:10:38+00:00","og_image":[{"width":300,"height":200,"url":"https:\/\/www.noticiasradioreflejos.com.ar\/2021\/wp-content\/uploads\/2021\/07\/logosol300x200.png","type":"image\/png"}],"author":"Arnaldo Botto","twitter_card":"summary_large_image","schema":{"@context":"https:\/\/schema.org","@graph":[{"@type":"WebPage","@id":"https:\/\/www.noticiasradioreflejos.com.ar\/2021\/pedido-de-informe-en-relacion-al-nac-nucleo-de-acceso-al-conocimiento\/","url":"https:\/\/www.noticiasradioreflejos.com.ar\/2021\/pedido-de-informe-en-relacion-al-nac-nucleo-de-acceso-al-conocimiento\/","name":"Pedido de Informe en relaci\u00f3n al NAC (N\u00facleo de Acceso al Conocimiento) - Noticias Radio Reflejos","isPartOf":{"@id":"https:\/\/www.noticiasradioreflejos.com.ar\/2021\/#website"},"datePublished":"2018-02-14T12:10:38+00:00","author":{"@id":"https:\/\/www.noticiasradioreflejos.com.ar\/2021\/#\/schema\/person\/ad82545263dcc5ec0996818884fd5fb1"},"breadcrumb":{"@id":"https:\/\/www.noticiasradioreflejos.com.ar\/2021\/pedido-de-informe-en-relacion-al-nac-nucleo-de-acceso-al-conocimiento\/#breadcrumb"},"inLanguage":"es","potentialAction":[{"@type":"ReadAction","target":["https:\/\/www.noticiasradioreflejos.com.ar\/2021\/pedido-de-informe-en-relacion-al-nac-nucleo-de-acceso-al-conocimiento\/"]}]},{"@type":"BreadcrumbList","@id":"https:\/\/www.noticiasradioreflejos.com.ar\/2021\/pedido-de-informe-en-relacion-al-nac-nucleo-de-acceso-al-conocimiento\/#breadcrumb","itemListElement":[{"@type":"ListItem","position":1,"name":"Portada","item":"https:\/\/www.noticiasradioreflejos.com.ar\/2021\/"},{"@type":"ListItem","position":2,"name":"Pedido de Informe en relaci\u00f3n al NAC (N\u00facleo de Acceso al Conocimiento)"}]},{"@type":"WebSite","@id":"https:\/\/www.noticiasradioreflejos.com.ar\/2021\/#website","url":"https:\/\/www.noticiasradioreflejos.com.ar\/2021\/","name":"Noticias Radio Reflejos","description":"Las noticias de mi comarca","potentialAction":[{"@type":"SearchAction","target":{"@type":"EntryPoint","urlTemplate":"https:\/\/www.noticiasradioreflejos.com.ar\/2021\/?s={search_term_string}"},"query-input":{"@type":"PropertyValueSpecification","valueRequired":true,"valueName":"search_term_string"}}],"inLanguage":"es"},{"@type":"Person","@id":"https:\/\/www.noticiasradioreflejos.com.ar\/2021\/#\/schema\/person\/ad82545263dcc5ec0996818884fd5fb1","name":"Arnaldo Botto","image":{"@type":"ImageObject","inLanguage":"es","@id":"https:\/\/www.noticiasradioreflejos.com.ar\/2021\/#\/schema\/person\/image\/","url":"https:\/\/secure.gravatar.com\/avatar\/55cb5e37c1efa326397366e6974cb338056df65cb50e7d64d1cf314e87504837?s=96&d=mm&r=g","contentUrl":"https:\/\/secure.gravatar.com\/avatar\/55cb5e37c1efa326397366e6974cb338056df65cb50e7d64d1cf314e87504837?s=96&d=mm&r=g","caption":"Arnaldo Botto"},"url":"https:\/\/www.noticiasradioreflejos.com.ar\/2021\/author\/arnaldo\/"}]}},"_links":{"self":[{"href":"https:\/\/www.noticiasradioreflejos.com.ar\/2021\/wp-json\/wp\/v2\/posts\/18793","targetHints":{"allow":["GET"]}}],"collection":[{"href":"https:\/\/www.noticiasradioreflejos.com.ar\/2021\/wp-json\/wp\/v2\/posts"}],"about":[{"href":"https:\/\/www.noticiasradioreflejos.com.ar\/2021\/wp-json\/wp\/v2\/types\/post"}],"author":[{"embeddable":true,"href":"https:\/\/www.noticiasradioreflejos.com.ar\/2021\/wp-json\/wp\/v2\/users\/3"}],"replies":[{"embeddable":true,"href":"https:\/\/www.noticiasradioreflejos.com.ar\/2021\/wp-json\/wp\/v2\/comments?post=18793"}],"version-history":[{"count":0,"href":"https:\/\/www.noticiasradioreflejos.com.ar\/2021\/wp-json\/wp\/v2\/posts\/18793\/revisions"}],"wp:attachment":[{"href":"https:\/\/www.noticiasradioreflejos.com.ar\/2021\/wp-json\/wp\/v2\/media?parent=18793"}],"wp:term":[{"taxonomy":"category","embeddable":true,"href":"https:\/\/www.noticiasradioreflejos.com.ar\/2021\/wp-json\/wp\/v2\/categories?post=18793"},{"taxonomy":"post_tag","embeddable":true,"href":"https:\/\/www.noticiasradioreflejos.com.ar\/2021\/wp-json\/wp\/v2\/tags?post=18793"}],"curies":[{"name":"wp","href":"https:\/\/api.w.org\/{rel}","templated":true}]}}