{"id":18787,"date":"2018-02-14T08:03:48","date_gmt":"2018-02-14T11:03:48","guid":{"rendered":"http:\/\/www.noticiasradioreflejos.com.ar\/noticias\/?p=18787"},"modified":"2018-02-14T08:03:48","modified_gmt":"2018-02-14T11:03:48","slug":"inventaron-la-historia-la-fiscal-a-favor-de-ricardo-iorio-pidio-su-sobreseimiento","status":"publish","type":"post","link":"https:\/\/www.noticiasradioreflejos.com.ar\/2021\/inventaron-la-historia-la-fiscal-a-favor-de-ricardo-iorio-pidio-su-sobreseimiento\/","title":{"rendered":"&quot;Inventaron la historia&quot;: La fiscal, a favor de Ricardo Iorio"},"content":{"rendered":"<p>La fiscal Claudia Lorenzo, a cargo de la investigaci\u00f3n de la causa que tiene como protagonista al conocido cantante de heavy metal Ricardo Iorio, pidi\u00f3 en las \u00faltimas horas su sobreseimiento.<!--more--><br \/>\nLa propia Lorenzo le pedir\u00e1 a la jueza de Garant\u00edas que interviniente que desvincule del caso al artista ya que, seg\u00fan las pruebas recolectadas, los denunciantes \u00abinventaron la historia\u00bb que finaliz\u00f3 con la detenci\u00f3n de Iorio en Sierra de la Ventana.<br \/>\n\u00abNunca existieron frases amenazadoras. Nunca sucedieron las amenazas agravadas (exhibici\u00f3n de arma de fuego)\u00bb, sintetiza la fiscal en su pedido formal que se apoya en testimonio e im\u00e1genes obtenidas.<br \/>\nCabe recordar que la tarde del 26 de enero, el ex cantante de Almafuerte qued\u00f3 arrestado luego de un episodio ocurrido en la estaci\u00f3n de servicio YPF de la mencionada localidad.<br \/>\nIorio permaneci\u00f3 detenido e internado durante algunas horas en Coronel Su\u00e1rez por las heridas sufridas cuando intentaba resistirse al arresto. El 27 del mes pasado, antes del mediod\u00eda, el m\u00fasico declar\u00f3 en Bah\u00eda Blanca.<br \/>\nFuente :<a href=\"http:\/\/labrujula24.com\">labrujula24.com<\/a><\/p>\n","protected":false},"excerpt":{"rendered":"<p>La fiscal Claudia Lorenzo, a cargo de la investigaci\u00f3n de la causa que tiene como protagonista al conocido cantante de heavy metal Ricardo Iorio, pidi\u00f3 en las \u00faltimas horas su sobreseimiento.<\/p>\n","protected":false},"author":3,"featured_media":0,"comment_status":"closed","ping_status":"open","sticky":false,"template":"","format":"standard","meta":{"footnotes":""},"categories":[29],"tags":[],"class_list":["post-18787","post","type-post","status-publish","format-standard","hentry","category-policiales"],"yoast_head":"<!-- This site is optimized with the Yoast SEO plugin v25.9 - https:\/\/yoast.com\/wordpress\/plugins\/seo\/ -->\n<title>&quot;Inventaron la historia&quot;: La fiscal, a favor de Ricardo Iorio - Noticias Radio Reflejos<\/title>\n<meta name=\"robots\" content=\"index, follow, max-snippet:-1, max-image-preview:large, max-video-preview:-1\" \/>\n<link rel=\"canonical\" href=\"https:\/\/www.noticiasradioreflejos.com.ar\/2021\/inventaron-la-historia-la-fiscal-a-favor-de-ricardo-iorio-pidio-su-sobreseimiento\/\" \/>\n<meta property=\"og:locale\" content=\"es_ES\" \/>\n<meta property=\"og:type\" content=\"article\" \/>\n<meta property=\"og:title\" content=\"&quot;Inventaron la historia&quot;: La fiscal, a favor de Ricardo Iorio - Noticias Radio Reflejos\" \/>\n<meta property=\"og:description\" content=\"La fiscal Claudia Lorenzo, a cargo de la investigaci\u00f3n de la causa que tiene como protagonista al conocido cantante de heavy metal Ricardo Iorio, pidi\u00f3 en las \u00faltimas horas su sobreseimiento.\" \/>\n<meta property=\"og:url\" content=\"https:\/\/www.noticiasradioreflejos.com.ar\/2021\/inventaron-la-historia-la-fiscal-a-favor-de-ricardo-iorio-pidio-su-sobreseimiento\/\" \/>\n<meta property=\"og:site_name\" content=\"Noticias Radio Reflejos\" \/>\n<meta property=\"article:published_time\" content=\"2018-02-14T11:03:48+00:00\" \/>\n<meta property=\"og:image\" content=\"https:\/\/www.noticiasradioreflejos.com.ar\/2021\/wp-content\/uploads\/2021\/07\/logosol300x200.png\" \/>\n\t<meta property=\"og:image:width\" content=\"300\" \/>\n\t<meta property=\"og:image:height\" content=\"200\" \/>\n\t<meta property=\"og:image:type\" content=\"image\/png\" \/>\n<meta name=\"author\" content=\"Arnaldo Botto\" \/>\n<meta name=\"twitter:card\" content=\"summary_large_image\" \/>\n<script type=\"application\/ld+json\" class=\"yoast-schema-graph\">{\"@context\":\"https:\/\/schema.org\",\"@graph\":[{\"@type\":\"WebPage\",\"@id\":\"https:\/\/www.noticiasradioreflejos.com.ar\/2021\/inventaron-la-historia-la-fiscal-a-favor-de-ricardo-iorio-pidio-su-sobreseimiento\/\",\"url\":\"https:\/\/www.noticiasradioreflejos.com.ar\/2021\/inventaron-la-historia-la-fiscal-a-favor-de-ricardo-iorio-pidio-su-sobreseimiento\/\",\"name\":\"&quot;Inventaron la historia&quot;: La fiscal, a favor de Ricardo Iorio - Noticias Radio Reflejos\",\"isPartOf\":{\"@id\":\"https:\/\/www.noticiasradioreflejos.com.ar\/2021\/#website\"},\"datePublished\":\"2018-02-14T11:03:48+00:00\",\"author\":{\"@id\":\"https:\/\/www.noticiasradioreflejos.com.ar\/2021\/#\/schema\/person\/ad82545263dcc5ec0996818884fd5fb1\"},\"breadcrumb\":{\"@id\":\"https:\/\/www.noticiasradioreflejos.com.ar\/2021\/inventaron-la-historia-la-fiscal-a-favor-de-ricardo-iorio-pidio-su-sobreseimiento\/#breadcrumb\"},\"inLanguage\":\"es\",\"potentialAction\":[{\"@type\":\"ReadAction\",\"target\":[\"https:\/\/www.noticiasradioreflejos.com.ar\/2021\/inventaron-la-historia-la-fiscal-a-favor-de-ricardo-iorio-pidio-su-sobreseimiento\/\"]}]},{\"@type\":\"BreadcrumbList\",\"@id\":\"https:\/\/www.noticiasradioreflejos.com.ar\/2021\/inventaron-la-historia-la-fiscal-a-favor-de-ricardo-iorio-pidio-su-sobreseimiento\/#breadcrumb\",\"itemListElement\":[{\"@type\":\"ListItem\",\"position\":1,\"name\":\"Portada\",\"item\":\"https:\/\/www.noticiasradioreflejos.com.ar\/2021\/\"},{\"@type\":\"ListItem\",\"position\":2,\"name\":\"&quot;Inventaron la historia&quot;: La fiscal, a favor de Ricardo Iorio\"}]},{\"@type\":\"WebSite\",\"@id\":\"https:\/\/www.noticiasradioreflejos.com.ar\/2021\/#website\",\"url\":\"https:\/\/www.noticiasradioreflejos.com.ar\/2021\/\",\"name\":\"Noticias Radio Reflejos\",\"description\":\"Las noticias de mi comarca\",\"potentialAction\":[{\"@type\":\"SearchAction\",\"target\":{\"@type\":\"EntryPoint\",\"urlTemplate\":\"https:\/\/www.noticiasradioreflejos.com.ar\/2021\/?s={search_term_string}\"},\"query-input\":{\"@type\":\"PropertyValueSpecification\",\"valueRequired\":true,\"valueName\":\"search_term_string\"}}],\"inLanguage\":\"es\"},{\"@type\":\"Person\",\"@id\":\"https:\/\/www.noticiasradioreflejos.com.ar\/2021\/#\/schema\/person\/ad82545263dcc5ec0996818884fd5fb1\",\"name\":\"Arnaldo Botto\",\"image\":{\"@type\":\"ImageObject\",\"inLanguage\":\"es\",\"@id\":\"https:\/\/www.noticiasradioreflejos.com.ar\/2021\/#\/schema\/person\/image\/\",\"url\":\"https:\/\/secure.gravatar.com\/avatar\/55cb5e37c1efa326397366e6974cb338056df65cb50e7d64d1cf314e87504837?s=96&d=mm&r=g\",\"contentUrl\":\"https:\/\/secure.gravatar.com\/avatar\/55cb5e37c1efa326397366e6974cb338056df65cb50e7d64d1cf314e87504837?s=96&d=mm&r=g\",\"caption\":\"Arnaldo Botto\"},\"url\":\"https:\/\/www.noticiasradioreflejos.com.ar\/2021\/author\/arnaldo\/\"}]}<\/script>\n<!-- \/ Yoast SEO plugin. -->","yoast_head_json":{"title":"&quot;Inventaron la historia&quot;: La fiscal, a favor de Ricardo Iorio - Noticias Radio Reflejos","robots":{"index":"index","follow":"follow","max-snippet":"max-snippet:-1","max-image-preview":"max-image-preview:large","max-video-preview":"max-video-preview:-1"},"canonical":"https:\/\/www.noticiasradioreflejos.com.ar\/2021\/inventaron-la-historia-la-fiscal-a-favor-de-ricardo-iorio-pidio-su-sobreseimiento\/","og_locale":"es_ES","og_type":"article","og_title":"&quot;Inventaron la historia&quot;: La fiscal, a favor de Ricardo Iorio - Noticias Radio Reflejos","og_description":"La fiscal Claudia Lorenzo, a cargo de la investigaci\u00f3n de la causa que tiene como protagonista al conocido cantante de heavy metal Ricardo Iorio, pidi\u00f3 en las \u00faltimas horas su sobreseimiento.","og_url":"https:\/\/www.noticiasradioreflejos.com.ar\/2021\/inventaron-la-historia-la-fiscal-a-favor-de-ricardo-iorio-pidio-su-sobreseimiento\/","og_site_name":"Noticias Radio Reflejos","article_published_time":"2018-02-14T11:03:48+00:00","og_image":[{"width":300,"height":200,"url":"https:\/\/www.noticiasradioreflejos.com.ar\/2021\/wp-content\/uploads\/2021\/07\/logosol300x200.png","type":"image\/png"}],"author":"Arnaldo Botto","twitter_card":"summary_large_image","schema":{"@context":"https:\/\/schema.org","@graph":[{"@type":"WebPage","@id":"https:\/\/www.noticiasradioreflejos.com.ar\/2021\/inventaron-la-historia-la-fiscal-a-favor-de-ricardo-iorio-pidio-su-sobreseimiento\/","url":"https:\/\/www.noticiasradioreflejos.com.ar\/2021\/inventaron-la-historia-la-fiscal-a-favor-de-ricardo-iorio-pidio-su-sobreseimiento\/","name":"&quot;Inventaron la historia&quot;: La fiscal, a favor de Ricardo Iorio - Noticias Radio Reflejos","isPartOf":{"@id":"https:\/\/www.noticiasradioreflejos.com.ar\/2021\/#website"},"datePublished":"2018-02-14T11:03:48+00:00","author":{"@id":"https:\/\/www.noticiasradioreflejos.com.ar\/2021\/#\/schema\/person\/ad82545263dcc5ec0996818884fd5fb1"},"breadcrumb":{"@id":"https:\/\/www.noticiasradioreflejos.com.ar\/2021\/inventaron-la-historia-la-fiscal-a-favor-de-ricardo-iorio-pidio-su-sobreseimiento\/#breadcrumb"},"inLanguage":"es","potentialAction":[{"@type":"ReadAction","target":["https:\/\/www.noticiasradioreflejos.com.ar\/2021\/inventaron-la-historia-la-fiscal-a-favor-de-ricardo-iorio-pidio-su-sobreseimiento\/"]}]},{"@type":"BreadcrumbList","@id":"https:\/\/www.noticiasradioreflejos.com.ar\/2021\/inventaron-la-historia-la-fiscal-a-favor-de-ricardo-iorio-pidio-su-sobreseimiento\/#breadcrumb","itemListElement":[{"@type":"ListItem","position":1,"name":"Portada","item":"https:\/\/www.noticiasradioreflejos.com.ar\/2021\/"},{"@type":"ListItem","position":2,"name":"&quot;Inventaron la historia&quot;: La fiscal, a favor de Ricardo Iorio"}]},{"@type":"WebSite","@id":"https:\/\/www.noticiasradioreflejos.com.ar\/2021\/#website","url":"https:\/\/www.noticiasradioreflejos.com.ar\/2021\/","name":"Noticias Radio Reflejos","description":"Las noticias de mi comarca","potentialAction":[{"@type":"SearchAction","target":{"@type":"EntryPoint","urlTemplate":"https:\/\/www.noticiasradioreflejos.com.ar\/2021\/?s={search_term_string}"},"query-input":{"@type":"PropertyValueSpecification","valueRequired":true,"valueName":"search_term_string"}}],"inLanguage":"es"},{"@type":"Person","@id":"https:\/\/www.noticiasradioreflejos.com.ar\/2021\/#\/schema\/person\/ad82545263dcc5ec0996818884fd5fb1","name":"Arnaldo Botto","image":{"@type":"ImageObject","inLanguage":"es","@id":"https:\/\/www.noticiasradioreflejos.com.ar\/2021\/#\/schema\/person\/image\/","url":"https:\/\/secure.gravatar.com\/avatar\/55cb5e37c1efa326397366e6974cb338056df65cb50e7d64d1cf314e87504837?s=96&d=mm&r=g","contentUrl":"https:\/\/secure.gravatar.com\/avatar\/55cb5e37c1efa326397366e6974cb338056df65cb50e7d64d1cf314e87504837?s=96&d=mm&r=g","caption":"Arnaldo Botto"},"url":"https:\/\/www.noticiasradioreflejos.com.ar\/2021\/author\/arnaldo\/"}]}},"_links":{"self":[{"href":"https:\/\/www.noticiasradioreflejos.com.ar\/2021\/wp-json\/wp\/v2\/posts\/18787","targetHints":{"allow":["GET"]}}],"collection":[{"href":"https:\/\/www.noticiasradioreflejos.com.ar\/2021\/wp-json\/wp\/v2\/posts"}],"about":[{"href":"https:\/\/www.noticiasradioreflejos.com.ar\/2021\/wp-json\/wp\/v2\/types\/post"}],"author":[{"embeddable":true,"href":"https:\/\/www.noticiasradioreflejos.com.ar\/2021\/wp-json\/wp\/v2\/users\/3"}],"replies":[{"embeddable":true,"href":"https:\/\/www.noticiasradioreflejos.com.ar\/2021\/wp-json\/wp\/v2\/comments?post=18787"}],"version-history":[{"count":0,"href":"https:\/\/www.noticiasradioreflejos.com.ar\/2021\/wp-json\/wp\/v2\/posts\/18787\/revisions"}],"wp:attachment":[{"href":"https:\/\/www.noticiasradioreflejos.com.ar\/2021\/wp-json\/wp\/v2\/media?parent=18787"}],"wp:term":[{"taxonomy":"category","embeddable":true,"href":"https:\/\/www.noticiasradioreflejos.com.ar\/2021\/wp-json\/wp\/v2\/categories?post=18787"},{"taxonomy":"post_tag","embeddable":true,"href":"https:\/\/www.noticiasradioreflejos.com.ar\/2021\/wp-json\/wp\/v2\/tags?post=18787"}],"curies":[{"name":"wp","href":"https:\/\/api.w.org\/{rel}","templated":true}]}}