{"id":18782,"date":"2018-02-14T00:41:44","date_gmt":"2018-02-14T03:41:44","guid":{"rendered":"http:\/\/www.noticiasradioreflejos.com.ar\/noticias\/?p=18782"},"modified":"2018-02-14T00:41:44","modified_gmt":"2018-02-14T03:41:44","slug":"la-falta-de-tiempo-hace-que-nuestros-hijos-esten-a-la-merced-de-las-drogas","status":"publish","type":"post","link":"https:\/\/www.noticiasradioreflejos.com.ar\/2021\/la-falta-de-tiempo-hace-que-nuestros-hijos-esten-a-la-merced-de-las-drogas\/","title":{"rendered":"La falta de tiempo hace que nuestros hijos est\u00e9n a la merced de las drogas."},"content":{"rendered":"<p>En el programa de Serendipia del d\u00eda de ayer, mantuvimos una conversaci\u00f3n telef\u00f3nica con Armando Cabello un pastor evang\u00e9lico que tiene dentro de lo que era el Hospital Penna de Bah\u00eda Blanca, una sede llamada \u00abLazos de amor para tu vida\u00bb, la cual preside, en la que rehabilita chicos con problemas de adicciones.<!--more--><br \/>\n\u00abHace ya 16 a\u00f1os que estoy trabajando con todo este tema, todo comenz\u00f3 cuando arrancamos a ver la necesidad que hab\u00eda en el barrio nuestro, y que nadie hacia nada, las esquinas se poblaban de chicos tomando cerveza, drog\u00e1ndose, y comenzamos ah\u00ed a ver que pod\u00edamos hacer nosotros, de hecho yo empece a estudiar un poquito el tema y trabaje como voluntario en el CPA (Centro Para las Adicciones), empezamos a ver chicos que ten\u00edan problem\u00e1ticas y ya cuando comenzamos a encarar todo ese tema los chicos empezaron a llegar, y ah\u00ed la teor\u00eda dec\u00eda una cosa, pero la realidad dec\u00eda otra, as\u00ed que era una sorpresa para nosotros todo lo que venia, porque no pod\u00edamos llegar a entender la magnitud de la problem\u00e1tica que hab\u00eda en ese momento, nosotros ve\u00edamos todo eso y nos preocupaba\u00bb Cont\u00f3 Armando<br \/>\nRefiri\u00e9ndose a la droga en las clases sociales, Cabello explic\u00f3, \u00abLa gente mas carenciada lo hace mas p\u00fablicamente, que la sociedad que esta en mejores condiciones, la calidad del producto es diferente, pero tambi\u00e9n tenemos que entender, que si notamos que hay un grupo que se llama \u00ablos chicos del monu\u00bb (as\u00ed nombran al monumento de la plaza Rivadavia de Bah\u00eda Blanca), Que ya esta desapareciendo, y esta desapareciendo por algo que nadie advierte, que es el suicidio de los chicos, ah\u00ed se relacionan en realidad los que tienen mucho dinero, y los que no tienen dinero, tambi\u00e9n hay una realidad, los chicos que son mas carenciados pr\u00e1cticamente es como que obligan a los chicos que tienen dinero a que tienen que aportar mas dinero para poder mantener este lugar, ya esta desapareciendo digo porque hay muchos de esos chicos que han hecho pactos y que se han suicidado\u00bb.<br \/>\n\u00abHoy nadie tiene tiempo, y si no tienen tiempo para uno, menos van a tener tiempo para los hijos, entonces los hijos muchas veces est\u00e1n a merced de otro que es mucho mas vivo, y que se influencia en \u00e9l y lo lleva al consumo de esto\u00bb, Explic\u00f3 Armando cuando se le pregunt\u00f3 porque los chicos entran en la droga.<br \/>\nSu m\u00e9todo para que los chicos se vuelvan a interesar en la vida son, a trav\u00e9s del amor, present\u00e1ndole la familia, mostrandoles que ellos son igual que los padres, y cuenta que a su mujer, quien lo acompa\u00f1a en esta misi\u00f3n, los chicos la llaman \u00abMa\u00bb, y que est\u00e1n pendientes de que ella los ayude en todo lo que est\u00e1n por hacer.<br \/>\nSe despidi\u00f3 contando que la sede ya esta completa, pero que de todas maneras si alg\u00fan chico necesita ayuda y tiene alg\u00fan espacio en Bah\u00eda Blanca, \u00e9l se ofrece a trabajar y a ayudarlo, el edificio se encuentra en calle Necochea 835 para todo aquel que quiera hacer una consulta o necesite alg\u00fan tipo de ayuda, pueden encontrarlo tambi\u00e9n en Facebook como Armando Oscar Cabello o como \u00abLazos de Amor para tu Vida\u00bb.<br \/>\n<iframe loading=\"lazy\" src=\"https:\/\/w.soundcloud.com\/player\/?url=https%3A\/\/api.soundcloud.com\/tracks\/398951214&amp;color=%23ff5500&amp;auto_play=false&amp;hide_related=false&amp;show_comments=true&amp;show_user=true&amp;show_reposts=false&amp;show_teaser=true\" width=\"100%\" height=\"166\" frameborder=\"no\" scrolling=\"no\"><\/iframe><\/p>\n","protected":false},"excerpt":{"rendered":"<p>En el programa de Serendipia del d\u00eda de ayer, mantuvimos una conversaci\u00f3n telef\u00f3nica con Armando Cabello un pastor evang\u00e9lico que tiene dentro de lo que era el Hospital Penna de Bah\u00eda Blanca, una sede llamada \u00abLazos de amor para tu vida\u00bb, la cual preside, en la que rehabilita chicos con problemas de adicciones.<\/p>\n","protected":false},"author":3,"featured_media":0,"comment_status":"closed","ping_status":"open","sticky":false,"template":"","format":"standard","meta":{"footnotes":""},"categories":[31],"tags":[],"class_list":["post-18782","post","type-post","status-publish","format-standard","hentry","category-programas"],"yoast_head":"<!-- This site is optimized with the Yoast SEO plugin v25.9 - https:\/\/yoast.com\/wordpress\/plugins\/seo\/ -->\n<title>La falta de tiempo hace que nuestros hijos est\u00e9n a la merced de las drogas. - Noticias Radio Reflejos<\/title>\n<meta name=\"robots\" content=\"index, follow, max-snippet:-1, max-image-preview:large, max-video-preview:-1\" \/>\n<link rel=\"canonical\" href=\"https:\/\/www.noticiasradioreflejos.com.ar\/2021\/la-falta-de-tiempo-hace-que-nuestros-hijos-esten-a-la-merced-de-las-drogas\/\" \/>\n<meta property=\"og:locale\" content=\"es_ES\" \/>\n<meta property=\"og:type\" content=\"article\" \/>\n<meta property=\"og:title\" content=\"La falta de tiempo hace que nuestros hijos est\u00e9n a la merced de las drogas. - Noticias Radio Reflejos\" \/>\n<meta property=\"og:description\" content=\"En el programa de Serendipia del d\u00eda de ayer, mantuvimos una conversaci\u00f3n telef\u00f3nica con Armando Cabello un pastor evang\u00e9lico que tiene dentro de lo que era el Hospital Penna de Bah\u00eda Blanca, una sede llamada \u00abLazos de amor para tu vida\u00bb, la cual preside, en la que rehabilita chicos con problemas de adicciones.\" \/>\n<meta property=\"og:url\" content=\"https:\/\/www.noticiasradioreflejos.com.ar\/2021\/la-falta-de-tiempo-hace-que-nuestros-hijos-esten-a-la-merced-de-las-drogas\/\" \/>\n<meta property=\"og:site_name\" content=\"Noticias Radio Reflejos\" \/>\n<meta property=\"article:published_time\" content=\"2018-02-14T03:41:44+00:00\" \/>\n<meta property=\"og:image\" content=\"https:\/\/www.noticiasradioreflejos.com.ar\/2021\/wp-content\/uploads\/2021\/07\/logosol300x200.png\" \/>\n\t<meta property=\"og:image:width\" content=\"300\" \/>\n\t<meta property=\"og:image:height\" content=\"200\" \/>\n\t<meta property=\"og:image:type\" content=\"image\/png\" \/>\n<meta name=\"author\" content=\"Arnaldo Botto\" \/>\n<meta name=\"twitter:card\" content=\"summary_large_image\" \/>\n<script type=\"application\/ld+json\" class=\"yoast-schema-graph\">{\"@context\":\"https:\/\/schema.org\",\"@graph\":[{\"@type\":\"WebPage\",\"@id\":\"https:\/\/www.noticiasradioreflejos.com.ar\/2021\/la-falta-de-tiempo-hace-que-nuestros-hijos-esten-a-la-merced-de-las-drogas\/\",\"url\":\"https:\/\/www.noticiasradioreflejos.com.ar\/2021\/la-falta-de-tiempo-hace-que-nuestros-hijos-esten-a-la-merced-de-las-drogas\/\",\"name\":\"La falta de tiempo hace que nuestros hijos est\u00e9n a la merced de las drogas. - Noticias Radio Reflejos\",\"isPartOf\":{\"@id\":\"https:\/\/www.noticiasradioreflejos.com.ar\/2021\/#website\"},\"datePublished\":\"2018-02-14T03:41:44+00:00\",\"author\":{\"@id\":\"https:\/\/www.noticiasradioreflejos.com.ar\/2021\/#\/schema\/person\/ad82545263dcc5ec0996818884fd5fb1\"},\"breadcrumb\":{\"@id\":\"https:\/\/www.noticiasradioreflejos.com.ar\/2021\/la-falta-de-tiempo-hace-que-nuestros-hijos-esten-a-la-merced-de-las-drogas\/#breadcrumb\"},\"inLanguage\":\"es\",\"potentialAction\":[{\"@type\":\"ReadAction\",\"target\":[\"https:\/\/www.noticiasradioreflejos.com.ar\/2021\/la-falta-de-tiempo-hace-que-nuestros-hijos-esten-a-la-merced-de-las-drogas\/\"]}]},{\"@type\":\"BreadcrumbList\",\"@id\":\"https:\/\/www.noticiasradioreflejos.com.ar\/2021\/la-falta-de-tiempo-hace-que-nuestros-hijos-esten-a-la-merced-de-las-drogas\/#breadcrumb\",\"itemListElement\":[{\"@type\":\"ListItem\",\"position\":1,\"name\":\"Portada\",\"item\":\"https:\/\/www.noticiasradioreflejos.com.ar\/2021\/\"},{\"@type\":\"ListItem\",\"position\":2,\"name\":\"La falta de tiempo hace que nuestros hijos est\u00e9n a la merced de las drogas.\"}]},{\"@type\":\"WebSite\",\"@id\":\"https:\/\/www.noticiasradioreflejos.com.ar\/2021\/#website\",\"url\":\"https:\/\/www.noticiasradioreflejos.com.ar\/2021\/\",\"name\":\"Noticias Radio Reflejos\",\"description\":\"Las noticias de mi comarca\",\"potentialAction\":[{\"@type\":\"SearchAction\",\"target\":{\"@type\":\"EntryPoint\",\"urlTemplate\":\"https:\/\/www.noticiasradioreflejos.com.ar\/2021\/?s={search_term_string}\"},\"query-input\":{\"@type\":\"PropertyValueSpecification\",\"valueRequired\":true,\"valueName\":\"search_term_string\"}}],\"inLanguage\":\"es\"},{\"@type\":\"Person\",\"@id\":\"https:\/\/www.noticiasradioreflejos.com.ar\/2021\/#\/schema\/person\/ad82545263dcc5ec0996818884fd5fb1\",\"name\":\"Arnaldo Botto\",\"image\":{\"@type\":\"ImageObject\",\"inLanguage\":\"es\",\"@id\":\"https:\/\/www.noticiasradioreflejos.com.ar\/2021\/#\/schema\/person\/image\/\",\"url\":\"https:\/\/secure.gravatar.com\/avatar\/55cb5e37c1efa326397366e6974cb338056df65cb50e7d64d1cf314e87504837?s=96&d=mm&r=g\",\"contentUrl\":\"https:\/\/secure.gravatar.com\/avatar\/55cb5e37c1efa326397366e6974cb338056df65cb50e7d64d1cf314e87504837?s=96&d=mm&r=g\",\"caption\":\"Arnaldo Botto\"},\"url\":\"https:\/\/www.noticiasradioreflejos.com.ar\/2021\/author\/arnaldo\/\"}]}<\/script>\n<!-- \/ Yoast SEO plugin. -->","yoast_head_json":{"title":"La falta de tiempo hace que nuestros hijos est\u00e9n a la merced de las drogas. - Noticias Radio Reflejos","robots":{"index":"index","follow":"follow","max-snippet":"max-snippet:-1","max-image-preview":"max-image-preview:large","max-video-preview":"max-video-preview:-1"},"canonical":"https:\/\/www.noticiasradioreflejos.com.ar\/2021\/la-falta-de-tiempo-hace-que-nuestros-hijos-esten-a-la-merced-de-las-drogas\/","og_locale":"es_ES","og_type":"article","og_title":"La falta de tiempo hace que nuestros hijos est\u00e9n a la merced de las drogas. - Noticias Radio Reflejos","og_description":"En el programa de Serendipia del d\u00eda de ayer, mantuvimos una conversaci\u00f3n telef\u00f3nica con Armando Cabello un pastor evang\u00e9lico que tiene dentro de lo que era el Hospital Penna de Bah\u00eda Blanca, una sede llamada \u00abLazos de amor para tu vida\u00bb, la cual preside, en la que rehabilita chicos con problemas de adicciones.","og_url":"https:\/\/www.noticiasradioreflejos.com.ar\/2021\/la-falta-de-tiempo-hace-que-nuestros-hijos-esten-a-la-merced-de-las-drogas\/","og_site_name":"Noticias Radio Reflejos","article_published_time":"2018-02-14T03:41:44+00:00","og_image":[{"width":300,"height":200,"url":"https:\/\/www.noticiasradioreflejos.com.ar\/2021\/wp-content\/uploads\/2021\/07\/logosol300x200.png","type":"image\/png"}],"author":"Arnaldo Botto","twitter_card":"summary_large_image","schema":{"@context":"https:\/\/schema.org","@graph":[{"@type":"WebPage","@id":"https:\/\/www.noticiasradioreflejos.com.ar\/2021\/la-falta-de-tiempo-hace-que-nuestros-hijos-esten-a-la-merced-de-las-drogas\/","url":"https:\/\/www.noticiasradioreflejos.com.ar\/2021\/la-falta-de-tiempo-hace-que-nuestros-hijos-esten-a-la-merced-de-las-drogas\/","name":"La falta de tiempo hace que nuestros hijos est\u00e9n a la merced de las drogas. - Noticias Radio Reflejos","isPartOf":{"@id":"https:\/\/www.noticiasradioreflejos.com.ar\/2021\/#website"},"datePublished":"2018-02-14T03:41:44+00:00","author":{"@id":"https:\/\/www.noticiasradioreflejos.com.ar\/2021\/#\/schema\/person\/ad82545263dcc5ec0996818884fd5fb1"},"breadcrumb":{"@id":"https:\/\/www.noticiasradioreflejos.com.ar\/2021\/la-falta-de-tiempo-hace-que-nuestros-hijos-esten-a-la-merced-de-las-drogas\/#breadcrumb"},"inLanguage":"es","potentialAction":[{"@type":"ReadAction","target":["https:\/\/www.noticiasradioreflejos.com.ar\/2021\/la-falta-de-tiempo-hace-que-nuestros-hijos-esten-a-la-merced-de-las-drogas\/"]}]},{"@type":"BreadcrumbList","@id":"https:\/\/www.noticiasradioreflejos.com.ar\/2021\/la-falta-de-tiempo-hace-que-nuestros-hijos-esten-a-la-merced-de-las-drogas\/#breadcrumb","itemListElement":[{"@type":"ListItem","position":1,"name":"Portada","item":"https:\/\/www.noticiasradioreflejos.com.ar\/2021\/"},{"@type":"ListItem","position":2,"name":"La falta de tiempo hace que nuestros hijos est\u00e9n a la merced de las drogas."}]},{"@type":"WebSite","@id":"https:\/\/www.noticiasradioreflejos.com.ar\/2021\/#website","url":"https:\/\/www.noticiasradioreflejos.com.ar\/2021\/","name":"Noticias Radio Reflejos","description":"Las noticias de mi comarca","potentialAction":[{"@type":"SearchAction","target":{"@type":"EntryPoint","urlTemplate":"https:\/\/www.noticiasradioreflejos.com.ar\/2021\/?s={search_term_string}"},"query-input":{"@type":"PropertyValueSpecification","valueRequired":true,"valueName":"search_term_string"}}],"inLanguage":"es"},{"@type":"Person","@id":"https:\/\/www.noticiasradioreflejos.com.ar\/2021\/#\/schema\/person\/ad82545263dcc5ec0996818884fd5fb1","name":"Arnaldo Botto","image":{"@type":"ImageObject","inLanguage":"es","@id":"https:\/\/www.noticiasradioreflejos.com.ar\/2021\/#\/schema\/person\/image\/","url":"https:\/\/secure.gravatar.com\/avatar\/55cb5e37c1efa326397366e6974cb338056df65cb50e7d64d1cf314e87504837?s=96&d=mm&r=g","contentUrl":"https:\/\/secure.gravatar.com\/avatar\/55cb5e37c1efa326397366e6974cb338056df65cb50e7d64d1cf314e87504837?s=96&d=mm&r=g","caption":"Arnaldo Botto"},"url":"https:\/\/www.noticiasradioreflejos.com.ar\/2021\/author\/arnaldo\/"}]}},"_links":{"self":[{"href":"https:\/\/www.noticiasradioreflejos.com.ar\/2021\/wp-json\/wp\/v2\/posts\/18782","targetHints":{"allow":["GET"]}}],"collection":[{"href":"https:\/\/www.noticiasradioreflejos.com.ar\/2021\/wp-json\/wp\/v2\/posts"}],"about":[{"href":"https:\/\/www.noticiasradioreflejos.com.ar\/2021\/wp-json\/wp\/v2\/types\/post"}],"author":[{"embeddable":true,"href":"https:\/\/www.noticiasradioreflejos.com.ar\/2021\/wp-json\/wp\/v2\/users\/3"}],"replies":[{"embeddable":true,"href":"https:\/\/www.noticiasradioreflejos.com.ar\/2021\/wp-json\/wp\/v2\/comments?post=18782"}],"version-history":[{"count":0,"href":"https:\/\/www.noticiasradioreflejos.com.ar\/2021\/wp-json\/wp\/v2\/posts\/18782\/revisions"}],"wp:attachment":[{"href":"https:\/\/www.noticiasradioreflejos.com.ar\/2021\/wp-json\/wp\/v2\/media?parent=18782"}],"wp:term":[{"taxonomy":"category","embeddable":true,"href":"https:\/\/www.noticiasradioreflejos.com.ar\/2021\/wp-json\/wp\/v2\/categories?post=18782"},{"taxonomy":"post_tag","embeddable":true,"href":"https:\/\/www.noticiasradioreflejos.com.ar\/2021\/wp-json\/wp\/v2\/tags?post=18782"}],"curies":[{"name":"wp","href":"https:\/\/api.w.org\/{rel}","templated":true}]}}