{"id":18779,"date":"2018-02-13T23:28:40","date_gmt":"2018-02-14T02:28:40","guid":{"rendered":"http:\/\/www.noticiasradioreflejos.com.ar\/noticias\/?p=18779"},"modified":"2018-02-13T23:28:40","modified_gmt":"2018-02-14T02:28:40","slug":"fue-una-experiencia-muy-linda-muy-contentos-fue-una-noche-que-no-vamos-a-olvidar-horacio-granci","status":"publish","type":"post","link":"https:\/\/www.noticiasradioreflejos.com.ar\/2021\/fue-una-experiencia-muy-linda-muy-contentos-fue-una-noche-que-no-vamos-a-olvidar-horacio-granci\/","title":{"rendered":"&quot;Fue una experiencia muy linda, muy contentos, fue una noche que no vamos a olvidar&quot;, Horacio Granci"},"content":{"rendered":"<p>El Vice Presidente del Club Ventana, Horacio Granci realiza una evaluaci\u00f3n de la noche de los carnavales 2018 y describe los diferentes proyectos que la instituci\u00f3n serrana comienza a definir para el presente a\u00f1o.<!--more--><br \/>\n\u00abHubo varias cosas que oscilaban para atr\u00e1s, uno quiere no se si \u00e9xito es la palabra, pero quiere que salga bien, y necesit\u00e1bamos tiempo que no lo ten\u00edamos, por el tema del cambio de comisi\u00f3n, fue muy encima, y no es para nada f\u00e1cil poder hacer todo lo que se hizo, y con lo que se vio en la noche de anoche, asique yo en primer termino quiero felicitar a todos mis compa\u00f1eros de la comisi\u00f3n, una de las cosas que la gente me dec\u00eda (\u00abque bueno que cambiamos de lugar\u00bb), que bueno animarse a llevar el carnaval al club, fue una premisa que dentro de la comisi\u00f3n se mantuvo, llevar el carnaval al club, fue una experiencia que no la vamos a perder para nada, se le dio toda la atenci\u00f3n a la gente que merec\u00eda, por lo menos yo desde mi lugar y s\u00e9 que mis compa\u00f1eros tambi\u00e9n, fue una experiencia muy linda, muy contentos, fue una noche que no vamos a olvidar\u00bb Cont\u00f3 Horacio.<br \/>\n\u00abVamos marchando, vamos acomodando, no se si seremos mejores o peores que los que estamos reemplazando, pero l\u00f3gico que uno tiene otras ideas, otras ganas, tiene otras cosas, encuentra otras cosas que por ah\u00ed no estaba tan de acuerdo, otras que dec\u00eds (\u00abhuy mira que bueno esto\u00bb), entonces poner en marcha un carro como se dice, no se cual sera la pr\u00f3xima fecha que tengamos una fiesta, un encuentro, el presupuesto del club ventana amerita y necesita de fiestas, necesita de socios, de gente que se ponga al d\u00eda, no los queremos echar del registro de socios, pero el Club Atl\u00e9tico Ventana necesita recaudar\u00bb Expres\u00f3 Granci<br \/>\nFinalmente se despidi\u00f3 contando que cuando vio tanta gente que iba hacia el festival, sinti\u00f3 una alegr\u00eda total en su coraz\u00f3n, tambi\u00e9n expres\u00f3 su satisfacci\u00f3n al contar que solamente dos personas pidieron alcohol.<br \/>\n<iframe loading=\"lazy\" src=\"https:\/\/w.soundcloud.com\/player\/?url=https%3A\/\/api.soundcloud.com\/tracks\/398997768&amp;color=%23ff5500&amp;auto_play=false&amp;hide_related=false&amp;show_comments=true&amp;show_user=true&amp;show_reposts=false&amp;show_teaser=true\" width=\"100%\" height=\"166\" frameborder=\"no\" scrolling=\"no\"><\/iframe><\/p>\n","protected":false},"excerpt":{"rendered":"<p>El Vice Presidente del Club Ventana, Horacio Granci realiza una evaluaci\u00f3n de la noche de los carnavales 2018 y describe los diferentes proyectos que la instituci\u00f3n serrana comienza a definir para el presente a\u00f1o.<\/p>\n","protected":false},"author":3,"featured_media":0,"comment_status":"closed","ping_status":"open","sticky":false,"template":"","format":"standard","meta":{"footnotes":""},"categories":[26],"tags":[],"class_list":["post-18779","post","type-post","status-publish","format-standard","hentry","category-sociedad"],"yoast_head":"<!-- This site is optimized with the Yoast SEO plugin v25.9 - https:\/\/yoast.com\/wordpress\/plugins\/seo\/ -->\n<title>&quot;Fue una experiencia muy linda, muy contentos, fue una noche que no vamos a olvidar&quot;, Horacio Granci - Noticias Radio Reflejos<\/title>\n<meta name=\"robots\" content=\"index, follow, max-snippet:-1, max-image-preview:large, max-video-preview:-1\" \/>\n<link rel=\"canonical\" href=\"https:\/\/www.noticiasradioreflejos.com.ar\/2021\/fue-una-experiencia-muy-linda-muy-contentos-fue-una-noche-que-no-vamos-a-olvidar-horacio-granci\/\" \/>\n<meta property=\"og:locale\" content=\"es_ES\" \/>\n<meta property=\"og:type\" content=\"article\" \/>\n<meta property=\"og:title\" content=\"&quot;Fue una experiencia muy linda, muy contentos, fue una noche que no vamos a olvidar&quot;, Horacio Granci - Noticias Radio Reflejos\" \/>\n<meta property=\"og:description\" content=\"El Vice Presidente del Club Ventana, Horacio Granci realiza una evaluaci\u00f3n de la noche de los carnavales 2018 y describe los diferentes proyectos que la instituci\u00f3n serrana comienza a definir para el presente a\u00f1o.\" \/>\n<meta property=\"og:url\" content=\"https:\/\/www.noticiasradioreflejos.com.ar\/2021\/fue-una-experiencia-muy-linda-muy-contentos-fue-una-noche-que-no-vamos-a-olvidar-horacio-granci\/\" \/>\n<meta property=\"og:site_name\" content=\"Noticias Radio Reflejos\" \/>\n<meta property=\"article:published_time\" content=\"2018-02-14T02:28:40+00:00\" \/>\n<meta property=\"og:image\" content=\"https:\/\/www.noticiasradioreflejos.com.ar\/2021\/wp-content\/uploads\/2021\/07\/logosol300x200.png\" \/>\n\t<meta property=\"og:image:width\" content=\"300\" \/>\n\t<meta property=\"og:image:height\" content=\"200\" \/>\n\t<meta property=\"og:image:type\" content=\"image\/png\" \/>\n<meta name=\"author\" content=\"Arnaldo Botto\" \/>\n<meta name=\"twitter:card\" content=\"summary_large_image\" \/>\n<script type=\"application\/ld+json\" class=\"yoast-schema-graph\">{\"@context\":\"https:\/\/schema.org\",\"@graph\":[{\"@type\":\"WebPage\",\"@id\":\"https:\/\/www.noticiasradioreflejos.com.ar\/2021\/fue-una-experiencia-muy-linda-muy-contentos-fue-una-noche-que-no-vamos-a-olvidar-horacio-granci\/\",\"url\":\"https:\/\/www.noticiasradioreflejos.com.ar\/2021\/fue-una-experiencia-muy-linda-muy-contentos-fue-una-noche-que-no-vamos-a-olvidar-horacio-granci\/\",\"name\":\"&quot;Fue una experiencia muy linda, muy contentos, fue una noche que no vamos a olvidar&quot;, Horacio Granci - Noticias Radio Reflejos\",\"isPartOf\":{\"@id\":\"https:\/\/www.noticiasradioreflejos.com.ar\/2021\/#website\"},\"datePublished\":\"2018-02-14T02:28:40+00:00\",\"author\":{\"@id\":\"https:\/\/www.noticiasradioreflejos.com.ar\/2021\/#\/schema\/person\/ad82545263dcc5ec0996818884fd5fb1\"},\"breadcrumb\":{\"@id\":\"https:\/\/www.noticiasradioreflejos.com.ar\/2021\/fue-una-experiencia-muy-linda-muy-contentos-fue-una-noche-que-no-vamos-a-olvidar-horacio-granci\/#breadcrumb\"},\"inLanguage\":\"es\",\"potentialAction\":[{\"@type\":\"ReadAction\",\"target\":[\"https:\/\/www.noticiasradioreflejos.com.ar\/2021\/fue-una-experiencia-muy-linda-muy-contentos-fue-una-noche-que-no-vamos-a-olvidar-horacio-granci\/\"]}]},{\"@type\":\"BreadcrumbList\",\"@id\":\"https:\/\/www.noticiasradioreflejos.com.ar\/2021\/fue-una-experiencia-muy-linda-muy-contentos-fue-una-noche-que-no-vamos-a-olvidar-horacio-granci\/#breadcrumb\",\"itemListElement\":[{\"@type\":\"ListItem\",\"position\":1,\"name\":\"Portada\",\"item\":\"https:\/\/www.noticiasradioreflejos.com.ar\/2021\/\"},{\"@type\":\"ListItem\",\"position\":2,\"name\":\"&quot;Fue una experiencia muy linda, muy contentos, fue una noche que no vamos a olvidar&quot;, Horacio Granci\"}]},{\"@type\":\"WebSite\",\"@id\":\"https:\/\/www.noticiasradioreflejos.com.ar\/2021\/#website\",\"url\":\"https:\/\/www.noticiasradioreflejos.com.ar\/2021\/\",\"name\":\"Noticias Radio Reflejos\",\"description\":\"Las noticias de mi comarca\",\"potentialAction\":[{\"@type\":\"SearchAction\",\"target\":{\"@type\":\"EntryPoint\",\"urlTemplate\":\"https:\/\/www.noticiasradioreflejos.com.ar\/2021\/?s={search_term_string}\"},\"query-input\":{\"@type\":\"PropertyValueSpecification\",\"valueRequired\":true,\"valueName\":\"search_term_string\"}}],\"inLanguage\":\"es\"},{\"@type\":\"Person\",\"@id\":\"https:\/\/www.noticiasradioreflejos.com.ar\/2021\/#\/schema\/person\/ad82545263dcc5ec0996818884fd5fb1\",\"name\":\"Arnaldo Botto\",\"image\":{\"@type\":\"ImageObject\",\"inLanguage\":\"es\",\"@id\":\"https:\/\/www.noticiasradioreflejos.com.ar\/2021\/#\/schema\/person\/image\/\",\"url\":\"https:\/\/secure.gravatar.com\/avatar\/55cb5e37c1efa326397366e6974cb338056df65cb50e7d64d1cf314e87504837?s=96&d=mm&r=g\",\"contentUrl\":\"https:\/\/secure.gravatar.com\/avatar\/55cb5e37c1efa326397366e6974cb338056df65cb50e7d64d1cf314e87504837?s=96&d=mm&r=g\",\"caption\":\"Arnaldo Botto\"},\"url\":\"https:\/\/www.noticiasradioreflejos.com.ar\/2021\/author\/arnaldo\/\"}]}<\/script>\n<!-- \/ Yoast SEO plugin. -->","yoast_head_json":{"title":"&quot;Fue una experiencia muy linda, muy contentos, fue una noche que no vamos a olvidar&quot;, Horacio Granci - Noticias Radio Reflejos","robots":{"index":"index","follow":"follow","max-snippet":"max-snippet:-1","max-image-preview":"max-image-preview:large","max-video-preview":"max-video-preview:-1"},"canonical":"https:\/\/www.noticiasradioreflejos.com.ar\/2021\/fue-una-experiencia-muy-linda-muy-contentos-fue-una-noche-que-no-vamos-a-olvidar-horacio-granci\/","og_locale":"es_ES","og_type":"article","og_title":"&quot;Fue una experiencia muy linda, muy contentos, fue una noche que no vamos a olvidar&quot;, Horacio Granci - Noticias Radio Reflejos","og_description":"El Vice Presidente del Club Ventana, Horacio Granci realiza una evaluaci\u00f3n de la noche de los carnavales 2018 y describe los diferentes proyectos que la instituci\u00f3n serrana comienza a definir para el presente a\u00f1o.","og_url":"https:\/\/www.noticiasradioreflejos.com.ar\/2021\/fue-una-experiencia-muy-linda-muy-contentos-fue-una-noche-que-no-vamos-a-olvidar-horacio-granci\/","og_site_name":"Noticias Radio Reflejos","article_published_time":"2018-02-14T02:28:40+00:00","og_image":[{"width":300,"height":200,"url":"https:\/\/www.noticiasradioreflejos.com.ar\/2021\/wp-content\/uploads\/2021\/07\/logosol300x200.png","type":"image\/png"}],"author":"Arnaldo Botto","twitter_card":"summary_large_image","schema":{"@context":"https:\/\/schema.org","@graph":[{"@type":"WebPage","@id":"https:\/\/www.noticiasradioreflejos.com.ar\/2021\/fue-una-experiencia-muy-linda-muy-contentos-fue-una-noche-que-no-vamos-a-olvidar-horacio-granci\/","url":"https:\/\/www.noticiasradioreflejos.com.ar\/2021\/fue-una-experiencia-muy-linda-muy-contentos-fue-una-noche-que-no-vamos-a-olvidar-horacio-granci\/","name":"&quot;Fue una experiencia muy linda, muy contentos, fue una noche que no vamos a olvidar&quot;, Horacio Granci - Noticias Radio Reflejos","isPartOf":{"@id":"https:\/\/www.noticiasradioreflejos.com.ar\/2021\/#website"},"datePublished":"2018-02-14T02:28:40+00:00","author":{"@id":"https:\/\/www.noticiasradioreflejos.com.ar\/2021\/#\/schema\/person\/ad82545263dcc5ec0996818884fd5fb1"},"breadcrumb":{"@id":"https:\/\/www.noticiasradioreflejos.com.ar\/2021\/fue-una-experiencia-muy-linda-muy-contentos-fue-una-noche-que-no-vamos-a-olvidar-horacio-granci\/#breadcrumb"},"inLanguage":"es","potentialAction":[{"@type":"ReadAction","target":["https:\/\/www.noticiasradioreflejos.com.ar\/2021\/fue-una-experiencia-muy-linda-muy-contentos-fue-una-noche-que-no-vamos-a-olvidar-horacio-granci\/"]}]},{"@type":"BreadcrumbList","@id":"https:\/\/www.noticiasradioreflejos.com.ar\/2021\/fue-una-experiencia-muy-linda-muy-contentos-fue-una-noche-que-no-vamos-a-olvidar-horacio-granci\/#breadcrumb","itemListElement":[{"@type":"ListItem","position":1,"name":"Portada","item":"https:\/\/www.noticiasradioreflejos.com.ar\/2021\/"},{"@type":"ListItem","position":2,"name":"&quot;Fue una experiencia muy linda, muy contentos, fue una noche que no vamos a olvidar&quot;, Horacio Granci"}]},{"@type":"WebSite","@id":"https:\/\/www.noticiasradioreflejos.com.ar\/2021\/#website","url":"https:\/\/www.noticiasradioreflejos.com.ar\/2021\/","name":"Noticias Radio Reflejos","description":"Las noticias de mi comarca","potentialAction":[{"@type":"SearchAction","target":{"@type":"EntryPoint","urlTemplate":"https:\/\/www.noticiasradioreflejos.com.ar\/2021\/?s={search_term_string}"},"query-input":{"@type":"PropertyValueSpecification","valueRequired":true,"valueName":"search_term_string"}}],"inLanguage":"es"},{"@type":"Person","@id":"https:\/\/www.noticiasradioreflejos.com.ar\/2021\/#\/schema\/person\/ad82545263dcc5ec0996818884fd5fb1","name":"Arnaldo Botto","image":{"@type":"ImageObject","inLanguage":"es","@id":"https:\/\/www.noticiasradioreflejos.com.ar\/2021\/#\/schema\/person\/image\/","url":"https:\/\/secure.gravatar.com\/avatar\/55cb5e37c1efa326397366e6974cb338056df65cb50e7d64d1cf314e87504837?s=96&d=mm&r=g","contentUrl":"https:\/\/secure.gravatar.com\/avatar\/55cb5e37c1efa326397366e6974cb338056df65cb50e7d64d1cf314e87504837?s=96&d=mm&r=g","caption":"Arnaldo Botto"},"url":"https:\/\/www.noticiasradioreflejos.com.ar\/2021\/author\/arnaldo\/"}]}},"_links":{"self":[{"href":"https:\/\/www.noticiasradioreflejos.com.ar\/2021\/wp-json\/wp\/v2\/posts\/18779","targetHints":{"allow":["GET"]}}],"collection":[{"href":"https:\/\/www.noticiasradioreflejos.com.ar\/2021\/wp-json\/wp\/v2\/posts"}],"about":[{"href":"https:\/\/www.noticiasradioreflejos.com.ar\/2021\/wp-json\/wp\/v2\/types\/post"}],"author":[{"embeddable":true,"href":"https:\/\/www.noticiasradioreflejos.com.ar\/2021\/wp-json\/wp\/v2\/users\/3"}],"replies":[{"embeddable":true,"href":"https:\/\/www.noticiasradioreflejos.com.ar\/2021\/wp-json\/wp\/v2\/comments?post=18779"}],"version-history":[{"count":0,"href":"https:\/\/www.noticiasradioreflejos.com.ar\/2021\/wp-json\/wp\/v2\/posts\/18779\/revisions"}],"wp:attachment":[{"href":"https:\/\/www.noticiasradioreflejos.com.ar\/2021\/wp-json\/wp\/v2\/media?parent=18779"}],"wp:term":[{"taxonomy":"category","embeddable":true,"href":"https:\/\/www.noticiasradioreflejos.com.ar\/2021\/wp-json\/wp\/v2\/categories?post=18779"},{"taxonomy":"post_tag","embeddable":true,"href":"https:\/\/www.noticiasradioreflejos.com.ar\/2021\/wp-json\/wp\/v2\/tags?post=18779"}],"curies":[{"name":"wp","href":"https:\/\/api.w.org\/{rel}","templated":true}]}}