{"id":18774,"date":"2018-02-13T12:15:41","date_gmt":"2018-02-13T15:15:41","guid":{"rendered":"http:\/\/www.noticiasradioreflejos.com.ar\/noticias\/?p=18774"},"modified":"2018-02-13T12:15:41","modified_gmt":"2018-02-13T15:15:41","slug":"la-doma-de-las-encadenadas-tenida-por-un-hecho-de-sangre","status":"publish","type":"post","link":"https:\/\/www.noticiasradioreflejos.com.ar\/2021\/la-doma-de-las-encadenadas-tenida-por-un-hecho-de-sangre\/","title":{"rendered":"La doma de las encadenadas te\u00f1ida por un hecho de sangre"},"content":{"rendered":"<p>Un joven fue apu\u00f1alado por otro en el marco de una rencilla por un entredicho familiar en la Fiesta del Reservado, y debi\u00f3 ser trasladado al hospital municipal de nuestra ciudad(Pigue), en tanto el agresor fue detenido. Por este incidente se posterg\u00f3 para la tarde la rueda de bastos y encimera que en principio se hab\u00eda programado para la ma\u00f1ana.<br \/>\nEl joven herido fue identificado como Ariel Soto de 24 a\u00f1os, oriundo de Tornquist, quien fue apu\u00f1alado en la madrugada del domingo, a las 4,50 hs. por otro joven de la misma localidad identificado como Nahuel Acu\u00f1a.<!--more--><br \/>\nEl hecho ocurri\u00f3 cuando finalizaba la bailanta en el campo de jineteada, presumiblemente por un entredicho anterior con un familiar del herido.<br \/>\nA ra\u00edz de la herida sufrida por Soto debi\u00f3 ser atendido por el personal de emergencias apostado en el predio y trasladado en ambulancia al hospital municipal de Pig\u00fc\u00e9 donde fue intervenido quir\u00fargicamente y se encuentra recuper\u00e1ndose en terapia intensiva.<br \/>\nEl herido presentaba un corte en la regi\u00f3n lumbar lateral derecha. En tanto Acu\u00f1a, tras agredir a Soto se dio a la fuga hacia la zona de la costa de la laguna siendo perseguido por un primo del herido quien no logr\u00f3 darle alcance.<br \/>\nAl tomar conocimiento del hecho la comisi\u00f3n organizadora y las autoridades policiales montaron un operativo en conjunto con Bomberos de Pig\u00fc\u00e9 y Saavedra quienes finalmente dieron con el agresor dentro la zona del espejo de agua en estado de shock por lo que se lo estabiliz\u00f3 en la Sala de primeros auxilios del predio y luego fue trasladado a la Comisar\u00eda de Pig\u00fc\u00e9.<br \/>\nDebido al hecho de sangre, se tuvo que preservar el lugar f\u00edsico hasta las 11,30 hs. del domingo cuando arrib\u00f3 al lugar la Policia Cient\u00edfica de Cnel Suarez para tomar las muestras correspondientes por lo que no se pudo realizar la rueda de bastos y encimera programada para la ma\u00f1ana; la cual se traslad\u00f3 para las 14 hs.<br \/>\n<strong>(Semanario Reflejos) Pig\u00fce<\/strong><\/p>\n","protected":false},"excerpt":{"rendered":"<p>Un joven fue apu\u00f1alado por otro en el marco de una rencilla por un entredicho familiar en la Fiesta del Reservado, y debi\u00f3 ser trasladado al hospital municipal de nuestra ciudad(Pigue), en tanto el agresor fue detenido. Por este incidente se posterg\u00f3 para la tarde la rueda de bastos y encimera que en principio se [&hellip;]<\/p>\n","protected":false},"author":3,"featured_media":0,"comment_status":"closed","ping_status":"open","sticky":false,"template":"","format":"standard","meta":{"footnotes":""},"categories":[25],"tags":[],"class_list":["post-18774","post","type-post","status-publish","format-standard","hentry","category-uncategorized"],"yoast_head":"<!-- This site is optimized with the Yoast SEO plugin v25.9 - https:\/\/yoast.com\/wordpress\/plugins\/seo\/ -->\n<title>La doma de las encadenadas te\u00f1ida por un hecho de sangre - Noticias Radio Reflejos<\/title>\n<meta name=\"robots\" content=\"index, follow, max-snippet:-1, max-image-preview:large, max-video-preview:-1\" \/>\n<link rel=\"canonical\" href=\"https:\/\/www.noticiasradioreflejos.com.ar\/2021\/la-doma-de-las-encadenadas-tenida-por-un-hecho-de-sangre\/\" \/>\n<meta property=\"og:locale\" content=\"es_ES\" \/>\n<meta property=\"og:type\" content=\"article\" \/>\n<meta property=\"og:title\" content=\"La doma de las encadenadas te\u00f1ida por un hecho de sangre - Noticias Radio Reflejos\" \/>\n<meta property=\"og:description\" content=\"Un joven fue apu\u00f1alado por otro en el marco de una rencilla por un entredicho familiar en la Fiesta del Reservado, y debi\u00f3 ser trasladado al hospital municipal de nuestra ciudad(Pigue), en tanto el agresor fue detenido. Por este incidente se posterg\u00f3 para la tarde la rueda de bastos y encimera que en principio se [&hellip;]\" \/>\n<meta property=\"og:url\" content=\"https:\/\/www.noticiasradioreflejos.com.ar\/2021\/la-doma-de-las-encadenadas-tenida-por-un-hecho-de-sangre\/\" \/>\n<meta property=\"og:site_name\" content=\"Noticias Radio Reflejos\" \/>\n<meta property=\"article:published_time\" content=\"2018-02-13T15:15:41+00:00\" \/>\n<meta property=\"og:image\" content=\"https:\/\/www.noticiasradioreflejos.com.ar\/2021\/wp-content\/uploads\/2021\/07\/logosol300x200.png\" \/>\n\t<meta property=\"og:image:width\" content=\"300\" \/>\n\t<meta property=\"og:image:height\" content=\"200\" \/>\n\t<meta property=\"og:image:type\" content=\"image\/png\" \/>\n<meta name=\"author\" content=\"Arnaldo Botto\" \/>\n<meta name=\"twitter:card\" content=\"summary_large_image\" \/>\n<script type=\"application\/ld+json\" class=\"yoast-schema-graph\">{\"@context\":\"https:\/\/schema.org\",\"@graph\":[{\"@type\":\"WebPage\",\"@id\":\"https:\/\/www.noticiasradioreflejos.com.ar\/2021\/la-doma-de-las-encadenadas-tenida-por-un-hecho-de-sangre\/\",\"url\":\"https:\/\/www.noticiasradioreflejos.com.ar\/2021\/la-doma-de-las-encadenadas-tenida-por-un-hecho-de-sangre\/\",\"name\":\"La doma de las encadenadas te\u00f1ida por un hecho de sangre - Noticias Radio Reflejos\",\"isPartOf\":{\"@id\":\"https:\/\/www.noticiasradioreflejos.com.ar\/2021\/#website\"},\"datePublished\":\"2018-02-13T15:15:41+00:00\",\"author\":{\"@id\":\"https:\/\/www.noticiasradioreflejos.com.ar\/2021\/#\/schema\/person\/ad82545263dcc5ec0996818884fd5fb1\"},\"breadcrumb\":{\"@id\":\"https:\/\/www.noticiasradioreflejos.com.ar\/2021\/la-doma-de-las-encadenadas-tenida-por-un-hecho-de-sangre\/#breadcrumb\"},\"inLanguage\":\"es\",\"potentialAction\":[{\"@type\":\"ReadAction\",\"target\":[\"https:\/\/www.noticiasradioreflejos.com.ar\/2021\/la-doma-de-las-encadenadas-tenida-por-un-hecho-de-sangre\/\"]}]},{\"@type\":\"BreadcrumbList\",\"@id\":\"https:\/\/www.noticiasradioreflejos.com.ar\/2021\/la-doma-de-las-encadenadas-tenida-por-un-hecho-de-sangre\/#breadcrumb\",\"itemListElement\":[{\"@type\":\"ListItem\",\"position\":1,\"name\":\"Portada\",\"item\":\"https:\/\/www.noticiasradioreflejos.com.ar\/2021\/\"},{\"@type\":\"ListItem\",\"position\":2,\"name\":\"La doma de las encadenadas te\u00f1ida por un hecho de sangre\"}]},{\"@type\":\"WebSite\",\"@id\":\"https:\/\/www.noticiasradioreflejos.com.ar\/2021\/#website\",\"url\":\"https:\/\/www.noticiasradioreflejos.com.ar\/2021\/\",\"name\":\"Noticias Radio Reflejos\",\"description\":\"Las noticias de mi comarca\",\"potentialAction\":[{\"@type\":\"SearchAction\",\"target\":{\"@type\":\"EntryPoint\",\"urlTemplate\":\"https:\/\/www.noticiasradioreflejos.com.ar\/2021\/?s={search_term_string}\"},\"query-input\":{\"@type\":\"PropertyValueSpecification\",\"valueRequired\":true,\"valueName\":\"search_term_string\"}}],\"inLanguage\":\"es\"},{\"@type\":\"Person\",\"@id\":\"https:\/\/www.noticiasradioreflejos.com.ar\/2021\/#\/schema\/person\/ad82545263dcc5ec0996818884fd5fb1\",\"name\":\"Arnaldo Botto\",\"image\":{\"@type\":\"ImageObject\",\"inLanguage\":\"es\",\"@id\":\"https:\/\/www.noticiasradioreflejos.com.ar\/2021\/#\/schema\/person\/image\/\",\"url\":\"https:\/\/secure.gravatar.com\/avatar\/55cb5e37c1efa326397366e6974cb338056df65cb50e7d64d1cf314e87504837?s=96&d=mm&r=g\",\"contentUrl\":\"https:\/\/secure.gravatar.com\/avatar\/55cb5e37c1efa326397366e6974cb338056df65cb50e7d64d1cf314e87504837?s=96&d=mm&r=g\",\"caption\":\"Arnaldo Botto\"},\"url\":\"https:\/\/www.noticiasradioreflejos.com.ar\/2021\/author\/arnaldo\/\"}]}<\/script>\n<!-- \/ Yoast SEO plugin. -->","yoast_head_json":{"title":"La doma de las encadenadas te\u00f1ida por un hecho de sangre - Noticias Radio Reflejos","robots":{"index":"index","follow":"follow","max-snippet":"max-snippet:-1","max-image-preview":"max-image-preview:large","max-video-preview":"max-video-preview:-1"},"canonical":"https:\/\/www.noticiasradioreflejos.com.ar\/2021\/la-doma-de-las-encadenadas-tenida-por-un-hecho-de-sangre\/","og_locale":"es_ES","og_type":"article","og_title":"La doma de las encadenadas te\u00f1ida por un hecho de sangre - Noticias Radio Reflejos","og_description":"Un joven fue apu\u00f1alado por otro en el marco de una rencilla por un entredicho familiar en la Fiesta del Reservado, y debi\u00f3 ser trasladado al hospital municipal de nuestra ciudad(Pigue), en tanto el agresor fue detenido. Por este incidente se posterg\u00f3 para la tarde la rueda de bastos y encimera que en principio se [&hellip;]","og_url":"https:\/\/www.noticiasradioreflejos.com.ar\/2021\/la-doma-de-las-encadenadas-tenida-por-un-hecho-de-sangre\/","og_site_name":"Noticias Radio Reflejos","article_published_time":"2018-02-13T15:15:41+00:00","og_image":[{"width":300,"height":200,"url":"https:\/\/www.noticiasradioreflejos.com.ar\/2021\/wp-content\/uploads\/2021\/07\/logosol300x200.png","type":"image\/png"}],"author":"Arnaldo Botto","twitter_card":"summary_large_image","schema":{"@context":"https:\/\/schema.org","@graph":[{"@type":"WebPage","@id":"https:\/\/www.noticiasradioreflejos.com.ar\/2021\/la-doma-de-las-encadenadas-tenida-por-un-hecho-de-sangre\/","url":"https:\/\/www.noticiasradioreflejos.com.ar\/2021\/la-doma-de-las-encadenadas-tenida-por-un-hecho-de-sangre\/","name":"La doma de las encadenadas te\u00f1ida por un hecho de sangre - Noticias Radio Reflejos","isPartOf":{"@id":"https:\/\/www.noticiasradioreflejos.com.ar\/2021\/#website"},"datePublished":"2018-02-13T15:15:41+00:00","author":{"@id":"https:\/\/www.noticiasradioreflejos.com.ar\/2021\/#\/schema\/person\/ad82545263dcc5ec0996818884fd5fb1"},"breadcrumb":{"@id":"https:\/\/www.noticiasradioreflejos.com.ar\/2021\/la-doma-de-las-encadenadas-tenida-por-un-hecho-de-sangre\/#breadcrumb"},"inLanguage":"es","potentialAction":[{"@type":"ReadAction","target":["https:\/\/www.noticiasradioreflejos.com.ar\/2021\/la-doma-de-las-encadenadas-tenida-por-un-hecho-de-sangre\/"]}]},{"@type":"BreadcrumbList","@id":"https:\/\/www.noticiasradioreflejos.com.ar\/2021\/la-doma-de-las-encadenadas-tenida-por-un-hecho-de-sangre\/#breadcrumb","itemListElement":[{"@type":"ListItem","position":1,"name":"Portada","item":"https:\/\/www.noticiasradioreflejos.com.ar\/2021\/"},{"@type":"ListItem","position":2,"name":"La doma de las encadenadas te\u00f1ida por un hecho de sangre"}]},{"@type":"WebSite","@id":"https:\/\/www.noticiasradioreflejos.com.ar\/2021\/#website","url":"https:\/\/www.noticiasradioreflejos.com.ar\/2021\/","name":"Noticias Radio Reflejos","description":"Las noticias de mi comarca","potentialAction":[{"@type":"SearchAction","target":{"@type":"EntryPoint","urlTemplate":"https:\/\/www.noticiasradioreflejos.com.ar\/2021\/?s={search_term_string}"},"query-input":{"@type":"PropertyValueSpecification","valueRequired":true,"valueName":"search_term_string"}}],"inLanguage":"es"},{"@type":"Person","@id":"https:\/\/www.noticiasradioreflejos.com.ar\/2021\/#\/schema\/person\/ad82545263dcc5ec0996818884fd5fb1","name":"Arnaldo Botto","image":{"@type":"ImageObject","inLanguage":"es","@id":"https:\/\/www.noticiasradioreflejos.com.ar\/2021\/#\/schema\/person\/image\/","url":"https:\/\/secure.gravatar.com\/avatar\/55cb5e37c1efa326397366e6974cb338056df65cb50e7d64d1cf314e87504837?s=96&d=mm&r=g","contentUrl":"https:\/\/secure.gravatar.com\/avatar\/55cb5e37c1efa326397366e6974cb338056df65cb50e7d64d1cf314e87504837?s=96&d=mm&r=g","caption":"Arnaldo Botto"},"url":"https:\/\/www.noticiasradioreflejos.com.ar\/2021\/author\/arnaldo\/"}]}},"_links":{"self":[{"href":"https:\/\/www.noticiasradioreflejos.com.ar\/2021\/wp-json\/wp\/v2\/posts\/18774","targetHints":{"allow":["GET"]}}],"collection":[{"href":"https:\/\/www.noticiasradioreflejos.com.ar\/2021\/wp-json\/wp\/v2\/posts"}],"about":[{"href":"https:\/\/www.noticiasradioreflejos.com.ar\/2021\/wp-json\/wp\/v2\/types\/post"}],"author":[{"embeddable":true,"href":"https:\/\/www.noticiasradioreflejos.com.ar\/2021\/wp-json\/wp\/v2\/users\/3"}],"replies":[{"embeddable":true,"href":"https:\/\/www.noticiasradioreflejos.com.ar\/2021\/wp-json\/wp\/v2\/comments?post=18774"}],"version-history":[{"count":0,"href":"https:\/\/www.noticiasradioreflejos.com.ar\/2021\/wp-json\/wp\/v2\/posts\/18774\/revisions"}],"wp:attachment":[{"href":"https:\/\/www.noticiasradioreflejos.com.ar\/2021\/wp-json\/wp\/v2\/media?parent=18774"}],"wp:term":[{"taxonomy":"category","embeddable":true,"href":"https:\/\/www.noticiasradioreflejos.com.ar\/2021\/wp-json\/wp\/v2\/categories?post=18774"},{"taxonomy":"post_tag","embeddable":true,"href":"https:\/\/www.noticiasradioreflejos.com.ar\/2021\/wp-json\/wp\/v2\/tags?post=18774"}],"curies":[{"name":"wp","href":"https:\/\/api.w.org\/{rel}","templated":true}]}}