{"id":18715,"date":"2018-02-09T22:16:31","date_gmt":"2018-02-10T01:16:31","guid":{"rendered":"http:\/\/www.noticiasradioreflejos.com.ar\/noticias\/?p=18715"},"modified":"2018-02-09T22:16:31","modified_gmt":"2018-02-10T01:16:31","slug":"comenzo-la-pretemporada-de-hockey-del-club-union","status":"publish","type":"post","link":"https:\/\/www.noticiasradioreflejos.com.ar\/2021\/comenzo-la-pretemporada-de-hockey-del-club-union\/","title":{"rendered":"Comenz\u00f3 la pretemporada de hockey del Club Uni\u00f3n."},"content":{"rendered":"<p>Esta semana se puso en marcha la pretemporada de hockey del Club Uni\u00f3n de cara a los torneos de la Asociaci\u00f3n Bahiense de Hockey Sobre C\u00e9sped y Pista.<!--more--><br \/>\nLas jugadoras de las divisiones Primera, Sub-18, Sub-16 y Sub-14 iniciaron los entrenamientos con vistas a la competencia oficial, en tanto que en marzo arrancar\u00e1n las categor\u00edas Formativas.<br \/>\nEste a\u00f1o, al frente de la direcci\u00f3n t\u00e9cnica y la coordinaci\u00f3n de la actividad continuar\u00e1 el prof. Leonardo Woodward, quien tendr\u00e1 como colaborador a Ezequiel Mu\u00f1oz; en tanto que la preparaci\u00f3n f\u00edsica estar\u00e1 a cargo del joven Branco Bordoni.<br \/>\nLos entrenamientos se desarrollar\u00e1n los d\u00edas lunes, mi\u00e9rcoles y viernes de 19 a 21 hs en la cancha sint\u00e9tica de la entidad. En el marco de la preparaci\u00f3n, se prev\u00e9 la realizaci\u00f3n de un encuentro amistoso con equipos de la regi\u00f3n.<br \/>\nInvitamos a todas aquellas chicas de 5 a\u00f1os en adelante a sumarse a la actividad, a aprender jugando sobre c\u00e9sped sint\u00e9tico y divertirse con amigas.<br \/>\n<a href=\"http:\/\/farm5.staticflickr.com\/4722\/39465338334_1360ce0d31_z.jpg\" title=\"pretemporada hockey 5\" rel=\"\"><img loading=\"lazy\" decoding=\"async\" src=\"http:\/\/farm5.staticflickr.com\/4722\/39465338334_1360ce0d31_z.jpg\" width=\"640\" height=\"428\" alt=\"pretemporada hockey 5\" title=\"pretemporada hockey 5\" class=\"aligncenter\"><\/a><br \/>\n<a href=\"http:\/\/farm5.staticflickr.com\/4674\/40176865011_4755c74aac_z.jpg\" title=\"pretemporada hockey 4\" rel=\"\"><img loading=\"lazy\" decoding=\"async\" src=\"http:\/\/farm5.staticflickr.com\/4674\/40176865011_4755c74aac_z.jpg\" width=\"640\" height=\"428\" alt=\"pretemporada hockey 4\" title=\"pretemporada hockey 4\" class=\"aligncenter\"><\/a><br \/>\n<a href=\"http:\/\/farm5.staticflickr.com\/4754\/39465338984_26b6ae5a93_z.jpg\" title=\"pretemporada hockey 3\" rel=\"\"><img loading=\"lazy\" decoding=\"async\" src=\"http:\/\/farm5.staticflickr.com\/4754\/39465338984_26b6ae5a93_z.jpg\" width=\"640\" height=\"428\" alt=\"pretemporada hockey 3\" title=\"pretemporada hockey 3\" class=\"aligncenter\"><\/a><br \/>\n<a href=\"http:\/\/farm5.staticflickr.com\/4613\/40176866101_dd7364759e_z.jpg\" title=\"pretemporada hockey 2\" rel=\"\"><img loading=\"lazy\" decoding=\"async\" src=\"http:\/\/farm5.staticflickr.com\/4613\/40176866101_dd7364759e_z.jpg\" width=\"640\" height=\"428\" alt=\"pretemporada hockey 2\" title=\"pretemporada hockey 2\" class=\"aligncenter\"><\/a><\/p>\n","protected":false},"excerpt":{"rendered":"<p>Esta semana se puso en marcha la pretemporada de hockey del Club Uni\u00f3n de cara a los torneos de la Asociaci\u00f3n Bahiense de Hockey Sobre C\u00e9sped y Pista.<\/p>\n","protected":false},"author":3,"featured_media":0,"comment_status":"closed","ping_status":"open","sticky":false,"template":"","format":"standard","meta":{"footnotes":""},"categories":[27],"tags":[],"class_list":["post-18715","post","type-post","status-publish","format-standard","hentry","category-deportes"],"yoast_head":"<!-- This site is optimized with the Yoast SEO plugin v25.9 - https:\/\/yoast.com\/wordpress\/plugins\/seo\/ -->\n<title>Comenz\u00f3 la pretemporada de hockey del Club Uni\u00f3n. - Noticias Radio Reflejos<\/title>\n<meta name=\"robots\" content=\"index, follow, max-snippet:-1, max-image-preview:large, max-video-preview:-1\" \/>\n<link rel=\"canonical\" href=\"https:\/\/www.noticiasradioreflejos.com.ar\/2021\/comenzo-la-pretemporada-de-hockey-del-club-union\/\" \/>\n<meta property=\"og:locale\" content=\"es_ES\" \/>\n<meta property=\"og:type\" content=\"article\" \/>\n<meta property=\"og:title\" content=\"Comenz\u00f3 la pretemporada de hockey del Club Uni\u00f3n. - Noticias Radio Reflejos\" \/>\n<meta property=\"og:description\" content=\"Esta semana se puso en marcha la pretemporada de hockey del Club Uni\u00f3n de cara a los torneos de la Asociaci\u00f3n Bahiense de Hockey Sobre C\u00e9sped y Pista.\" \/>\n<meta property=\"og:url\" content=\"https:\/\/www.noticiasradioreflejos.com.ar\/2021\/comenzo-la-pretemporada-de-hockey-del-club-union\/\" \/>\n<meta property=\"og:site_name\" content=\"Noticias Radio Reflejos\" \/>\n<meta property=\"article:published_time\" content=\"2018-02-10T01:16:31+00:00\" \/>\n<meta property=\"og:image\" content=\"http:\/\/farm5.staticflickr.com\/4722\/39465338334_1360ce0d31_z.jpg\" \/>\n<meta name=\"author\" content=\"Arnaldo Botto\" \/>\n<meta name=\"twitter:card\" content=\"summary_large_image\" \/>\n<script type=\"application\/ld+json\" class=\"yoast-schema-graph\">{\"@context\":\"https:\/\/schema.org\",\"@graph\":[{\"@type\":\"WebPage\",\"@id\":\"https:\/\/www.noticiasradioreflejos.com.ar\/2021\/comenzo-la-pretemporada-de-hockey-del-club-union\/\",\"url\":\"https:\/\/www.noticiasradioreflejos.com.ar\/2021\/comenzo-la-pretemporada-de-hockey-del-club-union\/\",\"name\":\"Comenz\u00f3 la pretemporada de hockey del Club Uni\u00f3n. - Noticias Radio Reflejos\",\"isPartOf\":{\"@id\":\"https:\/\/www.noticiasradioreflejos.com.ar\/2021\/#website\"},\"primaryImageOfPage\":{\"@id\":\"https:\/\/www.noticiasradioreflejos.com.ar\/2021\/comenzo-la-pretemporada-de-hockey-del-club-union\/#primaryimage\"},\"image\":{\"@id\":\"https:\/\/www.noticiasradioreflejos.com.ar\/2021\/comenzo-la-pretemporada-de-hockey-del-club-union\/#primaryimage\"},\"thumbnailUrl\":\"http:\/\/farm5.staticflickr.com\/4722\/39465338334_1360ce0d31_z.jpg\",\"datePublished\":\"2018-02-10T01:16:31+00:00\",\"author\":{\"@id\":\"https:\/\/www.noticiasradioreflejos.com.ar\/2021\/#\/schema\/person\/ad82545263dcc5ec0996818884fd5fb1\"},\"breadcrumb\":{\"@id\":\"https:\/\/www.noticiasradioreflejos.com.ar\/2021\/comenzo-la-pretemporada-de-hockey-del-club-union\/#breadcrumb\"},\"inLanguage\":\"es\",\"potentialAction\":[{\"@type\":\"ReadAction\",\"target\":[\"https:\/\/www.noticiasradioreflejos.com.ar\/2021\/comenzo-la-pretemporada-de-hockey-del-club-union\/\"]}]},{\"@type\":\"ImageObject\",\"inLanguage\":\"es\",\"@id\":\"https:\/\/www.noticiasradioreflejos.com.ar\/2021\/comenzo-la-pretemporada-de-hockey-del-club-union\/#primaryimage\",\"url\":\"http:\/\/farm5.staticflickr.com\/4722\/39465338334_1360ce0d31_z.jpg\",\"contentUrl\":\"http:\/\/farm5.staticflickr.com\/4722\/39465338334_1360ce0d31_z.jpg\"},{\"@type\":\"BreadcrumbList\",\"@id\":\"https:\/\/www.noticiasradioreflejos.com.ar\/2021\/comenzo-la-pretemporada-de-hockey-del-club-union\/#breadcrumb\",\"itemListElement\":[{\"@type\":\"ListItem\",\"position\":1,\"name\":\"Portada\",\"item\":\"https:\/\/www.noticiasradioreflejos.com.ar\/2021\/\"},{\"@type\":\"ListItem\",\"position\":2,\"name\":\"Comenz\u00f3 la pretemporada de hockey del Club Uni\u00f3n.\"}]},{\"@type\":\"WebSite\",\"@id\":\"https:\/\/www.noticiasradioreflejos.com.ar\/2021\/#website\",\"url\":\"https:\/\/www.noticiasradioreflejos.com.ar\/2021\/\",\"name\":\"Noticias Radio Reflejos\",\"description\":\"Las noticias de mi comarca\",\"potentialAction\":[{\"@type\":\"SearchAction\",\"target\":{\"@type\":\"EntryPoint\",\"urlTemplate\":\"https:\/\/www.noticiasradioreflejos.com.ar\/2021\/?s={search_term_string}\"},\"query-input\":{\"@type\":\"PropertyValueSpecification\",\"valueRequired\":true,\"valueName\":\"search_term_string\"}}],\"inLanguage\":\"es\"},{\"@type\":\"Person\",\"@id\":\"https:\/\/www.noticiasradioreflejos.com.ar\/2021\/#\/schema\/person\/ad82545263dcc5ec0996818884fd5fb1\",\"name\":\"Arnaldo Botto\",\"image\":{\"@type\":\"ImageObject\",\"inLanguage\":\"es\",\"@id\":\"https:\/\/www.noticiasradioreflejos.com.ar\/2021\/#\/schema\/person\/image\/\",\"url\":\"https:\/\/secure.gravatar.com\/avatar\/55cb5e37c1efa326397366e6974cb338056df65cb50e7d64d1cf314e87504837?s=96&d=mm&r=g\",\"contentUrl\":\"https:\/\/secure.gravatar.com\/avatar\/55cb5e37c1efa326397366e6974cb338056df65cb50e7d64d1cf314e87504837?s=96&d=mm&r=g\",\"caption\":\"Arnaldo Botto\"},\"url\":\"https:\/\/www.noticiasradioreflejos.com.ar\/2021\/author\/arnaldo\/\"}]}<\/script>\n<!-- \/ Yoast SEO plugin. -->","yoast_head_json":{"title":"Comenz\u00f3 la pretemporada de hockey del Club Uni\u00f3n. - Noticias Radio Reflejos","robots":{"index":"index","follow":"follow","max-snippet":"max-snippet:-1","max-image-preview":"max-image-preview:large","max-video-preview":"max-video-preview:-1"},"canonical":"https:\/\/www.noticiasradioreflejos.com.ar\/2021\/comenzo-la-pretemporada-de-hockey-del-club-union\/","og_locale":"es_ES","og_type":"article","og_title":"Comenz\u00f3 la pretemporada de hockey del Club Uni\u00f3n. - Noticias Radio Reflejos","og_description":"Esta semana se puso en marcha la pretemporada de hockey del Club Uni\u00f3n de cara a los torneos de la Asociaci\u00f3n Bahiense de Hockey Sobre C\u00e9sped y Pista.","og_url":"https:\/\/www.noticiasradioreflejos.com.ar\/2021\/comenzo-la-pretemporada-de-hockey-del-club-union\/","og_site_name":"Noticias Radio Reflejos","article_published_time":"2018-02-10T01:16:31+00:00","og_image":[{"url":"http:\/\/farm5.staticflickr.com\/4722\/39465338334_1360ce0d31_z.jpg","type":"","width":"","height":""}],"author":"Arnaldo Botto","twitter_card":"summary_large_image","schema":{"@context":"https:\/\/schema.org","@graph":[{"@type":"WebPage","@id":"https:\/\/www.noticiasradioreflejos.com.ar\/2021\/comenzo-la-pretemporada-de-hockey-del-club-union\/","url":"https:\/\/www.noticiasradioreflejos.com.ar\/2021\/comenzo-la-pretemporada-de-hockey-del-club-union\/","name":"Comenz\u00f3 la pretemporada de hockey del Club Uni\u00f3n. - Noticias Radio Reflejos","isPartOf":{"@id":"https:\/\/www.noticiasradioreflejos.com.ar\/2021\/#website"},"primaryImageOfPage":{"@id":"https:\/\/www.noticiasradioreflejos.com.ar\/2021\/comenzo-la-pretemporada-de-hockey-del-club-union\/#primaryimage"},"image":{"@id":"https:\/\/www.noticiasradioreflejos.com.ar\/2021\/comenzo-la-pretemporada-de-hockey-del-club-union\/#primaryimage"},"thumbnailUrl":"http:\/\/farm5.staticflickr.com\/4722\/39465338334_1360ce0d31_z.jpg","datePublished":"2018-02-10T01:16:31+00:00","author":{"@id":"https:\/\/www.noticiasradioreflejos.com.ar\/2021\/#\/schema\/person\/ad82545263dcc5ec0996818884fd5fb1"},"breadcrumb":{"@id":"https:\/\/www.noticiasradioreflejos.com.ar\/2021\/comenzo-la-pretemporada-de-hockey-del-club-union\/#breadcrumb"},"inLanguage":"es","potentialAction":[{"@type":"ReadAction","target":["https:\/\/www.noticiasradioreflejos.com.ar\/2021\/comenzo-la-pretemporada-de-hockey-del-club-union\/"]}]},{"@type":"ImageObject","inLanguage":"es","@id":"https:\/\/www.noticiasradioreflejos.com.ar\/2021\/comenzo-la-pretemporada-de-hockey-del-club-union\/#primaryimage","url":"http:\/\/farm5.staticflickr.com\/4722\/39465338334_1360ce0d31_z.jpg","contentUrl":"http:\/\/farm5.staticflickr.com\/4722\/39465338334_1360ce0d31_z.jpg"},{"@type":"BreadcrumbList","@id":"https:\/\/www.noticiasradioreflejos.com.ar\/2021\/comenzo-la-pretemporada-de-hockey-del-club-union\/#breadcrumb","itemListElement":[{"@type":"ListItem","position":1,"name":"Portada","item":"https:\/\/www.noticiasradioreflejos.com.ar\/2021\/"},{"@type":"ListItem","position":2,"name":"Comenz\u00f3 la pretemporada de hockey del Club Uni\u00f3n."}]},{"@type":"WebSite","@id":"https:\/\/www.noticiasradioreflejos.com.ar\/2021\/#website","url":"https:\/\/www.noticiasradioreflejos.com.ar\/2021\/","name":"Noticias Radio Reflejos","description":"Las noticias de mi comarca","potentialAction":[{"@type":"SearchAction","target":{"@type":"EntryPoint","urlTemplate":"https:\/\/www.noticiasradioreflejos.com.ar\/2021\/?s={search_term_string}"},"query-input":{"@type":"PropertyValueSpecification","valueRequired":true,"valueName":"search_term_string"}}],"inLanguage":"es"},{"@type":"Person","@id":"https:\/\/www.noticiasradioreflejos.com.ar\/2021\/#\/schema\/person\/ad82545263dcc5ec0996818884fd5fb1","name":"Arnaldo Botto","image":{"@type":"ImageObject","inLanguage":"es","@id":"https:\/\/www.noticiasradioreflejos.com.ar\/2021\/#\/schema\/person\/image\/","url":"https:\/\/secure.gravatar.com\/avatar\/55cb5e37c1efa326397366e6974cb338056df65cb50e7d64d1cf314e87504837?s=96&d=mm&r=g","contentUrl":"https:\/\/secure.gravatar.com\/avatar\/55cb5e37c1efa326397366e6974cb338056df65cb50e7d64d1cf314e87504837?s=96&d=mm&r=g","caption":"Arnaldo Botto"},"url":"https:\/\/www.noticiasradioreflejos.com.ar\/2021\/author\/arnaldo\/"}]}},"_links":{"self":[{"href":"https:\/\/www.noticiasradioreflejos.com.ar\/2021\/wp-json\/wp\/v2\/posts\/18715","targetHints":{"allow":["GET"]}}],"collection":[{"href":"https:\/\/www.noticiasradioreflejos.com.ar\/2021\/wp-json\/wp\/v2\/posts"}],"about":[{"href":"https:\/\/www.noticiasradioreflejos.com.ar\/2021\/wp-json\/wp\/v2\/types\/post"}],"author":[{"embeddable":true,"href":"https:\/\/www.noticiasradioreflejos.com.ar\/2021\/wp-json\/wp\/v2\/users\/3"}],"replies":[{"embeddable":true,"href":"https:\/\/www.noticiasradioreflejos.com.ar\/2021\/wp-json\/wp\/v2\/comments?post=18715"}],"version-history":[{"count":0,"href":"https:\/\/www.noticiasradioreflejos.com.ar\/2021\/wp-json\/wp\/v2\/posts\/18715\/revisions"}],"wp:attachment":[{"href":"https:\/\/www.noticiasradioreflejos.com.ar\/2021\/wp-json\/wp\/v2\/media?parent=18715"}],"wp:term":[{"taxonomy":"category","embeddable":true,"href":"https:\/\/www.noticiasradioreflejos.com.ar\/2021\/wp-json\/wp\/v2\/categories?post=18715"},{"taxonomy":"post_tag","embeddable":true,"href":"https:\/\/www.noticiasradioreflejos.com.ar\/2021\/wp-json\/wp\/v2\/tags?post=18715"}],"curies":[{"name":"wp","href":"https:\/\/api.w.org\/{rel}","templated":true}]}}