{"id":18713,"date":"2018-02-09T22:11:36","date_gmt":"2018-02-10T01:11:36","guid":{"rendered":"http:\/\/www.noticiasradioreflejos.com.ar\/noticias\/?p=18713"},"modified":"2018-02-09T22:11:36","modified_gmt":"2018-02-10T01:11:36","slug":"el-municipio-tomara-en-comodato-las-estaciones-ferroviarias-de-sierra-y-saldungaray","status":"publish","type":"post","link":"https:\/\/www.noticiasradioreflejos.com.ar\/2021\/el-municipio-tomara-en-comodato-las-estaciones-ferroviarias-de-sierra-y-saldungaray\/","title":{"rendered":"El municipio tomar\u00e1 en comodato las estaciones ferroviarias de Sierra y Saldungaray."},"content":{"rendered":"<p>El Intendente Municipal, Sergio Bordoni, adelant\u00f3 este viernes que el municipio se har\u00eda cargo, a trav\u00e9s de un comodato, de las estaciones de ferrocarril de Sierra de la Ventana y Saldungaray, por las que dejar\u00e1n de pasar lo trenes de pasajeros tras el cierre de Ferrobaires.<!--more--><br \/>\n\u201cEl jueves habl\u00e9 con el Director de Ferrocarriles Argentinos, Marcelo Orfila, y le pregunt\u00e9 qu\u00e9 posibilidad hab\u00eda de tomar en comodato las estaciones ferroviarias. Para el municipio es importante mantener el museo de la de Sierra, es algo hist\u00f3rico y muy bien mantenido por el jefe de la estaci\u00f3n. Para mi es una de las m\u00e1s bonitas de la zona\u201d, expres\u00f3 el jefe comunal.<br \/>\n\u201cTambi\u00e9n para Sierra le ped\u00ed la instalaci\u00f3n de una boleter\u00eda de Ferrocarriles Argentinos para que aquellos que no pueden sacar los pasajes por internet no tengan que venir hasta Tornquist\u201d, a\u00f1adi\u00f3.<br \/>\nEn ese sentido, asegur\u00f3 que el curso sus solicitudes ser\u00e1 m\u00e1s simple de lo pensado ya que ambas estaciones est\u00e1n a cargo de Ferro Sur S.A. \u201cEl municipio se tendr\u00e1 que hacer cargo del personal de la boleter\u00eda y pensamos que ese lugar lo ocupe el jefe de la estaci\u00f3n de Sierra, quien a partir del 15 de marzo quedar\u00e1 cesante de Ferrobaires\u201d, coment\u00f3 al respecto.<br \/>\nEn tanto, sostuvo que no podr\u00e1 tomar al empleado despedido de Saldungaray ya que el municipio \u201char\u00e1 un sacrificio importante\u201d que le permitir\u00e1 emplear solo a uno de ellos. Para dicha localidad, donde est\u00e1 la estaci\u00f3n, Bordoni adelant\u00f3 que se construir\u00e1 la terminal de \u00f3mnibus.<br \/>\n<iframe loading=\"lazy\" src=\"https:\/\/w.soundcloud.com\/player\/?url=https%3A\/\/api.soundcloud.com\/tracks\/397155777&amp;color=%23ff5500&amp;auto_play=false&amp;hide_related=false&amp;show_comments=true&amp;show_user=true&amp;show_reposts=false&amp;show_teaser=true\" width=\"100%\" height=\"166\" frameborder=\"no\" scrolling=\"no\"><\/iframe><br \/>\n<iframe loading=\"lazy\" src=\"https:\/\/w.soundcloud.com\/player\/?url=https%3A\/\/api.soundcloud.com\/tracks\/397156443&amp;color=%23ff5500&amp;auto_play=false&amp;hide_related=false&amp;show_comments=true&amp;show_user=true&amp;show_reposts=false&amp;show_teaser=true\" width=\"100%\" height=\"166\" frameborder=\"no\" scrolling=\"no\"><\/iframe><\/p>\n","protected":false},"excerpt":{"rendered":"<p>El Intendente Municipal, Sergio Bordoni, adelant\u00f3 este viernes que el municipio se har\u00eda cargo, a trav\u00e9s de un comodato, de las estaciones de ferrocarril de Sierra de la Ventana y Saldungaray, por las que dejar\u00e1n de pasar lo trenes de pasajeros tras el cierre de Ferrobaires.<\/p>\n","protected":false},"author":3,"featured_media":9552,"comment_status":"closed","ping_status":"open","sticky":false,"template":"","format":"standard","meta":{"footnotes":""},"categories":[24],"tags":[],"class_list":["post-18713","post","type-post","status-publish","format-standard","has-post-thumbnail","hentry","category-politica"],"yoast_head":"<!-- This site is optimized with the Yoast SEO plugin v25.9 - https:\/\/yoast.com\/wordpress\/plugins\/seo\/ -->\n<title>El municipio tomar\u00e1 en comodato las estaciones ferroviarias de Sierra y Saldungaray. - Noticias Radio Reflejos<\/title>\n<meta name=\"robots\" content=\"index, follow, max-snippet:-1, max-image-preview:large, max-video-preview:-1\" \/>\n<link rel=\"canonical\" href=\"https:\/\/www.noticiasradioreflejos.com.ar\/2021\/el-municipio-tomara-en-comodato-las-estaciones-ferroviarias-de-sierra-y-saldungaray\/\" \/>\n<meta property=\"og:locale\" content=\"es_ES\" \/>\n<meta property=\"og:type\" content=\"article\" \/>\n<meta property=\"og:title\" content=\"El municipio tomar\u00e1 en comodato las estaciones ferroviarias de Sierra y Saldungaray. - Noticias Radio Reflejos\" \/>\n<meta property=\"og:description\" content=\"El Intendente Municipal, Sergio Bordoni, adelant\u00f3 este viernes que el municipio se har\u00eda cargo, a trav\u00e9s de un comodato, de las estaciones de ferrocarril de Sierra de la Ventana y Saldungaray, por las que dejar\u00e1n de pasar lo trenes de pasajeros tras el cierre de Ferrobaires.\" \/>\n<meta property=\"og:url\" content=\"https:\/\/www.noticiasradioreflejos.com.ar\/2021\/el-municipio-tomara-en-comodato-las-estaciones-ferroviarias-de-sierra-y-saldungaray\/\" \/>\n<meta property=\"og:site_name\" content=\"Noticias Radio Reflejos\" \/>\n<meta property=\"article:published_time\" content=\"2018-02-10T01:11:36+00:00\" \/>\n<meta property=\"og:image\" content=\"https:\/\/www.noticiasradioreflejos.com.ar\/2021\/wp-content\/uploads\/2017\/04\/Sierra-de-la-Ventana.jpg\" \/>\n\t<meta property=\"og:image:width\" content=\"1200\" \/>\n\t<meta property=\"og:image:height\" content=\"900\" \/>\n\t<meta property=\"og:image:type\" content=\"image\/jpeg\" \/>\n<meta name=\"author\" content=\"Arnaldo Botto\" \/>\n<meta name=\"twitter:card\" content=\"summary_large_image\" \/>\n<script type=\"application\/ld+json\" class=\"yoast-schema-graph\">{\"@context\":\"https:\/\/schema.org\",\"@graph\":[{\"@type\":\"WebPage\",\"@id\":\"https:\/\/www.noticiasradioreflejos.com.ar\/2021\/el-municipio-tomara-en-comodato-las-estaciones-ferroviarias-de-sierra-y-saldungaray\/\",\"url\":\"https:\/\/www.noticiasradioreflejos.com.ar\/2021\/el-municipio-tomara-en-comodato-las-estaciones-ferroviarias-de-sierra-y-saldungaray\/\",\"name\":\"El municipio tomar\u00e1 en comodato las estaciones ferroviarias de Sierra y Saldungaray. - Noticias Radio Reflejos\",\"isPartOf\":{\"@id\":\"https:\/\/www.noticiasradioreflejos.com.ar\/2021\/#website\"},\"primaryImageOfPage\":{\"@id\":\"https:\/\/www.noticiasradioreflejos.com.ar\/2021\/el-municipio-tomara-en-comodato-las-estaciones-ferroviarias-de-sierra-y-saldungaray\/#primaryimage\"},\"image\":{\"@id\":\"https:\/\/www.noticiasradioreflejos.com.ar\/2021\/el-municipio-tomara-en-comodato-las-estaciones-ferroviarias-de-sierra-y-saldungaray\/#primaryimage\"},\"thumbnailUrl\":\"https:\/\/www.noticiasradioreflejos.com.ar\/2021\/wp-content\/uploads\/2017\/04\/Sierra-de-la-Ventana.jpg\",\"datePublished\":\"2018-02-10T01:11:36+00:00\",\"author\":{\"@id\":\"https:\/\/www.noticiasradioreflejos.com.ar\/2021\/#\/schema\/person\/ad82545263dcc5ec0996818884fd5fb1\"},\"breadcrumb\":{\"@id\":\"https:\/\/www.noticiasradioreflejos.com.ar\/2021\/el-municipio-tomara-en-comodato-las-estaciones-ferroviarias-de-sierra-y-saldungaray\/#breadcrumb\"},\"inLanguage\":\"es\",\"potentialAction\":[{\"@type\":\"ReadAction\",\"target\":[\"https:\/\/www.noticiasradioreflejos.com.ar\/2021\/el-municipio-tomara-en-comodato-las-estaciones-ferroviarias-de-sierra-y-saldungaray\/\"]}]},{\"@type\":\"ImageObject\",\"inLanguage\":\"es\",\"@id\":\"https:\/\/www.noticiasradioreflejos.com.ar\/2021\/el-municipio-tomara-en-comodato-las-estaciones-ferroviarias-de-sierra-y-saldungaray\/#primaryimage\",\"url\":\"https:\/\/www.noticiasradioreflejos.com.ar\/2021\/wp-content\/uploads\/2017\/04\/Sierra-de-la-Ventana.jpg\",\"contentUrl\":\"https:\/\/www.noticiasradioreflejos.com.ar\/2021\/wp-content\/uploads\/2017\/04\/Sierra-de-la-Ventana.jpg\",\"width\":1200,\"height\":900},{\"@type\":\"BreadcrumbList\",\"@id\":\"https:\/\/www.noticiasradioreflejos.com.ar\/2021\/el-municipio-tomara-en-comodato-las-estaciones-ferroviarias-de-sierra-y-saldungaray\/#breadcrumb\",\"itemListElement\":[{\"@type\":\"ListItem\",\"position\":1,\"name\":\"Portada\",\"item\":\"https:\/\/www.noticiasradioreflejos.com.ar\/2021\/\"},{\"@type\":\"ListItem\",\"position\":2,\"name\":\"El municipio tomar\u00e1 en comodato las estaciones ferroviarias de Sierra y Saldungaray.\"}]},{\"@type\":\"WebSite\",\"@id\":\"https:\/\/www.noticiasradioreflejos.com.ar\/2021\/#website\",\"url\":\"https:\/\/www.noticiasradioreflejos.com.ar\/2021\/\",\"name\":\"Noticias Radio Reflejos\",\"description\":\"Las noticias de mi comarca\",\"potentialAction\":[{\"@type\":\"SearchAction\",\"target\":{\"@type\":\"EntryPoint\",\"urlTemplate\":\"https:\/\/www.noticiasradioreflejos.com.ar\/2021\/?s={search_term_string}\"},\"query-input\":{\"@type\":\"PropertyValueSpecification\",\"valueRequired\":true,\"valueName\":\"search_term_string\"}}],\"inLanguage\":\"es\"},{\"@type\":\"Person\",\"@id\":\"https:\/\/www.noticiasradioreflejos.com.ar\/2021\/#\/schema\/person\/ad82545263dcc5ec0996818884fd5fb1\",\"name\":\"Arnaldo Botto\",\"image\":{\"@type\":\"ImageObject\",\"inLanguage\":\"es\",\"@id\":\"https:\/\/www.noticiasradioreflejos.com.ar\/2021\/#\/schema\/person\/image\/\",\"url\":\"https:\/\/secure.gravatar.com\/avatar\/55cb5e37c1efa326397366e6974cb338056df65cb50e7d64d1cf314e87504837?s=96&d=mm&r=g\",\"contentUrl\":\"https:\/\/secure.gravatar.com\/avatar\/55cb5e37c1efa326397366e6974cb338056df65cb50e7d64d1cf314e87504837?s=96&d=mm&r=g\",\"caption\":\"Arnaldo Botto\"},\"url\":\"https:\/\/www.noticiasradioreflejos.com.ar\/2021\/author\/arnaldo\/\"}]}<\/script>\n<!-- \/ Yoast SEO plugin. -->","yoast_head_json":{"title":"El municipio tomar\u00e1 en comodato las estaciones ferroviarias de Sierra y Saldungaray. - Noticias Radio Reflejos","robots":{"index":"index","follow":"follow","max-snippet":"max-snippet:-1","max-image-preview":"max-image-preview:large","max-video-preview":"max-video-preview:-1"},"canonical":"https:\/\/www.noticiasradioreflejos.com.ar\/2021\/el-municipio-tomara-en-comodato-las-estaciones-ferroviarias-de-sierra-y-saldungaray\/","og_locale":"es_ES","og_type":"article","og_title":"El municipio tomar\u00e1 en comodato las estaciones ferroviarias de Sierra y Saldungaray. - Noticias Radio Reflejos","og_description":"El Intendente Municipal, Sergio Bordoni, adelant\u00f3 este viernes que el municipio se har\u00eda cargo, a trav\u00e9s de un comodato, de las estaciones de ferrocarril de Sierra de la Ventana y Saldungaray, por las que dejar\u00e1n de pasar lo trenes de pasajeros tras el cierre de Ferrobaires.","og_url":"https:\/\/www.noticiasradioreflejos.com.ar\/2021\/el-municipio-tomara-en-comodato-las-estaciones-ferroviarias-de-sierra-y-saldungaray\/","og_site_name":"Noticias Radio Reflejos","article_published_time":"2018-02-10T01:11:36+00:00","og_image":[{"width":1200,"height":900,"url":"https:\/\/www.noticiasradioreflejos.com.ar\/2021\/wp-content\/uploads\/2017\/04\/Sierra-de-la-Ventana.jpg","type":"image\/jpeg"}],"author":"Arnaldo Botto","twitter_card":"summary_large_image","schema":{"@context":"https:\/\/schema.org","@graph":[{"@type":"WebPage","@id":"https:\/\/www.noticiasradioreflejos.com.ar\/2021\/el-municipio-tomara-en-comodato-las-estaciones-ferroviarias-de-sierra-y-saldungaray\/","url":"https:\/\/www.noticiasradioreflejos.com.ar\/2021\/el-municipio-tomara-en-comodato-las-estaciones-ferroviarias-de-sierra-y-saldungaray\/","name":"El municipio tomar\u00e1 en comodato las estaciones ferroviarias de Sierra y Saldungaray. - Noticias Radio Reflejos","isPartOf":{"@id":"https:\/\/www.noticiasradioreflejos.com.ar\/2021\/#website"},"primaryImageOfPage":{"@id":"https:\/\/www.noticiasradioreflejos.com.ar\/2021\/el-municipio-tomara-en-comodato-las-estaciones-ferroviarias-de-sierra-y-saldungaray\/#primaryimage"},"image":{"@id":"https:\/\/www.noticiasradioreflejos.com.ar\/2021\/el-municipio-tomara-en-comodato-las-estaciones-ferroviarias-de-sierra-y-saldungaray\/#primaryimage"},"thumbnailUrl":"https:\/\/www.noticiasradioreflejos.com.ar\/2021\/wp-content\/uploads\/2017\/04\/Sierra-de-la-Ventana.jpg","datePublished":"2018-02-10T01:11:36+00:00","author":{"@id":"https:\/\/www.noticiasradioreflejos.com.ar\/2021\/#\/schema\/person\/ad82545263dcc5ec0996818884fd5fb1"},"breadcrumb":{"@id":"https:\/\/www.noticiasradioreflejos.com.ar\/2021\/el-municipio-tomara-en-comodato-las-estaciones-ferroviarias-de-sierra-y-saldungaray\/#breadcrumb"},"inLanguage":"es","potentialAction":[{"@type":"ReadAction","target":["https:\/\/www.noticiasradioreflejos.com.ar\/2021\/el-municipio-tomara-en-comodato-las-estaciones-ferroviarias-de-sierra-y-saldungaray\/"]}]},{"@type":"ImageObject","inLanguage":"es","@id":"https:\/\/www.noticiasradioreflejos.com.ar\/2021\/el-municipio-tomara-en-comodato-las-estaciones-ferroviarias-de-sierra-y-saldungaray\/#primaryimage","url":"https:\/\/www.noticiasradioreflejos.com.ar\/2021\/wp-content\/uploads\/2017\/04\/Sierra-de-la-Ventana.jpg","contentUrl":"https:\/\/www.noticiasradioreflejos.com.ar\/2021\/wp-content\/uploads\/2017\/04\/Sierra-de-la-Ventana.jpg","width":1200,"height":900},{"@type":"BreadcrumbList","@id":"https:\/\/www.noticiasradioreflejos.com.ar\/2021\/el-municipio-tomara-en-comodato-las-estaciones-ferroviarias-de-sierra-y-saldungaray\/#breadcrumb","itemListElement":[{"@type":"ListItem","position":1,"name":"Portada","item":"https:\/\/www.noticiasradioreflejos.com.ar\/2021\/"},{"@type":"ListItem","position":2,"name":"El municipio tomar\u00e1 en comodato las estaciones ferroviarias de Sierra y Saldungaray."}]},{"@type":"WebSite","@id":"https:\/\/www.noticiasradioreflejos.com.ar\/2021\/#website","url":"https:\/\/www.noticiasradioreflejos.com.ar\/2021\/","name":"Noticias Radio Reflejos","description":"Las noticias de mi comarca","potentialAction":[{"@type":"SearchAction","target":{"@type":"EntryPoint","urlTemplate":"https:\/\/www.noticiasradioreflejos.com.ar\/2021\/?s={search_term_string}"},"query-input":{"@type":"PropertyValueSpecification","valueRequired":true,"valueName":"search_term_string"}}],"inLanguage":"es"},{"@type":"Person","@id":"https:\/\/www.noticiasradioreflejos.com.ar\/2021\/#\/schema\/person\/ad82545263dcc5ec0996818884fd5fb1","name":"Arnaldo Botto","image":{"@type":"ImageObject","inLanguage":"es","@id":"https:\/\/www.noticiasradioreflejos.com.ar\/2021\/#\/schema\/person\/image\/","url":"https:\/\/secure.gravatar.com\/avatar\/55cb5e37c1efa326397366e6974cb338056df65cb50e7d64d1cf314e87504837?s=96&d=mm&r=g","contentUrl":"https:\/\/secure.gravatar.com\/avatar\/55cb5e37c1efa326397366e6974cb338056df65cb50e7d64d1cf314e87504837?s=96&d=mm&r=g","caption":"Arnaldo Botto"},"url":"https:\/\/www.noticiasradioreflejos.com.ar\/2021\/author\/arnaldo\/"}]}},"_links":{"self":[{"href":"https:\/\/www.noticiasradioreflejos.com.ar\/2021\/wp-json\/wp\/v2\/posts\/18713","targetHints":{"allow":["GET"]}}],"collection":[{"href":"https:\/\/www.noticiasradioreflejos.com.ar\/2021\/wp-json\/wp\/v2\/posts"}],"about":[{"href":"https:\/\/www.noticiasradioreflejos.com.ar\/2021\/wp-json\/wp\/v2\/types\/post"}],"author":[{"embeddable":true,"href":"https:\/\/www.noticiasradioreflejos.com.ar\/2021\/wp-json\/wp\/v2\/users\/3"}],"replies":[{"embeddable":true,"href":"https:\/\/www.noticiasradioreflejos.com.ar\/2021\/wp-json\/wp\/v2\/comments?post=18713"}],"version-history":[{"count":0,"href":"https:\/\/www.noticiasradioreflejos.com.ar\/2021\/wp-json\/wp\/v2\/posts\/18713\/revisions"}],"wp:featuredmedia":[{"embeddable":true,"href":"https:\/\/www.noticiasradioreflejos.com.ar\/2021\/wp-json\/wp\/v2\/media\/9552"}],"wp:attachment":[{"href":"https:\/\/www.noticiasradioreflejos.com.ar\/2021\/wp-json\/wp\/v2\/media?parent=18713"}],"wp:term":[{"taxonomy":"category","embeddable":true,"href":"https:\/\/www.noticiasradioreflejos.com.ar\/2021\/wp-json\/wp\/v2\/categories?post=18713"},{"taxonomy":"post_tag","embeddable":true,"href":"https:\/\/www.noticiasradioreflejos.com.ar\/2021\/wp-json\/wp\/v2\/tags?post=18713"}],"curies":[{"name":"wp","href":"https:\/\/api.w.org\/{rel}","templated":true}]}}