{"id":18708,"date":"2018-02-09T22:01:03","date_gmt":"2018-02-10T01:01:03","guid":{"rendered":"http:\/\/www.noticiasradioreflejos.com.ar\/noticias\/?p=18708"},"modified":"2018-02-09T22:01:03","modified_gmt":"2018-02-10T01:01:03","slug":"acuerdo-para-evitar-incendio-a-causa-de-los-trenes","status":"publish","type":"post","link":"https:\/\/www.noticiasradioreflejos.com.ar\/2021\/acuerdo-para-evitar-incendio-a-causa-de-los-trenes\/","title":{"rendered":"Acuerdo para evitar incendio a causa de los trenes."},"content":{"rendered":"<p>Gestiones realizadas por el intendente Sergio Bordoni y los mandatarios de Coronel Su\u00e1rez y Coronel Pringles, hicieron posible que, en la ma\u00f1ana de hoy, viernes 9, se llevara adelante una reuni\u00f3n con representantes de la empresa Ferrosur Roca S.A.<!--more--><br \/>\nEl encuentro se desarroll\u00f3 en Sierra de la Ventana, y tuvo como objetivo abordar y dar soluci\u00f3n a la problem\u00e1tica causada por las formaciones: los constantes incendios provocados por el paso del ferrocarril.<br \/>\nEl intendente municipal Sergio Bordoni junto al Director de Asuntos Legales, Dr. Andr\u00e9s Buschi mantuvieron una reuni\u00f3n con el Director General de Ferrosur, Gustavo Romera; el Gerente de Operaciones, Federico Held y el Gerente de Excelencia Operacional, Edelberto Herrera, representantes de la empresa Ferrosur Roca S.A.<br \/>\nDe la reuni\u00f3n surgieron las siguientes acciones a desarrollar por la empresa:<br \/>\n\u00b7 Desmalezar limpiar la zona de las v\u00edas;<br \/>\n\u00b7 Revisar y ajustar la frecuencia del veh\u00edculo de apoyo, y brindar m\u00e1s equipamiento para evitar la formaci\u00f3n y propagaci\u00f3n de incendios;<br \/>\n\u00b7 Las formaciones circular\u00e1n con locomotoras con arrestallamas, zapatas antifricci\u00f3n y toda medida tendiente a evitar incendios;<br \/>\n\u00b7 Proveer de equipos de comunicaci\u00f3n a los cuarteles de bomberos de Saldungaray, Sierra de la Ventana y Coronel Pringles;<br \/>\n\u00b7 Relevamiento en la zona de v\u00edas comprendidas en los partidos de Tornquist, Coronel Suarez y Coronel Pringles. Del mismo participar\u00e1 personal designado por bomberos voluntarios, municipio y empresa.<br \/>\nParticiparon del encuentro Roberto Palacios, intendente de Coronel Su\u00e1rez; Lisandro Matzkin, intendente interino de Coronel Pringles, funcionarios municipales de los distritos participantes, la diputada provincial Laura Aprile, y Patricio Smith, Betiana Dure y Dami\u00e1n Berri, representantes de la Subsecretar\u00eda de Trasporte Ferroviario de la Naci\u00f3n.<br \/>\n<a href=\"http:\/\/farm5.staticflickr.com\/4747\/40176717551_ec09f79e55_z.jpg\" title=\"acuerdo para evitar incendios4\" rel=\"\"><img loading=\"lazy\" decoding=\"async\" src=\"http:\/\/farm5.staticflickr.com\/4747\/40176717551_ec09f79e55_z.jpg\" width=\"640\" height=\"423\" alt=\"acuerdo para evitar incendios4\" title=\"acuerdo para evitar incendios4\" class=\"aligncenter\"><\/a><br \/>\n<a href=\"http:\/\/farm5.staticflickr.com\/4668\/39278242355_5bfe435a1e_z.jpg\" title=\"acuerdo para evitar incendios3\" rel=\"\"><img loading=\"lazy\" decoding=\"async\" src=\"http:\/\/farm5.staticflickr.com\/4668\/39278242355_5bfe435a1e_z.jpg\" width=\"640\" height=\"413\" alt=\"acuerdo para evitar incendios3\" title=\"acuerdo para evitar incendios3\" class=\"aligncenter\"><\/a><br \/>\n<a href=\"http:\/\/farm5.staticflickr.com\/4766\/25304836247_5dacbb2896_z.jpg\" title=\"acuerdo para evitar incendios2\" rel=\"\"><img loading=\"lazy\" decoding=\"async\" src=\"http:\/\/farm5.staticflickr.com\/4766\/25304836247_5dacbb2896_z.jpg\" width=\"640\" height=\"413\" alt=\"acuerdo para evitar incendios2\" title=\"acuerdo para evitar incendios2\" class=\"aligncenter\"><\/a><\/p>\n","protected":false},"excerpt":{"rendered":"<p>Gestiones realizadas por el intendente Sergio Bordoni y los mandatarios de Coronel Su\u00e1rez y Coronel Pringles, hicieron posible que, en la ma\u00f1ana de hoy, viernes 9, se llevara adelante una reuni\u00f3n con representantes de la empresa Ferrosur Roca S.A.<\/p>\n","protected":false},"author":3,"featured_media":0,"comment_status":"closed","ping_status":"open","sticky":false,"template":"","format":"standard","meta":{"footnotes":""},"categories":[24],"tags":[],"class_list":["post-18708","post","type-post","status-publish","format-standard","hentry","category-politica"],"yoast_head":"<!-- This site is optimized with the Yoast SEO plugin v25.9 - https:\/\/yoast.com\/wordpress\/plugins\/seo\/ -->\n<title>Acuerdo para evitar incendio a causa de los trenes. - Noticias Radio Reflejos<\/title>\n<meta name=\"robots\" content=\"index, follow, max-snippet:-1, max-image-preview:large, max-video-preview:-1\" \/>\n<link rel=\"canonical\" href=\"https:\/\/www.noticiasradioreflejos.com.ar\/2021\/acuerdo-para-evitar-incendio-a-causa-de-los-trenes\/\" \/>\n<meta property=\"og:locale\" content=\"es_ES\" \/>\n<meta property=\"og:type\" content=\"article\" \/>\n<meta property=\"og:title\" content=\"Acuerdo para evitar incendio a causa de los trenes. - Noticias Radio Reflejos\" \/>\n<meta property=\"og:description\" content=\"Gestiones realizadas por el intendente Sergio Bordoni y los mandatarios de Coronel Su\u00e1rez y Coronel Pringles, hicieron posible que, en la ma\u00f1ana de hoy, viernes 9, se llevara adelante una reuni\u00f3n con representantes de la empresa Ferrosur Roca S.A.\" \/>\n<meta property=\"og:url\" content=\"https:\/\/www.noticiasradioreflejos.com.ar\/2021\/acuerdo-para-evitar-incendio-a-causa-de-los-trenes\/\" \/>\n<meta property=\"og:site_name\" content=\"Noticias Radio Reflejos\" \/>\n<meta property=\"article:published_time\" content=\"2018-02-10T01:01:03+00:00\" \/>\n<meta property=\"og:image\" content=\"http:\/\/farm5.staticflickr.com\/4747\/40176717551_ec09f79e55_z.jpg\" \/>\n<meta name=\"author\" content=\"Arnaldo Botto\" \/>\n<meta name=\"twitter:card\" content=\"summary_large_image\" \/>\n<script type=\"application\/ld+json\" class=\"yoast-schema-graph\">{\"@context\":\"https:\/\/schema.org\",\"@graph\":[{\"@type\":\"WebPage\",\"@id\":\"https:\/\/www.noticiasradioreflejos.com.ar\/2021\/acuerdo-para-evitar-incendio-a-causa-de-los-trenes\/\",\"url\":\"https:\/\/www.noticiasradioreflejos.com.ar\/2021\/acuerdo-para-evitar-incendio-a-causa-de-los-trenes\/\",\"name\":\"Acuerdo para evitar incendio a causa de los trenes. - Noticias Radio Reflejos\",\"isPartOf\":{\"@id\":\"https:\/\/www.noticiasradioreflejos.com.ar\/2021\/#website\"},\"primaryImageOfPage\":{\"@id\":\"https:\/\/www.noticiasradioreflejos.com.ar\/2021\/acuerdo-para-evitar-incendio-a-causa-de-los-trenes\/#primaryimage\"},\"image\":{\"@id\":\"https:\/\/www.noticiasradioreflejos.com.ar\/2021\/acuerdo-para-evitar-incendio-a-causa-de-los-trenes\/#primaryimage\"},\"thumbnailUrl\":\"http:\/\/farm5.staticflickr.com\/4747\/40176717551_ec09f79e55_z.jpg\",\"datePublished\":\"2018-02-10T01:01:03+00:00\",\"author\":{\"@id\":\"https:\/\/www.noticiasradioreflejos.com.ar\/2021\/#\/schema\/person\/ad82545263dcc5ec0996818884fd5fb1\"},\"breadcrumb\":{\"@id\":\"https:\/\/www.noticiasradioreflejos.com.ar\/2021\/acuerdo-para-evitar-incendio-a-causa-de-los-trenes\/#breadcrumb\"},\"inLanguage\":\"es\",\"potentialAction\":[{\"@type\":\"ReadAction\",\"target\":[\"https:\/\/www.noticiasradioreflejos.com.ar\/2021\/acuerdo-para-evitar-incendio-a-causa-de-los-trenes\/\"]}]},{\"@type\":\"ImageObject\",\"inLanguage\":\"es\",\"@id\":\"https:\/\/www.noticiasradioreflejos.com.ar\/2021\/acuerdo-para-evitar-incendio-a-causa-de-los-trenes\/#primaryimage\",\"url\":\"http:\/\/farm5.staticflickr.com\/4747\/40176717551_ec09f79e55_z.jpg\",\"contentUrl\":\"http:\/\/farm5.staticflickr.com\/4747\/40176717551_ec09f79e55_z.jpg\"},{\"@type\":\"BreadcrumbList\",\"@id\":\"https:\/\/www.noticiasradioreflejos.com.ar\/2021\/acuerdo-para-evitar-incendio-a-causa-de-los-trenes\/#breadcrumb\",\"itemListElement\":[{\"@type\":\"ListItem\",\"position\":1,\"name\":\"Portada\",\"item\":\"https:\/\/www.noticiasradioreflejos.com.ar\/2021\/\"},{\"@type\":\"ListItem\",\"position\":2,\"name\":\"Acuerdo para evitar incendio a causa de los trenes.\"}]},{\"@type\":\"WebSite\",\"@id\":\"https:\/\/www.noticiasradioreflejos.com.ar\/2021\/#website\",\"url\":\"https:\/\/www.noticiasradioreflejos.com.ar\/2021\/\",\"name\":\"Noticias Radio Reflejos\",\"description\":\"Las noticias de mi comarca\",\"potentialAction\":[{\"@type\":\"SearchAction\",\"target\":{\"@type\":\"EntryPoint\",\"urlTemplate\":\"https:\/\/www.noticiasradioreflejos.com.ar\/2021\/?s={search_term_string}\"},\"query-input\":{\"@type\":\"PropertyValueSpecification\",\"valueRequired\":true,\"valueName\":\"search_term_string\"}}],\"inLanguage\":\"es\"},{\"@type\":\"Person\",\"@id\":\"https:\/\/www.noticiasradioreflejos.com.ar\/2021\/#\/schema\/person\/ad82545263dcc5ec0996818884fd5fb1\",\"name\":\"Arnaldo Botto\",\"image\":{\"@type\":\"ImageObject\",\"inLanguage\":\"es\",\"@id\":\"https:\/\/www.noticiasradioreflejos.com.ar\/2021\/#\/schema\/person\/image\/\",\"url\":\"https:\/\/secure.gravatar.com\/avatar\/55cb5e37c1efa326397366e6974cb338056df65cb50e7d64d1cf314e87504837?s=96&d=mm&r=g\",\"contentUrl\":\"https:\/\/secure.gravatar.com\/avatar\/55cb5e37c1efa326397366e6974cb338056df65cb50e7d64d1cf314e87504837?s=96&d=mm&r=g\",\"caption\":\"Arnaldo Botto\"},\"url\":\"https:\/\/www.noticiasradioreflejos.com.ar\/2021\/author\/arnaldo\/\"}]}<\/script>\n<!-- \/ Yoast SEO plugin. -->","yoast_head_json":{"title":"Acuerdo para evitar incendio a causa de los trenes. - Noticias Radio Reflejos","robots":{"index":"index","follow":"follow","max-snippet":"max-snippet:-1","max-image-preview":"max-image-preview:large","max-video-preview":"max-video-preview:-1"},"canonical":"https:\/\/www.noticiasradioreflejos.com.ar\/2021\/acuerdo-para-evitar-incendio-a-causa-de-los-trenes\/","og_locale":"es_ES","og_type":"article","og_title":"Acuerdo para evitar incendio a causa de los trenes. - Noticias Radio Reflejos","og_description":"Gestiones realizadas por el intendente Sergio Bordoni y los mandatarios de Coronel Su\u00e1rez y Coronel Pringles, hicieron posible que, en la ma\u00f1ana de hoy, viernes 9, se llevara adelante una reuni\u00f3n con representantes de la empresa Ferrosur Roca S.A.","og_url":"https:\/\/www.noticiasradioreflejos.com.ar\/2021\/acuerdo-para-evitar-incendio-a-causa-de-los-trenes\/","og_site_name":"Noticias Radio Reflejos","article_published_time":"2018-02-10T01:01:03+00:00","og_image":[{"url":"http:\/\/farm5.staticflickr.com\/4747\/40176717551_ec09f79e55_z.jpg","type":"","width":"","height":""}],"author":"Arnaldo Botto","twitter_card":"summary_large_image","schema":{"@context":"https:\/\/schema.org","@graph":[{"@type":"WebPage","@id":"https:\/\/www.noticiasradioreflejos.com.ar\/2021\/acuerdo-para-evitar-incendio-a-causa-de-los-trenes\/","url":"https:\/\/www.noticiasradioreflejos.com.ar\/2021\/acuerdo-para-evitar-incendio-a-causa-de-los-trenes\/","name":"Acuerdo para evitar incendio a causa de los trenes. - Noticias Radio Reflejos","isPartOf":{"@id":"https:\/\/www.noticiasradioreflejos.com.ar\/2021\/#website"},"primaryImageOfPage":{"@id":"https:\/\/www.noticiasradioreflejos.com.ar\/2021\/acuerdo-para-evitar-incendio-a-causa-de-los-trenes\/#primaryimage"},"image":{"@id":"https:\/\/www.noticiasradioreflejos.com.ar\/2021\/acuerdo-para-evitar-incendio-a-causa-de-los-trenes\/#primaryimage"},"thumbnailUrl":"http:\/\/farm5.staticflickr.com\/4747\/40176717551_ec09f79e55_z.jpg","datePublished":"2018-02-10T01:01:03+00:00","author":{"@id":"https:\/\/www.noticiasradioreflejos.com.ar\/2021\/#\/schema\/person\/ad82545263dcc5ec0996818884fd5fb1"},"breadcrumb":{"@id":"https:\/\/www.noticiasradioreflejos.com.ar\/2021\/acuerdo-para-evitar-incendio-a-causa-de-los-trenes\/#breadcrumb"},"inLanguage":"es","potentialAction":[{"@type":"ReadAction","target":["https:\/\/www.noticiasradioreflejos.com.ar\/2021\/acuerdo-para-evitar-incendio-a-causa-de-los-trenes\/"]}]},{"@type":"ImageObject","inLanguage":"es","@id":"https:\/\/www.noticiasradioreflejos.com.ar\/2021\/acuerdo-para-evitar-incendio-a-causa-de-los-trenes\/#primaryimage","url":"http:\/\/farm5.staticflickr.com\/4747\/40176717551_ec09f79e55_z.jpg","contentUrl":"http:\/\/farm5.staticflickr.com\/4747\/40176717551_ec09f79e55_z.jpg"},{"@type":"BreadcrumbList","@id":"https:\/\/www.noticiasradioreflejos.com.ar\/2021\/acuerdo-para-evitar-incendio-a-causa-de-los-trenes\/#breadcrumb","itemListElement":[{"@type":"ListItem","position":1,"name":"Portada","item":"https:\/\/www.noticiasradioreflejos.com.ar\/2021\/"},{"@type":"ListItem","position":2,"name":"Acuerdo para evitar incendio a causa de los trenes."}]},{"@type":"WebSite","@id":"https:\/\/www.noticiasradioreflejos.com.ar\/2021\/#website","url":"https:\/\/www.noticiasradioreflejos.com.ar\/2021\/","name":"Noticias Radio Reflejos","description":"Las noticias de mi comarca","potentialAction":[{"@type":"SearchAction","target":{"@type":"EntryPoint","urlTemplate":"https:\/\/www.noticiasradioreflejos.com.ar\/2021\/?s={search_term_string}"},"query-input":{"@type":"PropertyValueSpecification","valueRequired":true,"valueName":"search_term_string"}}],"inLanguage":"es"},{"@type":"Person","@id":"https:\/\/www.noticiasradioreflejos.com.ar\/2021\/#\/schema\/person\/ad82545263dcc5ec0996818884fd5fb1","name":"Arnaldo Botto","image":{"@type":"ImageObject","inLanguage":"es","@id":"https:\/\/www.noticiasradioreflejos.com.ar\/2021\/#\/schema\/person\/image\/","url":"https:\/\/secure.gravatar.com\/avatar\/55cb5e37c1efa326397366e6974cb338056df65cb50e7d64d1cf314e87504837?s=96&d=mm&r=g","contentUrl":"https:\/\/secure.gravatar.com\/avatar\/55cb5e37c1efa326397366e6974cb338056df65cb50e7d64d1cf314e87504837?s=96&d=mm&r=g","caption":"Arnaldo Botto"},"url":"https:\/\/www.noticiasradioreflejos.com.ar\/2021\/author\/arnaldo\/"}]}},"_links":{"self":[{"href":"https:\/\/www.noticiasradioreflejos.com.ar\/2021\/wp-json\/wp\/v2\/posts\/18708","targetHints":{"allow":["GET"]}}],"collection":[{"href":"https:\/\/www.noticiasradioreflejos.com.ar\/2021\/wp-json\/wp\/v2\/posts"}],"about":[{"href":"https:\/\/www.noticiasradioreflejos.com.ar\/2021\/wp-json\/wp\/v2\/types\/post"}],"author":[{"embeddable":true,"href":"https:\/\/www.noticiasradioreflejos.com.ar\/2021\/wp-json\/wp\/v2\/users\/3"}],"replies":[{"embeddable":true,"href":"https:\/\/www.noticiasradioreflejos.com.ar\/2021\/wp-json\/wp\/v2\/comments?post=18708"}],"version-history":[{"count":0,"href":"https:\/\/www.noticiasradioreflejos.com.ar\/2021\/wp-json\/wp\/v2\/posts\/18708\/revisions"}],"wp:attachment":[{"href":"https:\/\/www.noticiasradioreflejos.com.ar\/2021\/wp-json\/wp\/v2\/media?parent=18708"}],"wp:term":[{"taxonomy":"category","embeddable":true,"href":"https:\/\/www.noticiasradioreflejos.com.ar\/2021\/wp-json\/wp\/v2\/categories?post=18708"},{"taxonomy":"post_tag","embeddable":true,"href":"https:\/\/www.noticiasradioreflejos.com.ar\/2021\/wp-json\/wp\/v2\/tags?post=18708"}],"curies":[{"name":"wp","href":"https:\/\/api.w.org\/{rel}","templated":true}]}}