{"id":18638,"date":"2018-02-07T23:56:28","date_gmt":"2018-02-08T02:56:28","guid":{"rendered":"http:\/\/www.noticiasradioreflejos.com.ar\/noticias\/?p=18638"},"modified":"2018-02-07T23:56:28","modified_gmt":"2018-02-08T02:56:28","slug":"preocupacion-de-la-asociacion-de-turismo-por-el-cierre-de-una-de-las-principales-vias-de-acceso-a-la-comarca","status":"publish","type":"post","link":"https:\/\/www.noticiasradioreflejos.com.ar\/2021\/preocupacion-de-la-asociacion-de-turismo-por-el-cierre-de-una-de-las-principales-vias-de-acceso-a-la-comarca\/","title":{"rendered":"Preocupaci\u00f3n de la Asociaci\u00f3n de Turismo por el cierre de una de las principales v\u00edas de acceso a la Comarca."},"content":{"rendered":"<p>La Asociaci\u00f3n para el Desarrollo Tur\u00edstico de la Comarca de Sierra de la Ventana manifiesta su preocupaci\u00f3n ante uno de los \u00faltimos decretos que realiz\u00f3 la gobernadora Maria Eugenia Vidal, donde suprime FERROBAIRES.<!--more--><br \/>\nDesde Junio del 2016, pese a los reiterados reclamos de vecinos, organizaciones e instituciones de nuestra regi\u00f3n, el tren de pasajeros se encuentra suspendido, y con esta \u00faltima medida se pone fin a uno de los medios de transporte para nuestros visitantes, medida que afecta directamente a la actividad tur\u00edstica de la Comarca. Sumado a la poca frecuencia y nulas opciones de servicios de micros que llegan a Sierra de la Ventana y localidades cercanas.<br \/>\nTambi\u00e9n deseamos expresar nuestra preocupaci\u00f3n por la p\u00e9rdida de fuentes de trabajo generados por tal decisi\u00f3n.<br \/>\nAsimismo destacamos el compromiso demostrado por los jefes de estaci\u00f3n (Saldungaray y Sierra de la ventana) que han llevado a cabo su labor de manera intachable durante tantos a\u00f1os y nos solidarizamos con ellos, apoyando cualquier medida que ayude a revertir tal atropello.<br \/>\nNos queda como esperanza las gestiones que las autoridades pol\u00edticas de Tornquist y la zona puedan llevar adelante haci\u00e9ndose eco de la preocupaci\u00f3n de los prestadores tur\u00edsitcos y vecinos ante tal situaci\u00f3n que significa un verdadero retroceso para toda la regi\u00f3n.<br \/>\nComisi\u00f3n Directiva<br \/>\nAsociaci\u00f3n para el Desarrollo Tur\u00edstico de la Comarca de Sierra de la Ventana<\/p>\n","protected":false},"excerpt":{"rendered":"<p>La Asociaci\u00f3n para el Desarrollo Tur\u00edstico de la Comarca de Sierra de la Ventana manifiesta su preocupaci\u00f3n ante uno de los \u00faltimos decretos que realiz\u00f3 la gobernadora Maria Eugenia Vidal, donde suprime FERROBAIRES.<\/p>\n","protected":false},"author":3,"featured_media":0,"comment_status":"closed","ping_status":"open","sticky":false,"template":"","format":"standard","meta":{"footnotes":""},"categories":[33],"tags":[],"class_list":["post-18638","post","type-post","status-publish","format-standard","hentry","category-turismo"],"yoast_head":"<!-- This site is optimized with the Yoast SEO plugin v25.9 - https:\/\/yoast.com\/wordpress\/plugins\/seo\/ -->\n<title>Preocupaci\u00f3n de la Asociaci\u00f3n de Turismo por el cierre de una de las principales v\u00edas de acceso a la Comarca. - Noticias Radio Reflejos<\/title>\n<meta name=\"robots\" content=\"index, follow, max-snippet:-1, max-image-preview:large, max-video-preview:-1\" \/>\n<link rel=\"canonical\" href=\"https:\/\/www.noticiasradioreflejos.com.ar\/2021\/preocupacion-de-la-asociacion-de-turismo-por-el-cierre-de-una-de-las-principales-vias-de-acceso-a-la-comarca\/\" \/>\n<meta property=\"og:locale\" content=\"es_ES\" \/>\n<meta property=\"og:type\" content=\"article\" \/>\n<meta property=\"og:title\" content=\"Preocupaci\u00f3n de la Asociaci\u00f3n de Turismo por el cierre de una de las principales v\u00edas de acceso a la Comarca. - Noticias Radio Reflejos\" \/>\n<meta property=\"og:description\" content=\"La Asociaci\u00f3n para el Desarrollo Tur\u00edstico de la Comarca de Sierra de la Ventana manifiesta su preocupaci\u00f3n ante uno de los \u00faltimos decretos que realiz\u00f3 la gobernadora Maria Eugenia Vidal, donde suprime FERROBAIRES.\" \/>\n<meta property=\"og:url\" content=\"https:\/\/www.noticiasradioreflejos.com.ar\/2021\/preocupacion-de-la-asociacion-de-turismo-por-el-cierre-de-una-de-las-principales-vias-de-acceso-a-la-comarca\/\" \/>\n<meta property=\"og:site_name\" content=\"Noticias Radio Reflejos\" \/>\n<meta property=\"article:published_time\" content=\"2018-02-08T02:56:28+00:00\" \/>\n<meta property=\"og:image\" content=\"https:\/\/www.noticiasradioreflejos.com.ar\/2021\/wp-content\/uploads\/2021\/07\/logosol300x200.png\" \/>\n\t<meta property=\"og:image:width\" content=\"300\" \/>\n\t<meta property=\"og:image:height\" content=\"200\" \/>\n\t<meta property=\"og:image:type\" content=\"image\/png\" \/>\n<meta name=\"author\" content=\"Arnaldo Botto\" \/>\n<meta name=\"twitter:card\" content=\"summary_large_image\" \/>\n<script type=\"application\/ld+json\" class=\"yoast-schema-graph\">{\"@context\":\"https:\/\/schema.org\",\"@graph\":[{\"@type\":\"WebPage\",\"@id\":\"https:\/\/www.noticiasradioreflejos.com.ar\/2021\/preocupacion-de-la-asociacion-de-turismo-por-el-cierre-de-una-de-las-principales-vias-de-acceso-a-la-comarca\/\",\"url\":\"https:\/\/www.noticiasradioreflejos.com.ar\/2021\/preocupacion-de-la-asociacion-de-turismo-por-el-cierre-de-una-de-las-principales-vias-de-acceso-a-la-comarca\/\",\"name\":\"Preocupaci\u00f3n de la Asociaci\u00f3n de Turismo por el cierre de una de las principales v\u00edas de acceso a la Comarca. - Noticias Radio Reflejos\",\"isPartOf\":{\"@id\":\"https:\/\/www.noticiasradioreflejos.com.ar\/2021\/#website\"},\"datePublished\":\"2018-02-08T02:56:28+00:00\",\"author\":{\"@id\":\"https:\/\/www.noticiasradioreflejos.com.ar\/2021\/#\/schema\/person\/ad82545263dcc5ec0996818884fd5fb1\"},\"breadcrumb\":{\"@id\":\"https:\/\/www.noticiasradioreflejos.com.ar\/2021\/preocupacion-de-la-asociacion-de-turismo-por-el-cierre-de-una-de-las-principales-vias-de-acceso-a-la-comarca\/#breadcrumb\"},\"inLanguage\":\"es\",\"potentialAction\":[{\"@type\":\"ReadAction\",\"target\":[\"https:\/\/www.noticiasradioreflejos.com.ar\/2021\/preocupacion-de-la-asociacion-de-turismo-por-el-cierre-de-una-de-las-principales-vias-de-acceso-a-la-comarca\/\"]}]},{\"@type\":\"BreadcrumbList\",\"@id\":\"https:\/\/www.noticiasradioreflejos.com.ar\/2021\/preocupacion-de-la-asociacion-de-turismo-por-el-cierre-de-una-de-las-principales-vias-de-acceso-a-la-comarca\/#breadcrumb\",\"itemListElement\":[{\"@type\":\"ListItem\",\"position\":1,\"name\":\"Portada\",\"item\":\"https:\/\/www.noticiasradioreflejos.com.ar\/2021\/\"},{\"@type\":\"ListItem\",\"position\":2,\"name\":\"Preocupaci\u00f3n de la Asociaci\u00f3n de Turismo por el cierre de una de las principales v\u00edas de acceso a la Comarca.\"}]},{\"@type\":\"WebSite\",\"@id\":\"https:\/\/www.noticiasradioreflejos.com.ar\/2021\/#website\",\"url\":\"https:\/\/www.noticiasradioreflejos.com.ar\/2021\/\",\"name\":\"Noticias Radio Reflejos\",\"description\":\"Las noticias de mi comarca\",\"potentialAction\":[{\"@type\":\"SearchAction\",\"target\":{\"@type\":\"EntryPoint\",\"urlTemplate\":\"https:\/\/www.noticiasradioreflejos.com.ar\/2021\/?s={search_term_string}\"},\"query-input\":{\"@type\":\"PropertyValueSpecification\",\"valueRequired\":true,\"valueName\":\"search_term_string\"}}],\"inLanguage\":\"es\"},{\"@type\":\"Person\",\"@id\":\"https:\/\/www.noticiasradioreflejos.com.ar\/2021\/#\/schema\/person\/ad82545263dcc5ec0996818884fd5fb1\",\"name\":\"Arnaldo Botto\",\"image\":{\"@type\":\"ImageObject\",\"inLanguage\":\"es\",\"@id\":\"https:\/\/www.noticiasradioreflejos.com.ar\/2021\/#\/schema\/person\/image\/\",\"url\":\"https:\/\/secure.gravatar.com\/avatar\/55cb5e37c1efa326397366e6974cb338056df65cb50e7d64d1cf314e87504837?s=96&d=mm&r=g\",\"contentUrl\":\"https:\/\/secure.gravatar.com\/avatar\/55cb5e37c1efa326397366e6974cb338056df65cb50e7d64d1cf314e87504837?s=96&d=mm&r=g\",\"caption\":\"Arnaldo Botto\"},\"url\":\"https:\/\/www.noticiasradioreflejos.com.ar\/2021\/author\/arnaldo\/\"}]}<\/script>\n<!-- \/ Yoast SEO plugin. -->","yoast_head_json":{"title":"Preocupaci\u00f3n de la Asociaci\u00f3n de Turismo por el cierre de una de las principales v\u00edas de acceso a la Comarca. - Noticias Radio Reflejos","robots":{"index":"index","follow":"follow","max-snippet":"max-snippet:-1","max-image-preview":"max-image-preview:large","max-video-preview":"max-video-preview:-1"},"canonical":"https:\/\/www.noticiasradioreflejos.com.ar\/2021\/preocupacion-de-la-asociacion-de-turismo-por-el-cierre-de-una-de-las-principales-vias-de-acceso-a-la-comarca\/","og_locale":"es_ES","og_type":"article","og_title":"Preocupaci\u00f3n de la Asociaci\u00f3n de Turismo por el cierre de una de las principales v\u00edas de acceso a la Comarca. - Noticias Radio Reflejos","og_description":"La Asociaci\u00f3n para el Desarrollo Tur\u00edstico de la Comarca de Sierra de la Ventana manifiesta su preocupaci\u00f3n ante uno de los \u00faltimos decretos que realiz\u00f3 la gobernadora Maria Eugenia Vidal, donde suprime FERROBAIRES.","og_url":"https:\/\/www.noticiasradioreflejos.com.ar\/2021\/preocupacion-de-la-asociacion-de-turismo-por-el-cierre-de-una-de-las-principales-vias-de-acceso-a-la-comarca\/","og_site_name":"Noticias Radio Reflejos","article_published_time":"2018-02-08T02:56:28+00:00","og_image":[{"width":300,"height":200,"url":"https:\/\/www.noticiasradioreflejos.com.ar\/2021\/wp-content\/uploads\/2021\/07\/logosol300x200.png","type":"image\/png"}],"author":"Arnaldo Botto","twitter_card":"summary_large_image","schema":{"@context":"https:\/\/schema.org","@graph":[{"@type":"WebPage","@id":"https:\/\/www.noticiasradioreflejos.com.ar\/2021\/preocupacion-de-la-asociacion-de-turismo-por-el-cierre-de-una-de-las-principales-vias-de-acceso-a-la-comarca\/","url":"https:\/\/www.noticiasradioreflejos.com.ar\/2021\/preocupacion-de-la-asociacion-de-turismo-por-el-cierre-de-una-de-las-principales-vias-de-acceso-a-la-comarca\/","name":"Preocupaci\u00f3n de la Asociaci\u00f3n de Turismo por el cierre de una de las principales v\u00edas de acceso a la Comarca. - Noticias Radio Reflejos","isPartOf":{"@id":"https:\/\/www.noticiasradioreflejos.com.ar\/2021\/#website"},"datePublished":"2018-02-08T02:56:28+00:00","author":{"@id":"https:\/\/www.noticiasradioreflejos.com.ar\/2021\/#\/schema\/person\/ad82545263dcc5ec0996818884fd5fb1"},"breadcrumb":{"@id":"https:\/\/www.noticiasradioreflejos.com.ar\/2021\/preocupacion-de-la-asociacion-de-turismo-por-el-cierre-de-una-de-las-principales-vias-de-acceso-a-la-comarca\/#breadcrumb"},"inLanguage":"es","potentialAction":[{"@type":"ReadAction","target":["https:\/\/www.noticiasradioreflejos.com.ar\/2021\/preocupacion-de-la-asociacion-de-turismo-por-el-cierre-de-una-de-las-principales-vias-de-acceso-a-la-comarca\/"]}]},{"@type":"BreadcrumbList","@id":"https:\/\/www.noticiasradioreflejos.com.ar\/2021\/preocupacion-de-la-asociacion-de-turismo-por-el-cierre-de-una-de-las-principales-vias-de-acceso-a-la-comarca\/#breadcrumb","itemListElement":[{"@type":"ListItem","position":1,"name":"Portada","item":"https:\/\/www.noticiasradioreflejos.com.ar\/2021\/"},{"@type":"ListItem","position":2,"name":"Preocupaci\u00f3n de la Asociaci\u00f3n de Turismo por el cierre de una de las principales v\u00edas de acceso a la Comarca."}]},{"@type":"WebSite","@id":"https:\/\/www.noticiasradioreflejos.com.ar\/2021\/#website","url":"https:\/\/www.noticiasradioreflejos.com.ar\/2021\/","name":"Noticias Radio Reflejos","description":"Las noticias de mi comarca","potentialAction":[{"@type":"SearchAction","target":{"@type":"EntryPoint","urlTemplate":"https:\/\/www.noticiasradioreflejos.com.ar\/2021\/?s={search_term_string}"},"query-input":{"@type":"PropertyValueSpecification","valueRequired":true,"valueName":"search_term_string"}}],"inLanguage":"es"},{"@type":"Person","@id":"https:\/\/www.noticiasradioreflejos.com.ar\/2021\/#\/schema\/person\/ad82545263dcc5ec0996818884fd5fb1","name":"Arnaldo Botto","image":{"@type":"ImageObject","inLanguage":"es","@id":"https:\/\/www.noticiasradioreflejos.com.ar\/2021\/#\/schema\/person\/image\/","url":"https:\/\/secure.gravatar.com\/avatar\/55cb5e37c1efa326397366e6974cb338056df65cb50e7d64d1cf314e87504837?s=96&d=mm&r=g","contentUrl":"https:\/\/secure.gravatar.com\/avatar\/55cb5e37c1efa326397366e6974cb338056df65cb50e7d64d1cf314e87504837?s=96&d=mm&r=g","caption":"Arnaldo Botto"},"url":"https:\/\/www.noticiasradioreflejos.com.ar\/2021\/author\/arnaldo\/"}]}},"_links":{"self":[{"href":"https:\/\/www.noticiasradioreflejos.com.ar\/2021\/wp-json\/wp\/v2\/posts\/18638","targetHints":{"allow":["GET"]}}],"collection":[{"href":"https:\/\/www.noticiasradioreflejos.com.ar\/2021\/wp-json\/wp\/v2\/posts"}],"about":[{"href":"https:\/\/www.noticiasradioreflejos.com.ar\/2021\/wp-json\/wp\/v2\/types\/post"}],"author":[{"embeddable":true,"href":"https:\/\/www.noticiasradioreflejos.com.ar\/2021\/wp-json\/wp\/v2\/users\/3"}],"replies":[{"embeddable":true,"href":"https:\/\/www.noticiasradioreflejos.com.ar\/2021\/wp-json\/wp\/v2\/comments?post=18638"}],"version-history":[{"count":0,"href":"https:\/\/www.noticiasradioreflejos.com.ar\/2021\/wp-json\/wp\/v2\/posts\/18638\/revisions"}],"wp:attachment":[{"href":"https:\/\/www.noticiasradioreflejos.com.ar\/2021\/wp-json\/wp\/v2\/media?parent=18638"}],"wp:term":[{"taxonomy":"category","embeddable":true,"href":"https:\/\/www.noticiasradioreflejos.com.ar\/2021\/wp-json\/wp\/v2\/categories?post=18638"},{"taxonomy":"post_tag","embeddable":true,"href":"https:\/\/www.noticiasradioreflejos.com.ar\/2021\/wp-json\/wp\/v2\/tags?post=18638"}],"curies":[{"name":"wp","href":"https:\/\/api.w.org\/{rel}","templated":true}]}}