{"id":18633,"date":"2018-02-07T23:52:03","date_gmt":"2018-02-08T02:52:03","guid":{"rendered":"http:\/\/www.noticiasradioreflejos.com.ar\/noticias\/?p=18633"},"modified":"2018-02-07T23:52:03","modified_gmt":"2018-02-08T02:52:03","slug":"presentacion-al-hcd-proyecto-de-resolucion-restitucion-de-servicio-ferroviario","status":"publish","type":"post","link":"https:\/\/www.noticiasradioreflejos.com.ar\/2021\/presentacion-al-hcd-proyecto-de-resolucion-restitucion-de-servicio-ferroviario\/","title":{"rendered":"Presentaci\u00f3n al HCD proyecto de resoluci\u00f3n restituci\u00f3n de servicio ferroviario."},"content":{"rendered":"<p>En el d\u00eda de ma\u00f1ana los Bloques Frente para la Victoria y Frente Justicialista Cumplir estaremos presentado en el Honorable Concejo Deliberante, un proyecto de Resoluci\u00f3n donde solicitamos al Intendente Municipal que realice las gestiones correspondientes ante las autoridades, para que, hasta tanto se restituya el servicio, las estaciones de Saldungaray y Sierra de la Ventana sean bocas de expendio de Trenes Argentinos; manteniendo as\u00ed las fuentes laborales.<!--more--><br \/>\nComo representantes de la comunidad debemos velar por el mantenimiento de las fuentes de empleo, el resguardo del patrimonio hist\u00f3rico y cultural y la prestaci\u00f3n de servicios.<br \/>\nLEER: <a href=\"https:\/\/es.scribd.com\/document\/371021019\/Proyecto-de-Resolucion\">Proyecto de resoluci\u00f3n <\/a><\/p>\n","protected":false},"excerpt":{"rendered":"<p>En el d\u00eda de ma\u00f1ana los Bloques Frente para la Victoria y Frente Justicialista Cumplir estaremos presentado en el Honorable Concejo Deliberante, un proyecto de Resoluci\u00f3n donde solicitamos al Intendente Municipal que realice las gestiones correspondientes ante las autoridades, para que, hasta tanto se restituya el servicio, las estaciones de Saldungaray y Sierra de la [&hellip;]<\/p>\n","protected":false},"author":3,"featured_media":0,"comment_status":"closed","ping_status":"open","sticky":false,"template":"","format":"standard","meta":{"footnotes":""},"categories":[24],"tags":[],"class_list":["post-18633","post","type-post","status-publish","format-standard","hentry","category-politica"],"yoast_head":"<!-- This site is optimized with the Yoast SEO plugin v25.9 - https:\/\/yoast.com\/wordpress\/plugins\/seo\/ -->\n<title>Presentaci\u00f3n al HCD proyecto de resoluci\u00f3n restituci\u00f3n de servicio ferroviario. - Noticias Radio Reflejos<\/title>\n<meta name=\"robots\" content=\"index, follow, max-snippet:-1, max-image-preview:large, max-video-preview:-1\" \/>\n<link rel=\"canonical\" href=\"https:\/\/www.noticiasradioreflejos.com.ar\/2021\/presentacion-al-hcd-proyecto-de-resolucion-restitucion-de-servicio-ferroviario\/\" \/>\n<meta property=\"og:locale\" content=\"es_ES\" \/>\n<meta property=\"og:type\" content=\"article\" \/>\n<meta property=\"og:title\" content=\"Presentaci\u00f3n al HCD proyecto de resoluci\u00f3n restituci\u00f3n de servicio ferroviario. - Noticias Radio Reflejos\" \/>\n<meta property=\"og:description\" content=\"En el d\u00eda de ma\u00f1ana los Bloques Frente para la Victoria y Frente Justicialista Cumplir estaremos presentado en el Honorable Concejo Deliberante, un proyecto de Resoluci\u00f3n donde solicitamos al Intendente Municipal que realice las gestiones correspondientes ante las autoridades, para que, hasta tanto se restituya el servicio, las estaciones de Saldungaray y Sierra de la [&hellip;]\" \/>\n<meta property=\"og:url\" content=\"https:\/\/www.noticiasradioreflejos.com.ar\/2021\/presentacion-al-hcd-proyecto-de-resolucion-restitucion-de-servicio-ferroviario\/\" \/>\n<meta property=\"og:site_name\" content=\"Noticias Radio Reflejos\" \/>\n<meta property=\"article:published_time\" content=\"2018-02-08T02:52:03+00:00\" \/>\n<meta property=\"og:image\" content=\"https:\/\/www.noticiasradioreflejos.com.ar\/2021\/wp-content\/uploads\/2021\/07\/logosol300x200.png\" \/>\n\t<meta property=\"og:image:width\" content=\"300\" \/>\n\t<meta property=\"og:image:height\" content=\"200\" \/>\n\t<meta property=\"og:image:type\" content=\"image\/png\" \/>\n<meta name=\"author\" content=\"Arnaldo Botto\" \/>\n<meta name=\"twitter:card\" content=\"summary_large_image\" \/>\n<script type=\"application\/ld+json\" class=\"yoast-schema-graph\">{\"@context\":\"https:\/\/schema.org\",\"@graph\":[{\"@type\":\"WebPage\",\"@id\":\"https:\/\/www.noticiasradioreflejos.com.ar\/2021\/presentacion-al-hcd-proyecto-de-resolucion-restitucion-de-servicio-ferroviario\/\",\"url\":\"https:\/\/www.noticiasradioreflejos.com.ar\/2021\/presentacion-al-hcd-proyecto-de-resolucion-restitucion-de-servicio-ferroviario\/\",\"name\":\"Presentaci\u00f3n al HCD proyecto de resoluci\u00f3n restituci\u00f3n de servicio ferroviario. - Noticias Radio Reflejos\",\"isPartOf\":{\"@id\":\"https:\/\/www.noticiasradioreflejos.com.ar\/2021\/#website\"},\"datePublished\":\"2018-02-08T02:52:03+00:00\",\"author\":{\"@id\":\"https:\/\/www.noticiasradioreflejos.com.ar\/2021\/#\/schema\/person\/ad82545263dcc5ec0996818884fd5fb1\"},\"breadcrumb\":{\"@id\":\"https:\/\/www.noticiasradioreflejos.com.ar\/2021\/presentacion-al-hcd-proyecto-de-resolucion-restitucion-de-servicio-ferroviario\/#breadcrumb\"},\"inLanguage\":\"es\",\"potentialAction\":[{\"@type\":\"ReadAction\",\"target\":[\"https:\/\/www.noticiasradioreflejos.com.ar\/2021\/presentacion-al-hcd-proyecto-de-resolucion-restitucion-de-servicio-ferroviario\/\"]}]},{\"@type\":\"BreadcrumbList\",\"@id\":\"https:\/\/www.noticiasradioreflejos.com.ar\/2021\/presentacion-al-hcd-proyecto-de-resolucion-restitucion-de-servicio-ferroviario\/#breadcrumb\",\"itemListElement\":[{\"@type\":\"ListItem\",\"position\":1,\"name\":\"Portada\",\"item\":\"https:\/\/www.noticiasradioreflejos.com.ar\/2021\/\"},{\"@type\":\"ListItem\",\"position\":2,\"name\":\"Presentaci\u00f3n al HCD proyecto de resoluci\u00f3n restituci\u00f3n de servicio ferroviario.\"}]},{\"@type\":\"WebSite\",\"@id\":\"https:\/\/www.noticiasradioreflejos.com.ar\/2021\/#website\",\"url\":\"https:\/\/www.noticiasradioreflejos.com.ar\/2021\/\",\"name\":\"Noticias Radio Reflejos\",\"description\":\"Las noticias de mi comarca\",\"potentialAction\":[{\"@type\":\"SearchAction\",\"target\":{\"@type\":\"EntryPoint\",\"urlTemplate\":\"https:\/\/www.noticiasradioreflejos.com.ar\/2021\/?s={search_term_string}\"},\"query-input\":{\"@type\":\"PropertyValueSpecification\",\"valueRequired\":true,\"valueName\":\"search_term_string\"}}],\"inLanguage\":\"es\"},{\"@type\":\"Person\",\"@id\":\"https:\/\/www.noticiasradioreflejos.com.ar\/2021\/#\/schema\/person\/ad82545263dcc5ec0996818884fd5fb1\",\"name\":\"Arnaldo Botto\",\"image\":{\"@type\":\"ImageObject\",\"inLanguage\":\"es\",\"@id\":\"https:\/\/www.noticiasradioreflejos.com.ar\/2021\/#\/schema\/person\/image\/\",\"url\":\"https:\/\/secure.gravatar.com\/avatar\/55cb5e37c1efa326397366e6974cb338056df65cb50e7d64d1cf314e87504837?s=96&d=mm&r=g\",\"contentUrl\":\"https:\/\/secure.gravatar.com\/avatar\/55cb5e37c1efa326397366e6974cb338056df65cb50e7d64d1cf314e87504837?s=96&d=mm&r=g\",\"caption\":\"Arnaldo Botto\"},\"url\":\"https:\/\/www.noticiasradioreflejos.com.ar\/2021\/author\/arnaldo\/\"}]}<\/script>\n<!-- \/ Yoast SEO plugin. -->","yoast_head_json":{"title":"Presentaci\u00f3n al HCD proyecto de resoluci\u00f3n restituci\u00f3n de servicio ferroviario. - Noticias Radio Reflejos","robots":{"index":"index","follow":"follow","max-snippet":"max-snippet:-1","max-image-preview":"max-image-preview:large","max-video-preview":"max-video-preview:-1"},"canonical":"https:\/\/www.noticiasradioreflejos.com.ar\/2021\/presentacion-al-hcd-proyecto-de-resolucion-restitucion-de-servicio-ferroviario\/","og_locale":"es_ES","og_type":"article","og_title":"Presentaci\u00f3n al HCD proyecto de resoluci\u00f3n restituci\u00f3n de servicio ferroviario. - Noticias Radio Reflejos","og_description":"En el d\u00eda de ma\u00f1ana los Bloques Frente para la Victoria y Frente Justicialista Cumplir estaremos presentado en el Honorable Concejo Deliberante, un proyecto de Resoluci\u00f3n donde solicitamos al Intendente Municipal que realice las gestiones correspondientes ante las autoridades, para que, hasta tanto se restituya el servicio, las estaciones de Saldungaray y Sierra de la [&hellip;]","og_url":"https:\/\/www.noticiasradioreflejos.com.ar\/2021\/presentacion-al-hcd-proyecto-de-resolucion-restitucion-de-servicio-ferroviario\/","og_site_name":"Noticias Radio Reflejos","article_published_time":"2018-02-08T02:52:03+00:00","og_image":[{"width":300,"height":200,"url":"https:\/\/www.noticiasradioreflejos.com.ar\/2021\/wp-content\/uploads\/2021\/07\/logosol300x200.png","type":"image\/png"}],"author":"Arnaldo Botto","twitter_card":"summary_large_image","schema":{"@context":"https:\/\/schema.org","@graph":[{"@type":"WebPage","@id":"https:\/\/www.noticiasradioreflejos.com.ar\/2021\/presentacion-al-hcd-proyecto-de-resolucion-restitucion-de-servicio-ferroviario\/","url":"https:\/\/www.noticiasradioreflejos.com.ar\/2021\/presentacion-al-hcd-proyecto-de-resolucion-restitucion-de-servicio-ferroviario\/","name":"Presentaci\u00f3n al HCD proyecto de resoluci\u00f3n restituci\u00f3n de servicio ferroviario. - Noticias Radio Reflejos","isPartOf":{"@id":"https:\/\/www.noticiasradioreflejos.com.ar\/2021\/#website"},"datePublished":"2018-02-08T02:52:03+00:00","author":{"@id":"https:\/\/www.noticiasradioreflejos.com.ar\/2021\/#\/schema\/person\/ad82545263dcc5ec0996818884fd5fb1"},"breadcrumb":{"@id":"https:\/\/www.noticiasradioreflejos.com.ar\/2021\/presentacion-al-hcd-proyecto-de-resolucion-restitucion-de-servicio-ferroviario\/#breadcrumb"},"inLanguage":"es","potentialAction":[{"@type":"ReadAction","target":["https:\/\/www.noticiasradioreflejos.com.ar\/2021\/presentacion-al-hcd-proyecto-de-resolucion-restitucion-de-servicio-ferroviario\/"]}]},{"@type":"BreadcrumbList","@id":"https:\/\/www.noticiasradioreflejos.com.ar\/2021\/presentacion-al-hcd-proyecto-de-resolucion-restitucion-de-servicio-ferroviario\/#breadcrumb","itemListElement":[{"@type":"ListItem","position":1,"name":"Portada","item":"https:\/\/www.noticiasradioreflejos.com.ar\/2021\/"},{"@type":"ListItem","position":2,"name":"Presentaci\u00f3n al HCD proyecto de resoluci\u00f3n restituci\u00f3n de servicio ferroviario."}]},{"@type":"WebSite","@id":"https:\/\/www.noticiasradioreflejos.com.ar\/2021\/#website","url":"https:\/\/www.noticiasradioreflejos.com.ar\/2021\/","name":"Noticias Radio Reflejos","description":"Las noticias de mi comarca","potentialAction":[{"@type":"SearchAction","target":{"@type":"EntryPoint","urlTemplate":"https:\/\/www.noticiasradioreflejos.com.ar\/2021\/?s={search_term_string}"},"query-input":{"@type":"PropertyValueSpecification","valueRequired":true,"valueName":"search_term_string"}}],"inLanguage":"es"},{"@type":"Person","@id":"https:\/\/www.noticiasradioreflejos.com.ar\/2021\/#\/schema\/person\/ad82545263dcc5ec0996818884fd5fb1","name":"Arnaldo Botto","image":{"@type":"ImageObject","inLanguage":"es","@id":"https:\/\/www.noticiasradioreflejos.com.ar\/2021\/#\/schema\/person\/image\/","url":"https:\/\/secure.gravatar.com\/avatar\/55cb5e37c1efa326397366e6974cb338056df65cb50e7d64d1cf314e87504837?s=96&d=mm&r=g","contentUrl":"https:\/\/secure.gravatar.com\/avatar\/55cb5e37c1efa326397366e6974cb338056df65cb50e7d64d1cf314e87504837?s=96&d=mm&r=g","caption":"Arnaldo Botto"},"url":"https:\/\/www.noticiasradioreflejos.com.ar\/2021\/author\/arnaldo\/"}]}},"_links":{"self":[{"href":"https:\/\/www.noticiasradioreflejos.com.ar\/2021\/wp-json\/wp\/v2\/posts\/18633","targetHints":{"allow":["GET"]}}],"collection":[{"href":"https:\/\/www.noticiasradioreflejos.com.ar\/2021\/wp-json\/wp\/v2\/posts"}],"about":[{"href":"https:\/\/www.noticiasradioreflejos.com.ar\/2021\/wp-json\/wp\/v2\/types\/post"}],"author":[{"embeddable":true,"href":"https:\/\/www.noticiasradioreflejos.com.ar\/2021\/wp-json\/wp\/v2\/users\/3"}],"replies":[{"embeddable":true,"href":"https:\/\/www.noticiasradioreflejos.com.ar\/2021\/wp-json\/wp\/v2\/comments?post=18633"}],"version-history":[{"count":0,"href":"https:\/\/www.noticiasradioreflejos.com.ar\/2021\/wp-json\/wp\/v2\/posts\/18633\/revisions"}],"wp:attachment":[{"href":"https:\/\/www.noticiasradioreflejos.com.ar\/2021\/wp-json\/wp\/v2\/media?parent=18633"}],"wp:term":[{"taxonomy":"category","embeddable":true,"href":"https:\/\/www.noticiasradioreflejos.com.ar\/2021\/wp-json\/wp\/v2\/categories?post=18633"},{"taxonomy":"post_tag","embeddable":true,"href":"https:\/\/www.noticiasradioreflejos.com.ar\/2021\/wp-json\/wp\/v2\/tags?post=18633"}],"curies":[{"name":"wp","href":"https:\/\/api.w.org\/{rel}","templated":true}]}}