{"id":18631,"date":"2018-02-07T23:44:27","date_gmt":"2018-02-08T02:44:27","guid":{"rendered":"http:\/\/www.noticiasradioreflejos.com.ar\/noticias\/?p=18631"},"modified":"2018-02-07T23:44:27","modified_gmt":"2018-02-08T02:44:27","slug":"carta-sobre-el-cierre-de-la-estacion-ferroviaria-de-sdlv-carlos-miguel-dana","status":"publish","type":"post","link":"https:\/\/www.noticiasradioreflejos.com.ar\/2021\/carta-sobre-el-cierre-de-la-estacion-ferroviaria-de-sdlv-carlos-miguel-dana\/","title":{"rendered":"Carta sobre el cierre de la Estaci\u00f3n Ferroviaria de SDLV. Carlos Miguel Dana"},"content":{"rendered":"<p>No nos sorprende para nada la decisi\u00f3n del Gobierno provincial de pasar a la \u00f3rbita del Estado Nacional Ferrobaires. Es parte de un plan de aniquilamiento, desguace y achique del Estado bonaerense, poco significante en n\u00fameros reales, pero sumamente perjudicial para la familia ferroviaria que desde los a\u00f1os 90 viene resistiendo los embates de los distintos gobiernos.<!--more--><br \/>\nMari\u00fa lo hizo.<br \/>\nPero ahora con fecha l\u00edmite 15 de marzo debemos como comunidad organizarnos para impedir el saqueo (hormiga o no) que seguramente querr\u00e1n hacer del Museo construido, mantenido y admirado por el Se\u00f1or Jefe de Estaci\u00f3n de Sierra de la Ventana Marcelo Fabi\u00e1n Garc\u00eda.<br \/>\nSituaci\u00f3n similar la de la Estaci\u00f3n Ferroviaria de Saldungaray.<br \/>\nEstemos atentos, brindemos nuestro apoyo al Jefe de Estaci\u00f3n y cuidemos el patrimonio que \u00e9l supo muy bien atesorar porque si a\u00fan no lo saben, nuestra Estaci\u00f3n de Sierra de la Ventana es patrimonio Hist\u00f3rico y Cultural declarado en 2015 por la Honorable C\u00e1mara de Diputados.<br \/>\nNuestra propuesta como Frente Renovador es que las instalaciones de la Estaci\u00f3n junto al museo ferroviario sean justamente eso, un Museo abierto a todo p\u00fablico, un atractivo tur\u00edstico m\u00e1s que muchos a\u00fan no han visitado.<br \/>\nA los integrantes de la Asociaci\u00f3n de la Trochita, a los vecinos que acumulan historia de Sierra de la Ventana, \u00e9ste es el momento para actuar y tener el Museo por el que tantos han luchado.<br \/>\nNo dejemos que cierren la Estaci\u00f3n ni que se lleven los bienes que son parte de la historia ferroviaria del Pueblo.<br \/>\nY a Marcelo Fabi\u00e1n Garc\u00eda s\u00f3lo palabras de agradecimiento. Como hijo de ferroviario, mi padre fue much\u00edsimos a\u00f1os m\u00e9dico del Hospital Ferroviario de Jun\u00edn, estamos orgullosos de la tarea que ha llevado adelante.<br \/>\nGracias.<br \/>\nCARLOS MIGUEL DANA<br \/>\nFR TORNQUIST<\/p>\n","protected":false},"excerpt":{"rendered":"<p>No nos sorprende para nada la decisi\u00f3n del Gobierno provincial de pasar a la \u00f3rbita del Estado Nacional Ferrobaires. Es parte de un plan de aniquilamiento, desguace y achique del Estado bonaerense, poco significante en n\u00fameros reales, pero sumamente perjudicial para la familia ferroviaria que desde los a\u00f1os 90 viene resistiendo los embates de los [&hellip;]<\/p>\n","protected":false},"author":3,"featured_media":0,"comment_status":"closed","ping_status":"open","sticky":false,"template":"","format":"standard","meta":{"footnotes":""},"categories":[26],"tags":[],"class_list":["post-18631","post","type-post","status-publish","format-standard","hentry","category-sociedad"],"yoast_head":"<!-- This site is optimized with the Yoast SEO plugin v25.9 - https:\/\/yoast.com\/wordpress\/plugins\/seo\/ -->\n<title>Carta sobre el cierre de la Estaci\u00f3n Ferroviaria de SDLV. Carlos Miguel Dana - Noticias Radio Reflejos<\/title>\n<meta name=\"robots\" content=\"index, follow, max-snippet:-1, max-image-preview:large, max-video-preview:-1\" \/>\n<link rel=\"canonical\" href=\"https:\/\/www.noticiasradioreflejos.com.ar\/2021\/carta-sobre-el-cierre-de-la-estacion-ferroviaria-de-sdlv-carlos-miguel-dana\/\" \/>\n<meta property=\"og:locale\" content=\"es_ES\" \/>\n<meta property=\"og:type\" content=\"article\" \/>\n<meta property=\"og:title\" content=\"Carta sobre el cierre de la Estaci\u00f3n Ferroviaria de SDLV. Carlos Miguel Dana - Noticias Radio Reflejos\" \/>\n<meta property=\"og:description\" content=\"No nos sorprende para nada la decisi\u00f3n del Gobierno provincial de pasar a la \u00f3rbita del Estado Nacional Ferrobaires. Es parte de un plan de aniquilamiento, desguace y achique del Estado bonaerense, poco significante en n\u00fameros reales, pero sumamente perjudicial para la familia ferroviaria que desde los a\u00f1os 90 viene resistiendo los embates de los [&hellip;]\" \/>\n<meta property=\"og:url\" content=\"https:\/\/www.noticiasradioreflejos.com.ar\/2021\/carta-sobre-el-cierre-de-la-estacion-ferroviaria-de-sdlv-carlos-miguel-dana\/\" \/>\n<meta property=\"og:site_name\" content=\"Noticias Radio Reflejos\" \/>\n<meta property=\"article:published_time\" content=\"2018-02-08T02:44:27+00:00\" \/>\n<meta property=\"og:image\" content=\"https:\/\/www.noticiasradioreflejos.com.ar\/2021\/wp-content\/uploads\/2021\/07\/logosol300x200.png\" \/>\n\t<meta property=\"og:image:width\" content=\"300\" \/>\n\t<meta property=\"og:image:height\" content=\"200\" \/>\n\t<meta property=\"og:image:type\" content=\"image\/png\" \/>\n<meta name=\"author\" content=\"Arnaldo Botto\" \/>\n<meta name=\"twitter:card\" content=\"summary_large_image\" \/>\n<script type=\"application\/ld+json\" class=\"yoast-schema-graph\">{\"@context\":\"https:\/\/schema.org\",\"@graph\":[{\"@type\":\"WebPage\",\"@id\":\"https:\/\/www.noticiasradioreflejos.com.ar\/2021\/carta-sobre-el-cierre-de-la-estacion-ferroviaria-de-sdlv-carlos-miguel-dana\/\",\"url\":\"https:\/\/www.noticiasradioreflejos.com.ar\/2021\/carta-sobre-el-cierre-de-la-estacion-ferroviaria-de-sdlv-carlos-miguel-dana\/\",\"name\":\"Carta sobre el cierre de la Estaci\u00f3n Ferroviaria de SDLV. Carlos Miguel Dana - Noticias Radio Reflejos\",\"isPartOf\":{\"@id\":\"https:\/\/www.noticiasradioreflejos.com.ar\/2021\/#website\"},\"datePublished\":\"2018-02-08T02:44:27+00:00\",\"author\":{\"@id\":\"https:\/\/www.noticiasradioreflejos.com.ar\/2021\/#\/schema\/person\/ad82545263dcc5ec0996818884fd5fb1\"},\"breadcrumb\":{\"@id\":\"https:\/\/www.noticiasradioreflejos.com.ar\/2021\/carta-sobre-el-cierre-de-la-estacion-ferroviaria-de-sdlv-carlos-miguel-dana\/#breadcrumb\"},\"inLanguage\":\"es\",\"potentialAction\":[{\"@type\":\"ReadAction\",\"target\":[\"https:\/\/www.noticiasradioreflejos.com.ar\/2021\/carta-sobre-el-cierre-de-la-estacion-ferroviaria-de-sdlv-carlos-miguel-dana\/\"]}]},{\"@type\":\"BreadcrumbList\",\"@id\":\"https:\/\/www.noticiasradioreflejos.com.ar\/2021\/carta-sobre-el-cierre-de-la-estacion-ferroviaria-de-sdlv-carlos-miguel-dana\/#breadcrumb\",\"itemListElement\":[{\"@type\":\"ListItem\",\"position\":1,\"name\":\"Portada\",\"item\":\"https:\/\/www.noticiasradioreflejos.com.ar\/2021\/\"},{\"@type\":\"ListItem\",\"position\":2,\"name\":\"Carta sobre el cierre de la Estaci\u00f3n Ferroviaria de SDLV. Carlos Miguel Dana\"}]},{\"@type\":\"WebSite\",\"@id\":\"https:\/\/www.noticiasradioreflejos.com.ar\/2021\/#website\",\"url\":\"https:\/\/www.noticiasradioreflejos.com.ar\/2021\/\",\"name\":\"Noticias Radio Reflejos\",\"description\":\"Las noticias de mi comarca\",\"potentialAction\":[{\"@type\":\"SearchAction\",\"target\":{\"@type\":\"EntryPoint\",\"urlTemplate\":\"https:\/\/www.noticiasradioreflejos.com.ar\/2021\/?s={search_term_string}\"},\"query-input\":{\"@type\":\"PropertyValueSpecification\",\"valueRequired\":true,\"valueName\":\"search_term_string\"}}],\"inLanguage\":\"es\"},{\"@type\":\"Person\",\"@id\":\"https:\/\/www.noticiasradioreflejos.com.ar\/2021\/#\/schema\/person\/ad82545263dcc5ec0996818884fd5fb1\",\"name\":\"Arnaldo Botto\",\"image\":{\"@type\":\"ImageObject\",\"inLanguage\":\"es\",\"@id\":\"https:\/\/www.noticiasradioreflejos.com.ar\/2021\/#\/schema\/person\/image\/\",\"url\":\"https:\/\/secure.gravatar.com\/avatar\/55cb5e37c1efa326397366e6974cb338056df65cb50e7d64d1cf314e87504837?s=96&d=mm&r=g\",\"contentUrl\":\"https:\/\/secure.gravatar.com\/avatar\/55cb5e37c1efa326397366e6974cb338056df65cb50e7d64d1cf314e87504837?s=96&d=mm&r=g\",\"caption\":\"Arnaldo Botto\"},\"url\":\"https:\/\/www.noticiasradioreflejos.com.ar\/2021\/author\/arnaldo\/\"}]}<\/script>\n<!-- \/ Yoast SEO plugin. -->","yoast_head_json":{"title":"Carta sobre el cierre de la Estaci\u00f3n Ferroviaria de SDLV. Carlos Miguel Dana - Noticias Radio Reflejos","robots":{"index":"index","follow":"follow","max-snippet":"max-snippet:-1","max-image-preview":"max-image-preview:large","max-video-preview":"max-video-preview:-1"},"canonical":"https:\/\/www.noticiasradioreflejos.com.ar\/2021\/carta-sobre-el-cierre-de-la-estacion-ferroviaria-de-sdlv-carlos-miguel-dana\/","og_locale":"es_ES","og_type":"article","og_title":"Carta sobre el cierre de la Estaci\u00f3n Ferroviaria de SDLV. Carlos Miguel Dana - Noticias Radio Reflejos","og_description":"No nos sorprende para nada la decisi\u00f3n del Gobierno provincial de pasar a la \u00f3rbita del Estado Nacional Ferrobaires. Es parte de un plan de aniquilamiento, desguace y achique del Estado bonaerense, poco significante en n\u00fameros reales, pero sumamente perjudicial para la familia ferroviaria que desde los a\u00f1os 90 viene resistiendo los embates de los [&hellip;]","og_url":"https:\/\/www.noticiasradioreflejos.com.ar\/2021\/carta-sobre-el-cierre-de-la-estacion-ferroviaria-de-sdlv-carlos-miguel-dana\/","og_site_name":"Noticias Radio Reflejos","article_published_time":"2018-02-08T02:44:27+00:00","og_image":[{"width":300,"height":200,"url":"https:\/\/www.noticiasradioreflejos.com.ar\/2021\/wp-content\/uploads\/2021\/07\/logosol300x200.png","type":"image\/png"}],"author":"Arnaldo Botto","twitter_card":"summary_large_image","schema":{"@context":"https:\/\/schema.org","@graph":[{"@type":"WebPage","@id":"https:\/\/www.noticiasradioreflejos.com.ar\/2021\/carta-sobre-el-cierre-de-la-estacion-ferroviaria-de-sdlv-carlos-miguel-dana\/","url":"https:\/\/www.noticiasradioreflejos.com.ar\/2021\/carta-sobre-el-cierre-de-la-estacion-ferroviaria-de-sdlv-carlos-miguel-dana\/","name":"Carta sobre el cierre de la Estaci\u00f3n Ferroviaria de SDLV. Carlos Miguel Dana - Noticias Radio Reflejos","isPartOf":{"@id":"https:\/\/www.noticiasradioreflejos.com.ar\/2021\/#website"},"datePublished":"2018-02-08T02:44:27+00:00","author":{"@id":"https:\/\/www.noticiasradioreflejos.com.ar\/2021\/#\/schema\/person\/ad82545263dcc5ec0996818884fd5fb1"},"breadcrumb":{"@id":"https:\/\/www.noticiasradioreflejos.com.ar\/2021\/carta-sobre-el-cierre-de-la-estacion-ferroviaria-de-sdlv-carlos-miguel-dana\/#breadcrumb"},"inLanguage":"es","potentialAction":[{"@type":"ReadAction","target":["https:\/\/www.noticiasradioreflejos.com.ar\/2021\/carta-sobre-el-cierre-de-la-estacion-ferroviaria-de-sdlv-carlos-miguel-dana\/"]}]},{"@type":"BreadcrumbList","@id":"https:\/\/www.noticiasradioreflejos.com.ar\/2021\/carta-sobre-el-cierre-de-la-estacion-ferroviaria-de-sdlv-carlos-miguel-dana\/#breadcrumb","itemListElement":[{"@type":"ListItem","position":1,"name":"Portada","item":"https:\/\/www.noticiasradioreflejos.com.ar\/2021\/"},{"@type":"ListItem","position":2,"name":"Carta sobre el cierre de la Estaci\u00f3n Ferroviaria de SDLV. Carlos Miguel Dana"}]},{"@type":"WebSite","@id":"https:\/\/www.noticiasradioreflejos.com.ar\/2021\/#website","url":"https:\/\/www.noticiasradioreflejos.com.ar\/2021\/","name":"Noticias Radio Reflejos","description":"Las noticias de mi comarca","potentialAction":[{"@type":"SearchAction","target":{"@type":"EntryPoint","urlTemplate":"https:\/\/www.noticiasradioreflejos.com.ar\/2021\/?s={search_term_string}"},"query-input":{"@type":"PropertyValueSpecification","valueRequired":true,"valueName":"search_term_string"}}],"inLanguage":"es"},{"@type":"Person","@id":"https:\/\/www.noticiasradioreflejos.com.ar\/2021\/#\/schema\/person\/ad82545263dcc5ec0996818884fd5fb1","name":"Arnaldo Botto","image":{"@type":"ImageObject","inLanguage":"es","@id":"https:\/\/www.noticiasradioreflejos.com.ar\/2021\/#\/schema\/person\/image\/","url":"https:\/\/secure.gravatar.com\/avatar\/55cb5e37c1efa326397366e6974cb338056df65cb50e7d64d1cf314e87504837?s=96&d=mm&r=g","contentUrl":"https:\/\/secure.gravatar.com\/avatar\/55cb5e37c1efa326397366e6974cb338056df65cb50e7d64d1cf314e87504837?s=96&d=mm&r=g","caption":"Arnaldo Botto"},"url":"https:\/\/www.noticiasradioreflejos.com.ar\/2021\/author\/arnaldo\/"}]}},"_links":{"self":[{"href":"https:\/\/www.noticiasradioreflejos.com.ar\/2021\/wp-json\/wp\/v2\/posts\/18631","targetHints":{"allow":["GET"]}}],"collection":[{"href":"https:\/\/www.noticiasradioreflejos.com.ar\/2021\/wp-json\/wp\/v2\/posts"}],"about":[{"href":"https:\/\/www.noticiasradioreflejos.com.ar\/2021\/wp-json\/wp\/v2\/types\/post"}],"author":[{"embeddable":true,"href":"https:\/\/www.noticiasradioreflejos.com.ar\/2021\/wp-json\/wp\/v2\/users\/3"}],"replies":[{"embeddable":true,"href":"https:\/\/www.noticiasradioreflejos.com.ar\/2021\/wp-json\/wp\/v2\/comments?post=18631"}],"version-history":[{"count":0,"href":"https:\/\/www.noticiasradioreflejos.com.ar\/2021\/wp-json\/wp\/v2\/posts\/18631\/revisions"}],"wp:attachment":[{"href":"https:\/\/www.noticiasradioreflejos.com.ar\/2021\/wp-json\/wp\/v2\/media?parent=18631"}],"wp:term":[{"taxonomy":"category","embeddable":true,"href":"https:\/\/www.noticiasradioreflejos.com.ar\/2021\/wp-json\/wp\/v2\/categories?post=18631"},{"taxonomy":"post_tag","embeddable":true,"href":"https:\/\/www.noticiasradioreflejos.com.ar\/2021\/wp-json\/wp\/v2\/tags?post=18631"}],"curies":[{"name":"wp","href":"https:\/\/api.w.org\/{rel}","templated":true}]}}