{"id":18606,"date":"2018-02-07T19:44:04","date_gmt":"2018-02-07T22:44:04","guid":{"rendered":"http:\/\/www.noticiasradioreflejos.com.ar\/noticias\/?p=18606"},"modified":"2018-02-07T19:44:04","modified_gmt":"2018-02-07T22:44:04","slug":"hoy-y-manana-conciertos-en-ymcapolis","status":"publish","type":"post","link":"https:\/\/www.noticiasradioreflejos.com.ar\/2021\/hoy-y-manana-conciertos-en-ymcapolis\/","title":{"rendered":"Hoy y ma\u00f1ana conciertos en Ymcapolis."},"content":{"rendered":"<p>Diego Gurisatti, docente y concertista junto a Omar Cyrulnik, desde hace 13 a\u00f1os concurren a Sierra de la Ventana, para desarrollar Seminarios Escuela de M\u00fasica.<br \/>\nEste mi\u00e9rcoles 7 a las 22,30 hs en el SUM y ma\u00f1ana dentro del Campamento de Ymcapolis.<!--more--><br \/>\n\u00abMuy contentos este es un seminario que se viene haciendo en Ymcapolis, hace 13 a\u00f1os primero empez\u00f3 solo de guitarra, empezamos Omar y yo, entre nosotros dos, despu\u00e9s a los 5 a\u00f1os incorporamos flauta y canto, que son los instrumentos que pueden acoplarse bien a la guitarra, y al a\u00f1o siguiente vino el chelo, y despu\u00e9s vino el viol\u00edn, este a\u00f1o contamos con el profesor de viol\u00edn, es un muchacho de 27 a\u00f1os que es oriundo de Bah\u00eda Blanca, que se llama Xavier Inchausti, esta ah\u00ed dando clases con nosotros, y hoy va a tocar a la noche, son m\u00fasicos de una destacada categor\u00eda, en el seminario se dan clases de estos instrumentos, con gente muy joven y otra no tanto, por la ma\u00f1ana y por la tarde se dan clases de m\u00fasica de cama, que es m\u00fasica en conjunto, y el jueves va a ser el concierto de los alumnos, a las 18:30hs , el concierto de ma\u00f1ana suele ser en la naturaleza, si llueve de cualquier manera se hace en un lugar cerrado, lo que le proponemos a la gente es que de cualquier manera se lleve su reposera, su colchoneta, para disfrutar del concierto, no se si sera en el ca\u00f1adon, pero si s\u00e9 que sera al aire libre, terminara antes de que se haga de noche, te resumo entonces, hoy mi\u00e9rcoles 22:30 en el zoom de Ymcapolis, la entrada es libre y gratuita, hoy es el concierto de profes, y ma\u00f1ana 18:30 el concierto de los alumnos al aire libre, y bueno esperamos que vengan, y que puedan disfrutar tanto como nosotros\u00bb, Expres\u00f3 Diego.<br \/>\nCont\u00f3 que actualmente tienen 20 alumnos, y que hay una alumna que asisti\u00f3 a los 13 seminarios, y que los alumnos lo repiten porque es una experiencia realmente m\u00e1gica, mas all\u00e1 del concierto que es una cosa \u00fanica que solo se puede dar aqu\u00ed en Sierra de la Ventana, y que de hecho Ymcapolis esa semana hace 13 a\u00f1os la llama como \u00abla semana de la m\u00fasica\u00bb que se combina con un ciclo de conciertos que hay en Monte Hermoso.<br \/>\nTambi\u00e9n reconoci\u00f3 que trabajan mucho a pulm\u00f3n y que en alg\u00fan momento han hecho conciertos en la calle, y han en entrado a supermercados con el viol\u00edn, entregan volantes y hacen esas manifestaciones art\u00edsticas, la cual es una experiencia para los alumnos, el tema es irrumpir en la tranquilidad de un supermercado y llamar la atenci\u00f3n, cuenta que la gente se sorprende y no saben bien que pasa, se le entregan folletos y ah\u00ed salen contentos y mas tranquilos.<br \/>\nSe despidi\u00f3 finalmente agradeciendo la invitaci\u00f3n a nuestro programa e invitando a todos a asistir a estos bellos eventos.<br \/>\n<iframe loading=\"lazy\" src=\"https:\/\/w.soundcloud.com\/player\/?url=https%3A\/\/api.soundcloud.com\/tracks\/395858826&amp;color=%23ff5500&amp;auto_play=false&amp;hide_related=false&amp;show_comments=true&amp;show_user=true&amp;show_reposts=false&amp;show_teaser=true\" width=\"100%\" height=\"166\" frameborder=\"no\" scrolling=\"no\"><\/iframe><\/p>\n","protected":false},"excerpt":{"rendered":"<p>Diego Gurisatti, docente y concertista junto a Omar Cyrulnik, desde hace 13 a\u00f1os concurren a Sierra de la Ventana, para desarrollar Seminarios Escuela de M\u00fasica. Este mi\u00e9rcoles 7 a las 22,30 hs en el SUM y ma\u00f1ana dentro del Campamento de Ymcapolis.<\/p>\n","protected":false},"author":3,"featured_media":0,"comment_status":"closed","ping_status":"open","sticky":false,"template":"","format":"standard","meta":{"footnotes":""},"categories":[35],"tags":[],"class_list":["post-18606","post","type-post","status-publish","format-standard","hentry","category-cultura"],"yoast_head":"<!-- This site is optimized with the Yoast SEO plugin v25.9 - https:\/\/yoast.com\/wordpress\/plugins\/seo\/ -->\n<title>Hoy y ma\u00f1ana conciertos en Ymcapolis. - Noticias Radio Reflejos<\/title>\n<meta name=\"robots\" content=\"index, follow, max-snippet:-1, max-image-preview:large, max-video-preview:-1\" \/>\n<link rel=\"canonical\" href=\"https:\/\/www.noticiasradioreflejos.com.ar\/2021\/hoy-y-manana-conciertos-en-ymcapolis\/\" \/>\n<meta property=\"og:locale\" content=\"es_ES\" \/>\n<meta property=\"og:type\" content=\"article\" \/>\n<meta property=\"og:title\" content=\"Hoy y ma\u00f1ana conciertos en Ymcapolis. - Noticias Radio Reflejos\" \/>\n<meta property=\"og:description\" content=\"Diego Gurisatti, docente y concertista junto a Omar Cyrulnik, desde hace 13 a\u00f1os concurren a Sierra de la Ventana, para desarrollar Seminarios Escuela de M\u00fasica. Este mi\u00e9rcoles 7 a las 22,30 hs en el SUM y ma\u00f1ana dentro del Campamento de Ymcapolis.\" \/>\n<meta property=\"og:url\" content=\"https:\/\/www.noticiasradioreflejos.com.ar\/2021\/hoy-y-manana-conciertos-en-ymcapolis\/\" \/>\n<meta property=\"og:site_name\" content=\"Noticias Radio Reflejos\" \/>\n<meta property=\"article:published_time\" content=\"2018-02-07T22:44:04+00:00\" \/>\n<meta property=\"og:image\" content=\"https:\/\/www.noticiasradioreflejos.com.ar\/2021\/wp-content\/uploads\/2021\/07\/logosol300x200.png\" \/>\n\t<meta property=\"og:image:width\" content=\"300\" \/>\n\t<meta property=\"og:image:height\" content=\"200\" \/>\n\t<meta property=\"og:image:type\" content=\"image\/png\" \/>\n<meta name=\"author\" content=\"Arnaldo Botto\" \/>\n<meta name=\"twitter:card\" content=\"summary_large_image\" \/>\n<script type=\"application\/ld+json\" class=\"yoast-schema-graph\">{\"@context\":\"https:\/\/schema.org\",\"@graph\":[{\"@type\":\"WebPage\",\"@id\":\"https:\/\/www.noticiasradioreflejos.com.ar\/2021\/hoy-y-manana-conciertos-en-ymcapolis\/\",\"url\":\"https:\/\/www.noticiasradioreflejos.com.ar\/2021\/hoy-y-manana-conciertos-en-ymcapolis\/\",\"name\":\"Hoy y ma\u00f1ana conciertos en Ymcapolis. - Noticias Radio Reflejos\",\"isPartOf\":{\"@id\":\"https:\/\/www.noticiasradioreflejos.com.ar\/2021\/#website\"},\"datePublished\":\"2018-02-07T22:44:04+00:00\",\"author\":{\"@id\":\"https:\/\/www.noticiasradioreflejos.com.ar\/2021\/#\/schema\/person\/ad82545263dcc5ec0996818884fd5fb1\"},\"breadcrumb\":{\"@id\":\"https:\/\/www.noticiasradioreflejos.com.ar\/2021\/hoy-y-manana-conciertos-en-ymcapolis\/#breadcrumb\"},\"inLanguage\":\"es\",\"potentialAction\":[{\"@type\":\"ReadAction\",\"target\":[\"https:\/\/www.noticiasradioreflejos.com.ar\/2021\/hoy-y-manana-conciertos-en-ymcapolis\/\"]}]},{\"@type\":\"BreadcrumbList\",\"@id\":\"https:\/\/www.noticiasradioreflejos.com.ar\/2021\/hoy-y-manana-conciertos-en-ymcapolis\/#breadcrumb\",\"itemListElement\":[{\"@type\":\"ListItem\",\"position\":1,\"name\":\"Portada\",\"item\":\"https:\/\/www.noticiasradioreflejos.com.ar\/2021\/\"},{\"@type\":\"ListItem\",\"position\":2,\"name\":\"Hoy y ma\u00f1ana conciertos en Ymcapolis.\"}]},{\"@type\":\"WebSite\",\"@id\":\"https:\/\/www.noticiasradioreflejos.com.ar\/2021\/#website\",\"url\":\"https:\/\/www.noticiasradioreflejos.com.ar\/2021\/\",\"name\":\"Noticias Radio Reflejos\",\"description\":\"Las noticias de mi comarca\",\"potentialAction\":[{\"@type\":\"SearchAction\",\"target\":{\"@type\":\"EntryPoint\",\"urlTemplate\":\"https:\/\/www.noticiasradioreflejos.com.ar\/2021\/?s={search_term_string}\"},\"query-input\":{\"@type\":\"PropertyValueSpecification\",\"valueRequired\":true,\"valueName\":\"search_term_string\"}}],\"inLanguage\":\"es\"},{\"@type\":\"Person\",\"@id\":\"https:\/\/www.noticiasradioreflejos.com.ar\/2021\/#\/schema\/person\/ad82545263dcc5ec0996818884fd5fb1\",\"name\":\"Arnaldo Botto\",\"image\":{\"@type\":\"ImageObject\",\"inLanguage\":\"es\",\"@id\":\"https:\/\/www.noticiasradioreflejos.com.ar\/2021\/#\/schema\/person\/image\/\",\"url\":\"https:\/\/secure.gravatar.com\/avatar\/55cb5e37c1efa326397366e6974cb338056df65cb50e7d64d1cf314e87504837?s=96&d=mm&r=g\",\"contentUrl\":\"https:\/\/secure.gravatar.com\/avatar\/55cb5e37c1efa326397366e6974cb338056df65cb50e7d64d1cf314e87504837?s=96&d=mm&r=g\",\"caption\":\"Arnaldo Botto\"},\"url\":\"https:\/\/www.noticiasradioreflejos.com.ar\/2021\/author\/arnaldo\/\"}]}<\/script>\n<!-- \/ Yoast SEO plugin. -->","yoast_head_json":{"title":"Hoy y ma\u00f1ana conciertos en Ymcapolis. - Noticias Radio Reflejos","robots":{"index":"index","follow":"follow","max-snippet":"max-snippet:-1","max-image-preview":"max-image-preview:large","max-video-preview":"max-video-preview:-1"},"canonical":"https:\/\/www.noticiasradioreflejos.com.ar\/2021\/hoy-y-manana-conciertos-en-ymcapolis\/","og_locale":"es_ES","og_type":"article","og_title":"Hoy y ma\u00f1ana conciertos en Ymcapolis. - Noticias Radio Reflejos","og_description":"Diego Gurisatti, docente y concertista junto a Omar Cyrulnik, desde hace 13 a\u00f1os concurren a Sierra de la Ventana, para desarrollar Seminarios Escuela de M\u00fasica. Este mi\u00e9rcoles 7 a las 22,30 hs en el SUM y ma\u00f1ana dentro del Campamento de Ymcapolis.","og_url":"https:\/\/www.noticiasradioreflejos.com.ar\/2021\/hoy-y-manana-conciertos-en-ymcapolis\/","og_site_name":"Noticias Radio Reflejos","article_published_time":"2018-02-07T22:44:04+00:00","og_image":[{"width":300,"height":200,"url":"https:\/\/www.noticiasradioreflejos.com.ar\/2021\/wp-content\/uploads\/2021\/07\/logosol300x200.png","type":"image\/png"}],"author":"Arnaldo Botto","twitter_card":"summary_large_image","schema":{"@context":"https:\/\/schema.org","@graph":[{"@type":"WebPage","@id":"https:\/\/www.noticiasradioreflejos.com.ar\/2021\/hoy-y-manana-conciertos-en-ymcapolis\/","url":"https:\/\/www.noticiasradioreflejos.com.ar\/2021\/hoy-y-manana-conciertos-en-ymcapolis\/","name":"Hoy y ma\u00f1ana conciertos en Ymcapolis. - Noticias Radio Reflejos","isPartOf":{"@id":"https:\/\/www.noticiasradioreflejos.com.ar\/2021\/#website"},"datePublished":"2018-02-07T22:44:04+00:00","author":{"@id":"https:\/\/www.noticiasradioreflejos.com.ar\/2021\/#\/schema\/person\/ad82545263dcc5ec0996818884fd5fb1"},"breadcrumb":{"@id":"https:\/\/www.noticiasradioreflejos.com.ar\/2021\/hoy-y-manana-conciertos-en-ymcapolis\/#breadcrumb"},"inLanguage":"es","potentialAction":[{"@type":"ReadAction","target":["https:\/\/www.noticiasradioreflejos.com.ar\/2021\/hoy-y-manana-conciertos-en-ymcapolis\/"]}]},{"@type":"BreadcrumbList","@id":"https:\/\/www.noticiasradioreflejos.com.ar\/2021\/hoy-y-manana-conciertos-en-ymcapolis\/#breadcrumb","itemListElement":[{"@type":"ListItem","position":1,"name":"Portada","item":"https:\/\/www.noticiasradioreflejos.com.ar\/2021\/"},{"@type":"ListItem","position":2,"name":"Hoy y ma\u00f1ana conciertos en Ymcapolis."}]},{"@type":"WebSite","@id":"https:\/\/www.noticiasradioreflejos.com.ar\/2021\/#website","url":"https:\/\/www.noticiasradioreflejos.com.ar\/2021\/","name":"Noticias Radio Reflejos","description":"Las noticias de mi comarca","potentialAction":[{"@type":"SearchAction","target":{"@type":"EntryPoint","urlTemplate":"https:\/\/www.noticiasradioreflejos.com.ar\/2021\/?s={search_term_string}"},"query-input":{"@type":"PropertyValueSpecification","valueRequired":true,"valueName":"search_term_string"}}],"inLanguage":"es"},{"@type":"Person","@id":"https:\/\/www.noticiasradioreflejos.com.ar\/2021\/#\/schema\/person\/ad82545263dcc5ec0996818884fd5fb1","name":"Arnaldo Botto","image":{"@type":"ImageObject","inLanguage":"es","@id":"https:\/\/www.noticiasradioreflejos.com.ar\/2021\/#\/schema\/person\/image\/","url":"https:\/\/secure.gravatar.com\/avatar\/55cb5e37c1efa326397366e6974cb338056df65cb50e7d64d1cf314e87504837?s=96&d=mm&r=g","contentUrl":"https:\/\/secure.gravatar.com\/avatar\/55cb5e37c1efa326397366e6974cb338056df65cb50e7d64d1cf314e87504837?s=96&d=mm&r=g","caption":"Arnaldo Botto"},"url":"https:\/\/www.noticiasradioreflejos.com.ar\/2021\/author\/arnaldo\/"}]}},"_links":{"self":[{"href":"https:\/\/www.noticiasradioreflejos.com.ar\/2021\/wp-json\/wp\/v2\/posts\/18606","targetHints":{"allow":["GET"]}}],"collection":[{"href":"https:\/\/www.noticiasradioreflejos.com.ar\/2021\/wp-json\/wp\/v2\/posts"}],"about":[{"href":"https:\/\/www.noticiasradioreflejos.com.ar\/2021\/wp-json\/wp\/v2\/types\/post"}],"author":[{"embeddable":true,"href":"https:\/\/www.noticiasradioreflejos.com.ar\/2021\/wp-json\/wp\/v2\/users\/3"}],"replies":[{"embeddable":true,"href":"https:\/\/www.noticiasradioreflejos.com.ar\/2021\/wp-json\/wp\/v2\/comments?post=18606"}],"version-history":[{"count":0,"href":"https:\/\/www.noticiasradioreflejos.com.ar\/2021\/wp-json\/wp\/v2\/posts\/18606\/revisions"}],"wp:attachment":[{"href":"https:\/\/www.noticiasradioreflejos.com.ar\/2021\/wp-json\/wp\/v2\/media?parent=18606"}],"wp:term":[{"taxonomy":"category","embeddable":true,"href":"https:\/\/www.noticiasradioreflejos.com.ar\/2021\/wp-json\/wp\/v2\/categories?post=18606"},{"taxonomy":"post_tag","embeddable":true,"href":"https:\/\/www.noticiasradioreflejos.com.ar\/2021\/wp-json\/wp\/v2\/tags?post=18606"}],"curies":[{"name":"wp","href":"https:\/\/api.w.org\/{rel}","templated":true}]}}