{"id":18500,"date":"2018-02-03T14:17:08","date_gmt":"2018-02-03T17:17:08","guid":{"rendered":"http:\/\/www.noticiasradioreflejos.com.ar\/noticias\/?p=18500"},"modified":"2018-02-03T14:17:08","modified_gmt":"2018-02-03T17:17:08","slug":"incendios-apoyo-de-la-provincia-al-municipio-de-tornquist","status":"publish","type":"post","link":"https:\/\/www.noticiasradioreflejos.com.ar\/2021\/incendios-apoyo-de-la-provincia-al-municipio-de-tornquist\/","title":{"rendered":"Incendios: Apoyo de la Provincia  al Municipio de Tornquist"},"content":{"rendered":"<p>El Ministro de Agroindustria de la Provincia de Buenos Aires, Leonardo Sarqu\u00eds, lleg\u00f3 hoy a Tornquist donde recorri\u00f3 la zona donde se registran incendios junto a parte del equipo de Defensa Civil y del \u00e1rea de Emergencia y Medio Ambiente de la cartera. Estuvo acompa\u00f1ado por el Intendente Sergio Bordoni.<!--more--><br \/>\n\u201cHasta el momento hay unas 20 mil hect\u00e1reas afectadas. Vinimos en persona a transmitir el apoyo de la Gobernadora Mar\u00eda Eugenia Vidal y todo su equipo de gobierno y a seguir coordinando acciones para lograr controlar el fuego\u201d, se\u00f1al\u00f3 Sarqu\u00eds.<br \/>\n\u201cHablamos con las autoridades nacionales de Ferrocarriles para que instrumenten acciones para evitar  p\u00e9rdidas de gasoil de los trenes que generan chispas ya que enseguida prenden los pastizales que est\u00e1n muy secos\u201d, inform\u00f3.<br \/>\nEl intendente agradeci\u00f3 los aportes de los Ministerios de Desarrollo Social (agua y leche en polvo, entre otras cosas) y del Ministerio de Seguridad de la Provincia, que envi\u00f3 helic\u00f3pteros y aviones hidrantes.<br \/>\nEl intendente tranquiliz\u00f3 a los turistas que quieren veranear en Tornquist al se\u00f1alar que la zona del incendio \u201cno va en direcci\u00f3n a Sierra y Villa Ventana\u201d.<br \/>\nContin\u00faan trabajando m\u00e1s de 200 bomberos de Bah\u00eda Blanca, Monte Hermoso, Cabildo, Coronel Su\u00e1rez, Coronel Pringles, Punta Alta, Tornquist, Sierra de la Ventana y Saldungaray.<br \/>\n<a href=\"http:\/\/farm5.staticflickr.com\/4669\/40029659542_ae621ef95c_z.jpg\" title=\"WhatsApp Image 2018-02-03 at 14.00.28\" rel=\"\"><img loading=\"lazy\" decoding=\"async\" src=\"http:\/\/farm5.staticflickr.com\/4669\/40029659542_ae621ef95c_z.jpg\" width=\"640\" height=\"431\" alt=\"WhatsApp Image 2018-02-03 at 14.00.28\" title=\"WhatsApp Image 2018-02-03 at 14.00.28\" class=\"aligncenter\"><\/a><br \/>\nLas rutas de acceso a la ciudades de Tornquist y Sierra de la Ventana en este momento se encuentran habilitadas y la circulaci\u00f3n es normal. Se esperan precipitaciones a partir del martes pr\u00f3ximo.<br \/>\n\u201cDestacamos las medidas de prevenci\u00f3n que han llevado a cabo los productores que hicieron los cortafuegos y pudieron prevenir los incendios de mejor manera. Vamos a seguir desarrollando las capacitaciones en toda la Provincia\u201d, asegur\u00f3 Sarqu\u00eds.<br \/>\n\u201cEstamos trabajando a destajo todos los equipos de la Provincia y los municipios para enfrentar estos fen\u00f3menos meteorol\u00f3gicos y cambios clim\u00e1ticos\u201d, destac\u00f3 el Ministro de Agroindustria, quien se interioriz\u00f3 sobre la evoluci\u00f3n de los bomberos heridos combatiendo las llamas.<br \/>\nEl Director de Defensa Civil, Luciano Timerman, se\u00f1al\u00f3 que los equipos de emergencia de la Provincia trabajan en la planificaci\u00f3n, la r\u00e1pida respuesta y la coordinaci\u00f3n con todos los entes (Naci\u00f3n, Provincia, Municipios, Bomberos voluntarios).<\/p>\n","protected":false},"excerpt":{"rendered":"<p>El Ministro de Agroindustria de la Provincia de Buenos Aires, Leonardo Sarqu\u00eds, lleg\u00f3 hoy a Tornquist donde recorri\u00f3 la zona donde se registran incendios junto a parte del equipo de Defensa Civil y del \u00e1rea de Emergencia y Medio Ambiente de la cartera. Estuvo acompa\u00f1ado por el Intendente Sergio Bordoni.<\/p>\n","protected":false},"author":3,"featured_media":0,"comment_status":"closed","ping_status":"open","sticky":false,"template":"","format":"standard","meta":{"footnotes":""},"categories":[24],"tags":[],"class_list":["post-18500","post","type-post","status-publish","format-standard","hentry","category-politica"],"yoast_head":"<!-- This site is optimized with the Yoast SEO plugin v25.9 - https:\/\/yoast.com\/wordpress\/plugins\/seo\/ -->\n<title>Incendios: Apoyo de la Provincia al Municipio de Tornquist - Noticias Radio Reflejos<\/title>\n<meta name=\"robots\" content=\"index, follow, max-snippet:-1, max-image-preview:large, max-video-preview:-1\" \/>\n<link rel=\"canonical\" href=\"https:\/\/www.noticiasradioreflejos.com.ar\/2021\/incendios-apoyo-de-la-provincia-al-municipio-de-tornquist\/\" \/>\n<meta property=\"og:locale\" content=\"es_ES\" \/>\n<meta property=\"og:type\" content=\"article\" \/>\n<meta property=\"og:title\" content=\"Incendios: Apoyo de la Provincia al Municipio de Tornquist - Noticias Radio Reflejos\" \/>\n<meta property=\"og:description\" content=\"El Ministro de Agroindustria de la Provincia de Buenos Aires, Leonardo Sarqu\u00eds, lleg\u00f3 hoy a Tornquist donde recorri\u00f3 la zona donde se registran incendios junto a parte del equipo de Defensa Civil y del \u00e1rea de Emergencia y Medio Ambiente de la cartera. Estuvo acompa\u00f1ado por el Intendente Sergio Bordoni.\" \/>\n<meta property=\"og:url\" content=\"https:\/\/www.noticiasradioreflejos.com.ar\/2021\/incendios-apoyo-de-la-provincia-al-municipio-de-tornquist\/\" \/>\n<meta property=\"og:site_name\" content=\"Noticias Radio Reflejos\" \/>\n<meta property=\"article:published_time\" content=\"2018-02-03T17:17:08+00:00\" \/>\n<meta property=\"og:image\" content=\"http:\/\/farm5.staticflickr.com\/4669\/40029659542_ae621ef95c_z.jpg\" \/>\n<meta name=\"author\" content=\"Arnaldo Botto\" \/>\n<meta name=\"twitter:card\" content=\"summary_large_image\" \/>\n<script type=\"application\/ld+json\" class=\"yoast-schema-graph\">{\"@context\":\"https:\/\/schema.org\",\"@graph\":[{\"@type\":\"WebPage\",\"@id\":\"https:\/\/www.noticiasradioreflejos.com.ar\/2021\/incendios-apoyo-de-la-provincia-al-municipio-de-tornquist\/\",\"url\":\"https:\/\/www.noticiasradioreflejos.com.ar\/2021\/incendios-apoyo-de-la-provincia-al-municipio-de-tornquist\/\",\"name\":\"Incendios: Apoyo de la Provincia al Municipio de Tornquist - Noticias Radio Reflejos\",\"isPartOf\":{\"@id\":\"https:\/\/www.noticiasradioreflejos.com.ar\/2021\/#website\"},\"primaryImageOfPage\":{\"@id\":\"https:\/\/www.noticiasradioreflejos.com.ar\/2021\/incendios-apoyo-de-la-provincia-al-municipio-de-tornquist\/#primaryimage\"},\"image\":{\"@id\":\"https:\/\/www.noticiasradioreflejos.com.ar\/2021\/incendios-apoyo-de-la-provincia-al-municipio-de-tornquist\/#primaryimage\"},\"thumbnailUrl\":\"http:\/\/farm5.staticflickr.com\/4669\/40029659542_ae621ef95c_z.jpg\",\"datePublished\":\"2018-02-03T17:17:08+00:00\",\"author\":{\"@id\":\"https:\/\/www.noticiasradioreflejos.com.ar\/2021\/#\/schema\/person\/ad82545263dcc5ec0996818884fd5fb1\"},\"breadcrumb\":{\"@id\":\"https:\/\/www.noticiasradioreflejos.com.ar\/2021\/incendios-apoyo-de-la-provincia-al-municipio-de-tornquist\/#breadcrumb\"},\"inLanguage\":\"es\",\"potentialAction\":[{\"@type\":\"ReadAction\",\"target\":[\"https:\/\/www.noticiasradioreflejos.com.ar\/2021\/incendios-apoyo-de-la-provincia-al-municipio-de-tornquist\/\"]}]},{\"@type\":\"ImageObject\",\"inLanguage\":\"es\",\"@id\":\"https:\/\/www.noticiasradioreflejos.com.ar\/2021\/incendios-apoyo-de-la-provincia-al-municipio-de-tornquist\/#primaryimage\",\"url\":\"http:\/\/farm5.staticflickr.com\/4669\/40029659542_ae621ef95c_z.jpg\",\"contentUrl\":\"http:\/\/farm5.staticflickr.com\/4669\/40029659542_ae621ef95c_z.jpg\"},{\"@type\":\"BreadcrumbList\",\"@id\":\"https:\/\/www.noticiasradioreflejos.com.ar\/2021\/incendios-apoyo-de-la-provincia-al-municipio-de-tornquist\/#breadcrumb\",\"itemListElement\":[{\"@type\":\"ListItem\",\"position\":1,\"name\":\"Portada\",\"item\":\"https:\/\/www.noticiasradioreflejos.com.ar\/2021\/\"},{\"@type\":\"ListItem\",\"position\":2,\"name\":\"Incendios: Apoyo de la Provincia al Municipio de Tornquist\"}]},{\"@type\":\"WebSite\",\"@id\":\"https:\/\/www.noticiasradioreflejos.com.ar\/2021\/#website\",\"url\":\"https:\/\/www.noticiasradioreflejos.com.ar\/2021\/\",\"name\":\"Noticias Radio Reflejos\",\"description\":\"Las noticias de mi comarca\",\"potentialAction\":[{\"@type\":\"SearchAction\",\"target\":{\"@type\":\"EntryPoint\",\"urlTemplate\":\"https:\/\/www.noticiasradioreflejos.com.ar\/2021\/?s={search_term_string}\"},\"query-input\":{\"@type\":\"PropertyValueSpecification\",\"valueRequired\":true,\"valueName\":\"search_term_string\"}}],\"inLanguage\":\"es\"},{\"@type\":\"Person\",\"@id\":\"https:\/\/www.noticiasradioreflejos.com.ar\/2021\/#\/schema\/person\/ad82545263dcc5ec0996818884fd5fb1\",\"name\":\"Arnaldo Botto\",\"image\":{\"@type\":\"ImageObject\",\"inLanguage\":\"es\",\"@id\":\"https:\/\/www.noticiasradioreflejos.com.ar\/2021\/#\/schema\/person\/image\/\",\"url\":\"https:\/\/secure.gravatar.com\/avatar\/55cb5e37c1efa326397366e6974cb338056df65cb50e7d64d1cf314e87504837?s=96&d=mm&r=g\",\"contentUrl\":\"https:\/\/secure.gravatar.com\/avatar\/55cb5e37c1efa326397366e6974cb338056df65cb50e7d64d1cf314e87504837?s=96&d=mm&r=g\",\"caption\":\"Arnaldo Botto\"},\"url\":\"https:\/\/www.noticiasradioreflejos.com.ar\/2021\/author\/arnaldo\/\"}]}<\/script>\n<!-- \/ Yoast SEO plugin. -->","yoast_head_json":{"title":"Incendios: Apoyo de la Provincia al Municipio de Tornquist - Noticias Radio Reflejos","robots":{"index":"index","follow":"follow","max-snippet":"max-snippet:-1","max-image-preview":"max-image-preview:large","max-video-preview":"max-video-preview:-1"},"canonical":"https:\/\/www.noticiasradioreflejos.com.ar\/2021\/incendios-apoyo-de-la-provincia-al-municipio-de-tornquist\/","og_locale":"es_ES","og_type":"article","og_title":"Incendios: Apoyo de la Provincia al Municipio de Tornquist - Noticias Radio Reflejos","og_description":"El Ministro de Agroindustria de la Provincia de Buenos Aires, Leonardo Sarqu\u00eds, lleg\u00f3 hoy a Tornquist donde recorri\u00f3 la zona donde se registran incendios junto a parte del equipo de Defensa Civil y del \u00e1rea de Emergencia y Medio Ambiente de la cartera. Estuvo acompa\u00f1ado por el Intendente Sergio Bordoni.","og_url":"https:\/\/www.noticiasradioreflejos.com.ar\/2021\/incendios-apoyo-de-la-provincia-al-municipio-de-tornquist\/","og_site_name":"Noticias Radio Reflejos","article_published_time":"2018-02-03T17:17:08+00:00","og_image":[{"url":"http:\/\/farm5.staticflickr.com\/4669\/40029659542_ae621ef95c_z.jpg","type":"","width":"","height":""}],"author":"Arnaldo Botto","twitter_card":"summary_large_image","schema":{"@context":"https:\/\/schema.org","@graph":[{"@type":"WebPage","@id":"https:\/\/www.noticiasradioreflejos.com.ar\/2021\/incendios-apoyo-de-la-provincia-al-municipio-de-tornquist\/","url":"https:\/\/www.noticiasradioreflejos.com.ar\/2021\/incendios-apoyo-de-la-provincia-al-municipio-de-tornquist\/","name":"Incendios: Apoyo de la Provincia al Municipio de Tornquist - Noticias Radio Reflejos","isPartOf":{"@id":"https:\/\/www.noticiasradioreflejos.com.ar\/2021\/#website"},"primaryImageOfPage":{"@id":"https:\/\/www.noticiasradioreflejos.com.ar\/2021\/incendios-apoyo-de-la-provincia-al-municipio-de-tornquist\/#primaryimage"},"image":{"@id":"https:\/\/www.noticiasradioreflejos.com.ar\/2021\/incendios-apoyo-de-la-provincia-al-municipio-de-tornquist\/#primaryimage"},"thumbnailUrl":"http:\/\/farm5.staticflickr.com\/4669\/40029659542_ae621ef95c_z.jpg","datePublished":"2018-02-03T17:17:08+00:00","author":{"@id":"https:\/\/www.noticiasradioreflejos.com.ar\/2021\/#\/schema\/person\/ad82545263dcc5ec0996818884fd5fb1"},"breadcrumb":{"@id":"https:\/\/www.noticiasradioreflejos.com.ar\/2021\/incendios-apoyo-de-la-provincia-al-municipio-de-tornquist\/#breadcrumb"},"inLanguage":"es","potentialAction":[{"@type":"ReadAction","target":["https:\/\/www.noticiasradioreflejos.com.ar\/2021\/incendios-apoyo-de-la-provincia-al-municipio-de-tornquist\/"]}]},{"@type":"ImageObject","inLanguage":"es","@id":"https:\/\/www.noticiasradioreflejos.com.ar\/2021\/incendios-apoyo-de-la-provincia-al-municipio-de-tornquist\/#primaryimage","url":"http:\/\/farm5.staticflickr.com\/4669\/40029659542_ae621ef95c_z.jpg","contentUrl":"http:\/\/farm5.staticflickr.com\/4669\/40029659542_ae621ef95c_z.jpg"},{"@type":"BreadcrumbList","@id":"https:\/\/www.noticiasradioreflejos.com.ar\/2021\/incendios-apoyo-de-la-provincia-al-municipio-de-tornquist\/#breadcrumb","itemListElement":[{"@type":"ListItem","position":1,"name":"Portada","item":"https:\/\/www.noticiasradioreflejos.com.ar\/2021\/"},{"@type":"ListItem","position":2,"name":"Incendios: Apoyo de la Provincia al Municipio de Tornquist"}]},{"@type":"WebSite","@id":"https:\/\/www.noticiasradioreflejos.com.ar\/2021\/#website","url":"https:\/\/www.noticiasradioreflejos.com.ar\/2021\/","name":"Noticias Radio Reflejos","description":"Las noticias de mi comarca","potentialAction":[{"@type":"SearchAction","target":{"@type":"EntryPoint","urlTemplate":"https:\/\/www.noticiasradioreflejos.com.ar\/2021\/?s={search_term_string}"},"query-input":{"@type":"PropertyValueSpecification","valueRequired":true,"valueName":"search_term_string"}}],"inLanguage":"es"},{"@type":"Person","@id":"https:\/\/www.noticiasradioreflejos.com.ar\/2021\/#\/schema\/person\/ad82545263dcc5ec0996818884fd5fb1","name":"Arnaldo Botto","image":{"@type":"ImageObject","inLanguage":"es","@id":"https:\/\/www.noticiasradioreflejos.com.ar\/2021\/#\/schema\/person\/image\/","url":"https:\/\/secure.gravatar.com\/avatar\/55cb5e37c1efa326397366e6974cb338056df65cb50e7d64d1cf314e87504837?s=96&d=mm&r=g","contentUrl":"https:\/\/secure.gravatar.com\/avatar\/55cb5e37c1efa326397366e6974cb338056df65cb50e7d64d1cf314e87504837?s=96&d=mm&r=g","caption":"Arnaldo Botto"},"url":"https:\/\/www.noticiasradioreflejos.com.ar\/2021\/author\/arnaldo\/"}]}},"_links":{"self":[{"href":"https:\/\/www.noticiasradioreflejos.com.ar\/2021\/wp-json\/wp\/v2\/posts\/18500","targetHints":{"allow":["GET"]}}],"collection":[{"href":"https:\/\/www.noticiasradioreflejos.com.ar\/2021\/wp-json\/wp\/v2\/posts"}],"about":[{"href":"https:\/\/www.noticiasradioreflejos.com.ar\/2021\/wp-json\/wp\/v2\/types\/post"}],"author":[{"embeddable":true,"href":"https:\/\/www.noticiasradioreflejos.com.ar\/2021\/wp-json\/wp\/v2\/users\/3"}],"replies":[{"embeddable":true,"href":"https:\/\/www.noticiasradioreflejos.com.ar\/2021\/wp-json\/wp\/v2\/comments?post=18500"}],"version-history":[{"count":0,"href":"https:\/\/www.noticiasradioreflejos.com.ar\/2021\/wp-json\/wp\/v2\/posts\/18500\/revisions"}],"wp:attachment":[{"href":"https:\/\/www.noticiasradioreflejos.com.ar\/2021\/wp-json\/wp\/v2\/media?parent=18500"}],"wp:term":[{"taxonomy":"category","embeddable":true,"href":"https:\/\/www.noticiasradioreflejos.com.ar\/2021\/wp-json\/wp\/v2\/categories?post=18500"},{"taxonomy":"post_tag","embeddable":true,"href":"https:\/\/www.noticiasradioreflejos.com.ar\/2021\/wp-json\/wp\/v2\/tags?post=18500"}],"curies":[{"name":"wp","href":"https:\/\/api.w.org\/{rel}","templated":true}]}}