{"id":18495,"date":"2018-02-03T12:40:20","date_gmt":"2018-02-03T15:40:20","guid":{"rendered":"http:\/\/www.noticiasradioreflejos.com.ar\/noticias\/?p=18495"},"modified":"2018-02-03T12:40:20","modified_gmt":"2018-02-03T15:40:20","slug":"estiman-en-20-mil-hectareas-afectadas-el-ministro-sarquis-se-suma-a-la-coordinacion-del-control-del-incendio","status":"publish","type":"post","link":"https:\/\/www.noticiasradioreflejos.com.ar\/2021\/estiman-en-20-mil-hectareas-afectadas-el-ministro-sarquis-se-suma-a-la-coordinacion-del-control-del-incendio\/","title":{"rendered":"Estiman en 20 mil hect\u00e1reas afectadas. El Ministro Sarquis, se suma   a la coordinaci\u00f3n del control del incendio."},"content":{"rendered":"<p>\u201cVenimos a transmitir el apoyo de la Gobernadora, que est\u00e1 muy pendiente del tema\u201d<br \/>\nEn la ma\u00f1ana de este s\u00e1bado arrib\u00f3 a nuestra ciudad el Ministro de Agroindustria de la Provincia de Buenos Aires, Leonardo Sarquis, para sumarse a la coordinaci\u00f3n de las acciones tendientes al control y a la extinci\u00f3n del incendio que la lleva consumidas unas 20.000 hect\u00e1reas.<!--more--><br \/>\n\u201cVenimos trabajando con Sergio Bordoni desde el inicio de los primeros focos en la zona, hablando hace 10 d\u00edas ininterrumpidamente\u201d, indic\u00f3 el funcionario en una conferencia de prensa brindada pasadas las 11 hs en el despacho del intendente.<br \/>\n\u201cHay que destacar la labor del municipio, con Bordoni a la cabeza con todos los equipos propios. Nuestra responsabilidad es estar todo el tiempo cerca del intendente y su equipo\u201d, agreg\u00f3.<br \/>\nSarquis sostuvo que \u201cel trabajo en equipo que hacemos desde el ministerio hace que las cosas se empiecen a solucionar, aunque obviamente esto depende de las condiciones clim\u00e1ticas. En esta zona tenemos una sequ\u00eda propia del momento del a\u00f1o y se incrementa por la falta de precipitaciones. Hoy el panorama es distinto a ayer ya que est\u00e1 controlado. A nivel provincial sabemos que hay entre 17 y 22mil hect\u00e1reas afectadas, por tenemos que estar ac\u00e1, controlando y venir que m\u00e1s se necesita\u201d.<br \/>\n\u201cVenimos a transmitir el apoyo de la Gobernadora (Mar\u00eda Eugenia Vidal) que est\u00e1 muy pendiente del tema. Adem\u00e1s desde provincia tenemos la funci\u00f3n de coordinar las acciones\u201d, afirm\u00f3.<br \/>\nEl titular del \u00e1rea de agroindustria bonaerense expres\u00f3 \u201cagradecimiento a todas las fuerzas, nos interiorizamos mucho en c\u00f3mo se encuentran bomberos afectados\u201d. \u201cEstas son situaciones donde uno no termina de estar preparado, pero estamos much\u00edsimos mejor que en otro momento\u201d, asegur\u00f3 adem\u00e1s.<br \/>\n\u201cOjal\u00e1 que las condiciones clim\u00e1ticas ayuden. Contra el efecto clim\u00e1tico no podemos hacer nada, solo tomar las medidas preventivas y en consecuencia en todas las formas posibles\u201d, dijo.<br \/>\nPor otro lado, Sarquis se\u00f1al\u00f3 que los cortafuegos en la provincia \u201cavanzaron en un 50%, hoy tenemos 20mil quemadas contra las 220mil del a\u00f1o pasado. Avanz\u00f3 pero falta much\u00edsimo, los productores tienen la obligaci\u00f3n de hacer cortafuegos para evitar los incendios\u201d.<br \/>\nEn relaci\u00f3n al estado ferrocarriles y los pastizales alrededor de las v\u00edas, que ser\u00edan la causa del inicio de este y muchos incendios, el ministro adelant\u00f3 que \u201chabl\u00e9 con ferrocarriles de la naci\u00f3n para que tomen cartas en el asunto respecto a las personas que gestionan esto y a los cuidados\u201d.<br \/>\nPor \u00faltimo, en cuanto a la asistencia de Provincia a los afectados por el incendio indic\u00f3 que \u201ctenemos que evaluar las p\u00e9rdidas despu\u00e9s de lo que pase, pero nunca dejamos nada librado al azar respecto a este tema\u201d.<\/p>\n","protected":false},"excerpt":{"rendered":"<p>\u201cVenimos a transmitir el apoyo de la Gobernadora, que est\u00e1 muy pendiente del tema\u201d En la ma\u00f1ana de este s\u00e1bado arrib\u00f3 a nuestra ciudad el Ministro de Agroindustria de la Provincia de Buenos Aires, Leonardo Sarquis, para sumarse a la coordinaci\u00f3n de las acciones tendientes al control y a la extinci\u00f3n del incendio que la [&hellip;]<\/p>\n","protected":false},"author":3,"featured_media":0,"comment_status":"closed","ping_status":"open","sticky":false,"template":"","format":"standard","meta":{"footnotes":""},"categories":[24],"tags":[],"class_list":["post-18495","post","type-post","status-publish","format-standard","hentry","category-politica"],"yoast_head":"<!-- This site is optimized with the Yoast SEO plugin v25.9 - https:\/\/yoast.com\/wordpress\/plugins\/seo\/ -->\n<title>Estiman en 20 mil hect\u00e1reas afectadas. El Ministro Sarquis, se suma  a la coordinaci\u00f3n del control del incendio. - Noticias Radio Reflejos<\/title>\n<meta name=\"robots\" content=\"index, follow, max-snippet:-1, max-image-preview:large, max-video-preview:-1\" \/>\n<link rel=\"canonical\" href=\"https:\/\/www.noticiasradioreflejos.com.ar\/2021\/estiman-en-20-mil-hectareas-afectadas-el-ministro-sarquis-se-suma-a-la-coordinacion-del-control-del-incendio\/\" \/>\n<meta property=\"og:locale\" content=\"es_ES\" \/>\n<meta property=\"og:type\" content=\"article\" \/>\n<meta property=\"og:title\" content=\"Estiman en 20 mil hect\u00e1reas afectadas. El Ministro Sarquis, se suma  a la coordinaci\u00f3n del control del incendio. - Noticias Radio Reflejos\" \/>\n<meta property=\"og:description\" content=\"\u201cVenimos a transmitir el apoyo de la Gobernadora, que est\u00e1 muy pendiente del tema\u201d En la ma\u00f1ana de este s\u00e1bado arrib\u00f3 a nuestra ciudad el Ministro de Agroindustria de la Provincia de Buenos Aires, Leonardo Sarquis, para sumarse a la coordinaci\u00f3n de las acciones tendientes al control y a la extinci\u00f3n del incendio que la [&hellip;]\" \/>\n<meta property=\"og:url\" content=\"https:\/\/www.noticiasradioreflejos.com.ar\/2021\/estiman-en-20-mil-hectareas-afectadas-el-ministro-sarquis-se-suma-a-la-coordinacion-del-control-del-incendio\/\" \/>\n<meta property=\"og:site_name\" content=\"Noticias Radio Reflejos\" \/>\n<meta property=\"article:published_time\" content=\"2018-02-03T15:40:20+00:00\" \/>\n<meta property=\"og:image\" content=\"https:\/\/www.noticiasradioreflejos.com.ar\/2021\/wp-content\/uploads\/2021\/07\/logosol300x200.png\" \/>\n\t<meta property=\"og:image:width\" content=\"300\" \/>\n\t<meta property=\"og:image:height\" content=\"200\" \/>\n\t<meta property=\"og:image:type\" content=\"image\/png\" \/>\n<meta name=\"author\" content=\"Arnaldo Botto\" \/>\n<meta name=\"twitter:card\" content=\"summary_large_image\" \/>\n<script type=\"application\/ld+json\" class=\"yoast-schema-graph\">{\"@context\":\"https:\/\/schema.org\",\"@graph\":[{\"@type\":\"WebPage\",\"@id\":\"https:\/\/www.noticiasradioreflejos.com.ar\/2021\/estiman-en-20-mil-hectareas-afectadas-el-ministro-sarquis-se-suma-a-la-coordinacion-del-control-del-incendio\/\",\"url\":\"https:\/\/www.noticiasradioreflejos.com.ar\/2021\/estiman-en-20-mil-hectareas-afectadas-el-ministro-sarquis-se-suma-a-la-coordinacion-del-control-del-incendio\/\",\"name\":\"Estiman en 20 mil hect\u00e1reas afectadas. El Ministro Sarquis, se suma a la coordinaci\u00f3n del control del incendio. - Noticias Radio Reflejos\",\"isPartOf\":{\"@id\":\"https:\/\/www.noticiasradioreflejos.com.ar\/2021\/#website\"},\"datePublished\":\"2018-02-03T15:40:20+00:00\",\"author\":{\"@id\":\"https:\/\/www.noticiasradioreflejos.com.ar\/2021\/#\/schema\/person\/ad82545263dcc5ec0996818884fd5fb1\"},\"breadcrumb\":{\"@id\":\"https:\/\/www.noticiasradioreflejos.com.ar\/2021\/estiman-en-20-mil-hectareas-afectadas-el-ministro-sarquis-se-suma-a-la-coordinacion-del-control-del-incendio\/#breadcrumb\"},\"inLanguage\":\"es\",\"potentialAction\":[{\"@type\":\"ReadAction\",\"target\":[\"https:\/\/www.noticiasradioreflejos.com.ar\/2021\/estiman-en-20-mil-hectareas-afectadas-el-ministro-sarquis-se-suma-a-la-coordinacion-del-control-del-incendio\/\"]}]},{\"@type\":\"BreadcrumbList\",\"@id\":\"https:\/\/www.noticiasradioreflejos.com.ar\/2021\/estiman-en-20-mil-hectareas-afectadas-el-ministro-sarquis-se-suma-a-la-coordinacion-del-control-del-incendio\/#breadcrumb\",\"itemListElement\":[{\"@type\":\"ListItem\",\"position\":1,\"name\":\"Portada\",\"item\":\"https:\/\/www.noticiasradioreflejos.com.ar\/2021\/\"},{\"@type\":\"ListItem\",\"position\":2,\"name\":\"Estiman en 20 mil hect\u00e1reas afectadas. El Ministro Sarquis, se suma a la coordinaci\u00f3n del control del incendio.\"}]},{\"@type\":\"WebSite\",\"@id\":\"https:\/\/www.noticiasradioreflejos.com.ar\/2021\/#website\",\"url\":\"https:\/\/www.noticiasradioreflejos.com.ar\/2021\/\",\"name\":\"Noticias Radio Reflejos\",\"description\":\"Las noticias de mi comarca\",\"potentialAction\":[{\"@type\":\"SearchAction\",\"target\":{\"@type\":\"EntryPoint\",\"urlTemplate\":\"https:\/\/www.noticiasradioreflejos.com.ar\/2021\/?s={search_term_string}\"},\"query-input\":{\"@type\":\"PropertyValueSpecification\",\"valueRequired\":true,\"valueName\":\"search_term_string\"}}],\"inLanguage\":\"es\"},{\"@type\":\"Person\",\"@id\":\"https:\/\/www.noticiasradioreflejos.com.ar\/2021\/#\/schema\/person\/ad82545263dcc5ec0996818884fd5fb1\",\"name\":\"Arnaldo Botto\",\"image\":{\"@type\":\"ImageObject\",\"inLanguage\":\"es\",\"@id\":\"https:\/\/www.noticiasradioreflejos.com.ar\/2021\/#\/schema\/person\/image\/\",\"url\":\"https:\/\/secure.gravatar.com\/avatar\/55cb5e37c1efa326397366e6974cb338056df65cb50e7d64d1cf314e87504837?s=96&d=mm&r=g\",\"contentUrl\":\"https:\/\/secure.gravatar.com\/avatar\/55cb5e37c1efa326397366e6974cb338056df65cb50e7d64d1cf314e87504837?s=96&d=mm&r=g\",\"caption\":\"Arnaldo Botto\"},\"url\":\"https:\/\/www.noticiasradioreflejos.com.ar\/2021\/author\/arnaldo\/\"}]}<\/script>\n<!-- \/ Yoast SEO plugin. -->","yoast_head_json":{"title":"Estiman en 20 mil hect\u00e1reas afectadas. El Ministro Sarquis, se suma  a la coordinaci\u00f3n del control del incendio. - Noticias Radio Reflejos","robots":{"index":"index","follow":"follow","max-snippet":"max-snippet:-1","max-image-preview":"max-image-preview:large","max-video-preview":"max-video-preview:-1"},"canonical":"https:\/\/www.noticiasradioreflejos.com.ar\/2021\/estiman-en-20-mil-hectareas-afectadas-el-ministro-sarquis-se-suma-a-la-coordinacion-del-control-del-incendio\/","og_locale":"es_ES","og_type":"article","og_title":"Estiman en 20 mil hect\u00e1reas afectadas. El Ministro Sarquis, se suma  a la coordinaci\u00f3n del control del incendio. - Noticias Radio Reflejos","og_description":"\u201cVenimos a transmitir el apoyo de la Gobernadora, que est\u00e1 muy pendiente del tema\u201d En la ma\u00f1ana de este s\u00e1bado arrib\u00f3 a nuestra ciudad el Ministro de Agroindustria de la Provincia de Buenos Aires, Leonardo Sarquis, para sumarse a la coordinaci\u00f3n de las acciones tendientes al control y a la extinci\u00f3n del incendio que la [&hellip;]","og_url":"https:\/\/www.noticiasradioreflejos.com.ar\/2021\/estiman-en-20-mil-hectareas-afectadas-el-ministro-sarquis-se-suma-a-la-coordinacion-del-control-del-incendio\/","og_site_name":"Noticias Radio Reflejos","article_published_time":"2018-02-03T15:40:20+00:00","og_image":[{"width":300,"height":200,"url":"https:\/\/www.noticiasradioreflejos.com.ar\/2021\/wp-content\/uploads\/2021\/07\/logosol300x200.png","type":"image\/png"}],"author":"Arnaldo Botto","twitter_card":"summary_large_image","schema":{"@context":"https:\/\/schema.org","@graph":[{"@type":"WebPage","@id":"https:\/\/www.noticiasradioreflejos.com.ar\/2021\/estiman-en-20-mil-hectareas-afectadas-el-ministro-sarquis-se-suma-a-la-coordinacion-del-control-del-incendio\/","url":"https:\/\/www.noticiasradioreflejos.com.ar\/2021\/estiman-en-20-mil-hectareas-afectadas-el-ministro-sarquis-se-suma-a-la-coordinacion-del-control-del-incendio\/","name":"Estiman en 20 mil hect\u00e1reas afectadas. El Ministro Sarquis, se suma a la coordinaci\u00f3n del control del incendio. - Noticias Radio Reflejos","isPartOf":{"@id":"https:\/\/www.noticiasradioreflejos.com.ar\/2021\/#website"},"datePublished":"2018-02-03T15:40:20+00:00","author":{"@id":"https:\/\/www.noticiasradioreflejos.com.ar\/2021\/#\/schema\/person\/ad82545263dcc5ec0996818884fd5fb1"},"breadcrumb":{"@id":"https:\/\/www.noticiasradioreflejos.com.ar\/2021\/estiman-en-20-mil-hectareas-afectadas-el-ministro-sarquis-se-suma-a-la-coordinacion-del-control-del-incendio\/#breadcrumb"},"inLanguage":"es","potentialAction":[{"@type":"ReadAction","target":["https:\/\/www.noticiasradioreflejos.com.ar\/2021\/estiman-en-20-mil-hectareas-afectadas-el-ministro-sarquis-se-suma-a-la-coordinacion-del-control-del-incendio\/"]}]},{"@type":"BreadcrumbList","@id":"https:\/\/www.noticiasradioreflejos.com.ar\/2021\/estiman-en-20-mil-hectareas-afectadas-el-ministro-sarquis-se-suma-a-la-coordinacion-del-control-del-incendio\/#breadcrumb","itemListElement":[{"@type":"ListItem","position":1,"name":"Portada","item":"https:\/\/www.noticiasradioreflejos.com.ar\/2021\/"},{"@type":"ListItem","position":2,"name":"Estiman en 20 mil hect\u00e1reas afectadas. El Ministro Sarquis, se suma a la coordinaci\u00f3n del control del incendio."}]},{"@type":"WebSite","@id":"https:\/\/www.noticiasradioreflejos.com.ar\/2021\/#website","url":"https:\/\/www.noticiasradioreflejos.com.ar\/2021\/","name":"Noticias Radio Reflejos","description":"Las noticias de mi comarca","potentialAction":[{"@type":"SearchAction","target":{"@type":"EntryPoint","urlTemplate":"https:\/\/www.noticiasradioreflejos.com.ar\/2021\/?s={search_term_string}"},"query-input":{"@type":"PropertyValueSpecification","valueRequired":true,"valueName":"search_term_string"}}],"inLanguage":"es"},{"@type":"Person","@id":"https:\/\/www.noticiasradioreflejos.com.ar\/2021\/#\/schema\/person\/ad82545263dcc5ec0996818884fd5fb1","name":"Arnaldo Botto","image":{"@type":"ImageObject","inLanguage":"es","@id":"https:\/\/www.noticiasradioreflejos.com.ar\/2021\/#\/schema\/person\/image\/","url":"https:\/\/secure.gravatar.com\/avatar\/55cb5e37c1efa326397366e6974cb338056df65cb50e7d64d1cf314e87504837?s=96&d=mm&r=g","contentUrl":"https:\/\/secure.gravatar.com\/avatar\/55cb5e37c1efa326397366e6974cb338056df65cb50e7d64d1cf314e87504837?s=96&d=mm&r=g","caption":"Arnaldo Botto"},"url":"https:\/\/www.noticiasradioreflejos.com.ar\/2021\/author\/arnaldo\/"}]}},"_links":{"self":[{"href":"https:\/\/www.noticiasradioreflejos.com.ar\/2021\/wp-json\/wp\/v2\/posts\/18495","targetHints":{"allow":["GET"]}}],"collection":[{"href":"https:\/\/www.noticiasradioreflejos.com.ar\/2021\/wp-json\/wp\/v2\/posts"}],"about":[{"href":"https:\/\/www.noticiasradioreflejos.com.ar\/2021\/wp-json\/wp\/v2\/types\/post"}],"author":[{"embeddable":true,"href":"https:\/\/www.noticiasradioreflejos.com.ar\/2021\/wp-json\/wp\/v2\/users\/3"}],"replies":[{"embeddable":true,"href":"https:\/\/www.noticiasradioreflejos.com.ar\/2021\/wp-json\/wp\/v2\/comments?post=18495"}],"version-history":[{"count":0,"href":"https:\/\/www.noticiasradioreflejos.com.ar\/2021\/wp-json\/wp\/v2\/posts\/18495\/revisions"}],"wp:attachment":[{"href":"https:\/\/www.noticiasradioreflejos.com.ar\/2021\/wp-json\/wp\/v2\/media?parent=18495"}],"wp:term":[{"taxonomy":"category","embeddable":true,"href":"https:\/\/www.noticiasradioreflejos.com.ar\/2021\/wp-json\/wp\/v2\/categories?post=18495"},{"taxonomy":"post_tag","embeddable":true,"href":"https:\/\/www.noticiasradioreflejos.com.ar\/2021\/wp-json\/wp\/v2\/tags?post=18495"}],"curies":[{"name":"wp","href":"https:\/\/api.w.org\/{rel}","templated":true}]}}