{"id":18492,"date":"2018-02-03T12:15:05","date_gmt":"2018-02-03T15:15:05","guid":{"rendered":"http:\/\/www.noticiasradioreflejos.com.ar\/noticias\/?p=18492"},"modified":"2018-02-03T12:15:05","modified_gmt":"2018-02-03T15:15:05","slug":"el-incendio-se-encuentra-controlado-y-detenido-en-sierra-de-la-ventana","status":"publish","type":"post","link":"https:\/\/www.noticiasradioreflejos.com.ar\/2021\/el-incendio-se-encuentra-controlado-y-detenido-en-sierra-de-la-ventana\/","title":{"rendered":"El incendio se encuentra controlado y detenido en Sierra de la Ventana"},"content":{"rendered":"<p><a title=\"Cuartel sabado (2)\" href=\"http:\/\/farm5.staticflickr.com\/4712\/26186986528_6881177f9c.jpg\" rel=\"\"><img loading=\"lazy\" decoding=\"async\" class=\"alignleft\" style=\"float: left;\" title=\"Cuartel sabado (2)\" src=\"http:\/\/farm5.staticflickr.com\/4712\/26186986528_6881177f9c.jpg\" alt=\"Cuartel sabado (2)\" width=\"500\" height=\"375\" \/><\/a>Autoridades de Bomberos y Policiales son optimistas ante la situaci\u00f3n que se presenta este s\u00e1bado 3 de febrero.<br \/>\nDurante toda la noche se trabaj\u00f3 intensamente en tratar de controlas varios frentes de fuego, pero principalmente uno que corr\u00eda por el cord\u00f3n Esmeralda en direcci\u00f3n al Parque Provincial Ernesto Tornquist y Villa Ventana.<br \/>\nLos esfuerzos se concentraron en el l\u00edmite del estancamiento \u00abLa Espada\u00f1a\u00bb distante unos 3 kms de Villa Ventana y la tarea mostr\u00f3 sus frutos.<!--more--><br \/>\nBomberos y personal de la Municipalidad de Tornquist realizaron durante toda la noche limpieza de alcantrillas y cortafuegos pronunciados para evitar que el incendio cruzara la ruta 76 frente a Villa Ventana.<br \/>\nDurante ese trabajo la ruta se mantuvo cortada entre Sierra de la Ventana y villa Ventana.<br \/>\nEsta ma\u00f1ana, cerca de las 6,30 hs, helic\u00f3pteros de Polic\u00eda de la Pcia de Buenos Aires, y del Plan Nacional de manejo del Fuego, recorrieron extensos sectores donde todav\u00eda hay hay fuego, pero s su regreso, la evaluaci\u00f3n visual realizada permiti\u00f3 determinar en principio la liberaci\u00f3n del corte de la ruta 76 entre San Eloy y Sierra de la Ventana, y coordinar a las diferentes dotaciones, para realizar guardias de cenizas y apuntar a terminar con los sectores que a\u00fan contin\u00faan ardiendo.<br \/>\nLas condiciones meteorol\u00f3gicas previstas para hoy no son favorables pero todos los responsables de operativo se muestran confiados y coinciden en que el incendio se encuentra controlado y detenido.<br \/>\nEl lugar donde llevan mayores fuerzas en estos momentos para detener el incendio se encuentra en cercan\u00edas de Estaci\u00f3n Peralta, dentro de la \u00abEstancia San Pedro\u00bb, un establecimiento dedicado a la cr\u00eda de ciervos donde 2500 animales se encuentran rodeados por el fuego.<br \/>\n<a title=\"Cuartel sabado (1)\" href=\"http:\/\/farm5.staticflickr.com\/4705\/25188087497_93dc9b9b93_z.jpg\" rel=\"\"><img loading=\"lazy\" decoding=\"async\" class=\"aligncenter\" title=\"Cuartel sabado (1)\" src=\"http:\/\/farm5.staticflickr.com\/4705\/25188087497_93dc9b9b93_z.jpg\" alt=\"Cuartel sabado (1)\" width=\"640\" height=\"480\" \/><\/a><br \/>\nLas tareas de combate contra el fuego se ejecutan por tierra con varios m\u00f3viles de las diferentes reparticiones de Bomberos, del Plan Nac. de Manejo del Fuego, de la Superintendencia de seguridad Siniestral de Buenos Aires, 2 aviones hidrantes, un avion vig\u00eda y 3 helic\u00f3pteros de los cuales uno es hidrante.<br \/>\nEn el Cuartel de bomberos de Sierra de la Ventana se encuentra el <strong>Crio General Fabio Ferro<\/strong>, Superintendente se seguridad Siniestral de la Provincia de Buenos Aires, El <strong>coordinador regional del Plan Nacional de Manejo del Fuego Marcelo Moisejchuk<\/strong>, El <strong>Intendente de Cnel Suarez Roberto Palacios<\/strong>, el jefe de la Polic\u00eda de Sierra de la Ventana<strong> Sub comisario Gonzalo Sandoval<\/strong> y 14 dotaciones de bomberos pertenecientes Sierra de la Ventana, Tonquist, Cnel Dorrego, Puan, Algarrobo, Lamadrid, Laprida que se sumaron a los cuarteles que ya est\u00e1n trabajando desde el mi\u00e9rcoles cuando comenz\u00f3 el siniestro.<br \/>\nEl coordinador regional del Plan Nacional de Manejo del Fuego Marcelo Moisejchuk, luego de sobrevolar la zona afectada por el incendio, se muestra optimista y destaca que el fuego se encuentra controlado y detenido.<br \/>\n<iframe loading=\"lazy\" src=\"https:\/\/w.soundcloud.com\/player\/?url=https%3A\/\/api.soundcloud.com\/tracks\/393893541&amp;color=%23ff5500&amp;auto_play=false&amp;hide_related=false&amp;show_comments=true&amp;show_user=true&amp;show_reposts=false&amp;show_teaser=true\" width=\"100%\" height=\"166\" frameborder=\"no\" scrolling=\"no\"><\/iframe><br \/>\nCierto optimismo muestra en la entrevista realizada, el Jefe de Bomberos Voluntarios de Sierra de la Ventana Gustavo De Vizia luego de sobrevolar el \u00e1rea del siniestro junto a otros jefes del operativo.<br \/>\n\u00abhoy, gracias a dios y al trabajo de toda la noche se puede decir que el fuego esta controlado, no quiere decier que est\u00e1 apagado.\u00bb enfatiz\u00f3 De Vizia.<br \/>\n<iframe loading=\"lazy\" src=\"https:\/\/w.soundcloud.com\/player\/?url=https%3A\/\/api.soundcloud.com\/tracks\/393894867&amp;color=%23ff5500&amp;auto_play=false&amp;hide_related=false&amp;show_comments=true&amp;show_user=true&amp;show_reposts=false&amp;show_teaser=true\" width=\"100%\" height=\"166\" frameborder=\"no\" scrolling=\"no\"><\/iframe><br \/>\nEl presidente de la Asociaci\u00f3n de Bomberos Voluntarios de Sierra de la Ventana, Sergio \u00abTeko\u00bb Dominguez describe el gran esfuerzo que se viene realizando de todas las dotaciones del cuerpo activo, comisi\u00f3n directiva, autoridades u comunidad en este siniestro. Agradeciendo y puntualizando muchas necesidades que hacen al equipamiento del cuartel local, Dominguez muestra tambi\u00e9n su satisfacci\u00f3n al momento por el aparente estado de control sobre el fuego.<br \/>\n<iframe loading=\"lazy\" src=\"https:\/\/w.soundcloud.com\/player\/?url=https%3A\/\/api.soundcloud.com\/tracks\/393896427&amp;color=%23ff5500&amp;auto_play=false&amp;hide_related=false&amp;show_comments=true&amp;show_user=true&amp;show_reposts=false&amp;show_teaser=true\" width=\"100%\" height=\"166\" frameborder=\"no\" scrolling=\"no\"><\/iframe><br \/>\nEl Superintendente se seguridad Siniestral de la Provincia de Buenos Aires, Crio General Fabio Ferro, nos describe la situaci\u00f3n reinante durante las primeras horas de este s\u00e1bado en toda la zona de emergencia y describe con que cantidad de hombres y equipamiento atienden las necesidades de los servidores p\u00fablicos que trabajan en el incendio.<br \/>\n<iframe loading=\"lazy\" src=\"https:\/\/w.soundcloud.com\/player\/?url=https%3A\/\/api.soundcloud.com\/tracks\/393899985&amp;color=%23ff5500&amp;auto_play=false&amp;hide_related=false&amp;show_comments=true&amp;show_user=true&amp;show_reposts=false&amp;show_teaser=true\" width=\"100%\" height=\"166\" frameborder=\"no\" scrolling=\"no\"><\/iframe><br \/>\nEl Intendete del Partido de Cnel Suarez, Roberto \u00abPachi\u00bb Palacios se encontraba desde temprano junto a parte de su gabinete, trabajando y coordinando acciones en conjunto con los Bomberos Voluntarios y Polic\u00eda para el control del fuego.<br \/>\nSe muestra optimista y destaca que junto a la Sociedad Rural y los dem\u00e1s intendentes de la regi\u00f3n presentar\u00e1n notas para que las empresas concesionarias del trasporte ferroviario hagan los trabajos de mantenimiento correspondientes y no se repitan este tipo de eventos que erogan grande gastos a toda la comunidad.<br \/>\n<iframe loading=\"lazy\" src=\"https:\/\/w.soundcloud.com\/player\/?url=https%3A\/\/api.soundcloud.com\/tracks\/393896931%3Fsecret_token%3Ds-RzlNQ&amp;color=%23ff5500&amp;auto_play=false&amp;hide_related=false&amp;show_comments=true&amp;show_user=true&amp;show_reposts=false&amp;show_teaser=true\" width=\"100%\" height=\"166\" frameborder=\"no\" scrolling=\"no\"><\/iframe><br \/>\nJavier Barrios, como el resto de los integrantes de la CD de Bomberos local, trabaja intensamente en la coordinaci\u00f3n de entrega de alimentos y bebida para los servidores p\u00fablicos que se encuentran frente al fuego desde el mi\u00e9rcoles pasado. Hoy hay buenas noticias, pero la tarea es ardua y contin\u00faa.<br \/>\n<iframe loading=\"lazy\" src=\"https:\/\/w.soundcloud.com\/player\/?url=https%3A\/\/api.soundcloud.com\/tracks\/393897102&amp;color=%23ff5500&amp;auto_play=false&amp;hide_related=false&amp;show_comments=true&amp;show_user=true&amp;show_reposts=false&amp;show_teaser=true\" width=\"100%\" height=\"166\" frameborder=\"no\" scrolling=\"no\"><\/iframe><br \/>\n<a title=\"Cuartel sabado (4)\" href=\"http:\/\/farm5.staticflickr.com\/4659\/26186984798_96da946b27_z.jpg\" rel=\"\"><img loading=\"lazy\" decoding=\"async\" class=\"aligncenter\" title=\"Cuartel sabado (4)\" src=\"http:\/\/farm5.staticflickr.com\/4659\/26186984798_96da946b27_z.jpg\" alt=\"Cuartel sabado (4)\" width=\"640\" height=\"480\" \/><\/a><a title=\"Cuartel sabado (3)\" href=\"http:\/\/farm5.staticflickr.com\/4602\/25188085387_263267feab_z.jpg\" rel=\"\"><img loading=\"lazy\" decoding=\"async\" class=\"aligncenter\" title=\"Cuartel sabado (3)\" src=\"http:\/\/farm5.staticflickr.com\/4602\/25188085387_263267feab_z.jpg\" alt=\"Cuartel sabado (3)\" width=\"640\" height=\"480\" \/><\/a><br \/>\n<strong>Im\u00e1genes del incendio<\/strong><br \/>\n<iframe loading=\"lazy\" width=\"560\" height=\"315\" src=\"https:\/\/www.youtube.com\/embed\/oSvPxCR35Y4\" frameborder=\"0\" allow=\"autoplay; encrypted-media\" allowfullscreen><\/iframe><\/p>\n","protected":false},"excerpt":{"rendered":"<p>Autoridades de Bomberos y Policiales son optimistas ante la situaci\u00f3n que se presenta este s\u00e1bado 3 de febrero. Durante toda la noche se trabaj\u00f3 intensamente en tratar de controlas varios frentes de fuego, pero principalmente uno que corr\u00eda por el cord\u00f3n Esmeralda en direcci\u00f3n al Parque Provincial Ernesto Tornquist y Villa Ventana. Los esfuerzos se [&hellip;]<\/p>\n","protected":false},"author":3,"featured_media":0,"comment_status":"closed","ping_status":"open","sticky":false,"template":"","format":"standard","meta":{"footnotes":""},"categories":[29],"tags":[],"class_list":["post-18492","post","type-post","status-publish","format-standard","hentry","category-policiales"],"yoast_head":"<!-- This site is optimized with the Yoast SEO plugin v25.9 - https:\/\/yoast.com\/wordpress\/plugins\/seo\/ -->\n<title>El incendio se encuentra controlado y detenido en Sierra de la Ventana - Noticias Radio Reflejos<\/title>\n<meta name=\"robots\" content=\"index, follow, max-snippet:-1, max-image-preview:large, max-video-preview:-1\" \/>\n<link rel=\"canonical\" href=\"https:\/\/www.noticiasradioreflejos.com.ar\/2021\/el-incendio-se-encuentra-controlado-y-detenido-en-sierra-de-la-ventana\/\" \/>\n<meta property=\"og:locale\" content=\"es_ES\" \/>\n<meta property=\"og:type\" content=\"article\" \/>\n<meta property=\"og:title\" content=\"El incendio se encuentra controlado y detenido en Sierra de la Ventana - Noticias Radio Reflejos\" \/>\n<meta property=\"og:description\" content=\"Autoridades de Bomberos y Policiales son optimistas ante la situaci\u00f3n que se presenta este s\u00e1bado 3 de febrero. Durante toda la noche se trabaj\u00f3 intensamente en tratar de controlas varios frentes de fuego, pero principalmente uno que corr\u00eda por el cord\u00f3n Esmeralda en direcci\u00f3n al Parque Provincial Ernesto Tornquist y Villa Ventana. Los esfuerzos se [&hellip;]\" \/>\n<meta property=\"og:url\" content=\"https:\/\/www.noticiasradioreflejos.com.ar\/2021\/el-incendio-se-encuentra-controlado-y-detenido-en-sierra-de-la-ventana\/\" \/>\n<meta property=\"og:site_name\" content=\"Noticias Radio Reflejos\" \/>\n<meta property=\"article:published_time\" content=\"2018-02-03T15:15:05+00:00\" \/>\n<meta property=\"og:image\" content=\"http:\/\/farm5.staticflickr.com\/4712\/26186986528_6881177f9c.jpg\" \/>\n<meta name=\"author\" content=\"Arnaldo Botto\" \/>\n<meta name=\"twitter:card\" content=\"summary_large_image\" \/>\n<script type=\"application\/ld+json\" class=\"yoast-schema-graph\">{\"@context\":\"https:\/\/schema.org\",\"@graph\":[{\"@type\":\"WebPage\",\"@id\":\"https:\/\/www.noticiasradioreflejos.com.ar\/2021\/el-incendio-se-encuentra-controlado-y-detenido-en-sierra-de-la-ventana\/\",\"url\":\"https:\/\/www.noticiasradioreflejos.com.ar\/2021\/el-incendio-se-encuentra-controlado-y-detenido-en-sierra-de-la-ventana\/\",\"name\":\"El incendio se encuentra controlado y detenido en Sierra de la Ventana - Noticias Radio Reflejos\",\"isPartOf\":{\"@id\":\"https:\/\/www.noticiasradioreflejos.com.ar\/2021\/#website\"},\"primaryImageOfPage\":{\"@id\":\"https:\/\/www.noticiasradioreflejos.com.ar\/2021\/el-incendio-se-encuentra-controlado-y-detenido-en-sierra-de-la-ventana\/#primaryimage\"},\"image\":{\"@id\":\"https:\/\/www.noticiasradioreflejos.com.ar\/2021\/el-incendio-se-encuentra-controlado-y-detenido-en-sierra-de-la-ventana\/#primaryimage\"},\"thumbnailUrl\":\"http:\/\/farm5.staticflickr.com\/4712\/26186986528_6881177f9c.jpg\",\"datePublished\":\"2018-02-03T15:15:05+00:00\",\"author\":{\"@id\":\"https:\/\/www.noticiasradioreflejos.com.ar\/2021\/#\/schema\/person\/ad82545263dcc5ec0996818884fd5fb1\"},\"breadcrumb\":{\"@id\":\"https:\/\/www.noticiasradioreflejos.com.ar\/2021\/el-incendio-se-encuentra-controlado-y-detenido-en-sierra-de-la-ventana\/#breadcrumb\"},\"inLanguage\":\"es\",\"potentialAction\":[{\"@type\":\"ReadAction\",\"target\":[\"https:\/\/www.noticiasradioreflejos.com.ar\/2021\/el-incendio-se-encuentra-controlado-y-detenido-en-sierra-de-la-ventana\/\"]}]},{\"@type\":\"ImageObject\",\"inLanguage\":\"es\",\"@id\":\"https:\/\/www.noticiasradioreflejos.com.ar\/2021\/el-incendio-se-encuentra-controlado-y-detenido-en-sierra-de-la-ventana\/#primaryimage\",\"url\":\"http:\/\/farm5.staticflickr.com\/4712\/26186986528_6881177f9c.jpg\",\"contentUrl\":\"http:\/\/farm5.staticflickr.com\/4712\/26186986528_6881177f9c.jpg\"},{\"@type\":\"BreadcrumbList\",\"@id\":\"https:\/\/www.noticiasradioreflejos.com.ar\/2021\/el-incendio-se-encuentra-controlado-y-detenido-en-sierra-de-la-ventana\/#breadcrumb\",\"itemListElement\":[{\"@type\":\"ListItem\",\"position\":1,\"name\":\"Portada\",\"item\":\"https:\/\/www.noticiasradioreflejos.com.ar\/2021\/\"},{\"@type\":\"ListItem\",\"position\":2,\"name\":\"El incendio se encuentra controlado y detenido en Sierra de la Ventana\"}]},{\"@type\":\"WebSite\",\"@id\":\"https:\/\/www.noticiasradioreflejos.com.ar\/2021\/#website\",\"url\":\"https:\/\/www.noticiasradioreflejos.com.ar\/2021\/\",\"name\":\"Noticias Radio Reflejos\",\"description\":\"Las noticias de mi comarca\",\"potentialAction\":[{\"@type\":\"SearchAction\",\"target\":{\"@type\":\"EntryPoint\",\"urlTemplate\":\"https:\/\/www.noticiasradioreflejos.com.ar\/2021\/?s={search_term_string}\"},\"query-input\":{\"@type\":\"PropertyValueSpecification\",\"valueRequired\":true,\"valueName\":\"search_term_string\"}}],\"inLanguage\":\"es\"},{\"@type\":\"Person\",\"@id\":\"https:\/\/www.noticiasradioreflejos.com.ar\/2021\/#\/schema\/person\/ad82545263dcc5ec0996818884fd5fb1\",\"name\":\"Arnaldo Botto\",\"image\":{\"@type\":\"ImageObject\",\"inLanguage\":\"es\",\"@id\":\"https:\/\/www.noticiasradioreflejos.com.ar\/2021\/#\/schema\/person\/image\/\",\"url\":\"https:\/\/secure.gravatar.com\/avatar\/55cb5e37c1efa326397366e6974cb338056df65cb50e7d64d1cf314e87504837?s=96&d=mm&r=g\",\"contentUrl\":\"https:\/\/secure.gravatar.com\/avatar\/55cb5e37c1efa326397366e6974cb338056df65cb50e7d64d1cf314e87504837?s=96&d=mm&r=g\",\"caption\":\"Arnaldo Botto\"},\"url\":\"https:\/\/www.noticiasradioreflejos.com.ar\/2021\/author\/arnaldo\/\"}]}<\/script>\n<!-- \/ Yoast SEO plugin. -->","yoast_head_json":{"title":"El incendio se encuentra controlado y detenido en Sierra de la Ventana - Noticias Radio Reflejos","robots":{"index":"index","follow":"follow","max-snippet":"max-snippet:-1","max-image-preview":"max-image-preview:large","max-video-preview":"max-video-preview:-1"},"canonical":"https:\/\/www.noticiasradioreflejos.com.ar\/2021\/el-incendio-se-encuentra-controlado-y-detenido-en-sierra-de-la-ventana\/","og_locale":"es_ES","og_type":"article","og_title":"El incendio se encuentra controlado y detenido en Sierra de la Ventana - Noticias Radio Reflejos","og_description":"Autoridades de Bomberos y Policiales son optimistas ante la situaci\u00f3n que se presenta este s\u00e1bado 3 de febrero. Durante toda la noche se trabaj\u00f3 intensamente en tratar de controlas varios frentes de fuego, pero principalmente uno que corr\u00eda por el cord\u00f3n Esmeralda en direcci\u00f3n al Parque Provincial Ernesto Tornquist y Villa Ventana. Los esfuerzos se [&hellip;]","og_url":"https:\/\/www.noticiasradioreflejos.com.ar\/2021\/el-incendio-se-encuentra-controlado-y-detenido-en-sierra-de-la-ventana\/","og_site_name":"Noticias Radio Reflejos","article_published_time":"2018-02-03T15:15:05+00:00","og_image":[{"url":"http:\/\/farm5.staticflickr.com\/4712\/26186986528_6881177f9c.jpg","type":"","width":"","height":""}],"author":"Arnaldo Botto","twitter_card":"summary_large_image","schema":{"@context":"https:\/\/schema.org","@graph":[{"@type":"WebPage","@id":"https:\/\/www.noticiasradioreflejos.com.ar\/2021\/el-incendio-se-encuentra-controlado-y-detenido-en-sierra-de-la-ventana\/","url":"https:\/\/www.noticiasradioreflejos.com.ar\/2021\/el-incendio-se-encuentra-controlado-y-detenido-en-sierra-de-la-ventana\/","name":"El incendio se encuentra controlado y detenido en Sierra de la Ventana - Noticias Radio Reflejos","isPartOf":{"@id":"https:\/\/www.noticiasradioreflejos.com.ar\/2021\/#website"},"primaryImageOfPage":{"@id":"https:\/\/www.noticiasradioreflejos.com.ar\/2021\/el-incendio-se-encuentra-controlado-y-detenido-en-sierra-de-la-ventana\/#primaryimage"},"image":{"@id":"https:\/\/www.noticiasradioreflejos.com.ar\/2021\/el-incendio-se-encuentra-controlado-y-detenido-en-sierra-de-la-ventana\/#primaryimage"},"thumbnailUrl":"http:\/\/farm5.staticflickr.com\/4712\/26186986528_6881177f9c.jpg","datePublished":"2018-02-03T15:15:05+00:00","author":{"@id":"https:\/\/www.noticiasradioreflejos.com.ar\/2021\/#\/schema\/person\/ad82545263dcc5ec0996818884fd5fb1"},"breadcrumb":{"@id":"https:\/\/www.noticiasradioreflejos.com.ar\/2021\/el-incendio-se-encuentra-controlado-y-detenido-en-sierra-de-la-ventana\/#breadcrumb"},"inLanguage":"es","potentialAction":[{"@type":"ReadAction","target":["https:\/\/www.noticiasradioreflejos.com.ar\/2021\/el-incendio-se-encuentra-controlado-y-detenido-en-sierra-de-la-ventana\/"]}]},{"@type":"ImageObject","inLanguage":"es","@id":"https:\/\/www.noticiasradioreflejos.com.ar\/2021\/el-incendio-se-encuentra-controlado-y-detenido-en-sierra-de-la-ventana\/#primaryimage","url":"http:\/\/farm5.staticflickr.com\/4712\/26186986528_6881177f9c.jpg","contentUrl":"http:\/\/farm5.staticflickr.com\/4712\/26186986528_6881177f9c.jpg"},{"@type":"BreadcrumbList","@id":"https:\/\/www.noticiasradioreflejos.com.ar\/2021\/el-incendio-se-encuentra-controlado-y-detenido-en-sierra-de-la-ventana\/#breadcrumb","itemListElement":[{"@type":"ListItem","position":1,"name":"Portada","item":"https:\/\/www.noticiasradioreflejos.com.ar\/2021\/"},{"@type":"ListItem","position":2,"name":"El incendio se encuentra controlado y detenido en Sierra de la Ventana"}]},{"@type":"WebSite","@id":"https:\/\/www.noticiasradioreflejos.com.ar\/2021\/#website","url":"https:\/\/www.noticiasradioreflejos.com.ar\/2021\/","name":"Noticias Radio Reflejos","description":"Las noticias de mi comarca","potentialAction":[{"@type":"SearchAction","target":{"@type":"EntryPoint","urlTemplate":"https:\/\/www.noticiasradioreflejos.com.ar\/2021\/?s={search_term_string}"},"query-input":{"@type":"PropertyValueSpecification","valueRequired":true,"valueName":"search_term_string"}}],"inLanguage":"es"},{"@type":"Person","@id":"https:\/\/www.noticiasradioreflejos.com.ar\/2021\/#\/schema\/person\/ad82545263dcc5ec0996818884fd5fb1","name":"Arnaldo Botto","image":{"@type":"ImageObject","inLanguage":"es","@id":"https:\/\/www.noticiasradioreflejos.com.ar\/2021\/#\/schema\/person\/image\/","url":"https:\/\/secure.gravatar.com\/avatar\/55cb5e37c1efa326397366e6974cb338056df65cb50e7d64d1cf314e87504837?s=96&d=mm&r=g","contentUrl":"https:\/\/secure.gravatar.com\/avatar\/55cb5e37c1efa326397366e6974cb338056df65cb50e7d64d1cf314e87504837?s=96&d=mm&r=g","caption":"Arnaldo Botto"},"url":"https:\/\/www.noticiasradioreflejos.com.ar\/2021\/author\/arnaldo\/"}]}},"_links":{"self":[{"href":"https:\/\/www.noticiasradioreflejos.com.ar\/2021\/wp-json\/wp\/v2\/posts\/18492","targetHints":{"allow":["GET"]}}],"collection":[{"href":"https:\/\/www.noticiasradioreflejos.com.ar\/2021\/wp-json\/wp\/v2\/posts"}],"about":[{"href":"https:\/\/www.noticiasradioreflejos.com.ar\/2021\/wp-json\/wp\/v2\/types\/post"}],"author":[{"embeddable":true,"href":"https:\/\/www.noticiasradioreflejos.com.ar\/2021\/wp-json\/wp\/v2\/users\/3"}],"replies":[{"embeddable":true,"href":"https:\/\/www.noticiasradioreflejos.com.ar\/2021\/wp-json\/wp\/v2\/comments?post=18492"}],"version-history":[{"count":0,"href":"https:\/\/www.noticiasradioreflejos.com.ar\/2021\/wp-json\/wp\/v2\/posts\/18492\/revisions"}],"wp:attachment":[{"href":"https:\/\/www.noticiasradioreflejos.com.ar\/2021\/wp-json\/wp\/v2\/media?parent=18492"}],"wp:term":[{"taxonomy":"category","embeddable":true,"href":"https:\/\/www.noticiasradioreflejos.com.ar\/2021\/wp-json\/wp\/v2\/categories?post=18492"},{"taxonomy":"post_tag","embeddable":true,"href":"https:\/\/www.noticiasradioreflejos.com.ar\/2021\/wp-json\/wp\/v2\/tags?post=18492"}],"curies":[{"name":"wp","href":"https:\/\/api.w.org\/{rel}","templated":true}]}}