{"id":18478,"date":"2018-02-03T00:48:17","date_gmt":"2018-02-03T03:48:17","guid":{"rendered":"http:\/\/www.noticiasradioreflejos.com.ar\/noticias\/?p=18478"},"modified":"2018-02-03T00:48:17","modified_gmt":"2018-02-03T03:48:17","slug":"quedo-librada-la-ruta-76-entre-sierra-de-la-ventana-y-tornquist","status":"publish","type":"post","link":"https:\/\/www.noticiasradioreflejos.com.ar\/2021\/quedo-librada-la-ruta-76-entre-sierra-de-la-ventana-y-tornquist\/","title":{"rendered":"Qued\u00f3 liberada la ruta 76 entre Sierra de la Ventana y Tornquist"},"content":{"rendered":"<p>La polic\u00eda comunal inform\u00f3 que se reanud\u00f3 esta medianoche el tr\u00e1nsito entre Tornquist y Sierra de la Ventana, luego de los trabajos efectuados en inmediaciones de La Espada\u00f1a y El Pinar donde bomberos procedieron a limpiar las alcantarillas por el pasto acumulado luego de los trabajos de cortafuego que efectuaron las maquinas viales.<!--more--><br \/>\nSe busca que el incendio pueda tener los mayores obst\u00e1culos posibles para que no pase hacia los sectores poblados.<br \/>\nLa labor es ardua como toda la jornada y el viento que por momentos es fuerte ayuda al avance sobre el cord\u00f3n esmeralda frente a Villa Ventana en el sector del Parque provincial.<br \/>\nEl Jefe del cuerpo de bomberos de Tornquist inform\u00f3 que el balance arroja en estos d\u00edas de siniestro una superficie arrasada de 17.500 hect\u00e1reas aproximadamente.<\/p>\n","protected":false},"excerpt":{"rendered":"<p>La polic\u00eda comunal inform\u00f3 que se reanud\u00f3 esta medianoche el tr\u00e1nsito entre Tornquist y Sierra de la Ventana, luego de los trabajos efectuados en inmediaciones de La Espada\u00f1a y El Pinar donde bomberos procedieron a limpiar las alcantarillas por el pasto acumulado luego de los trabajos de cortafuego que efectuaron las maquinas viales.<\/p>\n","protected":false},"author":3,"featured_media":0,"comment_status":"closed","ping_status":"open","sticky":false,"template":"","format":"standard","meta":{"footnotes":""},"categories":[29],"tags":[],"class_list":["post-18478","post","type-post","status-publish","format-standard","hentry","category-policiales"],"yoast_head":"<!-- This site is optimized with the Yoast SEO plugin v25.9 - https:\/\/yoast.com\/wordpress\/plugins\/seo\/ -->\n<title>Qued\u00f3 liberada la ruta 76 entre Sierra de la Ventana y Tornquist - Noticias Radio Reflejos<\/title>\n<meta name=\"robots\" content=\"index, follow, max-snippet:-1, max-image-preview:large, max-video-preview:-1\" \/>\n<link rel=\"canonical\" href=\"https:\/\/www.noticiasradioreflejos.com.ar\/2021\/quedo-librada-la-ruta-76-entre-sierra-de-la-ventana-y-tornquist\/\" \/>\n<meta property=\"og:locale\" content=\"es_ES\" \/>\n<meta property=\"og:type\" content=\"article\" \/>\n<meta property=\"og:title\" content=\"Qued\u00f3 liberada la ruta 76 entre Sierra de la Ventana y Tornquist - Noticias Radio Reflejos\" \/>\n<meta property=\"og:description\" content=\"La polic\u00eda comunal inform\u00f3 que se reanud\u00f3 esta medianoche el tr\u00e1nsito entre Tornquist y Sierra de la Ventana, luego de los trabajos efectuados en inmediaciones de La Espada\u00f1a y El Pinar donde bomberos procedieron a limpiar las alcantarillas por el pasto acumulado luego de los trabajos de cortafuego que efectuaron las maquinas viales.\" \/>\n<meta property=\"og:url\" content=\"https:\/\/www.noticiasradioreflejos.com.ar\/2021\/quedo-librada-la-ruta-76-entre-sierra-de-la-ventana-y-tornquist\/\" \/>\n<meta property=\"og:site_name\" content=\"Noticias Radio Reflejos\" \/>\n<meta property=\"article:published_time\" content=\"2018-02-03T03:48:17+00:00\" \/>\n<meta property=\"og:image\" content=\"https:\/\/www.noticiasradioreflejos.com.ar\/2021\/wp-content\/uploads\/2021\/07\/logosol300x200.png\" \/>\n\t<meta property=\"og:image:width\" content=\"300\" \/>\n\t<meta property=\"og:image:height\" content=\"200\" \/>\n\t<meta property=\"og:image:type\" content=\"image\/png\" \/>\n<meta name=\"author\" content=\"Arnaldo Botto\" \/>\n<meta name=\"twitter:card\" content=\"summary_large_image\" \/>\n<script type=\"application\/ld+json\" class=\"yoast-schema-graph\">{\"@context\":\"https:\/\/schema.org\",\"@graph\":[{\"@type\":\"WebPage\",\"@id\":\"https:\/\/www.noticiasradioreflejos.com.ar\/2021\/quedo-librada-la-ruta-76-entre-sierra-de-la-ventana-y-tornquist\/\",\"url\":\"https:\/\/www.noticiasradioreflejos.com.ar\/2021\/quedo-librada-la-ruta-76-entre-sierra-de-la-ventana-y-tornquist\/\",\"name\":\"Qued\u00f3 liberada la ruta 76 entre Sierra de la Ventana y Tornquist - Noticias Radio Reflejos\",\"isPartOf\":{\"@id\":\"https:\/\/www.noticiasradioreflejos.com.ar\/2021\/#website\"},\"datePublished\":\"2018-02-03T03:48:17+00:00\",\"author\":{\"@id\":\"https:\/\/www.noticiasradioreflejos.com.ar\/2021\/#\/schema\/person\/ad82545263dcc5ec0996818884fd5fb1\"},\"breadcrumb\":{\"@id\":\"https:\/\/www.noticiasradioreflejos.com.ar\/2021\/quedo-librada-la-ruta-76-entre-sierra-de-la-ventana-y-tornquist\/#breadcrumb\"},\"inLanguage\":\"es\",\"potentialAction\":[{\"@type\":\"ReadAction\",\"target\":[\"https:\/\/www.noticiasradioreflejos.com.ar\/2021\/quedo-librada-la-ruta-76-entre-sierra-de-la-ventana-y-tornquist\/\"]}]},{\"@type\":\"BreadcrumbList\",\"@id\":\"https:\/\/www.noticiasradioreflejos.com.ar\/2021\/quedo-librada-la-ruta-76-entre-sierra-de-la-ventana-y-tornquist\/#breadcrumb\",\"itemListElement\":[{\"@type\":\"ListItem\",\"position\":1,\"name\":\"Portada\",\"item\":\"https:\/\/www.noticiasradioreflejos.com.ar\/2021\/\"},{\"@type\":\"ListItem\",\"position\":2,\"name\":\"Qued\u00f3 liberada la ruta 76 entre Sierra de la Ventana y Tornquist\"}]},{\"@type\":\"WebSite\",\"@id\":\"https:\/\/www.noticiasradioreflejos.com.ar\/2021\/#website\",\"url\":\"https:\/\/www.noticiasradioreflejos.com.ar\/2021\/\",\"name\":\"Noticias Radio Reflejos\",\"description\":\"Las noticias de mi comarca\",\"potentialAction\":[{\"@type\":\"SearchAction\",\"target\":{\"@type\":\"EntryPoint\",\"urlTemplate\":\"https:\/\/www.noticiasradioreflejos.com.ar\/2021\/?s={search_term_string}\"},\"query-input\":{\"@type\":\"PropertyValueSpecification\",\"valueRequired\":true,\"valueName\":\"search_term_string\"}}],\"inLanguage\":\"es\"},{\"@type\":\"Person\",\"@id\":\"https:\/\/www.noticiasradioreflejos.com.ar\/2021\/#\/schema\/person\/ad82545263dcc5ec0996818884fd5fb1\",\"name\":\"Arnaldo Botto\",\"image\":{\"@type\":\"ImageObject\",\"inLanguage\":\"es\",\"@id\":\"https:\/\/www.noticiasradioreflejos.com.ar\/2021\/#\/schema\/person\/image\/\",\"url\":\"https:\/\/secure.gravatar.com\/avatar\/55cb5e37c1efa326397366e6974cb338056df65cb50e7d64d1cf314e87504837?s=96&d=mm&r=g\",\"contentUrl\":\"https:\/\/secure.gravatar.com\/avatar\/55cb5e37c1efa326397366e6974cb338056df65cb50e7d64d1cf314e87504837?s=96&d=mm&r=g\",\"caption\":\"Arnaldo Botto\"},\"url\":\"https:\/\/www.noticiasradioreflejos.com.ar\/2021\/author\/arnaldo\/\"}]}<\/script>\n<!-- \/ Yoast SEO plugin. -->","yoast_head_json":{"title":"Qued\u00f3 liberada la ruta 76 entre Sierra de la Ventana y Tornquist - Noticias Radio Reflejos","robots":{"index":"index","follow":"follow","max-snippet":"max-snippet:-1","max-image-preview":"max-image-preview:large","max-video-preview":"max-video-preview:-1"},"canonical":"https:\/\/www.noticiasradioreflejos.com.ar\/2021\/quedo-librada-la-ruta-76-entre-sierra-de-la-ventana-y-tornquist\/","og_locale":"es_ES","og_type":"article","og_title":"Qued\u00f3 liberada la ruta 76 entre Sierra de la Ventana y Tornquist - Noticias Radio Reflejos","og_description":"La polic\u00eda comunal inform\u00f3 que se reanud\u00f3 esta medianoche el tr\u00e1nsito entre Tornquist y Sierra de la Ventana, luego de los trabajos efectuados en inmediaciones de La Espada\u00f1a y El Pinar donde bomberos procedieron a limpiar las alcantarillas por el pasto acumulado luego de los trabajos de cortafuego que efectuaron las maquinas viales.","og_url":"https:\/\/www.noticiasradioreflejos.com.ar\/2021\/quedo-librada-la-ruta-76-entre-sierra-de-la-ventana-y-tornquist\/","og_site_name":"Noticias Radio Reflejos","article_published_time":"2018-02-03T03:48:17+00:00","og_image":[{"width":300,"height":200,"url":"https:\/\/www.noticiasradioreflejos.com.ar\/2021\/wp-content\/uploads\/2021\/07\/logosol300x200.png","type":"image\/png"}],"author":"Arnaldo Botto","twitter_card":"summary_large_image","schema":{"@context":"https:\/\/schema.org","@graph":[{"@type":"WebPage","@id":"https:\/\/www.noticiasradioreflejos.com.ar\/2021\/quedo-librada-la-ruta-76-entre-sierra-de-la-ventana-y-tornquist\/","url":"https:\/\/www.noticiasradioreflejos.com.ar\/2021\/quedo-librada-la-ruta-76-entre-sierra-de-la-ventana-y-tornquist\/","name":"Qued\u00f3 liberada la ruta 76 entre Sierra de la Ventana y Tornquist - Noticias Radio Reflejos","isPartOf":{"@id":"https:\/\/www.noticiasradioreflejos.com.ar\/2021\/#website"},"datePublished":"2018-02-03T03:48:17+00:00","author":{"@id":"https:\/\/www.noticiasradioreflejos.com.ar\/2021\/#\/schema\/person\/ad82545263dcc5ec0996818884fd5fb1"},"breadcrumb":{"@id":"https:\/\/www.noticiasradioreflejos.com.ar\/2021\/quedo-librada-la-ruta-76-entre-sierra-de-la-ventana-y-tornquist\/#breadcrumb"},"inLanguage":"es","potentialAction":[{"@type":"ReadAction","target":["https:\/\/www.noticiasradioreflejos.com.ar\/2021\/quedo-librada-la-ruta-76-entre-sierra-de-la-ventana-y-tornquist\/"]}]},{"@type":"BreadcrumbList","@id":"https:\/\/www.noticiasradioreflejos.com.ar\/2021\/quedo-librada-la-ruta-76-entre-sierra-de-la-ventana-y-tornquist\/#breadcrumb","itemListElement":[{"@type":"ListItem","position":1,"name":"Portada","item":"https:\/\/www.noticiasradioreflejos.com.ar\/2021\/"},{"@type":"ListItem","position":2,"name":"Qued\u00f3 liberada la ruta 76 entre Sierra de la Ventana y Tornquist"}]},{"@type":"WebSite","@id":"https:\/\/www.noticiasradioreflejos.com.ar\/2021\/#website","url":"https:\/\/www.noticiasradioreflejos.com.ar\/2021\/","name":"Noticias Radio Reflejos","description":"Las noticias de mi comarca","potentialAction":[{"@type":"SearchAction","target":{"@type":"EntryPoint","urlTemplate":"https:\/\/www.noticiasradioreflejos.com.ar\/2021\/?s={search_term_string}"},"query-input":{"@type":"PropertyValueSpecification","valueRequired":true,"valueName":"search_term_string"}}],"inLanguage":"es"},{"@type":"Person","@id":"https:\/\/www.noticiasradioreflejos.com.ar\/2021\/#\/schema\/person\/ad82545263dcc5ec0996818884fd5fb1","name":"Arnaldo Botto","image":{"@type":"ImageObject","inLanguage":"es","@id":"https:\/\/www.noticiasradioreflejos.com.ar\/2021\/#\/schema\/person\/image\/","url":"https:\/\/secure.gravatar.com\/avatar\/55cb5e37c1efa326397366e6974cb338056df65cb50e7d64d1cf314e87504837?s=96&d=mm&r=g","contentUrl":"https:\/\/secure.gravatar.com\/avatar\/55cb5e37c1efa326397366e6974cb338056df65cb50e7d64d1cf314e87504837?s=96&d=mm&r=g","caption":"Arnaldo Botto"},"url":"https:\/\/www.noticiasradioreflejos.com.ar\/2021\/author\/arnaldo\/"}]}},"_links":{"self":[{"href":"https:\/\/www.noticiasradioreflejos.com.ar\/2021\/wp-json\/wp\/v2\/posts\/18478","targetHints":{"allow":["GET"]}}],"collection":[{"href":"https:\/\/www.noticiasradioreflejos.com.ar\/2021\/wp-json\/wp\/v2\/posts"}],"about":[{"href":"https:\/\/www.noticiasradioreflejos.com.ar\/2021\/wp-json\/wp\/v2\/types\/post"}],"author":[{"embeddable":true,"href":"https:\/\/www.noticiasradioreflejos.com.ar\/2021\/wp-json\/wp\/v2\/users\/3"}],"replies":[{"embeddable":true,"href":"https:\/\/www.noticiasradioreflejos.com.ar\/2021\/wp-json\/wp\/v2\/comments?post=18478"}],"version-history":[{"count":0,"href":"https:\/\/www.noticiasradioreflejos.com.ar\/2021\/wp-json\/wp\/v2\/posts\/18478\/revisions"}],"wp:attachment":[{"href":"https:\/\/www.noticiasradioreflejos.com.ar\/2021\/wp-json\/wp\/v2\/media?parent=18478"}],"wp:term":[{"taxonomy":"category","embeddable":true,"href":"https:\/\/www.noticiasradioreflejos.com.ar\/2021\/wp-json\/wp\/v2\/categories?post=18478"},{"taxonomy":"post_tag","embeddable":true,"href":"https:\/\/www.noticiasradioreflejos.com.ar\/2021\/wp-json\/wp\/v2\/tags?post=18478"}],"curies":[{"name":"wp","href":"https:\/\/api.w.org\/{rel}","templated":true}]}}