{"id":18459,"date":"2018-02-02T21:21:27","date_gmt":"2018-02-03T00:21:27","guid":{"rendered":"http:\/\/www.noticiasradioreflejos.com.ar\/noticias\/?p=18459"},"modified":"2018-02-02T21:21:27","modified_gmt":"2018-02-03T00:21:27","slug":"los-mismo-jugadores-de-river-quedan-expuestos-patricio-eleisegui","status":"publish","type":"post","link":"https:\/\/www.noticiasradioreflejos.com.ar\/2021\/los-mismo-jugadores-de-river-quedan-expuestos-patricio-eleisegui\/","title":{"rendered":"&quot;Los mismo jugadores de River quedan expuestos&quot; Patricio Eleisegui."},"content":{"rendered":"<p>El reconocido periodista y escritor de \u00abEnvenenados\u00bb, Patricio Eleisegui, fue parte de FM Reflejos esta ma\u00f1ana para brindarnos su opini\u00f3n sobre la noticia que recorri\u00f3 el mundo, cuando fumigaron con Glifosato el campo de juego de River Plate.<!--more--><br \/>\n\u00abAmi me llega la informaci\u00f3n por otro periodista, me acercan la informaci\u00f3n, despu\u00e9s yo chequeo atraves de periodistas que yo conozco que est\u00e1n en la interna de River Plate, para confirmar lo que hab\u00eda pasado, hab\u00edan aplicado un herbicida, sobre todo en la ultima parte del a\u00f1o, que hacen como un control de plagas, y quemaron todo el c\u00e9sped del Monumental, o gran parte del c\u00e9sped, el tema es que la ley en la ciudad de Buenos Aires, impide la utilizaci\u00f3n de herbicidas sint\u00e9ticos, lo cual ya representa claramente una violaci\u00f3n legal, y al mismo tiempo todas las presunciones ante el silencio de River, llega de que hab\u00edan usado Glifosato, no que es el herbicida que se usa para la soja, el ma\u00edz, y es un producto que la Organizaci\u00f3n Mundial de la Salud vincula directamente con el c\u00e1ncer, osea que tenemos una fumigaci\u00f3n dentro de la cancha de River que para mi no representa una particularidad del club, sino que creo que es una practica muy com\u00fan en el resto de las instituciones, sobre todo en la primera divisi\u00f3n, nada mas que quedo expuesto, apartir de lo que dijo el mismo Gallardo, que es quien se queja en principio del estado del campo de juego\u00bb Cont\u00f3 Patricio.<br \/>\nRespecto a la practica se le pregunto como fue, si fue un equivoco, porque se supone que son especialistas,a lo que Eleisegui respondi\u00f3, \u00abSon unos especialistas que se van a quedar sin trabajo, porque te digo que hablando con gente del club, s\u00e9 que D&#8217;onofrio estaba muy enojado, y que la intenci\u00f3n de \u00e9l es remover justamente el equipo que se ocupo de eso, porque estuvieron probando unas cosas nuevas, lo que se conoci\u00f3 es como ellos dec\u00edan, se equivocaron de bid\u00f3n, osea echaron un producto haber que pasaba, terminaron quemando todo el pasto, y bueno ese problema digamos, obviamente que le cuesta a River un mont\u00f3n de dinero, porque se ve obligado directamente a cambiar parte del c\u00e9sped, el nivel de da\u00f1o ha sido tan grande que tuvieron que remover tierra, y sacar directamente el pasto, tambi\u00e9n por el grado de contaminaci\u00f3n de lo que genera, porque al lado de River tenes las colonias de vacaciones, est\u00e1n yendo los chicos, todo un mont\u00f3n de inconvenientes, que casi derivan en que River tuviese que jugar en Velez, finalmente no lo terminaron haciendo, los mismos jugadores que son el capital que tiene el club, son gente que est\u00e1n valuadas en muchos y miles , y en muchos casos millones de dolares, poner en riesgo todo eso apartir de esta aplicaci\u00f3n, la realidad es que River a preferido mantenerse en silencio, no ha habido una exigencia por parte de la AFA para aclarar el incidente, no sabemos a ciencias ciertas cuanto producto se aplic\u00f3, durante cuanto tiempo y que concentraci\u00f3n, porque eso tambi\u00e9n va variando, ni hablar de lo que pudo haber pasado con los empleados, con la gente que visita el monumental y ha respirado eso y hay que ver si no se ha hecho en otras oportunidades\u00bb, Expres\u00f3.<br \/>\nFinalmente se despidi\u00f3, mandando un gran saludo a todos los que est\u00e1n luchando contra el fuego, les desea mucha fuerza, su mayor admiraci\u00f3n hacia ellos, y deseando que todo termine bien.<br \/>\nNOTA COMPLETA:<br \/>\n<iframe loading=\"lazy\" width=\"100%\" height=\"166\" scrolling=\"no\" frameborder=\"no\" allow=\"autoplay\" src=\"https:\/\/w.soundcloud.com\/player\/?url=https%3A\/\/api.soundcloud.com\/tracks\/393467532&amp;color=%23ff5500&amp;auto_play=false&amp;hide_related=false&amp;show_comments=true&amp;show_user=true&amp;show_reposts=false&amp;show_teaser=true\"><\/iframe><\/p>\n","protected":false},"excerpt":{"rendered":"<p>El reconocido periodista y escritor de \u00abEnvenenados\u00bb, Patricio Eleisegui, fue parte de FM Reflejos esta ma\u00f1ana para brindarnos su opini\u00f3n sobre la noticia que recorri\u00f3 el mundo, cuando fumigaron con Glifosato el campo de juego de River Plate.<\/p>\n","protected":false},"author":3,"featured_media":0,"comment_status":"closed","ping_status":"open","sticky":false,"template":"","format":"standard","meta":{"footnotes":""},"categories":[30],"tags":[],"class_list":["post-18459","post","type-post","status-publish","format-standard","hentry","category-salud"],"yoast_head":"<!-- This site is optimized with the Yoast SEO plugin v25.9 - https:\/\/yoast.com\/wordpress\/plugins\/seo\/ -->\n<title>&quot;Los mismo jugadores de River quedan expuestos&quot; Patricio Eleisegui. - Noticias Radio Reflejos<\/title>\n<meta name=\"robots\" content=\"index, follow, max-snippet:-1, max-image-preview:large, max-video-preview:-1\" \/>\n<link rel=\"canonical\" href=\"https:\/\/www.noticiasradioreflejos.com.ar\/2021\/los-mismo-jugadores-de-river-quedan-expuestos-patricio-eleisegui\/\" \/>\n<meta property=\"og:locale\" content=\"es_ES\" \/>\n<meta property=\"og:type\" content=\"article\" \/>\n<meta property=\"og:title\" content=\"&quot;Los mismo jugadores de River quedan expuestos&quot; Patricio Eleisegui. - Noticias Radio Reflejos\" \/>\n<meta property=\"og:description\" content=\"El reconocido periodista y escritor de \u00abEnvenenados\u00bb, Patricio Eleisegui, fue parte de FM Reflejos esta ma\u00f1ana para brindarnos su opini\u00f3n sobre la noticia que recorri\u00f3 el mundo, cuando fumigaron con Glifosato el campo de juego de River Plate.\" \/>\n<meta property=\"og:url\" content=\"https:\/\/www.noticiasradioreflejos.com.ar\/2021\/los-mismo-jugadores-de-river-quedan-expuestos-patricio-eleisegui\/\" \/>\n<meta property=\"og:site_name\" content=\"Noticias Radio Reflejos\" \/>\n<meta property=\"article:published_time\" content=\"2018-02-03T00:21:27+00:00\" \/>\n<meta property=\"og:image\" content=\"https:\/\/www.noticiasradioreflejos.com.ar\/2021\/wp-content\/uploads\/2021\/07\/logosol300x200.png\" \/>\n\t<meta property=\"og:image:width\" content=\"300\" \/>\n\t<meta property=\"og:image:height\" content=\"200\" \/>\n\t<meta property=\"og:image:type\" content=\"image\/png\" \/>\n<meta name=\"author\" content=\"Arnaldo Botto\" \/>\n<meta name=\"twitter:card\" content=\"summary_large_image\" \/>\n<script type=\"application\/ld+json\" class=\"yoast-schema-graph\">{\"@context\":\"https:\/\/schema.org\",\"@graph\":[{\"@type\":\"WebPage\",\"@id\":\"https:\/\/www.noticiasradioreflejos.com.ar\/2021\/los-mismo-jugadores-de-river-quedan-expuestos-patricio-eleisegui\/\",\"url\":\"https:\/\/www.noticiasradioreflejos.com.ar\/2021\/los-mismo-jugadores-de-river-quedan-expuestos-patricio-eleisegui\/\",\"name\":\"&quot;Los mismo jugadores de River quedan expuestos&quot; Patricio Eleisegui. - Noticias Radio Reflejos\",\"isPartOf\":{\"@id\":\"https:\/\/www.noticiasradioreflejos.com.ar\/2021\/#website\"},\"datePublished\":\"2018-02-03T00:21:27+00:00\",\"author\":{\"@id\":\"https:\/\/www.noticiasradioreflejos.com.ar\/2021\/#\/schema\/person\/ad82545263dcc5ec0996818884fd5fb1\"},\"breadcrumb\":{\"@id\":\"https:\/\/www.noticiasradioreflejos.com.ar\/2021\/los-mismo-jugadores-de-river-quedan-expuestos-patricio-eleisegui\/#breadcrumb\"},\"inLanguage\":\"es\",\"potentialAction\":[{\"@type\":\"ReadAction\",\"target\":[\"https:\/\/www.noticiasradioreflejos.com.ar\/2021\/los-mismo-jugadores-de-river-quedan-expuestos-patricio-eleisegui\/\"]}]},{\"@type\":\"BreadcrumbList\",\"@id\":\"https:\/\/www.noticiasradioreflejos.com.ar\/2021\/los-mismo-jugadores-de-river-quedan-expuestos-patricio-eleisegui\/#breadcrumb\",\"itemListElement\":[{\"@type\":\"ListItem\",\"position\":1,\"name\":\"Portada\",\"item\":\"https:\/\/www.noticiasradioreflejos.com.ar\/2021\/\"},{\"@type\":\"ListItem\",\"position\":2,\"name\":\"&quot;Los mismo jugadores de River quedan expuestos&quot; Patricio Eleisegui.\"}]},{\"@type\":\"WebSite\",\"@id\":\"https:\/\/www.noticiasradioreflejos.com.ar\/2021\/#website\",\"url\":\"https:\/\/www.noticiasradioreflejos.com.ar\/2021\/\",\"name\":\"Noticias Radio Reflejos\",\"description\":\"Las noticias de mi comarca\",\"potentialAction\":[{\"@type\":\"SearchAction\",\"target\":{\"@type\":\"EntryPoint\",\"urlTemplate\":\"https:\/\/www.noticiasradioreflejos.com.ar\/2021\/?s={search_term_string}\"},\"query-input\":{\"@type\":\"PropertyValueSpecification\",\"valueRequired\":true,\"valueName\":\"search_term_string\"}}],\"inLanguage\":\"es\"},{\"@type\":\"Person\",\"@id\":\"https:\/\/www.noticiasradioreflejos.com.ar\/2021\/#\/schema\/person\/ad82545263dcc5ec0996818884fd5fb1\",\"name\":\"Arnaldo Botto\",\"image\":{\"@type\":\"ImageObject\",\"inLanguage\":\"es\",\"@id\":\"https:\/\/www.noticiasradioreflejos.com.ar\/2021\/#\/schema\/person\/image\/\",\"url\":\"https:\/\/secure.gravatar.com\/avatar\/55cb5e37c1efa326397366e6974cb338056df65cb50e7d64d1cf314e87504837?s=96&d=mm&r=g\",\"contentUrl\":\"https:\/\/secure.gravatar.com\/avatar\/55cb5e37c1efa326397366e6974cb338056df65cb50e7d64d1cf314e87504837?s=96&d=mm&r=g\",\"caption\":\"Arnaldo Botto\"},\"url\":\"https:\/\/www.noticiasradioreflejos.com.ar\/2021\/author\/arnaldo\/\"}]}<\/script>\n<!-- \/ Yoast SEO plugin. -->","yoast_head_json":{"title":"&quot;Los mismo jugadores de River quedan expuestos&quot; Patricio Eleisegui. - Noticias Radio Reflejos","robots":{"index":"index","follow":"follow","max-snippet":"max-snippet:-1","max-image-preview":"max-image-preview:large","max-video-preview":"max-video-preview:-1"},"canonical":"https:\/\/www.noticiasradioreflejos.com.ar\/2021\/los-mismo-jugadores-de-river-quedan-expuestos-patricio-eleisegui\/","og_locale":"es_ES","og_type":"article","og_title":"&quot;Los mismo jugadores de River quedan expuestos&quot; Patricio Eleisegui. - Noticias Radio Reflejos","og_description":"El reconocido periodista y escritor de \u00abEnvenenados\u00bb, Patricio Eleisegui, fue parte de FM Reflejos esta ma\u00f1ana para brindarnos su opini\u00f3n sobre la noticia que recorri\u00f3 el mundo, cuando fumigaron con Glifosato el campo de juego de River Plate.","og_url":"https:\/\/www.noticiasradioreflejos.com.ar\/2021\/los-mismo-jugadores-de-river-quedan-expuestos-patricio-eleisegui\/","og_site_name":"Noticias Radio Reflejos","article_published_time":"2018-02-03T00:21:27+00:00","og_image":[{"width":300,"height":200,"url":"https:\/\/www.noticiasradioreflejos.com.ar\/2021\/wp-content\/uploads\/2021\/07\/logosol300x200.png","type":"image\/png"}],"author":"Arnaldo Botto","twitter_card":"summary_large_image","schema":{"@context":"https:\/\/schema.org","@graph":[{"@type":"WebPage","@id":"https:\/\/www.noticiasradioreflejos.com.ar\/2021\/los-mismo-jugadores-de-river-quedan-expuestos-patricio-eleisegui\/","url":"https:\/\/www.noticiasradioreflejos.com.ar\/2021\/los-mismo-jugadores-de-river-quedan-expuestos-patricio-eleisegui\/","name":"&quot;Los mismo jugadores de River quedan expuestos&quot; Patricio Eleisegui. - Noticias Radio Reflejos","isPartOf":{"@id":"https:\/\/www.noticiasradioreflejos.com.ar\/2021\/#website"},"datePublished":"2018-02-03T00:21:27+00:00","author":{"@id":"https:\/\/www.noticiasradioreflejos.com.ar\/2021\/#\/schema\/person\/ad82545263dcc5ec0996818884fd5fb1"},"breadcrumb":{"@id":"https:\/\/www.noticiasradioreflejos.com.ar\/2021\/los-mismo-jugadores-de-river-quedan-expuestos-patricio-eleisegui\/#breadcrumb"},"inLanguage":"es","potentialAction":[{"@type":"ReadAction","target":["https:\/\/www.noticiasradioreflejos.com.ar\/2021\/los-mismo-jugadores-de-river-quedan-expuestos-patricio-eleisegui\/"]}]},{"@type":"BreadcrumbList","@id":"https:\/\/www.noticiasradioreflejos.com.ar\/2021\/los-mismo-jugadores-de-river-quedan-expuestos-patricio-eleisegui\/#breadcrumb","itemListElement":[{"@type":"ListItem","position":1,"name":"Portada","item":"https:\/\/www.noticiasradioreflejos.com.ar\/2021\/"},{"@type":"ListItem","position":2,"name":"&quot;Los mismo jugadores de River quedan expuestos&quot; Patricio Eleisegui."}]},{"@type":"WebSite","@id":"https:\/\/www.noticiasradioreflejos.com.ar\/2021\/#website","url":"https:\/\/www.noticiasradioreflejos.com.ar\/2021\/","name":"Noticias Radio Reflejos","description":"Las noticias de mi comarca","potentialAction":[{"@type":"SearchAction","target":{"@type":"EntryPoint","urlTemplate":"https:\/\/www.noticiasradioreflejos.com.ar\/2021\/?s={search_term_string}"},"query-input":{"@type":"PropertyValueSpecification","valueRequired":true,"valueName":"search_term_string"}}],"inLanguage":"es"},{"@type":"Person","@id":"https:\/\/www.noticiasradioreflejos.com.ar\/2021\/#\/schema\/person\/ad82545263dcc5ec0996818884fd5fb1","name":"Arnaldo Botto","image":{"@type":"ImageObject","inLanguage":"es","@id":"https:\/\/www.noticiasradioreflejos.com.ar\/2021\/#\/schema\/person\/image\/","url":"https:\/\/secure.gravatar.com\/avatar\/55cb5e37c1efa326397366e6974cb338056df65cb50e7d64d1cf314e87504837?s=96&d=mm&r=g","contentUrl":"https:\/\/secure.gravatar.com\/avatar\/55cb5e37c1efa326397366e6974cb338056df65cb50e7d64d1cf314e87504837?s=96&d=mm&r=g","caption":"Arnaldo Botto"},"url":"https:\/\/www.noticiasradioreflejos.com.ar\/2021\/author\/arnaldo\/"}]}},"_links":{"self":[{"href":"https:\/\/www.noticiasradioreflejos.com.ar\/2021\/wp-json\/wp\/v2\/posts\/18459","targetHints":{"allow":["GET"]}}],"collection":[{"href":"https:\/\/www.noticiasradioreflejos.com.ar\/2021\/wp-json\/wp\/v2\/posts"}],"about":[{"href":"https:\/\/www.noticiasradioreflejos.com.ar\/2021\/wp-json\/wp\/v2\/types\/post"}],"author":[{"embeddable":true,"href":"https:\/\/www.noticiasradioreflejos.com.ar\/2021\/wp-json\/wp\/v2\/users\/3"}],"replies":[{"embeddable":true,"href":"https:\/\/www.noticiasradioreflejos.com.ar\/2021\/wp-json\/wp\/v2\/comments?post=18459"}],"version-history":[{"count":0,"href":"https:\/\/www.noticiasradioreflejos.com.ar\/2021\/wp-json\/wp\/v2\/posts\/18459\/revisions"}],"wp:attachment":[{"href":"https:\/\/www.noticiasradioreflejos.com.ar\/2021\/wp-json\/wp\/v2\/media?parent=18459"}],"wp:term":[{"taxonomy":"category","embeddable":true,"href":"https:\/\/www.noticiasradioreflejos.com.ar\/2021\/wp-json\/wp\/v2\/categories?post=18459"},{"taxonomy":"post_tag","embeddable":true,"href":"https:\/\/www.noticiasradioreflejos.com.ar\/2021\/wp-json\/wp\/v2\/tags?post=18459"}],"curies":[{"name":"wp","href":"https:\/\/api.w.org\/{rel}","templated":true}]}}