{"id":17710,"date":"2018-01-05T08:42:55","date_gmt":"2018-01-05T11:42:55","guid":{"rendered":"http:\/\/www.noticiasradioreflejos.com.ar\/noticias\/?p=17710"},"modified":"2018-01-05T08:42:55","modified_gmt":"2018-01-05T11:42:55","slug":"en-el-distrito-el-mapa-de-delito-no-es-muy-significativo","status":"publish","type":"post","link":"https:\/\/www.noticiasradioreflejos.com.ar\/2021\/en-el-distrito-el-mapa-de-delito-no-es-muy-significativo\/","title":{"rendered":"\u201cEn el distrito el mapa de delito no es muy significativo\u201d"},"content":{"rendered":"<p>En una charla que se extendi\u00f3 por m\u00e1s de 30 minutos en \u2018La ma\u00f1ana de la ciudad\u2019 que se emite en FM de la Ciudad 99.5 \u2018Nuevo Aire, el Secretario de Seguridad del municipio, Mart\u00edn Cenizo, se refiri\u00f3 a la seguridad del distrito y a c\u00f3mo se trabaja al respecto.<!--more--><br \/>\n\u201cSe est\u00e1 trabajando muy bien, mantenemos una muy buena relaci\u00f3n trabajando coordinadamente con los comisarios de la Estaci\u00f3n de Polic\u00eda de Tornquist, Jorge Mafioli y Daniel P\u00e9rez, y el Sub-comisario de Sierra de la Ventana, Gonzalo Mat\u00edas Sandobal. Tambi\u00e9n en la coordinaci\u00f3n aporta el Secretario de Desarrollo, Dr. Gonzalo Iparraguirre\u201d, manifest\u00f3.<br \/>\nEL MAPA DEL DELITO Y LA DROGA<br \/>\n\u201cEl mapa del delito no es muy significativo en el distrito, si bien ocurrieron hechos de importancia hubo solo un robo calificado, la mayor\u00eda de los casos fueron esclarecidos y nos preocupan los hechos que todos sabemos\u201d, expres\u00f3 el funcionario.<br \/>\n\u201cEn droga se est\u00e1n haciendo operativos permanentemente. La polic\u00eda local trabaja para detectar con procedimientos y luego se le de intervenci\u00f3n a la UFI correspondiente. Ahora mismo tenemos algunos casos que se est\u00e1n investigando\u201d, agreg\u00f3.<br \/>\nCenizo explic\u00f3 que \u201cen el \u00faltimo tiempo no ha habido aprehensiones ya que los procedimientos de drogas llevan hasta a\u00f1os\u201d, aunque record\u00f3 las detenciones efectuadas en Saldungaray, Sierra de la Ventana y Tornquist mediante operativos de diferentes fuerzas de seguridad.<br \/>\n\u201cEl tema de la droga es muy preocupante y hay que abocarse al tema, es un flagelo tremendo\u201d, asever\u00f3.<br \/>\n\u201cEL FORO DE SEGURIDAD QUED\u00d3 EN STAND BY\u201d<br \/>\n\u201cEl foro de seguridad qued\u00f3 en stand by. Yo fui parte cuando fue presidente Juan Carlos Gisler,  pero despu\u00e9s no se volvi\u00f3 a reunir. Me hubiera gustado de que hubiera un foro en cada distrito\u201d, dijo al respecto.<br \/>\n\u201cESTAMOS MUY JUSTOS EN PERSONAL POLICIAL\u201d<br \/>\nSobre la cantidad de polic\u00edas disponibles en nuestra ciudad, reconoci\u00f3 que ser\u00edan necesarios m\u00e1s ya que \u201cestamos muy justos, en Tornquist tenemos 31 efectivos en total, incluidos algunos administrativos\u201d. \u201cContamos con los permanentes recorriendo en las cuadriculas, a la cual entran cuatro por guardia. Adem\u00e1s, la comisar\u00eda es un lugar de retenci\u00f3n de presos de tr\u00e1nsito y vienen de mucha peligrosidad, por lo que siempre tiene que haber un polic\u00eda que est\u00e9 atento a ellos\u201d, se\u00f1al\u00f3.<br \/>\nEn cuanto a la tarea de los inspectores, en tanto, dijo que \u201ces muy amplia, ya que no solo se dedican al tr\u00e1nsito, sino tambi\u00e9n se encargan de las habilitaciones de comercios, complejos de caba\u00f1as, etc. Es impresionante lo que vienen trabajando\u201d.<br \/>\nEn tr\u00e1nsito \u201cdesde hace algunos meses vienen haciendo escuela, tareas de prevenci\u00f3n y comunicaci\u00f3n, pero ahora estamos notando que debemos empezar a aplicar multas, cuyos costos son infartantes. Contamos con los medios t\u00e9cnicos para hacer controles de alcoholemia y mediciones de ruidos molestos\u201d.<br \/>\n\u201cLOS EMPLEADOS DEL CENTRO DE MONITOREO HACEN UN ESFUERZO INCREIBLE\u201d<br \/>\nEn cuanto al funcionamiento de las c\u00e1maras de seguridad, el funcionario explic\u00f3 que \u201cpor razones meteorol\u00f3gicas, necesitan mantenimiento que depende de un tercero que muchas veces no se encuentra, por eso se establecer\u00eda un t\u00e9cnico permanente\u201d.<br \/>\n\u201cEst\u00e1 previsto el traslado del centro de monitoreo a la actual oficina de comunicaciones dentro de palacio municipal\u201d, adelant\u00f3 y subray\u00f3 que \u201cel personal, si bien es escaso, est\u00e1 haciendo un esfuerzo incre\u00edble. Hoy hay cuatro empleados y se necesitan sumar m\u00e1s\u201d.<br \/>\n\u201cEn Saldungaray las c\u00e1maras nos han dado un resultado impresionante. Lo interesante es que permiten adelantarse a los hechos, muchos no se cometen porque los operadores se comunican con la polic\u00eda y dan aviso. No es un trabajo cualquiera, un empleado de un centro de monitoreo tiene que tener un juramento a las comunicaciones, porque se ven muchas cosas, no solo las delictivas, y hay que mantenerlas en reserva\u201d, agreg\u00f3.<br \/>\nSIERRA DE LA VENTANA, CAMINO A TENER ESTACI\u00d3N POLICIAL<br \/>\nEn otro marco, Cenizo coment\u00f3 que se inici\u00f3 un expediente para que la sub-estaci\u00f3n de Sierra de la Ventana pase a ser estaci\u00f3n, \u201clo que permitir\u00e1 contar con m\u00e1s oficiales, m\u00e1s personal y m\u00e1s veh\u00edculos. Est\u00e1 todo el tr\u00e1mite hecho, solo falta que lo apruebe el Ministro de Seguridad, Cristian Ritondo\u201d.<br \/>\nDe manera algo similar, el de Villa Ventana pasar\u00e1 de puesto policial a destacamento, que sumar\u00eda m\u00e1s efectivos.<br \/>\n\u201cLa Patrulla Rural no depende de la polic\u00eda comunal, al igual que la Estaci\u00f3n Caminera, la Comisar\u00eda de la Mujer y la Verificaci\u00f3n Policial, cada uno de ellos tiene su jefatura\u201d, aclar\u00f3, agregando que por ese motivo en muchas ocasiones no se enteran de lo que sucede en los procedimientos que dichas fuerzas realizan.<br \/>\n\u201cNO DESCARTO QUE HAYA CASOS CON CONNIVENCIA POLICIAL\u201d<br \/>\nPor otra parte, Cenizo asegur\u00f3 que hubo cambios como para concientizar a la gente de que no hay complicidad de efectivos en hechos delictivos, aunque sostuvo: \u201cno descarto que haya casos de connivencia policial, para eso est\u00e1n atentos los jefes\u201d.<br \/>\n\u201cAdem\u00e1s, el intendente municipal est\u00e1 al tanto de todo, no permite nada que no corresponda. Asimismo el personal que tenemos es muy bueno, estoy muy contento con todos ellos\u201d, a\u00f1adi\u00f3.<br \/>\nHECHOS POLICIALES DE LOS \u00daLTIMOS DIAS<br \/>\nRespecto a los dos hechos policiales ocurridos en los \u00faltimos d\u00edas, el funcionario indic\u00f3 que el primero se registr\u00f3 en el municipio, a donde \u201cingresaron menores y sustrajeron las llaves de algunos veh\u00edculos. Los autores fueron identificados y se recuper\u00f3 todo\u201d.<br \/>\nEn tanto, se\u00f1al\u00f3 que los desmanes en las piletas municipales y el robo de elementos en la Cooperativa El\u00e9ctrica tambi\u00e9n fueron protagonizados por menores de edad, inmediatamente debidamente identificados.<\/p>\n","protected":false},"excerpt":{"rendered":"<p>En una charla que se extendi\u00f3 por m\u00e1s de 30 minutos en \u2018La ma\u00f1ana de la ciudad\u2019 que se emite en FM de la Ciudad 99.5 \u2018Nuevo Aire, el Secretario de Seguridad del municipio, Mart\u00edn Cenizo, se refiri\u00f3 a la seguridad del distrito y a c\u00f3mo se trabaja al respecto.<\/p>\n","protected":false},"author":3,"featured_media":0,"comment_status":"closed","ping_status":"open","sticky":false,"template":"","format":"standard","meta":{"footnotes":""},"categories":[29],"tags":[],"class_list":["post-17710","post","type-post","status-publish","format-standard","hentry","category-policiales"],"yoast_head":"<!-- This site is optimized with the Yoast SEO plugin v25.9 - https:\/\/yoast.com\/wordpress\/plugins\/seo\/ -->\n<title>\u201cEn el distrito el mapa de delito no es muy significativo\u201d - Noticias Radio Reflejos<\/title>\n<meta name=\"robots\" content=\"index, follow, max-snippet:-1, max-image-preview:large, max-video-preview:-1\" \/>\n<link rel=\"canonical\" href=\"https:\/\/www.noticiasradioreflejos.com.ar\/2021\/en-el-distrito-el-mapa-de-delito-no-es-muy-significativo\/\" \/>\n<meta property=\"og:locale\" content=\"es_ES\" \/>\n<meta property=\"og:type\" content=\"article\" \/>\n<meta property=\"og:title\" content=\"\u201cEn el distrito el mapa de delito no es muy significativo\u201d - Noticias Radio Reflejos\" \/>\n<meta property=\"og:description\" content=\"En una charla que se extendi\u00f3 por m\u00e1s de 30 minutos en \u2018La ma\u00f1ana de la ciudad\u2019 que se emite en FM de la Ciudad 99.5 \u2018Nuevo Aire, el Secretario de Seguridad del municipio, Mart\u00edn Cenizo, se refiri\u00f3 a la seguridad del distrito y a c\u00f3mo se trabaja al respecto.\" \/>\n<meta property=\"og:url\" content=\"https:\/\/www.noticiasradioreflejos.com.ar\/2021\/en-el-distrito-el-mapa-de-delito-no-es-muy-significativo\/\" \/>\n<meta property=\"og:site_name\" content=\"Noticias Radio Reflejos\" \/>\n<meta property=\"article:published_time\" content=\"2018-01-05T11:42:55+00:00\" \/>\n<meta property=\"og:image\" content=\"https:\/\/www.noticiasradioreflejos.com.ar\/2021\/wp-content\/uploads\/2021\/07\/logosol300x200.png\" \/>\n\t<meta property=\"og:image:width\" content=\"300\" \/>\n\t<meta property=\"og:image:height\" content=\"200\" \/>\n\t<meta property=\"og:image:type\" content=\"image\/png\" \/>\n<meta name=\"author\" content=\"Arnaldo Botto\" \/>\n<meta name=\"twitter:card\" content=\"summary_large_image\" \/>\n<script type=\"application\/ld+json\" class=\"yoast-schema-graph\">{\"@context\":\"https:\/\/schema.org\",\"@graph\":[{\"@type\":\"WebPage\",\"@id\":\"https:\/\/www.noticiasradioreflejos.com.ar\/2021\/en-el-distrito-el-mapa-de-delito-no-es-muy-significativo\/\",\"url\":\"https:\/\/www.noticiasradioreflejos.com.ar\/2021\/en-el-distrito-el-mapa-de-delito-no-es-muy-significativo\/\",\"name\":\"\u201cEn el distrito el mapa de delito no es muy significativo\u201d - Noticias Radio Reflejos\",\"isPartOf\":{\"@id\":\"https:\/\/www.noticiasradioreflejos.com.ar\/2021\/#website\"},\"datePublished\":\"2018-01-05T11:42:55+00:00\",\"author\":{\"@id\":\"https:\/\/www.noticiasradioreflejos.com.ar\/2021\/#\/schema\/person\/ad82545263dcc5ec0996818884fd5fb1\"},\"breadcrumb\":{\"@id\":\"https:\/\/www.noticiasradioreflejos.com.ar\/2021\/en-el-distrito-el-mapa-de-delito-no-es-muy-significativo\/#breadcrumb\"},\"inLanguage\":\"es\",\"potentialAction\":[{\"@type\":\"ReadAction\",\"target\":[\"https:\/\/www.noticiasradioreflejos.com.ar\/2021\/en-el-distrito-el-mapa-de-delito-no-es-muy-significativo\/\"]}]},{\"@type\":\"BreadcrumbList\",\"@id\":\"https:\/\/www.noticiasradioreflejos.com.ar\/2021\/en-el-distrito-el-mapa-de-delito-no-es-muy-significativo\/#breadcrumb\",\"itemListElement\":[{\"@type\":\"ListItem\",\"position\":1,\"name\":\"Portada\",\"item\":\"https:\/\/www.noticiasradioreflejos.com.ar\/2021\/\"},{\"@type\":\"ListItem\",\"position\":2,\"name\":\"\u201cEn el distrito el mapa de delito no es muy significativo\u201d\"}]},{\"@type\":\"WebSite\",\"@id\":\"https:\/\/www.noticiasradioreflejos.com.ar\/2021\/#website\",\"url\":\"https:\/\/www.noticiasradioreflejos.com.ar\/2021\/\",\"name\":\"Noticias Radio Reflejos\",\"description\":\"Las noticias de mi comarca\",\"potentialAction\":[{\"@type\":\"SearchAction\",\"target\":{\"@type\":\"EntryPoint\",\"urlTemplate\":\"https:\/\/www.noticiasradioreflejos.com.ar\/2021\/?s={search_term_string}\"},\"query-input\":{\"@type\":\"PropertyValueSpecification\",\"valueRequired\":true,\"valueName\":\"search_term_string\"}}],\"inLanguage\":\"es\"},{\"@type\":\"Person\",\"@id\":\"https:\/\/www.noticiasradioreflejos.com.ar\/2021\/#\/schema\/person\/ad82545263dcc5ec0996818884fd5fb1\",\"name\":\"Arnaldo Botto\",\"image\":{\"@type\":\"ImageObject\",\"inLanguage\":\"es\",\"@id\":\"https:\/\/www.noticiasradioreflejos.com.ar\/2021\/#\/schema\/person\/image\/\",\"url\":\"https:\/\/secure.gravatar.com\/avatar\/55cb5e37c1efa326397366e6974cb338056df65cb50e7d64d1cf314e87504837?s=96&d=mm&r=g\",\"contentUrl\":\"https:\/\/secure.gravatar.com\/avatar\/55cb5e37c1efa326397366e6974cb338056df65cb50e7d64d1cf314e87504837?s=96&d=mm&r=g\",\"caption\":\"Arnaldo Botto\"},\"url\":\"https:\/\/www.noticiasradioreflejos.com.ar\/2021\/author\/arnaldo\/\"}]}<\/script>\n<!-- \/ Yoast SEO plugin. -->","yoast_head_json":{"title":"\u201cEn el distrito el mapa de delito no es muy significativo\u201d - Noticias Radio Reflejos","robots":{"index":"index","follow":"follow","max-snippet":"max-snippet:-1","max-image-preview":"max-image-preview:large","max-video-preview":"max-video-preview:-1"},"canonical":"https:\/\/www.noticiasradioreflejos.com.ar\/2021\/en-el-distrito-el-mapa-de-delito-no-es-muy-significativo\/","og_locale":"es_ES","og_type":"article","og_title":"\u201cEn el distrito el mapa de delito no es muy significativo\u201d - Noticias Radio Reflejos","og_description":"En una charla que se extendi\u00f3 por m\u00e1s de 30 minutos en \u2018La ma\u00f1ana de la ciudad\u2019 que se emite en FM de la Ciudad 99.5 \u2018Nuevo Aire, el Secretario de Seguridad del municipio, Mart\u00edn Cenizo, se refiri\u00f3 a la seguridad del distrito y a c\u00f3mo se trabaja al respecto.","og_url":"https:\/\/www.noticiasradioreflejos.com.ar\/2021\/en-el-distrito-el-mapa-de-delito-no-es-muy-significativo\/","og_site_name":"Noticias Radio Reflejos","article_published_time":"2018-01-05T11:42:55+00:00","og_image":[{"width":300,"height":200,"url":"https:\/\/www.noticiasradioreflejos.com.ar\/2021\/wp-content\/uploads\/2021\/07\/logosol300x200.png","type":"image\/png"}],"author":"Arnaldo Botto","twitter_card":"summary_large_image","schema":{"@context":"https:\/\/schema.org","@graph":[{"@type":"WebPage","@id":"https:\/\/www.noticiasradioreflejos.com.ar\/2021\/en-el-distrito-el-mapa-de-delito-no-es-muy-significativo\/","url":"https:\/\/www.noticiasradioreflejos.com.ar\/2021\/en-el-distrito-el-mapa-de-delito-no-es-muy-significativo\/","name":"\u201cEn el distrito el mapa de delito no es muy significativo\u201d - Noticias Radio Reflejos","isPartOf":{"@id":"https:\/\/www.noticiasradioreflejos.com.ar\/2021\/#website"},"datePublished":"2018-01-05T11:42:55+00:00","author":{"@id":"https:\/\/www.noticiasradioreflejos.com.ar\/2021\/#\/schema\/person\/ad82545263dcc5ec0996818884fd5fb1"},"breadcrumb":{"@id":"https:\/\/www.noticiasradioreflejos.com.ar\/2021\/en-el-distrito-el-mapa-de-delito-no-es-muy-significativo\/#breadcrumb"},"inLanguage":"es","potentialAction":[{"@type":"ReadAction","target":["https:\/\/www.noticiasradioreflejos.com.ar\/2021\/en-el-distrito-el-mapa-de-delito-no-es-muy-significativo\/"]}]},{"@type":"BreadcrumbList","@id":"https:\/\/www.noticiasradioreflejos.com.ar\/2021\/en-el-distrito-el-mapa-de-delito-no-es-muy-significativo\/#breadcrumb","itemListElement":[{"@type":"ListItem","position":1,"name":"Portada","item":"https:\/\/www.noticiasradioreflejos.com.ar\/2021\/"},{"@type":"ListItem","position":2,"name":"\u201cEn el distrito el mapa de delito no es muy significativo\u201d"}]},{"@type":"WebSite","@id":"https:\/\/www.noticiasradioreflejos.com.ar\/2021\/#website","url":"https:\/\/www.noticiasradioreflejos.com.ar\/2021\/","name":"Noticias Radio Reflejos","description":"Las noticias de mi comarca","potentialAction":[{"@type":"SearchAction","target":{"@type":"EntryPoint","urlTemplate":"https:\/\/www.noticiasradioreflejos.com.ar\/2021\/?s={search_term_string}"},"query-input":{"@type":"PropertyValueSpecification","valueRequired":true,"valueName":"search_term_string"}}],"inLanguage":"es"},{"@type":"Person","@id":"https:\/\/www.noticiasradioreflejos.com.ar\/2021\/#\/schema\/person\/ad82545263dcc5ec0996818884fd5fb1","name":"Arnaldo Botto","image":{"@type":"ImageObject","inLanguage":"es","@id":"https:\/\/www.noticiasradioreflejos.com.ar\/2021\/#\/schema\/person\/image\/","url":"https:\/\/secure.gravatar.com\/avatar\/55cb5e37c1efa326397366e6974cb338056df65cb50e7d64d1cf314e87504837?s=96&d=mm&r=g","contentUrl":"https:\/\/secure.gravatar.com\/avatar\/55cb5e37c1efa326397366e6974cb338056df65cb50e7d64d1cf314e87504837?s=96&d=mm&r=g","caption":"Arnaldo Botto"},"url":"https:\/\/www.noticiasradioreflejos.com.ar\/2021\/author\/arnaldo\/"}]}},"_links":{"self":[{"href":"https:\/\/www.noticiasradioreflejos.com.ar\/2021\/wp-json\/wp\/v2\/posts\/17710","targetHints":{"allow":["GET"]}}],"collection":[{"href":"https:\/\/www.noticiasradioreflejos.com.ar\/2021\/wp-json\/wp\/v2\/posts"}],"about":[{"href":"https:\/\/www.noticiasradioreflejos.com.ar\/2021\/wp-json\/wp\/v2\/types\/post"}],"author":[{"embeddable":true,"href":"https:\/\/www.noticiasradioreflejos.com.ar\/2021\/wp-json\/wp\/v2\/users\/3"}],"replies":[{"embeddable":true,"href":"https:\/\/www.noticiasradioreflejos.com.ar\/2021\/wp-json\/wp\/v2\/comments?post=17710"}],"version-history":[{"count":0,"href":"https:\/\/www.noticiasradioreflejos.com.ar\/2021\/wp-json\/wp\/v2\/posts\/17710\/revisions"}],"wp:attachment":[{"href":"https:\/\/www.noticiasradioreflejos.com.ar\/2021\/wp-json\/wp\/v2\/media?parent=17710"}],"wp:term":[{"taxonomy":"category","embeddable":true,"href":"https:\/\/www.noticiasradioreflejos.com.ar\/2021\/wp-json\/wp\/v2\/categories?post=17710"},{"taxonomy":"post_tag","embeddable":true,"href":"https:\/\/www.noticiasradioreflejos.com.ar\/2021\/wp-json\/wp\/v2\/tags?post=17710"}],"curies":[{"name":"wp","href":"https:\/\/api.w.org\/{rel}","templated":true}]}}