{"id":17099,"date":"2017-12-12T10:42:40","date_gmt":"2017-12-12T13:42:40","guid":{"rendered":"http:\/\/www.noticiasradioreflejos.com.ar\/noticias\/?p=17099"},"modified":"2017-12-12T10:42:40","modified_gmt":"2017-12-12T13:42:40","slug":"asamblea-asociacion-de-fomento-barrio-cerro-ceferino","status":"publish","type":"post","link":"https:\/\/www.noticiasradioreflejos.com.ar\/2021\/asamblea-asociacion-de-fomento-barrio-cerro-ceferino\/","title":{"rendered":"Asamblea Asociaci\u00f3n de Fomento Barrio Cerro Ceferino."},"content":{"rendered":"<p>Informamos a la comunidad toda, que el domingo 10 de diciembre de 2017, a las 11.30 hs. se llev\u00f3 a cabo la Asamblea de la Asociaci\u00f3n Civil de Fomento Barrio Cerro Ceferino con el balance de lo realizado en el presente a\u00f1o. Tambi\u00e9n hubo elecciones para cambio de autoridades. Y se planearon los objetivos para el 2018. La reuni\u00f3n tuvo lugar en el sal\u00f3n de la Posada y Spa Las Golondrinas con la presencia de socios y vecinos del barrio.<!--more--><br \/>\nLa Comisi\u00f3n Directiva qued\u00f3 conformada por la siguientes personas:<br \/>\n            Presidente             Daniel Arrieta<br \/>\n            Vicepresidente         H\u00e9ctor Cabral<br \/>\n            Secretaria             Mar\u00eda Laura da Fonseca<br \/>\n            Tesorera               Natalia Escribano<br \/>\n            Vocal                  N\u00e9stor Vecchi<br \/>\n            Vocal                  Mart\u00edn Bernal Santiago<br \/>\n            Vocal Suplente         Sandra de la Calle<br \/>\n            Vocal Suplente         Diego Fernandez<br \/>\n            Revisor de cuentas     Marta Rojas<br \/>\n            Revisor de cuentas     Daniel Simonetta<br \/>\n            Revisor de cuentas (S) Liliana Consoli<br \/>\nEste nuevo equipo seguir\u00e1, junto a los vecinos, trabajando para fomentar el desarrollo urban\u00edstico, tur\u00edstico y cultural del Barrio, y para defender y peticionar por los derechos de los propietarios de terrenos y casas.<br \/>\nAsociaci\u00f3n Civil de Fomento Barrio Cerro Ceferino<\/p>\n","protected":false},"excerpt":{"rendered":"<p>Informamos a la comunidad toda, que el domingo 10 de diciembre de 2017, a las 11.30 hs. se llev\u00f3 a cabo la Asamblea de la Asociaci\u00f3n Civil de Fomento Barrio Cerro Ceferino con el balance de lo realizado en el presente a\u00f1o. Tambi\u00e9n hubo elecciones para cambio de autoridades. Y se planearon los objetivos para [&hellip;]<\/p>\n","protected":false},"author":3,"featured_media":17100,"comment_status":"closed","ping_status":"open","sticky":false,"template":"","format":"standard","meta":{"footnotes":""},"categories":[26],"tags":[],"class_list":["post-17099","post","type-post","status-publish","format-standard","has-post-thumbnail","hentry","category-sociedad"],"yoast_head":"<!-- This site is optimized with the Yoast SEO plugin v25.9 - https:\/\/yoast.com\/wordpress\/plugins\/seo\/ -->\n<title>Asamblea Asociaci\u00f3n de Fomento Barrio Cerro Ceferino. - Noticias Radio Reflejos<\/title>\n<meta name=\"robots\" content=\"index, follow, max-snippet:-1, max-image-preview:large, max-video-preview:-1\" \/>\n<link rel=\"canonical\" href=\"https:\/\/www.noticiasradioreflejos.com.ar\/2021\/asamblea-asociacion-de-fomento-barrio-cerro-ceferino\/\" \/>\n<meta property=\"og:locale\" content=\"es_ES\" \/>\n<meta property=\"og:type\" content=\"article\" \/>\n<meta property=\"og:title\" content=\"Asamblea Asociaci\u00f3n de Fomento Barrio Cerro Ceferino. - Noticias Radio Reflejos\" \/>\n<meta property=\"og:description\" content=\"Informamos a la comunidad toda, que el domingo 10 de diciembre de 2017, a las 11.30 hs. se llev\u00f3 a cabo la Asamblea de la Asociaci\u00f3n Civil de Fomento Barrio Cerro Ceferino con el balance de lo realizado en el presente a\u00f1o. Tambi\u00e9n hubo elecciones para cambio de autoridades. Y se planearon los objetivos para [&hellip;]\" \/>\n<meta property=\"og:url\" content=\"https:\/\/www.noticiasradioreflejos.com.ar\/2021\/asamblea-asociacion-de-fomento-barrio-cerro-ceferino\/\" \/>\n<meta property=\"og:site_name\" content=\"Noticias Radio Reflejos\" \/>\n<meta property=\"article:published_time\" content=\"2017-12-12T13:42:40+00:00\" \/>\n<meta property=\"og:image\" content=\"https:\/\/www.noticiasradioreflejos.com.ar\/2021\/wp-content\/uploads\/2017\/12\/asociacion-de-fomento-barrio-ceferino.png\" \/>\n\t<meta property=\"og:image:width\" content=\"282\" \/>\n\t<meta property=\"og:image:height\" content=\"180\" \/>\n\t<meta property=\"og:image:type\" content=\"image\/png\" \/>\n<meta name=\"author\" content=\"Arnaldo Botto\" \/>\n<meta name=\"twitter:card\" content=\"summary_large_image\" \/>\n<script type=\"application\/ld+json\" class=\"yoast-schema-graph\">{\"@context\":\"https:\/\/schema.org\",\"@graph\":[{\"@type\":\"WebPage\",\"@id\":\"https:\/\/www.noticiasradioreflejos.com.ar\/2021\/asamblea-asociacion-de-fomento-barrio-cerro-ceferino\/\",\"url\":\"https:\/\/www.noticiasradioreflejos.com.ar\/2021\/asamblea-asociacion-de-fomento-barrio-cerro-ceferino\/\",\"name\":\"Asamblea Asociaci\u00f3n de Fomento Barrio Cerro Ceferino. - Noticias Radio Reflejos\",\"isPartOf\":{\"@id\":\"https:\/\/www.noticiasradioreflejos.com.ar\/2021\/#website\"},\"primaryImageOfPage\":{\"@id\":\"https:\/\/www.noticiasradioreflejos.com.ar\/2021\/asamblea-asociacion-de-fomento-barrio-cerro-ceferino\/#primaryimage\"},\"image\":{\"@id\":\"https:\/\/www.noticiasradioreflejos.com.ar\/2021\/asamblea-asociacion-de-fomento-barrio-cerro-ceferino\/#primaryimage\"},\"thumbnailUrl\":\"https:\/\/www.noticiasradioreflejos.com.ar\/2021\/wp-content\/uploads\/2017\/12\/asociacion-de-fomento-barrio-ceferino.png\",\"datePublished\":\"2017-12-12T13:42:40+00:00\",\"author\":{\"@id\":\"https:\/\/www.noticiasradioreflejos.com.ar\/2021\/#\/schema\/person\/ad82545263dcc5ec0996818884fd5fb1\"},\"breadcrumb\":{\"@id\":\"https:\/\/www.noticiasradioreflejos.com.ar\/2021\/asamblea-asociacion-de-fomento-barrio-cerro-ceferino\/#breadcrumb\"},\"inLanguage\":\"es\",\"potentialAction\":[{\"@type\":\"ReadAction\",\"target\":[\"https:\/\/www.noticiasradioreflejos.com.ar\/2021\/asamblea-asociacion-de-fomento-barrio-cerro-ceferino\/\"]}]},{\"@type\":\"ImageObject\",\"inLanguage\":\"es\",\"@id\":\"https:\/\/www.noticiasradioreflejos.com.ar\/2021\/asamblea-asociacion-de-fomento-barrio-cerro-ceferino\/#primaryimage\",\"url\":\"https:\/\/www.noticiasradioreflejos.com.ar\/2021\/wp-content\/uploads\/2017\/12\/asociacion-de-fomento-barrio-ceferino.png\",\"contentUrl\":\"https:\/\/www.noticiasradioreflejos.com.ar\/2021\/wp-content\/uploads\/2017\/12\/asociacion-de-fomento-barrio-ceferino.png\",\"width\":282,\"height\":180},{\"@type\":\"BreadcrumbList\",\"@id\":\"https:\/\/www.noticiasradioreflejos.com.ar\/2021\/asamblea-asociacion-de-fomento-barrio-cerro-ceferino\/#breadcrumb\",\"itemListElement\":[{\"@type\":\"ListItem\",\"position\":1,\"name\":\"Portada\",\"item\":\"https:\/\/www.noticiasradioreflejos.com.ar\/2021\/\"},{\"@type\":\"ListItem\",\"position\":2,\"name\":\"Asamblea Asociaci\u00f3n de Fomento Barrio Cerro Ceferino.\"}]},{\"@type\":\"WebSite\",\"@id\":\"https:\/\/www.noticiasradioreflejos.com.ar\/2021\/#website\",\"url\":\"https:\/\/www.noticiasradioreflejos.com.ar\/2021\/\",\"name\":\"Noticias Radio Reflejos\",\"description\":\"Las noticias de mi comarca\",\"potentialAction\":[{\"@type\":\"SearchAction\",\"target\":{\"@type\":\"EntryPoint\",\"urlTemplate\":\"https:\/\/www.noticiasradioreflejos.com.ar\/2021\/?s={search_term_string}\"},\"query-input\":{\"@type\":\"PropertyValueSpecification\",\"valueRequired\":true,\"valueName\":\"search_term_string\"}}],\"inLanguage\":\"es\"},{\"@type\":\"Person\",\"@id\":\"https:\/\/www.noticiasradioreflejos.com.ar\/2021\/#\/schema\/person\/ad82545263dcc5ec0996818884fd5fb1\",\"name\":\"Arnaldo Botto\",\"image\":{\"@type\":\"ImageObject\",\"inLanguage\":\"es\",\"@id\":\"https:\/\/www.noticiasradioreflejos.com.ar\/2021\/#\/schema\/person\/image\/\",\"url\":\"https:\/\/secure.gravatar.com\/avatar\/55cb5e37c1efa326397366e6974cb338056df65cb50e7d64d1cf314e87504837?s=96&d=mm&r=g\",\"contentUrl\":\"https:\/\/secure.gravatar.com\/avatar\/55cb5e37c1efa326397366e6974cb338056df65cb50e7d64d1cf314e87504837?s=96&d=mm&r=g\",\"caption\":\"Arnaldo Botto\"},\"url\":\"https:\/\/www.noticiasradioreflejos.com.ar\/2021\/author\/arnaldo\/\"}]}<\/script>\n<!-- \/ Yoast SEO plugin. -->","yoast_head_json":{"title":"Asamblea Asociaci\u00f3n de Fomento Barrio Cerro Ceferino. - Noticias Radio Reflejos","robots":{"index":"index","follow":"follow","max-snippet":"max-snippet:-1","max-image-preview":"max-image-preview:large","max-video-preview":"max-video-preview:-1"},"canonical":"https:\/\/www.noticiasradioreflejos.com.ar\/2021\/asamblea-asociacion-de-fomento-barrio-cerro-ceferino\/","og_locale":"es_ES","og_type":"article","og_title":"Asamblea Asociaci\u00f3n de Fomento Barrio Cerro Ceferino. - Noticias Radio Reflejos","og_description":"Informamos a la comunidad toda, que el domingo 10 de diciembre de 2017, a las 11.30 hs. se llev\u00f3 a cabo la Asamblea de la Asociaci\u00f3n Civil de Fomento Barrio Cerro Ceferino con el balance de lo realizado en el presente a\u00f1o. Tambi\u00e9n hubo elecciones para cambio de autoridades. Y se planearon los objetivos para [&hellip;]","og_url":"https:\/\/www.noticiasradioreflejos.com.ar\/2021\/asamblea-asociacion-de-fomento-barrio-cerro-ceferino\/","og_site_name":"Noticias Radio Reflejos","article_published_time":"2017-12-12T13:42:40+00:00","og_image":[{"width":282,"height":180,"url":"https:\/\/www.noticiasradioreflejos.com.ar\/2021\/wp-content\/uploads\/2017\/12\/asociacion-de-fomento-barrio-ceferino.png","type":"image\/png"}],"author":"Arnaldo Botto","twitter_card":"summary_large_image","schema":{"@context":"https:\/\/schema.org","@graph":[{"@type":"WebPage","@id":"https:\/\/www.noticiasradioreflejos.com.ar\/2021\/asamblea-asociacion-de-fomento-barrio-cerro-ceferino\/","url":"https:\/\/www.noticiasradioreflejos.com.ar\/2021\/asamblea-asociacion-de-fomento-barrio-cerro-ceferino\/","name":"Asamblea Asociaci\u00f3n de Fomento Barrio Cerro Ceferino. - Noticias Radio Reflejos","isPartOf":{"@id":"https:\/\/www.noticiasradioreflejos.com.ar\/2021\/#website"},"primaryImageOfPage":{"@id":"https:\/\/www.noticiasradioreflejos.com.ar\/2021\/asamblea-asociacion-de-fomento-barrio-cerro-ceferino\/#primaryimage"},"image":{"@id":"https:\/\/www.noticiasradioreflejos.com.ar\/2021\/asamblea-asociacion-de-fomento-barrio-cerro-ceferino\/#primaryimage"},"thumbnailUrl":"https:\/\/www.noticiasradioreflejos.com.ar\/2021\/wp-content\/uploads\/2017\/12\/asociacion-de-fomento-barrio-ceferino.png","datePublished":"2017-12-12T13:42:40+00:00","author":{"@id":"https:\/\/www.noticiasradioreflejos.com.ar\/2021\/#\/schema\/person\/ad82545263dcc5ec0996818884fd5fb1"},"breadcrumb":{"@id":"https:\/\/www.noticiasradioreflejos.com.ar\/2021\/asamblea-asociacion-de-fomento-barrio-cerro-ceferino\/#breadcrumb"},"inLanguage":"es","potentialAction":[{"@type":"ReadAction","target":["https:\/\/www.noticiasradioreflejos.com.ar\/2021\/asamblea-asociacion-de-fomento-barrio-cerro-ceferino\/"]}]},{"@type":"ImageObject","inLanguage":"es","@id":"https:\/\/www.noticiasradioreflejos.com.ar\/2021\/asamblea-asociacion-de-fomento-barrio-cerro-ceferino\/#primaryimage","url":"https:\/\/www.noticiasradioreflejos.com.ar\/2021\/wp-content\/uploads\/2017\/12\/asociacion-de-fomento-barrio-ceferino.png","contentUrl":"https:\/\/www.noticiasradioreflejos.com.ar\/2021\/wp-content\/uploads\/2017\/12\/asociacion-de-fomento-barrio-ceferino.png","width":282,"height":180},{"@type":"BreadcrumbList","@id":"https:\/\/www.noticiasradioreflejos.com.ar\/2021\/asamblea-asociacion-de-fomento-barrio-cerro-ceferino\/#breadcrumb","itemListElement":[{"@type":"ListItem","position":1,"name":"Portada","item":"https:\/\/www.noticiasradioreflejos.com.ar\/2021\/"},{"@type":"ListItem","position":2,"name":"Asamblea Asociaci\u00f3n de Fomento Barrio Cerro Ceferino."}]},{"@type":"WebSite","@id":"https:\/\/www.noticiasradioreflejos.com.ar\/2021\/#website","url":"https:\/\/www.noticiasradioreflejos.com.ar\/2021\/","name":"Noticias Radio Reflejos","description":"Las noticias de mi comarca","potentialAction":[{"@type":"SearchAction","target":{"@type":"EntryPoint","urlTemplate":"https:\/\/www.noticiasradioreflejos.com.ar\/2021\/?s={search_term_string}"},"query-input":{"@type":"PropertyValueSpecification","valueRequired":true,"valueName":"search_term_string"}}],"inLanguage":"es"},{"@type":"Person","@id":"https:\/\/www.noticiasradioreflejos.com.ar\/2021\/#\/schema\/person\/ad82545263dcc5ec0996818884fd5fb1","name":"Arnaldo Botto","image":{"@type":"ImageObject","inLanguage":"es","@id":"https:\/\/www.noticiasradioreflejos.com.ar\/2021\/#\/schema\/person\/image\/","url":"https:\/\/secure.gravatar.com\/avatar\/55cb5e37c1efa326397366e6974cb338056df65cb50e7d64d1cf314e87504837?s=96&d=mm&r=g","contentUrl":"https:\/\/secure.gravatar.com\/avatar\/55cb5e37c1efa326397366e6974cb338056df65cb50e7d64d1cf314e87504837?s=96&d=mm&r=g","caption":"Arnaldo Botto"},"url":"https:\/\/www.noticiasradioreflejos.com.ar\/2021\/author\/arnaldo\/"}]}},"_links":{"self":[{"href":"https:\/\/www.noticiasradioreflejos.com.ar\/2021\/wp-json\/wp\/v2\/posts\/17099","targetHints":{"allow":["GET"]}}],"collection":[{"href":"https:\/\/www.noticiasradioreflejos.com.ar\/2021\/wp-json\/wp\/v2\/posts"}],"about":[{"href":"https:\/\/www.noticiasradioreflejos.com.ar\/2021\/wp-json\/wp\/v2\/types\/post"}],"author":[{"embeddable":true,"href":"https:\/\/www.noticiasradioreflejos.com.ar\/2021\/wp-json\/wp\/v2\/users\/3"}],"replies":[{"embeddable":true,"href":"https:\/\/www.noticiasradioreflejos.com.ar\/2021\/wp-json\/wp\/v2\/comments?post=17099"}],"version-history":[{"count":0,"href":"https:\/\/www.noticiasradioreflejos.com.ar\/2021\/wp-json\/wp\/v2\/posts\/17099\/revisions"}],"wp:featuredmedia":[{"embeddable":true,"href":"https:\/\/www.noticiasradioreflejos.com.ar\/2021\/wp-json\/wp\/v2\/media\/17100"}],"wp:attachment":[{"href":"https:\/\/www.noticiasradioreflejos.com.ar\/2021\/wp-json\/wp\/v2\/media?parent=17099"}],"wp:term":[{"taxonomy":"category","embeddable":true,"href":"https:\/\/www.noticiasradioreflejos.com.ar\/2021\/wp-json\/wp\/v2\/categories?post=17099"},{"taxonomy":"post_tag","embeddable":true,"href":"https:\/\/www.noticiasradioreflejos.com.ar\/2021\/wp-json\/wp\/v2\/tags?post=17099"}],"curies":[{"name":"wp","href":"https:\/\/api.w.org\/{rel}","templated":true}]}}