{"id":17088,"date":"2017-12-12T09:02:01","date_gmt":"2017-12-12T12:02:01","guid":{"rendered":"http:\/\/www.noticiasradioreflejos.com.ar\/noticias\/?p=17088"},"modified":"2017-12-12T09:02:01","modified_gmt":"2017-12-12T12:02:01","slug":"17088","status":"publish","type":"post","link":"https:\/\/www.noticiasradioreflejos.com.ar\/2021\/17088\/","title":{"rendered":"Nueva presentaci\u00f3n del &quot;Archivo Oral en Tornquist&quot;"},"content":{"rendered":"<p><a title=\"DSC_0018 [1600x1200]\" href=\"http:\/\/farm5.staticflickr.com\/4518\/25134357578_643dd18d1b.jpg\" rel=\"\"><img loading=\"lazy\" decoding=\"async\" class=\"alignleft\" style=\"float: left;\" title=\"DSC_0018 [1600x1200]\" src=\"http:\/\/farm5.staticflickr.com\/4518\/25134357578_643dd18d1b.jpg\" alt=\"DSC_0018 [1600x1200]\" width=\"500\" height=\"334\" \/><\/a>Con la din\u00e1mica que le imprime el profesor Mariano Spialtini que cuenta con el apoyo de la Direcci\u00f3n de Cultura a cargo de la profesora Noel\u00ed Kloster, del Dr. Gonzalo Iparraguirre de la agencia de desarrollo y supervisada por el Intendente comunal Sergio Bordoni, se presentaron nuevamente historias del arhivo oral, que rescatan entusiastas mujeres como Mar\u00eda Teresa Rodr\u00edguez, Haydee Echave y Rosalina Bustamante.<!--more--><br \/>\nEllas integran un grupo de entusiastas \u201cbusca historias\u201d y se sumergen en esos mundos desconocidos con an\u00e9cdotas que vuelven a tomar vida dibujadas en los rostros de esos entrevistados que dejan sus palabras para la posteridad.<br \/>\nEsta vez el lugar elegido fue la es casa del Dr. Jos\u00e9 Manuel Rodr\u00edguez ahora convertido en patrimonio cultural donde sue\u00f1an alguna vez contar con el museo y archivo hist\u00f3rico en un solo espacio.<br \/>\nLos asistentes pudieron escuchar historias de varias personas que cuentan la vida de sus antecesores o de la propia y as\u00ed se hilvanan an\u00e9cdotas o simplemente se sorprenden con escuchar nombres que el tiempo parece haber devorado.<br \/>\n<a title=\"DSC_0066 [1600x1200]\" href=\"http:\/\/farm5.staticflickr.com\/4691\/38117947105_8cc88379a4.jpg\" rel=\"\"><img loading=\"lazy\" decoding=\"async\" class=\"aligncenter\" title=\"DSC_0066 [1600x1200]\" src=\"http:\/\/farm5.staticflickr.com\/4691\/38117947105_8cc88379a4.jpg\" alt=\"DSC_0066 [1600x1200]\" width=\"500\" height=\"334\" \/><\/a><br \/>\nUn ejemplo a seguir el de Mar\u00eda Teresa Rodr\u00edguez o Rosalina Bustamante que marcan en cada uno de sus textos su dicci\u00f3n y transmiten claramente palabras que toman vida.<br \/>\nQue decir de Haydee Echave con sus 82 a\u00f1os muestra un intelecto incre\u00edble y aunque no lo dice esta cursando el secundario porque nunca se pierde lo que se sue\u00f1a.<br \/>\nLas historias seguir\u00e1n cont\u00e1ndose mientras all\u00e1 gente que las recoja y las haga conocidas.<br \/>\n<iframe loading=\"lazy\" src=\"https:\/\/w.soundcloud.com\/player\/?url=https%3A\/\/api.soundcloud.com\/tracks\/368428721&amp;color=%23ff5500&amp;auto_play=false&amp;hide_related=false&amp;show_comments=true&amp;show_user=true&amp;show_reposts=false&amp;show_teaser=true\" width=\"100%\" height=\"166\" frameborder=\"no\" scrolling=\"no\"><\/iframe><br \/>\n<iframe loading=\"lazy\" src=\"https:\/\/w.soundcloud.com\/player\/?url=https%3A\/\/api.soundcloud.com\/tracks\/368427956&amp;color=%23ff5500&amp;auto_play=false&amp;hide_related=false&amp;show_comments=true&amp;show_user=true&amp;show_reposts=false&amp;show_teaser=true\" width=\"100%\" height=\"166\" frameborder=\"no\" scrolling=\"no\"><\/iframe><br \/>\n<a title=\"DSC_0026 [1600x1200]\" href=\"http:\/\/farm5.staticflickr.com\/4728\/38117991195_d9ba5f7e1a.jpg\" rel=\"\"><img loading=\"lazy\" decoding=\"async\" class=\"aligncenter\" title=\"DSC_0026 [1600x1200]\" src=\"http:\/\/farm5.staticflickr.com\/4728\/38117991195_d9ba5f7e1a.jpg\" alt=\"DSC_0026 [1600x1200]\" width=\"500\" height=\"334\" \/><\/a><\/p>\n","protected":false},"excerpt":{"rendered":"<p>Con la din\u00e1mica que le imprime el profesor Mariano Spialtini que cuenta con el apoyo de la Direcci\u00f3n de Cultura a cargo de la profesora Noel\u00ed Kloster, del Dr. Gonzalo Iparraguirre de la agencia de desarrollo y supervisada por el Intendente comunal Sergio Bordoni, se presentaron nuevamente historias del arhivo oral, que rescatan entusiastas mujeres [&hellip;]<\/p>\n","protected":false},"author":3,"featured_media":0,"comment_status":"closed","ping_status":"open","sticky":false,"template":"","format":"standard","meta":{"footnotes":""},"categories":[35],"tags":[],"class_list":["post-17088","post","type-post","status-publish","format-standard","hentry","category-cultura"],"yoast_head":"<!-- This site is optimized with the Yoast SEO plugin v25.9 - https:\/\/yoast.com\/wordpress\/plugins\/seo\/ -->\n<title>Nueva presentaci\u00f3n del &quot;Archivo Oral en Tornquist&quot; - Noticias Radio Reflejos<\/title>\n<meta name=\"robots\" content=\"index, follow, max-snippet:-1, max-image-preview:large, max-video-preview:-1\" \/>\n<link rel=\"canonical\" href=\"https:\/\/www.noticiasradioreflejos.com.ar\/2021\/17088\/\" \/>\n<meta property=\"og:locale\" content=\"es_ES\" \/>\n<meta property=\"og:type\" content=\"article\" \/>\n<meta property=\"og:title\" content=\"Nueva presentaci\u00f3n del &quot;Archivo Oral en Tornquist&quot; - Noticias Radio Reflejos\" \/>\n<meta property=\"og:description\" content=\"Con la din\u00e1mica que le imprime el profesor Mariano Spialtini que cuenta con el apoyo de la Direcci\u00f3n de Cultura a cargo de la profesora Noel\u00ed Kloster, del Dr. Gonzalo Iparraguirre de la agencia de desarrollo y supervisada por el Intendente comunal Sergio Bordoni, se presentaron nuevamente historias del arhivo oral, que rescatan entusiastas mujeres [&hellip;]\" \/>\n<meta property=\"og:url\" content=\"https:\/\/www.noticiasradioreflejos.com.ar\/2021\/17088\/\" \/>\n<meta property=\"og:site_name\" content=\"Noticias Radio Reflejos\" \/>\n<meta property=\"article:published_time\" content=\"2017-12-12T12:02:01+00:00\" \/>\n<meta property=\"og:image\" content=\"http:\/\/farm5.staticflickr.com\/4518\/25134357578_643dd18d1b.jpg\" \/>\n<meta name=\"author\" content=\"Arnaldo Botto\" \/>\n<meta name=\"twitter:card\" content=\"summary_large_image\" \/>\n<script type=\"application\/ld+json\" class=\"yoast-schema-graph\">{\"@context\":\"https:\/\/schema.org\",\"@graph\":[{\"@type\":\"WebPage\",\"@id\":\"https:\/\/www.noticiasradioreflejos.com.ar\/2021\/17088\/\",\"url\":\"https:\/\/www.noticiasradioreflejos.com.ar\/2021\/17088\/\",\"name\":\"Nueva presentaci\u00f3n del &quot;Archivo Oral en Tornquist&quot; - Noticias Radio Reflejos\",\"isPartOf\":{\"@id\":\"https:\/\/www.noticiasradioreflejos.com.ar\/2021\/#website\"},\"primaryImageOfPage\":{\"@id\":\"https:\/\/www.noticiasradioreflejos.com.ar\/2021\/17088\/#primaryimage\"},\"image\":{\"@id\":\"https:\/\/www.noticiasradioreflejos.com.ar\/2021\/17088\/#primaryimage\"},\"thumbnailUrl\":\"http:\/\/farm5.staticflickr.com\/4518\/25134357578_643dd18d1b.jpg\",\"datePublished\":\"2017-12-12T12:02:01+00:00\",\"author\":{\"@id\":\"https:\/\/www.noticiasradioreflejos.com.ar\/2021\/#\/schema\/person\/ad82545263dcc5ec0996818884fd5fb1\"},\"breadcrumb\":{\"@id\":\"https:\/\/www.noticiasradioreflejos.com.ar\/2021\/17088\/#breadcrumb\"},\"inLanguage\":\"es\",\"potentialAction\":[{\"@type\":\"ReadAction\",\"target\":[\"https:\/\/www.noticiasradioreflejos.com.ar\/2021\/17088\/\"]}]},{\"@type\":\"ImageObject\",\"inLanguage\":\"es\",\"@id\":\"https:\/\/www.noticiasradioreflejos.com.ar\/2021\/17088\/#primaryimage\",\"url\":\"http:\/\/farm5.staticflickr.com\/4518\/25134357578_643dd18d1b.jpg\",\"contentUrl\":\"http:\/\/farm5.staticflickr.com\/4518\/25134357578_643dd18d1b.jpg\"},{\"@type\":\"BreadcrumbList\",\"@id\":\"https:\/\/www.noticiasradioreflejos.com.ar\/2021\/17088\/#breadcrumb\",\"itemListElement\":[{\"@type\":\"ListItem\",\"position\":1,\"name\":\"Portada\",\"item\":\"https:\/\/www.noticiasradioreflejos.com.ar\/2021\/\"},{\"@type\":\"ListItem\",\"position\":2,\"name\":\"Nueva presentaci\u00f3n del &quot;Archivo Oral en Tornquist&quot;\"}]},{\"@type\":\"WebSite\",\"@id\":\"https:\/\/www.noticiasradioreflejos.com.ar\/2021\/#website\",\"url\":\"https:\/\/www.noticiasradioreflejos.com.ar\/2021\/\",\"name\":\"Noticias Radio Reflejos\",\"description\":\"Las noticias de mi comarca\",\"potentialAction\":[{\"@type\":\"SearchAction\",\"target\":{\"@type\":\"EntryPoint\",\"urlTemplate\":\"https:\/\/www.noticiasradioreflejos.com.ar\/2021\/?s={search_term_string}\"},\"query-input\":{\"@type\":\"PropertyValueSpecification\",\"valueRequired\":true,\"valueName\":\"search_term_string\"}}],\"inLanguage\":\"es\"},{\"@type\":\"Person\",\"@id\":\"https:\/\/www.noticiasradioreflejos.com.ar\/2021\/#\/schema\/person\/ad82545263dcc5ec0996818884fd5fb1\",\"name\":\"Arnaldo Botto\",\"image\":{\"@type\":\"ImageObject\",\"inLanguage\":\"es\",\"@id\":\"https:\/\/www.noticiasradioreflejos.com.ar\/2021\/#\/schema\/person\/image\/\",\"url\":\"https:\/\/secure.gravatar.com\/avatar\/55cb5e37c1efa326397366e6974cb338056df65cb50e7d64d1cf314e87504837?s=96&d=mm&r=g\",\"contentUrl\":\"https:\/\/secure.gravatar.com\/avatar\/55cb5e37c1efa326397366e6974cb338056df65cb50e7d64d1cf314e87504837?s=96&d=mm&r=g\",\"caption\":\"Arnaldo Botto\"},\"url\":\"https:\/\/www.noticiasradioreflejos.com.ar\/2021\/author\/arnaldo\/\"}]}<\/script>\n<!-- \/ Yoast SEO plugin. -->","yoast_head_json":{"title":"Nueva presentaci\u00f3n del &quot;Archivo Oral en Tornquist&quot; - Noticias Radio Reflejos","robots":{"index":"index","follow":"follow","max-snippet":"max-snippet:-1","max-image-preview":"max-image-preview:large","max-video-preview":"max-video-preview:-1"},"canonical":"https:\/\/www.noticiasradioreflejos.com.ar\/2021\/17088\/","og_locale":"es_ES","og_type":"article","og_title":"Nueva presentaci\u00f3n del &quot;Archivo Oral en Tornquist&quot; - Noticias Radio Reflejos","og_description":"Con la din\u00e1mica que le imprime el profesor Mariano Spialtini que cuenta con el apoyo de la Direcci\u00f3n de Cultura a cargo de la profesora Noel\u00ed Kloster, del Dr. Gonzalo Iparraguirre de la agencia de desarrollo y supervisada por el Intendente comunal Sergio Bordoni, se presentaron nuevamente historias del arhivo oral, que rescatan entusiastas mujeres [&hellip;]","og_url":"https:\/\/www.noticiasradioreflejos.com.ar\/2021\/17088\/","og_site_name":"Noticias Radio Reflejos","article_published_time":"2017-12-12T12:02:01+00:00","og_image":[{"url":"http:\/\/farm5.staticflickr.com\/4518\/25134357578_643dd18d1b.jpg","type":"","width":"","height":""}],"author":"Arnaldo Botto","twitter_card":"summary_large_image","schema":{"@context":"https:\/\/schema.org","@graph":[{"@type":"WebPage","@id":"https:\/\/www.noticiasradioreflejos.com.ar\/2021\/17088\/","url":"https:\/\/www.noticiasradioreflejos.com.ar\/2021\/17088\/","name":"Nueva presentaci\u00f3n del &quot;Archivo Oral en Tornquist&quot; - Noticias Radio Reflejos","isPartOf":{"@id":"https:\/\/www.noticiasradioreflejos.com.ar\/2021\/#website"},"primaryImageOfPage":{"@id":"https:\/\/www.noticiasradioreflejos.com.ar\/2021\/17088\/#primaryimage"},"image":{"@id":"https:\/\/www.noticiasradioreflejos.com.ar\/2021\/17088\/#primaryimage"},"thumbnailUrl":"http:\/\/farm5.staticflickr.com\/4518\/25134357578_643dd18d1b.jpg","datePublished":"2017-12-12T12:02:01+00:00","author":{"@id":"https:\/\/www.noticiasradioreflejos.com.ar\/2021\/#\/schema\/person\/ad82545263dcc5ec0996818884fd5fb1"},"breadcrumb":{"@id":"https:\/\/www.noticiasradioreflejos.com.ar\/2021\/17088\/#breadcrumb"},"inLanguage":"es","potentialAction":[{"@type":"ReadAction","target":["https:\/\/www.noticiasradioreflejos.com.ar\/2021\/17088\/"]}]},{"@type":"ImageObject","inLanguage":"es","@id":"https:\/\/www.noticiasradioreflejos.com.ar\/2021\/17088\/#primaryimage","url":"http:\/\/farm5.staticflickr.com\/4518\/25134357578_643dd18d1b.jpg","contentUrl":"http:\/\/farm5.staticflickr.com\/4518\/25134357578_643dd18d1b.jpg"},{"@type":"BreadcrumbList","@id":"https:\/\/www.noticiasradioreflejos.com.ar\/2021\/17088\/#breadcrumb","itemListElement":[{"@type":"ListItem","position":1,"name":"Portada","item":"https:\/\/www.noticiasradioreflejos.com.ar\/2021\/"},{"@type":"ListItem","position":2,"name":"Nueva presentaci\u00f3n del &quot;Archivo Oral en Tornquist&quot;"}]},{"@type":"WebSite","@id":"https:\/\/www.noticiasradioreflejos.com.ar\/2021\/#website","url":"https:\/\/www.noticiasradioreflejos.com.ar\/2021\/","name":"Noticias Radio Reflejos","description":"Las noticias de mi comarca","potentialAction":[{"@type":"SearchAction","target":{"@type":"EntryPoint","urlTemplate":"https:\/\/www.noticiasradioreflejos.com.ar\/2021\/?s={search_term_string}"},"query-input":{"@type":"PropertyValueSpecification","valueRequired":true,"valueName":"search_term_string"}}],"inLanguage":"es"},{"@type":"Person","@id":"https:\/\/www.noticiasradioreflejos.com.ar\/2021\/#\/schema\/person\/ad82545263dcc5ec0996818884fd5fb1","name":"Arnaldo Botto","image":{"@type":"ImageObject","inLanguage":"es","@id":"https:\/\/www.noticiasradioreflejos.com.ar\/2021\/#\/schema\/person\/image\/","url":"https:\/\/secure.gravatar.com\/avatar\/55cb5e37c1efa326397366e6974cb338056df65cb50e7d64d1cf314e87504837?s=96&d=mm&r=g","contentUrl":"https:\/\/secure.gravatar.com\/avatar\/55cb5e37c1efa326397366e6974cb338056df65cb50e7d64d1cf314e87504837?s=96&d=mm&r=g","caption":"Arnaldo Botto"},"url":"https:\/\/www.noticiasradioreflejos.com.ar\/2021\/author\/arnaldo\/"}]}},"_links":{"self":[{"href":"https:\/\/www.noticiasradioreflejos.com.ar\/2021\/wp-json\/wp\/v2\/posts\/17088","targetHints":{"allow":["GET"]}}],"collection":[{"href":"https:\/\/www.noticiasradioreflejos.com.ar\/2021\/wp-json\/wp\/v2\/posts"}],"about":[{"href":"https:\/\/www.noticiasradioreflejos.com.ar\/2021\/wp-json\/wp\/v2\/types\/post"}],"author":[{"embeddable":true,"href":"https:\/\/www.noticiasradioreflejos.com.ar\/2021\/wp-json\/wp\/v2\/users\/3"}],"replies":[{"embeddable":true,"href":"https:\/\/www.noticiasradioreflejos.com.ar\/2021\/wp-json\/wp\/v2\/comments?post=17088"}],"version-history":[{"count":0,"href":"https:\/\/www.noticiasradioreflejos.com.ar\/2021\/wp-json\/wp\/v2\/posts\/17088\/revisions"}],"wp:attachment":[{"href":"https:\/\/www.noticiasradioreflejos.com.ar\/2021\/wp-json\/wp\/v2\/media?parent=17088"}],"wp:term":[{"taxonomy":"category","embeddable":true,"href":"https:\/\/www.noticiasradioreflejos.com.ar\/2021\/wp-json\/wp\/v2\/categories?post=17088"},{"taxonomy":"post_tag","embeddable":true,"href":"https:\/\/www.noticiasradioreflejos.com.ar\/2021\/wp-json\/wp\/v2\/tags?post=17088"}],"curies":[{"name":"wp","href":"https:\/\/api.w.org\/{rel}","templated":true}]}}