{"id":17081,"date":"2017-12-12T08:38:07","date_gmt":"2017-12-12T11:38:07","guid":{"rendered":"http:\/\/www.noticiasradioreflejos.com.ar\/noticias\/?p=17081"},"modified":"2017-12-12T08:38:07","modified_gmt":"2017-12-12T11:38:07","slug":"primer-torneo-atletico-en-villa-ventana","status":"publish","type":"post","link":"https:\/\/www.noticiasradioreflejos.com.ar\/2021\/primer-torneo-atletico-en-villa-ventana\/","title":{"rendered":"Primer torneo atl\u00e9tico en Villa Ventana"},"content":{"rendered":"<p><a href=\"http:\/\/farm5.staticflickr.com\/4693\/39003914161_3434526c67.jpg\" title=\"25289185_1966118170269190_1999605783131425638_n\" rel=\"\"><img loading=\"lazy\" decoding=\"async\" src=\"http:\/\/farm5.staticflickr.com\/4693\/39003914161_3434526c67.jpg\" width=\"500\" height=\"333\" alt=\"25289185_1966118170269190_1999605783131425638_n\" title=\"25289185_1966118170269190_1999605783131425638_n\" class=\"alignleft\" style=\"float: left;\"><\/a>El pasado s\u00e1bado 9 de diciembre se desarrollo en la mini pista de atletismo de Villa Ventana, el primer torneo atl\u00e9tico que cont\u00f3 con gran participaci\u00f3n de p\u00fablico y atletas de las distintas localidades vecinas. Se llev\u00f3 a cabo en un marco de mucho compa\u00f1erismo y cordialidad por parte de los presentes.<!--more--><br \/>\nEste evento fue organizado por la Escuela Municipal de Atletismo Tornquist, con apoyo de la direcci\u00f3n de deportes, la delegaci\u00f3n municipal con sus empleados, personal de salud presentes con la ambulancia, familiares de los atletas y el CEPT N\u00ba 12 de la localidad, a quienes agradecemos enormemente su colaboraci\u00f3n.<br \/>\nTuvimos el privilegio de contar con la participaci\u00f3n de Micaela Robledo (recientemente campeona nacional), Lucas Sirimarco (medalla de bronce en campeonato nacional), Thomas Piccirillo (campe\u00f3n argentino), Juan Albrizio (campe\u00f3n argentino y sudamericano de atletas m\u00e1ster) y adem\u00e1s, Ezequiel Cinquegrani de Ingeniero White, Matias Rosas y Nicol\u00e1s Cabral de Villa Ventana quienes representaron a la Provincia de Buenos Aires en sus respectivos campeonatos nacionales. <a href=\"http:\/\/farm5.staticflickr.com\/4540\/39003914961_65961bd329_z.jpg\" title=\"25299006_1966117656935908_4416986141886231672_n\" rel=\"\"><img loading=\"lazy\" decoding=\"async\" src=\"http:\/\/farm5.staticflickr.com\/4540\/39003914961_65961bd329_z.jpg\" width=\"640\" height=\"427\" alt=\"25299006_1966117656935908_4416986141886231672_n\" title=\"25299006_1966117656935908_4416986141886231672_n\" class=\"aligncenter\"><\/a><br \/>\nEl cronograma incluy\u00f3 pruebas para ni\u00f1os y ni\u00f1as de 8 a\u00f1os en adelante, recorriendo las distintas disciplinas como los saltos, lanzamientos, carreras de velocidad y carreras de fondo. Las particularidades que se dieron en este torneo fueron la premiaci\u00f3n a todos los participantes y un refrigerio al finalizar la jornada.<br \/>\nPudimos cumplir con el anhelo de mostrar el lugar d\u00f3nde nuestros atletas se entrenan d\u00eda a d\u00eda.<br \/>\nEsperemos que este torneo, que signific\u00f3 el cierre del a\u00f1o deportivo de la Escuela, sea el comienzo de muchos m\u00e1s.<br \/>\n<a href=\"https:\/\/www.facebook.com\/pg\/AtletismoEMAT\/photos\/?tab=album&#038;album_id=1966114210269586\">Fotos: <\/a><\/p>\n","protected":false},"excerpt":{"rendered":"<p>El pasado s\u00e1bado 9 de diciembre se desarrollo en la mini pista de atletismo de Villa Ventana, el primer torneo atl\u00e9tico que cont\u00f3 con gran participaci\u00f3n de p\u00fablico y atletas de las distintas localidades vecinas. Se llev\u00f3 a cabo en un marco de mucho compa\u00f1erismo y cordialidad por parte de los presentes.<\/p>\n","protected":false},"author":3,"featured_media":0,"comment_status":"closed","ping_status":"open","sticky":false,"template":"","format":"standard","meta":{"footnotes":""},"categories":[27],"tags":[],"class_list":["post-17081","post","type-post","status-publish","format-standard","hentry","category-deportes"],"yoast_head":"<!-- This site is optimized with the Yoast SEO plugin v25.9 - https:\/\/yoast.com\/wordpress\/plugins\/seo\/ -->\n<title>Primer torneo atl\u00e9tico en Villa Ventana - Noticias Radio Reflejos<\/title>\n<meta name=\"robots\" content=\"index, follow, max-snippet:-1, max-image-preview:large, max-video-preview:-1\" \/>\n<link rel=\"canonical\" href=\"https:\/\/www.noticiasradioreflejos.com.ar\/2021\/primer-torneo-atletico-en-villa-ventana\/\" \/>\n<meta property=\"og:locale\" content=\"es_ES\" \/>\n<meta property=\"og:type\" content=\"article\" \/>\n<meta property=\"og:title\" content=\"Primer torneo atl\u00e9tico en Villa Ventana - Noticias Radio Reflejos\" \/>\n<meta property=\"og:description\" content=\"El pasado s\u00e1bado 9 de diciembre se desarrollo en la mini pista de atletismo de Villa Ventana, el primer torneo atl\u00e9tico que cont\u00f3 con gran participaci\u00f3n de p\u00fablico y atletas de las distintas localidades vecinas. Se llev\u00f3 a cabo en un marco de mucho compa\u00f1erismo y cordialidad por parte de los presentes.\" \/>\n<meta property=\"og:url\" content=\"https:\/\/www.noticiasradioreflejos.com.ar\/2021\/primer-torneo-atletico-en-villa-ventana\/\" \/>\n<meta property=\"og:site_name\" content=\"Noticias Radio Reflejos\" \/>\n<meta property=\"article:published_time\" content=\"2017-12-12T11:38:07+00:00\" \/>\n<meta property=\"og:image\" content=\"http:\/\/farm5.staticflickr.com\/4693\/39003914161_3434526c67.jpg\" \/>\n<meta name=\"author\" content=\"Arnaldo Botto\" \/>\n<meta name=\"twitter:card\" content=\"summary_large_image\" \/>\n<script type=\"application\/ld+json\" class=\"yoast-schema-graph\">{\"@context\":\"https:\/\/schema.org\",\"@graph\":[{\"@type\":\"WebPage\",\"@id\":\"https:\/\/www.noticiasradioreflejos.com.ar\/2021\/primer-torneo-atletico-en-villa-ventana\/\",\"url\":\"https:\/\/www.noticiasradioreflejos.com.ar\/2021\/primer-torneo-atletico-en-villa-ventana\/\",\"name\":\"Primer torneo atl\u00e9tico en Villa Ventana - Noticias Radio Reflejos\",\"isPartOf\":{\"@id\":\"https:\/\/www.noticiasradioreflejos.com.ar\/2021\/#website\"},\"primaryImageOfPage\":{\"@id\":\"https:\/\/www.noticiasradioreflejos.com.ar\/2021\/primer-torneo-atletico-en-villa-ventana\/#primaryimage\"},\"image\":{\"@id\":\"https:\/\/www.noticiasradioreflejos.com.ar\/2021\/primer-torneo-atletico-en-villa-ventana\/#primaryimage\"},\"thumbnailUrl\":\"http:\/\/farm5.staticflickr.com\/4693\/39003914161_3434526c67.jpg\",\"datePublished\":\"2017-12-12T11:38:07+00:00\",\"author\":{\"@id\":\"https:\/\/www.noticiasradioreflejos.com.ar\/2021\/#\/schema\/person\/ad82545263dcc5ec0996818884fd5fb1\"},\"breadcrumb\":{\"@id\":\"https:\/\/www.noticiasradioreflejos.com.ar\/2021\/primer-torneo-atletico-en-villa-ventana\/#breadcrumb\"},\"inLanguage\":\"es\",\"potentialAction\":[{\"@type\":\"ReadAction\",\"target\":[\"https:\/\/www.noticiasradioreflejos.com.ar\/2021\/primer-torneo-atletico-en-villa-ventana\/\"]}]},{\"@type\":\"ImageObject\",\"inLanguage\":\"es\",\"@id\":\"https:\/\/www.noticiasradioreflejos.com.ar\/2021\/primer-torneo-atletico-en-villa-ventana\/#primaryimage\",\"url\":\"http:\/\/farm5.staticflickr.com\/4693\/39003914161_3434526c67.jpg\",\"contentUrl\":\"http:\/\/farm5.staticflickr.com\/4693\/39003914161_3434526c67.jpg\"},{\"@type\":\"BreadcrumbList\",\"@id\":\"https:\/\/www.noticiasradioreflejos.com.ar\/2021\/primer-torneo-atletico-en-villa-ventana\/#breadcrumb\",\"itemListElement\":[{\"@type\":\"ListItem\",\"position\":1,\"name\":\"Portada\",\"item\":\"https:\/\/www.noticiasradioreflejos.com.ar\/2021\/\"},{\"@type\":\"ListItem\",\"position\":2,\"name\":\"Primer torneo atl\u00e9tico en Villa Ventana\"}]},{\"@type\":\"WebSite\",\"@id\":\"https:\/\/www.noticiasradioreflejos.com.ar\/2021\/#website\",\"url\":\"https:\/\/www.noticiasradioreflejos.com.ar\/2021\/\",\"name\":\"Noticias Radio Reflejos\",\"description\":\"Las noticias de mi comarca\",\"potentialAction\":[{\"@type\":\"SearchAction\",\"target\":{\"@type\":\"EntryPoint\",\"urlTemplate\":\"https:\/\/www.noticiasradioreflejos.com.ar\/2021\/?s={search_term_string}\"},\"query-input\":{\"@type\":\"PropertyValueSpecification\",\"valueRequired\":true,\"valueName\":\"search_term_string\"}}],\"inLanguage\":\"es\"},{\"@type\":\"Person\",\"@id\":\"https:\/\/www.noticiasradioreflejos.com.ar\/2021\/#\/schema\/person\/ad82545263dcc5ec0996818884fd5fb1\",\"name\":\"Arnaldo Botto\",\"image\":{\"@type\":\"ImageObject\",\"inLanguage\":\"es\",\"@id\":\"https:\/\/www.noticiasradioreflejos.com.ar\/2021\/#\/schema\/person\/image\/\",\"url\":\"https:\/\/secure.gravatar.com\/avatar\/55cb5e37c1efa326397366e6974cb338056df65cb50e7d64d1cf314e87504837?s=96&d=mm&r=g\",\"contentUrl\":\"https:\/\/secure.gravatar.com\/avatar\/55cb5e37c1efa326397366e6974cb338056df65cb50e7d64d1cf314e87504837?s=96&d=mm&r=g\",\"caption\":\"Arnaldo Botto\"},\"url\":\"https:\/\/www.noticiasradioreflejos.com.ar\/2021\/author\/arnaldo\/\"}]}<\/script>\n<!-- \/ Yoast SEO plugin. -->","yoast_head_json":{"title":"Primer torneo atl\u00e9tico en Villa Ventana - Noticias Radio Reflejos","robots":{"index":"index","follow":"follow","max-snippet":"max-snippet:-1","max-image-preview":"max-image-preview:large","max-video-preview":"max-video-preview:-1"},"canonical":"https:\/\/www.noticiasradioreflejos.com.ar\/2021\/primer-torneo-atletico-en-villa-ventana\/","og_locale":"es_ES","og_type":"article","og_title":"Primer torneo atl\u00e9tico en Villa Ventana - Noticias Radio Reflejos","og_description":"El pasado s\u00e1bado 9 de diciembre se desarrollo en la mini pista de atletismo de Villa Ventana, el primer torneo atl\u00e9tico que cont\u00f3 con gran participaci\u00f3n de p\u00fablico y atletas de las distintas localidades vecinas. Se llev\u00f3 a cabo en un marco de mucho compa\u00f1erismo y cordialidad por parte de los presentes.","og_url":"https:\/\/www.noticiasradioreflejos.com.ar\/2021\/primer-torneo-atletico-en-villa-ventana\/","og_site_name":"Noticias Radio Reflejos","article_published_time":"2017-12-12T11:38:07+00:00","og_image":[{"url":"http:\/\/farm5.staticflickr.com\/4693\/39003914161_3434526c67.jpg","type":"","width":"","height":""}],"author":"Arnaldo Botto","twitter_card":"summary_large_image","schema":{"@context":"https:\/\/schema.org","@graph":[{"@type":"WebPage","@id":"https:\/\/www.noticiasradioreflejos.com.ar\/2021\/primer-torneo-atletico-en-villa-ventana\/","url":"https:\/\/www.noticiasradioreflejos.com.ar\/2021\/primer-torneo-atletico-en-villa-ventana\/","name":"Primer torneo atl\u00e9tico en Villa Ventana - Noticias Radio Reflejos","isPartOf":{"@id":"https:\/\/www.noticiasradioreflejos.com.ar\/2021\/#website"},"primaryImageOfPage":{"@id":"https:\/\/www.noticiasradioreflejos.com.ar\/2021\/primer-torneo-atletico-en-villa-ventana\/#primaryimage"},"image":{"@id":"https:\/\/www.noticiasradioreflejos.com.ar\/2021\/primer-torneo-atletico-en-villa-ventana\/#primaryimage"},"thumbnailUrl":"http:\/\/farm5.staticflickr.com\/4693\/39003914161_3434526c67.jpg","datePublished":"2017-12-12T11:38:07+00:00","author":{"@id":"https:\/\/www.noticiasradioreflejos.com.ar\/2021\/#\/schema\/person\/ad82545263dcc5ec0996818884fd5fb1"},"breadcrumb":{"@id":"https:\/\/www.noticiasradioreflejos.com.ar\/2021\/primer-torneo-atletico-en-villa-ventana\/#breadcrumb"},"inLanguage":"es","potentialAction":[{"@type":"ReadAction","target":["https:\/\/www.noticiasradioreflejos.com.ar\/2021\/primer-torneo-atletico-en-villa-ventana\/"]}]},{"@type":"ImageObject","inLanguage":"es","@id":"https:\/\/www.noticiasradioreflejos.com.ar\/2021\/primer-torneo-atletico-en-villa-ventana\/#primaryimage","url":"http:\/\/farm5.staticflickr.com\/4693\/39003914161_3434526c67.jpg","contentUrl":"http:\/\/farm5.staticflickr.com\/4693\/39003914161_3434526c67.jpg"},{"@type":"BreadcrumbList","@id":"https:\/\/www.noticiasradioreflejos.com.ar\/2021\/primer-torneo-atletico-en-villa-ventana\/#breadcrumb","itemListElement":[{"@type":"ListItem","position":1,"name":"Portada","item":"https:\/\/www.noticiasradioreflejos.com.ar\/2021\/"},{"@type":"ListItem","position":2,"name":"Primer torneo atl\u00e9tico en Villa Ventana"}]},{"@type":"WebSite","@id":"https:\/\/www.noticiasradioreflejos.com.ar\/2021\/#website","url":"https:\/\/www.noticiasradioreflejos.com.ar\/2021\/","name":"Noticias Radio Reflejos","description":"Las noticias de mi comarca","potentialAction":[{"@type":"SearchAction","target":{"@type":"EntryPoint","urlTemplate":"https:\/\/www.noticiasradioreflejos.com.ar\/2021\/?s={search_term_string}"},"query-input":{"@type":"PropertyValueSpecification","valueRequired":true,"valueName":"search_term_string"}}],"inLanguage":"es"},{"@type":"Person","@id":"https:\/\/www.noticiasradioreflejos.com.ar\/2021\/#\/schema\/person\/ad82545263dcc5ec0996818884fd5fb1","name":"Arnaldo Botto","image":{"@type":"ImageObject","inLanguage":"es","@id":"https:\/\/www.noticiasradioreflejos.com.ar\/2021\/#\/schema\/person\/image\/","url":"https:\/\/secure.gravatar.com\/avatar\/55cb5e37c1efa326397366e6974cb338056df65cb50e7d64d1cf314e87504837?s=96&d=mm&r=g","contentUrl":"https:\/\/secure.gravatar.com\/avatar\/55cb5e37c1efa326397366e6974cb338056df65cb50e7d64d1cf314e87504837?s=96&d=mm&r=g","caption":"Arnaldo Botto"},"url":"https:\/\/www.noticiasradioreflejos.com.ar\/2021\/author\/arnaldo\/"}]}},"_links":{"self":[{"href":"https:\/\/www.noticiasradioreflejos.com.ar\/2021\/wp-json\/wp\/v2\/posts\/17081","targetHints":{"allow":["GET"]}}],"collection":[{"href":"https:\/\/www.noticiasradioreflejos.com.ar\/2021\/wp-json\/wp\/v2\/posts"}],"about":[{"href":"https:\/\/www.noticiasradioreflejos.com.ar\/2021\/wp-json\/wp\/v2\/types\/post"}],"author":[{"embeddable":true,"href":"https:\/\/www.noticiasradioreflejos.com.ar\/2021\/wp-json\/wp\/v2\/users\/3"}],"replies":[{"embeddable":true,"href":"https:\/\/www.noticiasradioreflejos.com.ar\/2021\/wp-json\/wp\/v2\/comments?post=17081"}],"version-history":[{"count":0,"href":"https:\/\/www.noticiasradioreflejos.com.ar\/2021\/wp-json\/wp\/v2\/posts\/17081\/revisions"}],"wp:attachment":[{"href":"https:\/\/www.noticiasradioreflejos.com.ar\/2021\/wp-json\/wp\/v2\/media?parent=17081"}],"wp:term":[{"taxonomy":"category","embeddable":true,"href":"https:\/\/www.noticiasradioreflejos.com.ar\/2021\/wp-json\/wp\/v2\/categories?post=17081"},{"taxonomy":"post_tag","embeddable":true,"href":"https:\/\/www.noticiasradioreflejos.com.ar\/2021\/wp-json\/wp\/v2\/tags?post=17081"}],"curies":[{"name":"wp","href":"https:\/\/api.w.org\/{rel}","templated":true}]}}