{"id":17074,"date":"2017-12-12T08:25:40","date_gmt":"2017-12-12T11:25:40","guid":{"rendered":"http:\/\/www.noticiasradioreflejos.com.ar\/noticias\/?p=17074"},"modified":"2017-12-12T08:25:40","modified_gmt":"2017-12-12T11:25:40","slug":"el-sindicato-de-empleados-municipales-eligio-su-nueva-comision","status":"publish","type":"post","link":"https:\/\/www.noticiasradioreflejos.com.ar\/2021\/el-sindicato-de-empleados-municipales-eligio-su-nueva-comision\/","title":{"rendered":"El Sindicato de Empleados Papeleros eligi\u00f3 su nueva comisi\u00f3n."},"content":{"rendered":"<p><a title=\"DSC_0015\" href=\"http:\/\/farm5.staticflickr.com\/4592\/24140227167_c270320048.jpg\" rel=\"\"><img loading=\"lazy\" decoding=\"async\" class=\"alignleft\" style=\"float: left;\" title=\"DSC_0015\" src=\"http:\/\/farm5.staticflickr.com\/4592\/24140227167_c270320048.jpg\" alt=\"DSC_0015\" width=\"371\" height=\"500\" \/><\/a>Este lunes 11 de Diciembre se realiz\u00f3 en el gremio papelero la elecci\u00f3n interna para elegir autoridades del Sindicato que los nuclea.<!--more--><br \/>\nRecordemos que en Julio de 2017 luego del conflicto generado a ra\u00edz el despido de un empleado y despu\u00e9s de una contienda interna entre empleados que ped\u00edan una asamblea para renovar la c\u00fapula, la Federaci\u00f3n del Papel dictamin\u00f3 la intervenci\u00f3n del Sindicato y en Agosto de este a\u00f1o se eligi\u00f3 una junta electoral cuya funci\u00f3n fue la de convocar a elecciones este lunes 11 de diciembre del corriente a\u00f1o.<br \/>\nEn ese sentido se presentaron dos listas. La celeste encabezada por Ceferino Marcolini y la Roja que postulaba a Angel Fernandez.<br \/>\n<a title=\"DSC_0017\" href=\"http:\/\/farm5.staticflickr.com\/4690\/24140341357_9ec94a53db_n.jpg\" rel=\"\"><img loading=\"lazy\" decoding=\"async\" class=\"alignleft\" title=\"DSC_0017\" src=\"http:\/\/farm5.staticflickr.com\/4690\/24140341357_9ec94a53db_n.jpg\" alt=\"DSC_0017\" width=\"242\" height=\"320\" \/><\/a>Sobre un total de 108 afiliados votaron 105(97,22%). A la hora del recuento que fue supervisado por Javier Federico Pace(Agente de contralor del Ministerio de Trabajo, empleo y Seguridad Social de la Naci\u00f3n), la lista Celeste se impuso por amplio margen obteniendo el 79% de los votos(83 Sufragios)quedando con el 20%(21 votos) la lista roja y 1 voto se contabiliz\u00f3 en blanco.<br \/>\nLa Junta electoral integrada por Jos\u00e9 Rodr\u00edguez(Presidente), Alberto Egler(Secretario) y Jos\u00e9 Luis Aguilar(Secretario) felicit\u00f3 en un comunicado a todos los afiliados por su alta participaci\u00f3n y agradecieron al personal administrativo del Sindicato Andrea Miganne y Flavia Heiland como as\u00ed tambi\u00e9n la presencia del agente del Ministerio de Trabajo.<br \/>\n<a title=\"DSC_0016\" href=\"http:\/\/farm5.staticflickr.com\/4641\/24140226067_35d950e7b7.jpg\" rel=\"\"><img loading=\"lazy\" decoding=\"async\" class=\"aligncenter\" title=\"DSC_0016\" src=\"http:\/\/farm5.staticflickr.com\/4641\/24140226067_35d950e7b7.jpg\" alt=\"DSC_0016\" width=\"359\" height=\"500\" \/><\/a><\/p>\n","protected":false},"excerpt":{"rendered":"<p>Este lunes 11 de Diciembre se realiz\u00f3 en el gremio papelero la elecci\u00f3n interna para elegir autoridades del Sindicato que los nuclea.<\/p>\n","protected":false},"author":3,"featured_media":0,"comment_status":"closed","ping_status":"open","sticky":false,"template":"","format":"standard","meta":{"footnotes":""},"categories":[26],"tags":[],"class_list":["post-17074","post","type-post","status-publish","format-standard","hentry","category-sociedad"],"yoast_head":"<!-- This site is optimized with the Yoast SEO plugin v25.9 - https:\/\/yoast.com\/wordpress\/plugins\/seo\/ -->\n<title>El Sindicato de Empleados Papeleros eligi\u00f3 su nueva comisi\u00f3n. - Noticias Radio Reflejos<\/title>\n<meta name=\"robots\" content=\"index, follow, max-snippet:-1, max-image-preview:large, max-video-preview:-1\" \/>\n<link rel=\"canonical\" href=\"https:\/\/www.noticiasradioreflejos.com.ar\/2021\/el-sindicato-de-empleados-municipales-eligio-su-nueva-comision\/\" \/>\n<meta property=\"og:locale\" content=\"es_ES\" \/>\n<meta property=\"og:type\" content=\"article\" \/>\n<meta property=\"og:title\" content=\"El Sindicato de Empleados Papeleros eligi\u00f3 su nueva comisi\u00f3n. - Noticias Radio Reflejos\" \/>\n<meta property=\"og:description\" content=\"Este lunes 11 de Diciembre se realiz\u00f3 en el gremio papelero la elecci\u00f3n interna para elegir autoridades del Sindicato que los nuclea.\" \/>\n<meta property=\"og:url\" content=\"https:\/\/www.noticiasradioreflejos.com.ar\/2021\/el-sindicato-de-empleados-municipales-eligio-su-nueva-comision\/\" \/>\n<meta property=\"og:site_name\" content=\"Noticias Radio Reflejos\" \/>\n<meta property=\"article:published_time\" content=\"2017-12-12T11:25:40+00:00\" \/>\n<meta property=\"og:image\" content=\"http:\/\/farm5.staticflickr.com\/4592\/24140227167_c270320048.jpg\" \/>\n<meta name=\"author\" content=\"Arnaldo Botto\" \/>\n<meta name=\"twitter:card\" content=\"summary_large_image\" \/>\n<script type=\"application\/ld+json\" class=\"yoast-schema-graph\">{\"@context\":\"https:\/\/schema.org\",\"@graph\":[{\"@type\":\"WebPage\",\"@id\":\"https:\/\/www.noticiasradioreflejos.com.ar\/2021\/el-sindicato-de-empleados-municipales-eligio-su-nueva-comision\/\",\"url\":\"https:\/\/www.noticiasradioreflejos.com.ar\/2021\/el-sindicato-de-empleados-municipales-eligio-su-nueva-comision\/\",\"name\":\"El Sindicato de Empleados Papeleros eligi\u00f3 su nueva comisi\u00f3n. - Noticias Radio Reflejos\",\"isPartOf\":{\"@id\":\"https:\/\/www.noticiasradioreflejos.com.ar\/2021\/#website\"},\"primaryImageOfPage\":{\"@id\":\"https:\/\/www.noticiasradioreflejos.com.ar\/2021\/el-sindicato-de-empleados-municipales-eligio-su-nueva-comision\/#primaryimage\"},\"image\":{\"@id\":\"https:\/\/www.noticiasradioreflejos.com.ar\/2021\/el-sindicato-de-empleados-municipales-eligio-su-nueva-comision\/#primaryimage\"},\"thumbnailUrl\":\"http:\/\/farm5.staticflickr.com\/4592\/24140227167_c270320048.jpg\",\"datePublished\":\"2017-12-12T11:25:40+00:00\",\"author\":{\"@id\":\"https:\/\/www.noticiasradioreflejos.com.ar\/2021\/#\/schema\/person\/ad82545263dcc5ec0996818884fd5fb1\"},\"breadcrumb\":{\"@id\":\"https:\/\/www.noticiasradioreflejos.com.ar\/2021\/el-sindicato-de-empleados-municipales-eligio-su-nueva-comision\/#breadcrumb\"},\"inLanguage\":\"es\",\"potentialAction\":[{\"@type\":\"ReadAction\",\"target\":[\"https:\/\/www.noticiasradioreflejos.com.ar\/2021\/el-sindicato-de-empleados-municipales-eligio-su-nueva-comision\/\"]}]},{\"@type\":\"ImageObject\",\"inLanguage\":\"es\",\"@id\":\"https:\/\/www.noticiasradioreflejos.com.ar\/2021\/el-sindicato-de-empleados-municipales-eligio-su-nueva-comision\/#primaryimage\",\"url\":\"http:\/\/farm5.staticflickr.com\/4592\/24140227167_c270320048.jpg\",\"contentUrl\":\"http:\/\/farm5.staticflickr.com\/4592\/24140227167_c270320048.jpg\"},{\"@type\":\"BreadcrumbList\",\"@id\":\"https:\/\/www.noticiasradioreflejos.com.ar\/2021\/el-sindicato-de-empleados-municipales-eligio-su-nueva-comision\/#breadcrumb\",\"itemListElement\":[{\"@type\":\"ListItem\",\"position\":1,\"name\":\"Portada\",\"item\":\"https:\/\/www.noticiasradioreflejos.com.ar\/2021\/\"},{\"@type\":\"ListItem\",\"position\":2,\"name\":\"El Sindicato de Empleados Papeleros eligi\u00f3 su nueva comisi\u00f3n.\"}]},{\"@type\":\"WebSite\",\"@id\":\"https:\/\/www.noticiasradioreflejos.com.ar\/2021\/#website\",\"url\":\"https:\/\/www.noticiasradioreflejos.com.ar\/2021\/\",\"name\":\"Noticias Radio Reflejos\",\"description\":\"Las noticias de mi comarca\",\"potentialAction\":[{\"@type\":\"SearchAction\",\"target\":{\"@type\":\"EntryPoint\",\"urlTemplate\":\"https:\/\/www.noticiasradioreflejos.com.ar\/2021\/?s={search_term_string}\"},\"query-input\":{\"@type\":\"PropertyValueSpecification\",\"valueRequired\":true,\"valueName\":\"search_term_string\"}}],\"inLanguage\":\"es\"},{\"@type\":\"Person\",\"@id\":\"https:\/\/www.noticiasradioreflejos.com.ar\/2021\/#\/schema\/person\/ad82545263dcc5ec0996818884fd5fb1\",\"name\":\"Arnaldo Botto\",\"image\":{\"@type\":\"ImageObject\",\"inLanguage\":\"es\",\"@id\":\"https:\/\/www.noticiasradioreflejos.com.ar\/2021\/#\/schema\/person\/image\/\",\"url\":\"https:\/\/secure.gravatar.com\/avatar\/55cb5e37c1efa326397366e6974cb338056df65cb50e7d64d1cf314e87504837?s=96&d=mm&r=g\",\"contentUrl\":\"https:\/\/secure.gravatar.com\/avatar\/55cb5e37c1efa326397366e6974cb338056df65cb50e7d64d1cf314e87504837?s=96&d=mm&r=g\",\"caption\":\"Arnaldo Botto\"},\"url\":\"https:\/\/www.noticiasradioreflejos.com.ar\/2021\/author\/arnaldo\/\"}]}<\/script>\n<!-- \/ Yoast SEO plugin. -->","yoast_head_json":{"title":"El Sindicato de Empleados Papeleros eligi\u00f3 su nueva comisi\u00f3n. - Noticias Radio Reflejos","robots":{"index":"index","follow":"follow","max-snippet":"max-snippet:-1","max-image-preview":"max-image-preview:large","max-video-preview":"max-video-preview:-1"},"canonical":"https:\/\/www.noticiasradioreflejos.com.ar\/2021\/el-sindicato-de-empleados-municipales-eligio-su-nueva-comision\/","og_locale":"es_ES","og_type":"article","og_title":"El Sindicato de Empleados Papeleros eligi\u00f3 su nueva comisi\u00f3n. - Noticias Radio Reflejos","og_description":"Este lunes 11 de Diciembre se realiz\u00f3 en el gremio papelero la elecci\u00f3n interna para elegir autoridades del Sindicato que los nuclea.","og_url":"https:\/\/www.noticiasradioreflejos.com.ar\/2021\/el-sindicato-de-empleados-municipales-eligio-su-nueva-comision\/","og_site_name":"Noticias Radio Reflejos","article_published_time":"2017-12-12T11:25:40+00:00","og_image":[{"url":"http:\/\/farm5.staticflickr.com\/4592\/24140227167_c270320048.jpg","type":"","width":"","height":""}],"author":"Arnaldo Botto","twitter_card":"summary_large_image","schema":{"@context":"https:\/\/schema.org","@graph":[{"@type":"WebPage","@id":"https:\/\/www.noticiasradioreflejos.com.ar\/2021\/el-sindicato-de-empleados-municipales-eligio-su-nueva-comision\/","url":"https:\/\/www.noticiasradioreflejos.com.ar\/2021\/el-sindicato-de-empleados-municipales-eligio-su-nueva-comision\/","name":"El Sindicato de Empleados Papeleros eligi\u00f3 su nueva comisi\u00f3n. - Noticias Radio Reflejos","isPartOf":{"@id":"https:\/\/www.noticiasradioreflejos.com.ar\/2021\/#website"},"primaryImageOfPage":{"@id":"https:\/\/www.noticiasradioreflejos.com.ar\/2021\/el-sindicato-de-empleados-municipales-eligio-su-nueva-comision\/#primaryimage"},"image":{"@id":"https:\/\/www.noticiasradioreflejos.com.ar\/2021\/el-sindicato-de-empleados-municipales-eligio-su-nueva-comision\/#primaryimage"},"thumbnailUrl":"http:\/\/farm5.staticflickr.com\/4592\/24140227167_c270320048.jpg","datePublished":"2017-12-12T11:25:40+00:00","author":{"@id":"https:\/\/www.noticiasradioreflejos.com.ar\/2021\/#\/schema\/person\/ad82545263dcc5ec0996818884fd5fb1"},"breadcrumb":{"@id":"https:\/\/www.noticiasradioreflejos.com.ar\/2021\/el-sindicato-de-empleados-municipales-eligio-su-nueva-comision\/#breadcrumb"},"inLanguage":"es","potentialAction":[{"@type":"ReadAction","target":["https:\/\/www.noticiasradioreflejos.com.ar\/2021\/el-sindicato-de-empleados-municipales-eligio-su-nueva-comision\/"]}]},{"@type":"ImageObject","inLanguage":"es","@id":"https:\/\/www.noticiasradioreflejos.com.ar\/2021\/el-sindicato-de-empleados-municipales-eligio-su-nueva-comision\/#primaryimage","url":"http:\/\/farm5.staticflickr.com\/4592\/24140227167_c270320048.jpg","contentUrl":"http:\/\/farm5.staticflickr.com\/4592\/24140227167_c270320048.jpg"},{"@type":"BreadcrumbList","@id":"https:\/\/www.noticiasradioreflejos.com.ar\/2021\/el-sindicato-de-empleados-municipales-eligio-su-nueva-comision\/#breadcrumb","itemListElement":[{"@type":"ListItem","position":1,"name":"Portada","item":"https:\/\/www.noticiasradioreflejos.com.ar\/2021\/"},{"@type":"ListItem","position":2,"name":"El Sindicato de Empleados Papeleros eligi\u00f3 su nueva comisi\u00f3n."}]},{"@type":"WebSite","@id":"https:\/\/www.noticiasradioreflejos.com.ar\/2021\/#website","url":"https:\/\/www.noticiasradioreflejos.com.ar\/2021\/","name":"Noticias Radio Reflejos","description":"Las noticias de mi comarca","potentialAction":[{"@type":"SearchAction","target":{"@type":"EntryPoint","urlTemplate":"https:\/\/www.noticiasradioreflejos.com.ar\/2021\/?s={search_term_string}"},"query-input":{"@type":"PropertyValueSpecification","valueRequired":true,"valueName":"search_term_string"}}],"inLanguage":"es"},{"@type":"Person","@id":"https:\/\/www.noticiasradioreflejos.com.ar\/2021\/#\/schema\/person\/ad82545263dcc5ec0996818884fd5fb1","name":"Arnaldo Botto","image":{"@type":"ImageObject","inLanguage":"es","@id":"https:\/\/www.noticiasradioreflejos.com.ar\/2021\/#\/schema\/person\/image\/","url":"https:\/\/secure.gravatar.com\/avatar\/55cb5e37c1efa326397366e6974cb338056df65cb50e7d64d1cf314e87504837?s=96&d=mm&r=g","contentUrl":"https:\/\/secure.gravatar.com\/avatar\/55cb5e37c1efa326397366e6974cb338056df65cb50e7d64d1cf314e87504837?s=96&d=mm&r=g","caption":"Arnaldo Botto"},"url":"https:\/\/www.noticiasradioreflejos.com.ar\/2021\/author\/arnaldo\/"}]}},"_links":{"self":[{"href":"https:\/\/www.noticiasradioreflejos.com.ar\/2021\/wp-json\/wp\/v2\/posts\/17074","targetHints":{"allow":["GET"]}}],"collection":[{"href":"https:\/\/www.noticiasradioreflejos.com.ar\/2021\/wp-json\/wp\/v2\/posts"}],"about":[{"href":"https:\/\/www.noticiasradioreflejos.com.ar\/2021\/wp-json\/wp\/v2\/types\/post"}],"author":[{"embeddable":true,"href":"https:\/\/www.noticiasradioreflejos.com.ar\/2021\/wp-json\/wp\/v2\/users\/3"}],"replies":[{"embeddable":true,"href":"https:\/\/www.noticiasradioreflejos.com.ar\/2021\/wp-json\/wp\/v2\/comments?post=17074"}],"version-history":[{"count":0,"href":"https:\/\/www.noticiasradioreflejos.com.ar\/2021\/wp-json\/wp\/v2\/posts\/17074\/revisions"}],"wp:attachment":[{"href":"https:\/\/www.noticiasradioreflejos.com.ar\/2021\/wp-json\/wp\/v2\/media?parent=17074"}],"wp:term":[{"taxonomy":"category","embeddable":true,"href":"https:\/\/www.noticiasradioreflejos.com.ar\/2021\/wp-json\/wp\/v2\/categories?post=17074"},{"taxonomy":"post_tag","embeddable":true,"href":"https:\/\/www.noticiasradioreflejos.com.ar\/2021\/wp-json\/wp\/v2\/tags?post=17074"}],"curies":[{"name":"wp","href":"https:\/\/api.w.org\/{rel}","templated":true}]}}