{"id":17071,"date":"2017-12-11T23:57:12","date_gmt":"2017-12-12T02:57:12","guid":{"rendered":"http:\/\/www.noticiasradioreflejos.com.ar\/noticias\/?p=17071"},"modified":"2017-12-11T23:57:12","modified_gmt":"2017-12-12T02:57:12","slug":"desfile-de-jolunan-a-beneficio-de-puaf","status":"publish","type":"post","link":"https:\/\/www.noticiasradioreflejos.com.ar\/2021\/desfile-de-jolunan-a-beneficio-de-puaf\/","title":{"rendered":"Desfile de Jolunan a beneficio de PUAF."},"content":{"rendered":"<p>En el d\u00eda de ayer, Domingo 10 de Diciembre, en las instalaciones del Club Golf se realiz\u00f3 un desfile de la pilcheria Jolunan de la mano de Mara Gutierrez a beneficio de la protectora PUAF (Por un animal feliz) de la comarca serrana.<!--more--><br \/>\nCon la colaboraci\u00f3n de todos sus integrantes y familiares se llevo a cabo en el cual los protagonistas eran los perros recuperados de la calle y dados en adopci\u00f3n. Estos en compa\u00f1\u00eda de sus due\u00f1os hicieron de la pasarela un show distinto, ya que engalanaba la festividad del evento, con un buen marco de publico presente se realizaron sorteos con diferentes premios que fueron entregados esa misma tarde, cuyos premios fueron donados por comercios locales. Se hizo un agradecimiento a Marcos Manghi veterinario local que colabora desinteresadamente y a deshora por esta causa. Tambi\u00e9n se hizo una menci\u00f3n especial a Karin True, una de las fundadoras de Puaf, quien all\u00e1 por el 2007 dio inicio a esta asociaci\u00f3n. Desfilaron ni\u00f1os, adolescentes, madres, el club de tenis local, club de golf y mujeres mayores, todos con el auspicio de Jolunan, a quien represent\u00f3 en un desfile junto a sus bisnietos la fundadora de este comercio, la se\u00f1ora Mercedes Noemi Montani. Todo lo recaudado fue destinado para la construcci\u00f3n de mas caniles de alimentos y medicamentos de los canes que viven en el refugio a la espera de ser adoptados. Para mayor informaci\u00f3n, quien quiera acercarse a colaborar \u00f3 adoptar de manera responsable debe dirigirse al forraje \u00abHocicos\u00bb y tratar con Karin True.<br \/>\n<a href=\"http:\/\/farm5.staticflickr.com\/4739\/38100835125_59a182bb9a_z.jpg\" title=\"desfile jolunan2\" rel=\"\"><img loading=\"lazy\" decoding=\"async\" src=\"http:\/\/farm5.staticflickr.com\/4739\/38100835125_59a182bb9a_z.jpg\" width=\"352\" height=\"640\" alt=\"desfile jolunan2\" title=\"desfile jolunan2\" class=\"aligncenter\"><\/a><br \/>\n<a href=\"http:\/\/farm5.staticflickr.com\/4577\/38100829685_02424e6e5b_z.jpg\" title=\"desfile jolunan11\" rel=\"\"><img loading=\"lazy\" decoding=\"async\" src=\"http:\/\/farm5.staticflickr.com\/4577\/38100829685_02424e6e5b_z.jpg\" width=\"640\" height=\"359\" alt=\"desfile jolunan11\" title=\"desfile jolunan11\" class=\"aligncenter\"><\/a><br \/>\n<a href=\"http:\/\/farm5.staticflickr.com\/4558\/38100830595_8b1edc5015_z.jpg\" title=\"desfile jolunan9\" rel=\"\"><img loading=\"lazy\" decoding=\"async\" src=\"http:\/\/farm5.staticflickr.com\/4558\/38100830595_8b1edc5015_z.jpg\" width=\"640\" height=\"359\" alt=\"desfile jolunan9\" title=\"desfile jolunan9\" class=\"aligncenter\"><\/a><br \/>\n<a href=\"http:\/\/farm5.staticflickr.com\/4522\/38100837605_a0cb0dec25_z.jpg\" title=\"desfile jolunan\" rel=\"\"><img loading=\"lazy\" decoding=\"async\" src=\"http:\/\/farm5.staticflickr.com\/4522\/38100837605_a0cb0dec25_z.jpg\" width=\"640\" height=\"359\" alt=\"desfile jolunan\" title=\"desfile jolunan\" class=\"aligncenter\"><\/a><br \/>\n<a href=\"http:\/\/farm5.staticflickr.com\/4517\/38100834595_2fbc227c2e_z.jpg\" title=\"desfile jolunan3\" rel=\"\"><img loading=\"lazy\" decoding=\"async\" src=\"http:\/\/farm5.staticflickr.com\/4517\/38100834595_2fbc227c2e_z.jpg\" width=\"640\" height=\"359\" alt=\"desfile jolunan3\" title=\"desfile jolunan3\" class=\"aligncenter\"><\/a><\/p>\n","protected":false},"excerpt":{"rendered":"<p>En el d\u00eda de ayer, Domingo 10 de Diciembre, en las instalaciones del Club Golf se realiz\u00f3 un desfile de la pilcheria Jolunan de la mano de Mara Gutierrez a beneficio de la protectora PUAF (Por un animal feliz) de la comarca serrana.<\/p>\n","protected":false},"author":3,"featured_media":0,"comment_status":"closed","ping_status":"open","sticky":false,"template":"","format":"standard","meta":{"footnotes":""},"categories":[26],"tags":[],"class_list":["post-17071","post","type-post","status-publish","format-standard","hentry","category-sociedad"],"yoast_head":"<!-- This site is optimized with the Yoast SEO plugin v25.9 - https:\/\/yoast.com\/wordpress\/plugins\/seo\/ -->\n<title>Desfile de Jolunan a beneficio de PUAF. - Noticias Radio Reflejos<\/title>\n<meta name=\"robots\" content=\"index, follow, max-snippet:-1, max-image-preview:large, max-video-preview:-1\" \/>\n<link rel=\"canonical\" href=\"https:\/\/www.noticiasradioreflejos.com.ar\/2021\/desfile-de-jolunan-a-beneficio-de-puaf\/\" \/>\n<meta property=\"og:locale\" content=\"es_ES\" \/>\n<meta property=\"og:type\" content=\"article\" \/>\n<meta property=\"og:title\" content=\"Desfile de Jolunan a beneficio de PUAF. - Noticias Radio Reflejos\" \/>\n<meta property=\"og:description\" content=\"En el d\u00eda de ayer, Domingo 10 de Diciembre, en las instalaciones del Club Golf se realiz\u00f3 un desfile de la pilcheria Jolunan de la mano de Mara Gutierrez a beneficio de la protectora PUAF (Por un animal feliz) de la comarca serrana.\" \/>\n<meta property=\"og:url\" content=\"https:\/\/www.noticiasradioreflejos.com.ar\/2021\/desfile-de-jolunan-a-beneficio-de-puaf\/\" \/>\n<meta property=\"og:site_name\" content=\"Noticias Radio Reflejos\" \/>\n<meta property=\"article:published_time\" content=\"2017-12-12T02:57:12+00:00\" \/>\n<meta property=\"og:image\" content=\"http:\/\/farm5.staticflickr.com\/4739\/38100835125_59a182bb9a_z.jpg\" \/>\n<meta name=\"author\" content=\"Arnaldo Botto\" \/>\n<meta name=\"twitter:card\" content=\"summary_large_image\" \/>\n<script type=\"application\/ld+json\" class=\"yoast-schema-graph\">{\"@context\":\"https:\/\/schema.org\",\"@graph\":[{\"@type\":\"WebPage\",\"@id\":\"https:\/\/www.noticiasradioreflejos.com.ar\/2021\/desfile-de-jolunan-a-beneficio-de-puaf\/\",\"url\":\"https:\/\/www.noticiasradioreflejos.com.ar\/2021\/desfile-de-jolunan-a-beneficio-de-puaf\/\",\"name\":\"Desfile de Jolunan a beneficio de PUAF. - Noticias Radio Reflejos\",\"isPartOf\":{\"@id\":\"https:\/\/www.noticiasradioreflejos.com.ar\/2021\/#website\"},\"primaryImageOfPage\":{\"@id\":\"https:\/\/www.noticiasradioreflejos.com.ar\/2021\/desfile-de-jolunan-a-beneficio-de-puaf\/#primaryimage\"},\"image\":{\"@id\":\"https:\/\/www.noticiasradioreflejos.com.ar\/2021\/desfile-de-jolunan-a-beneficio-de-puaf\/#primaryimage\"},\"thumbnailUrl\":\"http:\/\/farm5.staticflickr.com\/4739\/38100835125_59a182bb9a_z.jpg\",\"datePublished\":\"2017-12-12T02:57:12+00:00\",\"author\":{\"@id\":\"https:\/\/www.noticiasradioreflejos.com.ar\/2021\/#\/schema\/person\/ad82545263dcc5ec0996818884fd5fb1\"},\"breadcrumb\":{\"@id\":\"https:\/\/www.noticiasradioreflejos.com.ar\/2021\/desfile-de-jolunan-a-beneficio-de-puaf\/#breadcrumb\"},\"inLanguage\":\"es\",\"potentialAction\":[{\"@type\":\"ReadAction\",\"target\":[\"https:\/\/www.noticiasradioreflejos.com.ar\/2021\/desfile-de-jolunan-a-beneficio-de-puaf\/\"]}]},{\"@type\":\"ImageObject\",\"inLanguage\":\"es\",\"@id\":\"https:\/\/www.noticiasradioreflejos.com.ar\/2021\/desfile-de-jolunan-a-beneficio-de-puaf\/#primaryimage\",\"url\":\"http:\/\/farm5.staticflickr.com\/4739\/38100835125_59a182bb9a_z.jpg\",\"contentUrl\":\"http:\/\/farm5.staticflickr.com\/4739\/38100835125_59a182bb9a_z.jpg\"},{\"@type\":\"BreadcrumbList\",\"@id\":\"https:\/\/www.noticiasradioreflejos.com.ar\/2021\/desfile-de-jolunan-a-beneficio-de-puaf\/#breadcrumb\",\"itemListElement\":[{\"@type\":\"ListItem\",\"position\":1,\"name\":\"Portada\",\"item\":\"https:\/\/www.noticiasradioreflejos.com.ar\/2021\/\"},{\"@type\":\"ListItem\",\"position\":2,\"name\":\"Desfile de Jolunan a beneficio de PUAF.\"}]},{\"@type\":\"WebSite\",\"@id\":\"https:\/\/www.noticiasradioreflejos.com.ar\/2021\/#website\",\"url\":\"https:\/\/www.noticiasradioreflejos.com.ar\/2021\/\",\"name\":\"Noticias Radio Reflejos\",\"description\":\"Las noticias de mi comarca\",\"potentialAction\":[{\"@type\":\"SearchAction\",\"target\":{\"@type\":\"EntryPoint\",\"urlTemplate\":\"https:\/\/www.noticiasradioreflejos.com.ar\/2021\/?s={search_term_string}\"},\"query-input\":{\"@type\":\"PropertyValueSpecification\",\"valueRequired\":true,\"valueName\":\"search_term_string\"}}],\"inLanguage\":\"es\"},{\"@type\":\"Person\",\"@id\":\"https:\/\/www.noticiasradioreflejos.com.ar\/2021\/#\/schema\/person\/ad82545263dcc5ec0996818884fd5fb1\",\"name\":\"Arnaldo Botto\",\"image\":{\"@type\":\"ImageObject\",\"inLanguage\":\"es\",\"@id\":\"https:\/\/www.noticiasradioreflejos.com.ar\/2021\/#\/schema\/person\/image\/\",\"url\":\"https:\/\/secure.gravatar.com\/avatar\/55cb5e37c1efa326397366e6974cb338056df65cb50e7d64d1cf314e87504837?s=96&d=mm&r=g\",\"contentUrl\":\"https:\/\/secure.gravatar.com\/avatar\/55cb5e37c1efa326397366e6974cb338056df65cb50e7d64d1cf314e87504837?s=96&d=mm&r=g\",\"caption\":\"Arnaldo Botto\"},\"url\":\"https:\/\/www.noticiasradioreflejos.com.ar\/2021\/author\/arnaldo\/\"}]}<\/script>\n<!-- \/ Yoast SEO plugin. -->","yoast_head_json":{"title":"Desfile de Jolunan a beneficio de PUAF. - Noticias Radio Reflejos","robots":{"index":"index","follow":"follow","max-snippet":"max-snippet:-1","max-image-preview":"max-image-preview:large","max-video-preview":"max-video-preview:-1"},"canonical":"https:\/\/www.noticiasradioreflejos.com.ar\/2021\/desfile-de-jolunan-a-beneficio-de-puaf\/","og_locale":"es_ES","og_type":"article","og_title":"Desfile de Jolunan a beneficio de PUAF. - Noticias Radio Reflejos","og_description":"En el d\u00eda de ayer, Domingo 10 de Diciembre, en las instalaciones del Club Golf se realiz\u00f3 un desfile de la pilcheria Jolunan de la mano de Mara Gutierrez a beneficio de la protectora PUAF (Por un animal feliz) de la comarca serrana.","og_url":"https:\/\/www.noticiasradioreflejos.com.ar\/2021\/desfile-de-jolunan-a-beneficio-de-puaf\/","og_site_name":"Noticias Radio Reflejos","article_published_time":"2017-12-12T02:57:12+00:00","og_image":[{"url":"http:\/\/farm5.staticflickr.com\/4739\/38100835125_59a182bb9a_z.jpg","type":"","width":"","height":""}],"author":"Arnaldo Botto","twitter_card":"summary_large_image","schema":{"@context":"https:\/\/schema.org","@graph":[{"@type":"WebPage","@id":"https:\/\/www.noticiasradioreflejos.com.ar\/2021\/desfile-de-jolunan-a-beneficio-de-puaf\/","url":"https:\/\/www.noticiasradioreflejos.com.ar\/2021\/desfile-de-jolunan-a-beneficio-de-puaf\/","name":"Desfile de Jolunan a beneficio de PUAF. - Noticias Radio Reflejos","isPartOf":{"@id":"https:\/\/www.noticiasradioreflejos.com.ar\/2021\/#website"},"primaryImageOfPage":{"@id":"https:\/\/www.noticiasradioreflejos.com.ar\/2021\/desfile-de-jolunan-a-beneficio-de-puaf\/#primaryimage"},"image":{"@id":"https:\/\/www.noticiasradioreflejos.com.ar\/2021\/desfile-de-jolunan-a-beneficio-de-puaf\/#primaryimage"},"thumbnailUrl":"http:\/\/farm5.staticflickr.com\/4739\/38100835125_59a182bb9a_z.jpg","datePublished":"2017-12-12T02:57:12+00:00","author":{"@id":"https:\/\/www.noticiasradioreflejos.com.ar\/2021\/#\/schema\/person\/ad82545263dcc5ec0996818884fd5fb1"},"breadcrumb":{"@id":"https:\/\/www.noticiasradioreflejos.com.ar\/2021\/desfile-de-jolunan-a-beneficio-de-puaf\/#breadcrumb"},"inLanguage":"es","potentialAction":[{"@type":"ReadAction","target":["https:\/\/www.noticiasradioreflejos.com.ar\/2021\/desfile-de-jolunan-a-beneficio-de-puaf\/"]}]},{"@type":"ImageObject","inLanguage":"es","@id":"https:\/\/www.noticiasradioreflejos.com.ar\/2021\/desfile-de-jolunan-a-beneficio-de-puaf\/#primaryimage","url":"http:\/\/farm5.staticflickr.com\/4739\/38100835125_59a182bb9a_z.jpg","contentUrl":"http:\/\/farm5.staticflickr.com\/4739\/38100835125_59a182bb9a_z.jpg"},{"@type":"BreadcrumbList","@id":"https:\/\/www.noticiasradioreflejos.com.ar\/2021\/desfile-de-jolunan-a-beneficio-de-puaf\/#breadcrumb","itemListElement":[{"@type":"ListItem","position":1,"name":"Portada","item":"https:\/\/www.noticiasradioreflejos.com.ar\/2021\/"},{"@type":"ListItem","position":2,"name":"Desfile de Jolunan a beneficio de PUAF."}]},{"@type":"WebSite","@id":"https:\/\/www.noticiasradioreflejos.com.ar\/2021\/#website","url":"https:\/\/www.noticiasradioreflejos.com.ar\/2021\/","name":"Noticias Radio Reflejos","description":"Las noticias de mi comarca","potentialAction":[{"@type":"SearchAction","target":{"@type":"EntryPoint","urlTemplate":"https:\/\/www.noticiasradioreflejos.com.ar\/2021\/?s={search_term_string}"},"query-input":{"@type":"PropertyValueSpecification","valueRequired":true,"valueName":"search_term_string"}}],"inLanguage":"es"},{"@type":"Person","@id":"https:\/\/www.noticiasradioreflejos.com.ar\/2021\/#\/schema\/person\/ad82545263dcc5ec0996818884fd5fb1","name":"Arnaldo Botto","image":{"@type":"ImageObject","inLanguage":"es","@id":"https:\/\/www.noticiasradioreflejos.com.ar\/2021\/#\/schema\/person\/image\/","url":"https:\/\/secure.gravatar.com\/avatar\/55cb5e37c1efa326397366e6974cb338056df65cb50e7d64d1cf314e87504837?s=96&d=mm&r=g","contentUrl":"https:\/\/secure.gravatar.com\/avatar\/55cb5e37c1efa326397366e6974cb338056df65cb50e7d64d1cf314e87504837?s=96&d=mm&r=g","caption":"Arnaldo Botto"},"url":"https:\/\/www.noticiasradioreflejos.com.ar\/2021\/author\/arnaldo\/"}]}},"_links":{"self":[{"href":"https:\/\/www.noticiasradioreflejos.com.ar\/2021\/wp-json\/wp\/v2\/posts\/17071","targetHints":{"allow":["GET"]}}],"collection":[{"href":"https:\/\/www.noticiasradioreflejos.com.ar\/2021\/wp-json\/wp\/v2\/posts"}],"about":[{"href":"https:\/\/www.noticiasradioreflejos.com.ar\/2021\/wp-json\/wp\/v2\/types\/post"}],"author":[{"embeddable":true,"href":"https:\/\/www.noticiasradioreflejos.com.ar\/2021\/wp-json\/wp\/v2\/users\/3"}],"replies":[{"embeddable":true,"href":"https:\/\/www.noticiasradioreflejos.com.ar\/2021\/wp-json\/wp\/v2\/comments?post=17071"}],"version-history":[{"count":0,"href":"https:\/\/www.noticiasradioreflejos.com.ar\/2021\/wp-json\/wp\/v2\/posts\/17071\/revisions"}],"wp:attachment":[{"href":"https:\/\/www.noticiasradioreflejos.com.ar\/2021\/wp-json\/wp\/v2\/media?parent=17071"}],"wp:term":[{"taxonomy":"category","embeddable":true,"href":"https:\/\/www.noticiasradioreflejos.com.ar\/2021\/wp-json\/wp\/v2\/categories?post=17071"},{"taxonomy":"post_tag","embeddable":true,"href":"https:\/\/www.noticiasradioreflejos.com.ar\/2021\/wp-json\/wp\/v2\/tags?post=17071"}],"curies":[{"name":"wp","href":"https:\/\/api.w.org\/{rel}","templated":true}]}}