{"id":17068,"date":"2017-12-11T17:44:02","date_gmt":"2017-12-11T20:44:02","guid":{"rendered":"http:\/\/www.noticiasradioreflejos.com.ar\/noticias\/?p=17068"},"modified":"2017-12-11T17:44:02","modified_gmt":"2017-12-11T20:44:02","slug":"union-subcampeon-del-torneo-clausura-sub-14-de-la-asociacion-bahiense-de-voley","status":"publish","type":"post","link":"https:\/\/www.noticiasradioreflejos.com.ar\/2021\/union-subcampeon-del-torneo-clausura-sub-14-de-la-asociacion-bahiense-de-voley\/","title":{"rendered":"Uni\u00f3n subcampe\u00f3n del Torneo Clausura Sub-14 de la Asociaci\u00f3n Bahiense de Voley."},"content":{"rendered":"<p>Uni\u00f3n se consagr\u00f3 sub-campe\u00f3n del Torneo Clausura Sub-14 Femenino de la Asociaci\u00f3n Bahiense de Voley. (ABV).<!--more--><br \/>\nEste s\u00e1bado en cancha del Club Tiro Federal de Bah\u00eda Blanca, las dirigidas por Bernardo Temps, luego de culminar primeras e invictas en la etapa regular, jugaron una de las semifinales ante Ateneo de Punta Alta, al que superaron 2 a 1, clasificando a la final del cert\u00e1men.<br \/>\nEn el partido definitorio, las chicas del Verde ganaron el primer set, perdieron el segundo por dos puntos y en el tercero, la importante remontada de puntos no alcanz\u00f3 y terminaron cayendo 2 a 1.<br \/>\nDe esta manera Uni\u00f3n cerr\u00f3 una gran temporada en la ABV, obteniendo el segundo puesto en Sub-14 tanto en el Apertura como en el Clausura y quedando muy cerca de las semifinales en ambos torneos en Sub-16.<br \/>\n\u00a1Felicitaciones!<br \/>\n<a href=\"http:\/\/farm5.staticflickr.com\/4581\/38276747414_e906825965_z.jpg\" title=\"club union5\" rel=\"\"><img loading=\"lazy\" decoding=\"async\" src=\"http:\/\/farm5.staticflickr.com\/4581\/38276747414_e906825965_z.jpg\" width=\"640\" height=\"376\" alt=\"club union5\" title=\"club union5\" class=\"aligncenter\"><\/a><br \/>\n<a href=\"http:\/\/farm5.staticflickr.com\/4578\/38276747794_2ce8ac4226_z.jpg\" title=\"club union4\" rel=\"\"><img loading=\"lazy\" decoding=\"async\" src=\"http:\/\/farm5.staticflickr.com\/4578\/38276747794_2ce8ac4226_z.jpg\" width=\"640\" height=\"412\" alt=\"club union4\" title=\"club union4\" class=\"aligncenter\"><\/a><br \/>\n<a href=\"http:\/\/farm5.staticflickr.com\/4566\/25121393538_d1e0cfa2cf_z.jpg\" title=\"club union3\" rel=\"\"><img loading=\"lazy\" decoding=\"async\" src=\"http:\/\/farm5.staticflickr.com\/4566\/25121393538_d1e0cfa2cf_z.jpg\" width=\"640\" height=\"426\" alt=\"club union3\" title=\"club union3\" class=\"aligncenter\"><\/a><br \/>\n<a href=\"http:\/\/farm5.staticflickr.com\/4563\/25121394748_a78ab28f56_z.jpg\" title=\"club union2\" rel=\"\"><img loading=\"lazy\" decoding=\"async\" src=\"http:\/\/farm5.staticflickr.com\/4563\/25121394748_a78ab28f56_z.jpg\" width=\"640\" height=\"426\" alt=\"club union2\" title=\"club union2\" class=\"aligncenter\"><\/a><\/p>\n","protected":false},"excerpt":{"rendered":"<p>Uni\u00f3n se consagr\u00f3 sub-campe\u00f3n del Torneo Clausura Sub-14 Femenino de la Asociaci\u00f3n Bahiense de Voley. (ABV).<\/p>\n","protected":false},"author":3,"featured_media":0,"comment_status":"closed","ping_status":"open","sticky":false,"template":"","format":"standard","meta":{"footnotes":""},"categories":[27],"tags":[],"class_list":["post-17068","post","type-post","status-publish","format-standard","hentry","category-deportes"],"yoast_head":"<!-- This site is optimized with the Yoast SEO plugin v25.9 - https:\/\/yoast.com\/wordpress\/plugins\/seo\/ -->\n<title>Uni\u00f3n subcampe\u00f3n del Torneo Clausura Sub-14 de la Asociaci\u00f3n Bahiense de Voley. - Noticias Radio Reflejos<\/title>\n<meta name=\"robots\" content=\"index, follow, max-snippet:-1, max-image-preview:large, max-video-preview:-1\" \/>\n<link rel=\"canonical\" href=\"https:\/\/www.noticiasradioreflejos.com.ar\/2021\/union-subcampeon-del-torneo-clausura-sub-14-de-la-asociacion-bahiense-de-voley\/\" \/>\n<meta property=\"og:locale\" content=\"es_ES\" \/>\n<meta property=\"og:type\" content=\"article\" \/>\n<meta property=\"og:title\" content=\"Uni\u00f3n subcampe\u00f3n del Torneo Clausura Sub-14 de la Asociaci\u00f3n Bahiense de Voley. - Noticias Radio Reflejos\" \/>\n<meta property=\"og:description\" content=\"Uni\u00f3n se consagr\u00f3 sub-campe\u00f3n del Torneo Clausura Sub-14 Femenino de la Asociaci\u00f3n Bahiense de Voley. (ABV).\" \/>\n<meta property=\"og:url\" content=\"https:\/\/www.noticiasradioreflejos.com.ar\/2021\/union-subcampeon-del-torneo-clausura-sub-14-de-la-asociacion-bahiense-de-voley\/\" \/>\n<meta property=\"og:site_name\" content=\"Noticias Radio Reflejos\" \/>\n<meta property=\"article:published_time\" content=\"2017-12-11T20:44:02+00:00\" \/>\n<meta property=\"og:image\" content=\"http:\/\/farm5.staticflickr.com\/4581\/38276747414_e906825965_z.jpg\" \/>\n<meta name=\"author\" content=\"Arnaldo Botto\" \/>\n<meta name=\"twitter:card\" content=\"summary_large_image\" \/>\n<script type=\"application\/ld+json\" class=\"yoast-schema-graph\">{\"@context\":\"https:\/\/schema.org\",\"@graph\":[{\"@type\":\"WebPage\",\"@id\":\"https:\/\/www.noticiasradioreflejos.com.ar\/2021\/union-subcampeon-del-torneo-clausura-sub-14-de-la-asociacion-bahiense-de-voley\/\",\"url\":\"https:\/\/www.noticiasradioreflejos.com.ar\/2021\/union-subcampeon-del-torneo-clausura-sub-14-de-la-asociacion-bahiense-de-voley\/\",\"name\":\"Uni\u00f3n subcampe\u00f3n del Torneo Clausura Sub-14 de la Asociaci\u00f3n Bahiense de Voley. - Noticias Radio Reflejos\",\"isPartOf\":{\"@id\":\"https:\/\/www.noticiasradioreflejos.com.ar\/2021\/#website\"},\"primaryImageOfPage\":{\"@id\":\"https:\/\/www.noticiasradioreflejos.com.ar\/2021\/union-subcampeon-del-torneo-clausura-sub-14-de-la-asociacion-bahiense-de-voley\/#primaryimage\"},\"image\":{\"@id\":\"https:\/\/www.noticiasradioreflejos.com.ar\/2021\/union-subcampeon-del-torneo-clausura-sub-14-de-la-asociacion-bahiense-de-voley\/#primaryimage\"},\"thumbnailUrl\":\"http:\/\/farm5.staticflickr.com\/4581\/38276747414_e906825965_z.jpg\",\"datePublished\":\"2017-12-11T20:44:02+00:00\",\"author\":{\"@id\":\"https:\/\/www.noticiasradioreflejos.com.ar\/2021\/#\/schema\/person\/ad82545263dcc5ec0996818884fd5fb1\"},\"breadcrumb\":{\"@id\":\"https:\/\/www.noticiasradioreflejos.com.ar\/2021\/union-subcampeon-del-torneo-clausura-sub-14-de-la-asociacion-bahiense-de-voley\/#breadcrumb\"},\"inLanguage\":\"es\",\"potentialAction\":[{\"@type\":\"ReadAction\",\"target\":[\"https:\/\/www.noticiasradioreflejos.com.ar\/2021\/union-subcampeon-del-torneo-clausura-sub-14-de-la-asociacion-bahiense-de-voley\/\"]}]},{\"@type\":\"ImageObject\",\"inLanguage\":\"es\",\"@id\":\"https:\/\/www.noticiasradioreflejos.com.ar\/2021\/union-subcampeon-del-torneo-clausura-sub-14-de-la-asociacion-bahiense-de-voley\/#primaryimage\",\"url\":\"http:\/\/farm5.staticflickr.com\/4581\/38276747414_e906825965_z.jpg\",\"contentUrl\":\"http:\/\/farm5.staticflickr.com\/4581\/38276747414_e906825965_z.jpg\"},{\"@type\":\"BreadcrumbList\",\"@id\":\"https:\/\/www.noticiasradioreflejos.com.ar\/2021\/union-subcampeon-del-torneo-clausura-sub-14-de-la-asociacion-bahiense-de-voley\/#breadcrumb\",\"itemListElement\":[{\"@type\":\"ListItem\",\"position\":1,\"name\":\"Portada\",\"item\":\"https:\/\/www.noticiasradioreflejos.com.ar\/2021\/\"},{\"@type\":\"ListItem\",\"position\":2,\"name\":\"Uni\u00f3n subcampe\u00f3n del Torneo Clausura Sub-14 de la Asociaci\u00f3n Bahiense de Voley.\"}]},{\"@type\":\"WebSite\",\"@id\":\"https:\/\/www.noticiasradioreflejos.com.ar\/2021\/#website\",\"url\":\"https:\/\/www.noticiasradioreflejos.com.ar\/2021\/\",\"name\":\"Noticias Radio Reflejos\",\"description\":\"Las noticias de mi comarca\",\"potentialAction\":[{\"@type\":\"SearchAction\",\"target\":{\"@type\":\"EntryPoint\",\"urlTemplate\":\"https:\/\/www.noticiasradioreflejos.com.ar\/2021\/?s={search_term_string}\"},\"query-input\":{\"@type\":\"PropertyValueSpecification\",\"valueRequired\":true,\"valueName\":\"search_term_string\"}}],\"inLanguage\":\"es\"},{\"@type\":\"Person\",\"@id\":\"https:\/\/www.noticiasradioreflejos.com.ar\/2021\/#\/schema\/person\/ad82545263dcc5ec0996818884fd5fb1\",\"name\":\"Arnaldo Botto\",\"image\":{\"@type\":\"ImageObject\",\"inLanguage\":\"es\",\"@id\":\"https:\/\/www.noticiasradioreflejos.com.ar\/2021\/#\/schema\/person\/image\/\",\"url\":\"https:\/\/secure.gravatar.com\/avatar\/55cb5e37c1efa326397366e6974cb338056df65cb50e7d64d1cf314e87504837?s=96&d=mm&r=g\",\"contentUrl\":\"https:\/\/secure.gravatar.com\/avatar\/55cb5e37c1efa326397366e6974cb338056df65cb50e7d64d1cf314e87504837?s=96&d=mm&r=g\",\"caption\":\"Arnaldo Botto\"},\"url\":\"https:\/\/www.noticiasradioreflejos.com.ar\/2021\/author\/arnaldo\/\"}]}<\/script>\n<!-- \/ Yoast SEO plugin. -->","yoast_head_json":{"title":"Uni\u00f3n subcampe\u00f3n del Torneo Clausura Sub-14 de la Asociaci\u00f3n Bahiense de Voley. - Noticias Radio Reflejos","robots":{"index":"index","follow":"follow","max-snippet":"max-snippet:-1","max-image-preview":"max-image-preview:large","max-video-preview":"max-video-preview:-1"},"canonical":"https:\/\/www.noticiasradioreflejos.com.ar\/2021\/union-subcampeon-del-torneo-clausura-sub-14-de-la-asociacion-bahiense-de-voley\/","og_locale":"es_ES","og_type":"article","og_title":"Uni\u00f3n subcampe\u00f3n del Torneo Clausura Sub-14 de la Asociaci\u00f3n Bahiense de Voley. - Noticias Radio Reflejos","og_description":"Uni\u00f3n se consagr\u00f3 sub-campe\u00f3n del Torneo Clausura Sub-14 Femenino de la Asociaci\u00f3n Bahiense de Voley. (ABV).","og_url":"https:\/\/www.noticiasradioreflejos.com.ar\/2021\/union-subcampeon-del-torneo-clausura-sub-14-de-la-asociacion-bahiense-de-voley\/","og_site_name":"Noticias Radio Reflejos","article_published_time":"2017-12-11T20:44:02+00:00","og_image":[{"url":"http:\/\/farm5.staticflickr.com\/4581\/38276747414_e906825965_z.jpg","type":"","width":"","height":""}],"author":"Arnaldo Botto","twitter_card":"summary_large_image","schema":{"@context":"https:\/\/schema.org","@graph":[{"@type":"WebPage","@id":"https:\/\/www.noticiasradioreflejos.com.ar\/2021\/union-subcampeon-del-torneo-clausura-sub-14-de-la-asociacion-bahiense-de-voley\/","url":"https:\/\/www.noticiasradioreflejos.com.ar\/2021\/union-subcampeon-del-torneo-clausura-sub-14-de-la-asociacion-bahiense-de-voley\/","name":"Uni\u00f3n subcampe\u00f3n del Torneo Clausura Sub-14 de la Asociaci\u00f3n Bahiense de Voley. - Noticias Radio Reflejos","isPartOf":{"@id":"https:\/\/www.noticiasradioreflejos.com.ar\/2021\/#website"},"primaryImageOfPage":{"@id":"https:\/\/www.noticiasradioreflejos.com.ar\/2021\/union-subcampeon-del-torneo-clausura-sub-14-de-la-asociacion-bahiense-de-voley\/#primaryimage"},"image":{"@id":"https:\/\/www.noticiasradioreflejos.com.ar\/2021\/union-subcampeon-del-torneo-clausura-sub-14-de-la-asociacion-bahiense-de-voley\/#primaryimage"},"thumbnailUrl":"http:\/\/farm5.staticflickr.com\/4581\/38276747414_e906825965_z.jpg","datePublished":"2017-12-11T20:44:02+00:00","author":{"@id":"https:\/\/www.noticiasradioreflejos.com.ar\/2021\/#\/schema\/person\/ad82545263dcc5ec0996818884fd5fb1"},"breadcrumb":{"@id":"https:\/\/www.noticiasradioreflejos.com.ar\/2021\/union-subcampeon-del-torneo-clausura-sub-14-de-la-asociacion-bahiense-de-voley\/#breadcrumb"},"inLanguage":"es","potentialAction":[{"@type":"ReadAction","target":["https:\/\/www.noticiasradioreflejos.com.ar\/2021\/union-subcampeon-del-torneo-clausura-sub-14-de-la-asociacion-bahiense-de-voley\/"]}]},{"@type":"ImageObject","inLanguage":"es","@id":"https:\/\/www.noticiasradioreflejos.com.ar\/2021\/union-subcampeon-del-torneo-clausura-sub-14-de-la-asociacion-bahiense-de-voley\/#primaryimage","url":"http:\/\/farm5.staticflickr.com\/4581\/38276747414_e906825965_z.jpg","contentUrl":"http:\/\/farm5.staticflickr.com\/4581\/38276747414_e906825965_z.jpg"},{"@type":"BreadcrumbList","@id":"https:\/\/www.noticiasradioreflejos.com.ar\/2021\/union-subcampeon-del-torneo-clausura-sub-14-de-la-asociacion-bahiense-de-voley\/#breadcrumb","itemListElement":[{"@type":"ListItem","position":1,"name":"Portada","item":"https:\/\/www.noticiasradioreflejos.com.ar\/2021\/"},{"@type":"ListItem","position":2,"name":"Uni\u00f3n subcampe\u00f3n del Torneo Clausura Sub-14 de la Asociaci\u00f3n Bahiense de Voley."}]},{"@type":"WebSite","@id":"https:\/\/www.noticiasradioreflejos.com.ar\/2021\/#website","url":"https:\/\/www.noticiasradioreflejos.com.ar\/2021\/","name":"Noticias Radio Reflejos","description":"Las noticias de mi comarca","potentialAction":[{"@type":"SearchAction","target":{"@type":"EntryPoint","urlTemplate":"https:\/\/www.noticiasradioreflejos.com.ar\/2021\/?s={search_term_string}"},"query-input":{"@type":"PropertyValueSpecification","valueRequired":true,"valueName":"search_term_string"}}],"inLanguage":"es"},{"@type":"Person","@id":"https:\/\/www.noticiasradioreflejos.com.ar\/2021\/#\/schema\/person\/ad82545263dcc5ec0996818884fd5fb1","name":"Arnaldo Botto","image":{"@type":"ImageObject","inLanguage":"es","@id":"https:\/\/www.noticiasradioreflejos.com.ar\/2021\/#\/schema\/person\/image\/","url":"https:\/\/secure.gravatar.com\/avatar\/55cb5e37c1efa326397366e6974cb338056df65cb50e7d64d1cf314e87504837?s=96&d=mm&r=g","contentUrl":"https:\/\/secure.gravatar.com\/avatar\/55cb5e37c1efa326397366e6974cb338056df65cb50e7d64d1cf314e87504837?s=96&d=mm&r=g","caption":"Arnaldo Botto"},"url":"https:\/\/www.noticiasradioreflejos.com.ar\/2021\/author\/arnaldo\/"}]}},"_links":{"self":[{"href":"https:\/\/www.noticiasradioreflejos.com.ar\/2021\/wp-json\/wp\/v2\/posts\/17068","targetHints":{"allow":["GET"]}}],"collection":[{"href":"https:\/\/www.noticiasradioreflejos.com.ar\/2021\/wp-json\/wp\/v2\/posts"}],"about":[{"href":"https:\/\/www.noticiasradioreflejos.com.ar\/2021\/wp-json\/wp\/v2\/types\/post"}],"author":[{"embeddable":true,"href":"https:\/\/www.noticiasradioreflejos.com.ar\/2021\/wp-json\/wp\/v2\/users\/3"}],"replies":[{"embeddable":true,"href":"https:\/\/www.noticiasradioreflejos.com.ar\/2021\/wp-json\/wp\/v2\/comments?post=17068"}],"version-history":[{"count":0,"href":"https:\/\/www.noticiasradioreflejos.com.ar\/2021\/wp-json\/wp\/v2\/posts\/17068\/revisions"}],"wp:attachment":[{"href":"https:\/\/www.noticiasradioreflejos.com.ar\/2021\/wp-json\/wp\/v2\/media?parent=17068"}],"wp:term":[{"taxonomy":"category","embeddable":true,"href":"https:\/\/www.noticiasradioreflejos.com.ar\/2021\/wp-json\/wp\/v2\/categories?post=17068"},{"taxonomy":"post_tag","embeddable":true,"href":"https:\/\/www.noticiasradioreflejos.com.ar\/2021\/wp-json\/wp\/v2\/tags?post=17068"}],"curies":[{"name":"wp","href":"https:\/\/api.w.org\/{rel}","templated":true}]}}