{"id":17046,"date":"2017-12-11T12:41:13","date_gmt":"2017-12-11T15:41:13","guid":{"rendered":"http:\/\/www.noticiasradioreflejos.com.ar\/noticias\/?p=17046"},"modified":"2017-12-11T12:41:13","modified_gmt":"2017-12-11T15:41:13","slug":"informe-de-sesiones-del-concejo-deliberante","status":"publish","type":"post","link":"https:\/\/www.noticiasradioreflejos.com.ar\/2021\/informe-de-sesiones-del-concejo-deliberante\/","title":{"rendered":"Informe de sesiones del Concejo Deliberante."},"content":{"rendered":"<p>Preparatoria: A partir de las 10:20 hs. del d\u00eda 7 de diciembre se inicia la Sesi\u00f3n Preparatoria con la presencia de los Concejales Electos en los comicios del d\u00eda 22 de octubre del corriente,  y los que contin\u00faan en su mandato, de acuerdo a la convocatoria del Decreto del Honorable Concejo Deliberante N\u00ba 16\/17, que surge por la Resoluci\u00f3n recibida de la Honorable Junta Electoral de la Provincia de Buenos Aires en la que se establece d\u00eda y hora de las Sesiones Preparatorias. leer documento : <a href=\"https:\/\/es.scribd.com\/document\/366896503\/Preparatoria-07-12-17\">preparatoria: 7-12-17<\/a> <!--more--><br \/>\nASAMBLEA DE CONCEJALES Y MAYORES CONTRIBUYENTES: Convocados por el Decreto N\u00ba 14\/17, el d\u00eda 5 de diciembre de 2017 se realiz\u00f3 la Asamblea de Concejales y Mayores contribuyentes. Se hicieron presentes en la oportunidad los Mayores Contribuyentes que surgen de la lista conformada por Decreto N\u00ba 662\/17 del Departamento Ejecutivo: Muscillo Adriana, Donnari Raquel, Kaltenbach Elsa, Fern\u00e1ndez Jorge, Fag\u00fandez Alejandro, Echegu\u00eda J. Miguel, Laborde Edgardo, Schwab Carlos, Gandini Diego, Nicolini Julio y Ferrari Roberto.<br \/>\nTema a tratar: leer documento: <a href=\"https:\/\/es.scribd.com\/document\/366896082\/Informe-Sesiones-05-12-17\">informe sesion 5-12-17<\/a><br \/>\nJURA CONCEJALES ELECTOS: Sesi\u00f3n Extraordinaria 7-12-17<br \/>\nAproximadamente a las 12:15 hs. comienza la Sesi\u00f3n Extraordinaria de Jura de Concejales electos el d\u00eda 22 de octubre del corriente a\u00f1o, convocada seg\u00fan Decreto N\u00ba 17\/17.<br \/>\nLeer documento: <a href=\"https:\/\/es.scribd.com\/document\/366897254\/Informe-Jura-Concejales-07-12-17\">Informe Jura de Concejales<\/a><br \/>\n<a href=\"http:\/\/farm5.staticflickr.com\/4541\/38949861202_e8afd1f563_z.jpg\" title=\"sesiones hcd4\" rel=\"\"><img loading=\"lazy\" decoding=\"async\" src=\"http:\/\/farm5.staticflickr.com\/4541\/38949861202_e8afd1f563_z.jpg\" width=\"640\" height=\"480\" alt=\"sesiones hcd4\" title=\"sesiones hcd4\" class=\"aligncenter\"><\/a><br \/>\n<a href=\"http:\/\/farm5.staticflickr.com\/4584\/27209806599_82622f46d2_z.jpg\" title=\"sesiones hcd3\" rel=\"\"><img loading=\"lazy\" decoding=\"async\" src=\"http:\/\/farm5.staticflickr.com\/4584\/27209806599_82622f46d2_z.jpg\" width=\"640\" height=\"480\" alt=\"sesiones hcd3\" title=\"sesiones hcd3\" class=\"aligncenter\"><\/a><br \/>\n<a href=\"http:\/\/farm5.staticflickr.com\/4594\/38949862332_e7eb37398c_z.jpg\" title=\"sesiones hcd2\" rel=\"\"><img loading=\"lazy\" decoding=\"async\" src=\"http:\/\/farm5.staticflickr.com\/4594\/38949862332_e7eb37398c_z.jpg\" width=\"640\" height=\"480\" alt=\"sesiones hcd2\" title=\"sesiones hcd2\" class=\"aligncenter\"><\/a><br \/>\n<a href=\"http:\/\/farm5.staticflickr.com\/4583\/38949864022_980595e68e_z.jpg\" title=\"sesiones hcd\" rel=\"\"><img loading=\"lazy\" decoding=\"async\" src=\"http:\/\/farm5.staticflickr.com\/4583\/38949864022_980595e68e_z.jpg\" width=\"640\" height=\"480\" alt=\"sesiones hcd\" title=\"sesiones hcd\" class=\"aligncenter\"><\/a><\/p>\n","protected":false},"excerpt":{"rendered":"<p>Preparatoria: A partir de las 10:20 hs. del d\u00eda 7 de diciembre se inicia la Sesi\u00f3n Preparatoria con la presencia de los Concejales Electos en los comicios del d\u00eda 22 de octubre del corriente, y los que contin\u00faan en su mandato, de acuerdo a la convocatoria del Decreto del Honorable Concejo Deliberante N\u00ba 16\/17, que [&hellip;]<\/p>\n","protected":false},"author":3,"featured_media":0,"comment_status":"closed","ping_status":"open","sticky":false,"template":"","format":"standard","meta":{"footnotes":""},"categories":[24],"tags":[],"class_list":["post-17046","post","type-post","status-publish","format-standard","hentry","category-politica"],"yoast_head":"<!-- This site is optimized with the Yoast SEO plugin v25.9 - https:\/\/yoast.com\/wordpress\/plugins\/seo\/ -->\n<title>Informe de sesiones del Concejo Deliberante. - Noticias Radio Reflejos<\/title>\n<meta name=\"robots\" content=\"index, follow, max-snippet:-1, max-image-preview:large, max-video-preview:-1\" \/>\n<link rel=\"canonical\" href=\"https:\/\/www.noticiasradioreflejos.com.ar\/2021\/informe-de-sesiones-del-concejo-deliberante\/\" \/>\n<meta property=\"og:locale\" content=\"es_ES\" \/>\n<meta property=\"og:type\" content=\"article\" \/>\n<meta property=\"og:title\" content=\"Informe de sesiones del Concejo Deliberante. - Noticias Radio Reflejos\" \/>\n<meta property=\"og:description\" content=\"Preparatoria: A partir de las 10:20 hs. del d\u00eda 7 de diciembre se inicia la Sesi\u00f3n Preparatoria con la presencia de los Concejales Electos en los comicios del d\u00eda 22 de octubre del corriente, y los que contin\u00faan en su mandato, de acuerdo a la convocatoria del Decreto del Honorable Concejo Deliberante N\u00ba 16\/17, que [&hellip;]\" \/>\n<meta property=\"og:url\" content=\"https:\/\/www.noticiasradioreflejos.com.ar\/2021\/informe-de-sesiones-del-concejo-deliberante\/\" \/>\n<meta property=\"og:site_name\" content=\"Noticias Radio Reflejos\" \/>\n<meta property=\"article:published_time\" content=\"2017-12-11T15:41:13+00:00\" \/>\n<meta property=\"og:image\" content=\"http:\/\/farm5.staticflickr.com\/4541\/38949861202_e8afd1f563_z.jpg\" \/>\n<meta name=\"author\" content=\"Arnaldo Botto\" \/>\n<meta name=\"twitter:card\" content=\"summary_large_image\" \/>\n<script type=\"application\/ld+json\" class=\"yoast-schema-graph\">{\"@context\":\"https:\/\/schema.org\",\"@graph\":[{\"@type\":\"WebPage\",\"@id\":\"https:\/\/www.noticiasradioreflejos.com.ar\/2021\/informe-de-sesiones-del-concejo-deliberante\/\",\"url\":\"https:\/\/www.noticiasradioreflejos.com.ar\/2021\/informe-de-sesiones-del-concejo-deliberante\/\",\"name\":\"Informe de sesiones del Concejo Deliberante. - Noticias Radio Reflejos\",\"isPartOf\":{\"@id\":\"https:\/\/www.noticiasradioreflejos.com.ar\/2021\/#website\"},\"primaryImageOfPage\":{\"@id\":\"https:\/\/www.noticiasradioreflejos.com.ar\/2021\/informe-de-sesiones-del-concejo-deliberante\/#primaryimage\"},\"image\":{\"@id\":\"https:\/\/www.noticiasradioreflejos.com.ar\/2021\/informe-de-sesiones-del-concejo-deliberante\/#primaryimage\"},\"thumbnailUrl\":\"http:\/\/farm5.staticflickr.com\/4541\/38949861202_e8afd1f563_z.jpg\",\"datePublished\":\"2017-12-11T15:41:13+00:00\",\"author\":{\"@id\":\"https:\/\/www.noticiasradioreflejos.com.ar\/2021\/#\/schema\/person\/ad82545263dcc5ec0996818884fd5fb1\"},\"breadcrumb\":{\"@id\":\"https:\/\/www.noticiasradioreflejos.com.ar\/2021\/informe-de-sesiones-del-concejo-deliberante\/#breadcrumb\"},\"inLanguage\":\"es\",\"potentialAction\":[{\"@type\":\"ReadAction\",\"target\":[\"https:\/\/www.noticiasradioreflejos.com.ar\/2021\/informe-de-sesiones-del-concejo-deliberante\/\"]}]},{\"@type\":\"ImageObject\",\"inLanguage\":\"es\",\"@id\":\"https:\/\/www.noticiasradioreflejos.com.ar\/2021\/informe-de-sesiones-del-concejo-deliberante\/#primaryimage\",\"url\":\"http:\/\/farm5.staticflickr.com\/4541\/38949861202_e8afd1f563_z.jpg\",\"contentUrl\":\"http:\/\/farm5.staticflickr.com\/4541\/38949861202_e8afd1f563_z.jpg\"},{\"@type\":\"BreadcrumbList\",\"@id\":\"https:\/\/www.noticiasradioreflejos.com.ar\/2021\/informe-de-sesiones-del-concejo-deliberante\/#breadcrumb\",\"itemListElement\":[{\"@type\":\"ListItem\",\"position\":1,\"name\":\"Portada\",\"item\":\"https:\/\/www.noticiasradioreflejos.com.ar\/2021\/\"},{\"@type\":\"ListItem\",\"position\":2,\"name\":\"Informe de sesiones del Concejo Deliberante.\"}]},{\"@type\":\"WebSite\",\"@id\":\"https:\/\/www.noticiasradioreflejos.com.ar\/2021\/#website\",\"url\":\"https:\/\/www.noticiasradioreflejos.com.ar\/2021\/\",\"name\":\"Noticias Radio Reflejos\",\"description\":\"Las noticias de mi comarca\",\"potentialAction\":[{\"@type\":\"SearchAction\",\"target\":{\"@type\":\"EntryPoint\",\"urlTemplate\":\"https:\/\/www.noticiasradioreflejos.com.ar\/2021\/?s={search_term_string}\"},\"query-input\":{\"@type\":\"PropertyValueSpecification\",\"valueRequired\":true,\"valueName\":\"search_term_string\"}}],\"inLanguage\":\"es\"},{\"@type\":\"Person\",\"@id\":\"https:\/\/www.noticiasradioreflejos.com.ar\/2021\/#\/schema\/person\/ad82545263dcc5ec0996818884fd5fb1\",\"name\":\"Arnaldo Botto\",\"image\":{\"@type\":\"ImageObject\",\"inLanguage\":\"es\",\"@id\":\"https:\/\/www.noticiasradioreflejos.com.ar\/2021\/#\/schema\/person\/image\/\",\"url\":\"https:\/\/secure.gravatar.com\/avatar\/55cb5e37c1efa326397366e6974cb338056df65cb50e7d64d1cf314e87504837?s=96&d=mm&r=g\",\"contentUrl\":\"https:\/\/secure.gravatar.com\/avatar\/55cb5e37c1efa326397366e6974cb338056df65cb50e7d64d1cf314e87504837?s=96&d=mm&r=g\",\"caption\":\"Arnaldo Botto\"},\"url\":\"https:\/\/www.noticiasradioreflejos.com.ar\/2021\/author\/arnaldo\/\"}]}<\/script>\n<!-- \/ Yoast SEO plugin. -->","yoast_head_json":{"title":"Informe de sesiones del Concejo Deliberante. - Noticias Radio Reflejos","robots":{"index":"index","follow":"follow","max-snippet":"max-snippet:-1","max-image-preview":"max-image-preview:large","max-video-preview":"max-video-preview:-1"},"canonical":"https:\/\/www.noticiasradioreflejos.com.ar\/2021\/informe-de-sesiones-del-concejo-deliberante\/","og_locale":"es_ES","og_type":"article","og_title":"Informe de sesiones del Concejo Deliberante. - Noticias Radio Reflejos","og_description":"Preparatoria: A partir de las 10:20 hs. del d\u00eda 7 de diciembre se inicia la Sesi\u00f3n Preparatoria con la presencia de los Concejales Electos en los comicios del d\u00eda 22 de octubre del corriente, y los que contin\u00faan en su mandato, de acuerdo a la convocatoria del Decreto del Honorable Concejo Deliberante N\u00ba 16\/17, que [&hellip;]","og_url":"https:\/\/www.noticiasradioreflejos.com.ar\/2021\/informe-de-sesiones-del-concejo-deliberante\/","og_site_name":"Noticias Radio Reflejos","article_published_time":"2017-12-11T15:41:13+00:00","og_image":[{"url":"http:\/\/farm5.staticflickr.com\/4541\/38949861202_e8afd1f563_z.jpg","type":"","width":"","height":""}],"author":"Arnaldo Botto","twitter_card":"summary_large_image","schema":{"@context":"https:\/\/schema.org","@graph":[{"@type":"WebPage","@id":"https:\/\/www.noticiasradioreflejos.com.ar\/2021\/informe-de-sesiones-del-concejo-deliberante\/","url":"https:\/\/www.noticiasradioreflejos.com.ar\/2021\/informe-de-sesiones-del-concejo-deliberante\/","name":"Informe de sesiones del Concejo Deliberante. - Noticias Radio Reflejos","isPartOf":{"@id":"https:\/\/www.noticiasradioreflejos.com.ar\/2021\/#website"},"primaryImageOfPage":{"@id":"https:\/\/www.noticiasradioreflejos.com.ar\/2021\/informe-de-sesiones-del-concejo-deliberante\/#primaryimage"},"image":{"@id":"https:\/\/www.noticiasradioreflejos.com.ar\/2021\/informe-de-sesiones-del-concejo-deliberante\/#primaryimage"},"thumbnailUrl":"http:\/\/farm5.staticflickr.com\/4541\/38949861202_e8afd1f563_z.jpg","datePublished":"2017-12-11T15:41:13+00:00","author":{"@id":"https:\/\/www.noticiasradioreflejos.com.ar\/2021\/#\/schema\/person\/ad82545263dcc5ec0996818884fd5fb1"},"breadcrumb":{"@id":"https:\/\/www.noticiasradioreflejos.com.ar\/2021\/informe-de-sesiones-del-concejo-deliberante\/#breadcrumb"},"inLanguage":"es","potentialAction":[{"@type":"ReadAction","target":["https:\/\/www.noticiasradioreflejos.com.ar\/2021\/informe-de-sesiones-del-concejo-deliberante\/"]}]},{"@type":"ImageObject","inLanguage":"es","@id":"https:\/\/www.noticiasradioreflejos.com.ar\/2021\/informe-de-sesiones-del-concejo-deliberante\/#primaryimage","url":"http:\/\/farm5.staticflickr.com\/4541\/38949861202_e8afd1f563_z.jpg","contentUrl":"http:\/\/farm5.staticflickr.com\/4541\/38949861202_e8afd1f563_z.jpg"},{"@type":"BreadcrumbList","@id":"https:\/\/www.noticiasradioreflejos.com.ar\/2021\/informe-de-sesiones-del-concejo-deliberante\/#breadcrumb","itemListElement":[{"@type":"ListItem","position":1,"name":"Portada","item":"https:\/\/www.noticiasradioreflejos.com.ar\/2021\/"},{"@type":"ListItem","position":2,"name":"Informe de sesiones del Concejo Deliberante."}]},{"@type":"WebSite","@id":"https:\/\/www.noticiasradioreflejos.com.ar\/2021\/#website","url":"https:\/\/www.noticiasradioreflejos.com.ar\/2021\/","name":"Noticias Radio Reflejos","description":"Las noticias de mi comarca","potentialAction":[{"@type":"SearchAction","target":{"@type":"EntryPoint","urlTemplate":"https:\/\/www.noticiasradioreflejos.com.ar\/2021\/?s={search_term_string}"},"query-input":{"@type":"PropertyValueSpecification","valueRequired":true,"valueName":"search_term_string"}}],"inLanguage":"es"},{"@type":"Person","@id":"https:\/\/www.noticiasradioreflejos.com.ar\/2021\/#\/schema\/person\/ad82545263dcc5ec0996818884fd5fb1","name":"Arnaldo Botto","image":{"@type":"ImageObject","inLanguage":"es","@id":"https:\/\/www.noticiasradioreflejos.com.ar\/2021\/#\/schema\/person\/image\/","url":"https:\/\/secure.gravatar.com\/avatar\/55cb5e37c1efa326397366e6974cb338056df65cb50e7d64d1cf314e87504837?s=96&d=mm&r=g","contentUrl":"https:\/\/secure.gravatar.com\/avatar\/55cb5e37c1efa326397366e6974cb338056df65cb50e7d64d1cf314e87504837?s=96&d=mm&r=g","caption":"Arnaldo Botto"},"url":"https:\/\/www.noticiasradioreflejos.com.ar\/2021\/author\/arnaldo\/"}]}},"_links":{"self":[{"href":"https:\/\/www.noticiasradioreflejos.com.ar\/2021\/wp-json\/wp\/v2\/posts\/17046","targetHints":{"allow":["GET"]}}],"collection":[{"href":"https:\/\/www.noticiasradioreflejos.com.ar\/2021\/wp-json\/wp\/v2\/posts"}],"about":[{"href":"https:\/\/www.noticiasradioreflejos.com.ar\/2021\/wp-json\/wp\/v2\/types\/post"}],"author":[{"embeddable":true,"href":"https:\/\/www.noticiasradioreflejos.com.ar\/2021\/wp-json\/wp\/v2\/users\/3"}],"replies":[{"embeddable":true,"href":"https:\/\/www.noticiasradioreflejos.com.ar\/2021\/wp-json\/wp\/v2\/comments?post=17046"}],"version-history":[{"count":0,"href":"https:\/\/www.noticiasradioreflejos.com.ar\/2021\/wp-json\/wp\/v2\/posts\/17046\/revisions"}],"wp:attachment":[{"href":"https:\/\/www.noticiasradioreflejos.com.ar\/2021\/wp-json\/wp\/v2\/media?parent=17046"}],"wp:term":[{"taxonomy":"category","embeddable":true,"href":"https:\/\/www.noticiasradioreflejos.com.ar\/2021\/wp-json\/wp\/v2\/categories?post=17046"},{"taxonomy":"post_tag","embeddable":true,"href":"https:\/\/www.noticiasradioreflejos.com.ar\/2021\/wp-json\/wp\/v2\/tags?post=17046"}],"curies":[{"name":"wp","href":"https:\/\/api.w.org\/{rel}","templated":true}]}}