{"id":17042,"date":"2017-12-12T09:23:42","date_gmt":"2017-12-12T12:23:42","guid":{"rendered":"http:\/\/www.noticiasradioreflejos.com.ar\/noticias\/?p=17042"},"modified":"2017-12-12T09:23:42","modified_gmt":"2017-12-12T12:23:42","slug":"comenzo-la-obra-de-cordon-cuneta-en-sierra-de-la-ventana","status":"publish","type":"post","link":"https:\/\/www.noticiasradioreflejos.com.ar\/2021\/comenzo-la-obra-de-cordon-cuneta-en-sierra-de-la-ventana\/","title":{"rendered":"Comenz\u00f3 la obra de cord\u00f3n cuneta en Sierra de la Ventana."},"content":{"rendered":"<p><a title=\"DSC_3651\" href=\"http:\/\/farm5.staticflickr.com\/4581\/38118122745_5e003932d5.jpg\" rel=\"\"><img loading=\"lazy\" decoding=\"async\" class=\"alignleft\" style=\"float: left;\" title=\"DSC_3651\" src=\"http:\/\/farm5.staticflickr.com\/4581\/38118122745_5e003932d5.jpg\" alt=\"DSC_3651\" width=\"500\" height=\"334\" \/><\/a>La Secretaria de Obras y Servicios P\u00fablicos informa a la comunidad que se ha dado inicio a la construcci\u00f3n de cord\u00f3n cuneta en la localidad de Sierra de la Ventana.<br \/>\nLas tareas que comenzaron en la calle E.Tornquist, lugar donde ya se ha finalizado la obra de desag\u00fce pluvial, constar\u00e1n de hormigonado de cord\u00f3n y entoscamiento de la calle.<br \/>\nEn simult\u00e1neo se dar\u00e1 inicio, en los pr\u00f3ximos d\u00edas, a la construcci\u00f3n de badenes en la calle E. Tornquist.<br \/>\nEn esta primera etapa se estar\u00e1n construyendo 900 mts aproximadamente de cord\u00f3n cuneta, que permitir\u00e1 un r\u00e1pido escurrimiento del agua y mejorar\u00e1 la transitabilidad.<br \/>\n<a title=\"DSC_3644\" href=\"http:\/\/farm5.staticflickr.com\/4600\/38118123425_7c29deb476_z.jpg\" rel=\"\"><img loading=\"lazy\" decoding=\"async\" class=\"aligncenter\" title=\"DSC_3644\" src=\"http:\/\/farm5.staticflickr.com\/4600\/38118123425_7c29deb476_z.jpg\" alt=\"DSC_3644\" width=\"640\" height=\"427\" \/><\/a><br \/>\n<a title=\"DSC_3652\" href=\"http:\/\/farm5.staticflickr.com\/4549\/38118122195_f96d8bdd2e_z.jpg\" rel=\"\"><img loading=\"lazy\" decoding=\"async\" class=\"aligncenter\" title=\"DSC_3652\" src=\"http:\/\/farm5.staticflickr.com\/4549\/38118122195_f96d8bdd2e_z.jpg\" alt=\"DSC_3652\" width=\"640\" height=\"427\" \/><\/a><\/p>\n","protected":false},"excerpt":{"rendered":"<p>La Secretaria de Obras y Servicios P\u00fablicos informa a la comunidad que se ha dado inicio a la construcci\u00f3n de cord\u00f3n cuneta en la localidad de Sierra de la Ventana. Las tareas que comenzaron en la calle E.Tornquist, lugar donde ya se ha finalizado la obra de desag\u00fce pluvial, constar\u00e1n de hormigonado de cord\u00f3n y [&hellip;]<\/p>\n","protected":false},"author":3,"featured_media":0,"comment_status":"closed","ping_status":"open","sticky":false,"template":"","format":"standard","meta":{"footnotes":""},"categories":[28],"tags":[],"class_list":["post-17042","post","type-post","status-publish","format-standard","hentry","category-municipales"],"yoast_head":"<!-- This site is optimized with the Yoast SEO plugin v25.9 - https:\/\/yoast.com\/wordpress\/plugins\/seo\/ -->\n<title>Comenz\u00f3 la obra de cord\u00f3n cuneta en Sierra de la Ventana. - Noticias Radio Reflejos<\/title>\n<meta name=\"robots\" content=\"index, follow, max-snippet:-1, max-image-preview:large, max-video-preview:-1\" \/>\n<link rel=\"canonical\" href=\"https:\/\/www.noticiasradioreflejos.com.ar\/2021\/comenzo-la-obra-de-cordon-cuneta-en-sierra-de-la-ventana\/\" \/>\n<meta property=\"og:locale\" content=\"es_ES\" \/>\n<meta property=\"og:type\" content=\"article\" \/>\n<meta property=\"og:title\" content=\"Comenz\u00f3 la obra de cord\u00f3n cuneta en Sierra de la Ventana. - Noticias Radio Reflejos\" \/>\n<meta property=\"og:description\" content=\"La Secretaria de Obras y Servicios P\u00fablicos informa a la comunidad que se ha dado inicio a la construcci\u00f3n de cord\u00f3n cuneta en la localidad de Sierra de la Ventana. Las tareas que comenzaron en la calle E.Tornquist, lugar donde ya se ha finalizado la obra de desag\u00fce pluvial, constar\u00e1n de hormigonado de cord\u00f3n y [&hellip;]\" \/>\n<meta property=\"og:url\" content=\"https:\/\/www.noticiasradioreflejos.com.ar\/2021\/comenzo-la-obra-de-cordon-cuneta-en-sierra-de-la-ventana\/\" \/>\n<meta property=\"og:site_name\" content=\"Noticias Radio Reflejos\" \/>\n<meta property=\"article:published_time\" content=\"2017-12-12T12:23:42+00:00\" \/>\n<meta property=\"og:image\" content=\"http:\/\/farm5.staticflickr.com\/4581\/38118122745_5e003932d5.jpg\" \/>\n<meta name=\"author\" content=\"Arnaldo Botto\" \/>\n<meta name=\"twitter:card\" content=\"summary_large_image\" \/>\n<script type=\"application\/ld+json\" class=\"yoast-schema-graph\">{\"@context\":\"https:\/\/schema.org\",\"@graph\":[{\"@type\":\"WebPage\",\"@id\":\"https:\/\/www.noticiasradioreflejos.com.ar\/2021\/comenzo-la-obra-de-cordon-cuneta-en-sierra-de-la-ventana\/\",\"url\":\"https:\/\/www.noticiasradioreflejos.com.ar\/2021\/comenzo-la-obra-de-cordon-cuneta-en-sierra-de-la-ventana\/\",\"name\":\"Comenz\u00f3 la obra de cord\u00f3n cuneta en Sierra de la Ventana. - Noticias Radio Reflejos\",\"isPartOf\":{\"@id\":\"https:\/\/www.noticiasradioreflejos.com.ar\/2021\/#website\"},\"primaryImageOfPage\":{\"@id\":\"https:\/\/www.noticiasradioreflejos.com.ar\/2021\/comenzo-la-obra-de-cordon-cuneta-en-sierra-de-la-ventana\/#primaryimage\"},\"image\":{\"@id\":\"https:\/\/www.noticiasradioreflejos.com.ar\/2021\/comenzo-la-obra-de-cordon-cuneta-en-sierra-de-la-ventana\/#primaryimage\"},\"thumbnailUrl\":\"http:\/\/farm5.staticflickr.com\/4581\/38118122745_5e003932d5.jpg\",\"datePublished\":\"2017-12-12T12:23:42+00:00\",\"author\":{\"@id\":\"https:\/\/www.noticiasradioreflejos.com.ar\/2021\/#\/schema\/person\/ad82545263dcc5ec0996818884fd5fb1\"},\"breadcrumb\":{\"@id\":\"https:\/\/www.noticiasradioreflejos.com.ar\/2021\/comenzo-la-obra-de-cordon-cuneta-en-sierra-de-la-ventana\/#breadcrumb\"},\"inLanguage\":\"es\",\"potentialAction\":[{\"@type\":\"ReadAction\",\"target\":[\"https:\/\/www.noticiasradioreflejos.com.ar\/2021\/comenzo-la-obra-de-cordon-cuneta-en-sierra-de-la-ventana\/\"]}]},{\"@type\":\"ImageObject\",\"inLanguage\":\"es\",\"@id\":\"https:\/\/www.noticiasradioreflejos.com.ar\/2021\/comenzo-la-obra-de-cordon-cuneta-en-sierra-de-la-ventana\/#primaryimage\",\"url\":\"http:\/\/farm5.staticflickr.com\/4581\/38118122745_5e003932d5.jpg\",\"contentUrl\":\"http:\/\/farm5.staticflickr.com\/4581\/38118122745_5e003932d5.jpg\"},{\"@type\":\"BreadcrumbList\",\"@id\":\"https:\/\/www.noticiasradioreflejos.com.ar\/2021\/comenzo-la-obra-de-cordon-cuneta-en-sierra-de-la-ventana\/#breadcrumb\",\"itemListElement\":[{\"@type\":\"ListItem\",\"position\":1,\"name\":\"Portada\",\"item\":\"https:\/\/www.noticiasradioreflejos.com.ar\/2021\/\"},{\"@type\":\"ListItem\",\"position\":2,\"name\":\"Comenz\u00f3 la obra de cord\u00f3n cuneta en Sierra de la Ventana.\"}]},{\"@type\":\"WebSite\",\"@id\":\"https:\/\/www.noticiasradioreflejos.com.ar\/2021\/#website\",\"url\":\"https:\/\/www.noticiasradioreflejos.com.ar\/2021\/\",\"name\":\"Noticias Radio Reflejos\",\"description\":\"Las noticias de mi comarca\",\"potentialAction\":[{\"@type\":\"SearchAction\",\"target\":{\"@type\":\"EntryPoint\",\"urlTemplate\":\"https:\/\/www.noticiasradioreflejos.com.ar\/2021\/?s={search_term_string}\"},\"query-input\":{\"@type\":\"PropertyValueSpecification\",\"valueRequired\":true,\"valueName\":\"search_term_string\"}}],\"inLanguage\":\"es\"},{\"@type\":\"Person\",\"@id\":\"https:\/\/www.noticiasradioreflejos.com.ar\/2021\/#\/schema\/person\/ad82545263dcc5ec0996818884fd5fb1\",\"name\":\"Arnaldo Botto\",\"image\":{\"@type\":\"ImageObject\",\"inLanguage\":\"es\",\"@id\":\"https:\/\/www.noticiasradioreflejos.com.ar\/2021\/#\/schema\/person\/image\/\",\"url\":\"https:\/\/secure.gravatar.com\/avatar\/55cb5e37c1efa326397366e6974cb338056df65cb50e7d64d1cf314e87504837?s=96&d=mm&r=g\",\"contentUrl\":\"https:\/\/secure.gravatar.com\/avatar\/55cb5e37c1efa326397366e6974cb338056df65cb50e7d64d1cf314e87504837?s=96&d=mm&r=g\",\"caption\":\"Arnaldo Botto\"},\"url\":\"https:\/\/www.noticiasradioreflejos.com.ar\/2021\/author\/arnaldo\/\"}]}<\/script>\n<!-- \/ Yoast SEO plugin. -->","yoast_head_json":{"title":"Comenz\u00f3 la obra de cord\u00f3n cuneta en Sierra de la Ventana. - Noticias Radio Reflejos","robots":{"index":"index","follow":"follow","max-snippet":"max-snippet:-1","max-image-preview":"max-image-preview:large","max-video-preview":"max-video-preview:-1"},"canonical":"https:\/\/www.noticiasradioreflejos.com.ar\/2021\/comenzo-la-obra-de-cordon-cuneta-en-sierra-de-la-ventana\/","og_locale":"es_ES","og_type":"article","og_title":"Comenz\u00f3 la obra de cord\u00f3n cuneta en Sierra de la Ventana. - Noticias Radio Reflejos","og_description":"La Secretaria de Obras y Servicios P\u00fablicos informa a la comunidad que se ha dado inicio a la construcci\u00f3n de cord\u00f3n cuneta en la localidad de Sierra de la Ventana. Las tareas que comenzaron en la calle E.Tornquist, lugar donde ya se ha finalizado la obra de desag\u00fce pluvial, constar\u00e1n de hormigonado de cord\u00f3n y [&hellip;]","og_url":"https:\/\/www.noticiasradioreflejos.com.ar\/2021\/comenzo-la-obra-de-cordon-cuneta-en-sierra-de-la-ventana\/","og_site_name":"Noticias Radio Reflejos","article_published_time":"2017-12-12T12:23:42+00:00","og_image":[{"url":"http:\/\/farm5.staticflickr.com\/4581\/38118122745_5e003932d5.jpg","type":"","width":"","height":""}],"author":"Arnaldo Botto","twitter_card":"summary_large_image","schema":{"@context":"https:\/\/schema.org","@graph":[{"@type":"WebPage","@id":"https:\/\/www.noticiasradioreflejos.com.ar\/2021\/comenzo-la-obra-de-cordon-cuneta-en-sierra-de-la-ventana\/","url":"https:\/\/www.noticiasradioreflejos.com.ar\/2021\/comenzo-la-obra-de-cordon-cuneta-en-sierra-de-la-ventana\/","name":"Comenz\u00f3 la obra de cord\u00f3n cuneta en Sierra de la Ventana. - Noticias Radio Reflejos","isPartOf":{"@id":"https:\/\/www.noticiasradioreflejos.com.ar\/2021\/#website"},"primaryImageOfPage":{"@id":"https:\/\/www.noticiasradioreflejos.com.ar\/2021\/comenzo-la-obra-de-cordon-cuneta-en-sierra-de-la-ventana\/#primaryimage"},"image":{"@id":"https:\/\/www.noticiasradioreflejos.com.ar\/2021\/comenzo-la-obra-de-cordon-cuneta-en-sierra-de-la-ventana\/#primaryimage"},"thumbnailUrl":"http:\/\/farm5.staticflickr.com\/4581\/38118122745_5e003932d5.jpg","datePublished":"2017-12-12T12:23:42+00:00","author":{"@id":"https:\/\/www.noticiasradioreflejos.com.ar\/2021\/#\/schema\/person\/ad82545263dcc5ec0996818884fd5fb1"},"breadcrumb":{"@id":"https:\/\/www.noticiasradioreflejos.com.ar\/2021\/comenzo-la-obra-de-cordon-cuneta-en-sierra-de-la-ventana\/#breadcrumb"},"inLanguage":"es","potentialAction":[{"@type":"ReadAction","target":["https:\/\/www.noticiasradioreflejos.com.ar\/2021\/comenzo-la-obra-de-cordon-cuneta-en-sierra-de-la-ventana\/"]}]},{"@type":"ImageObject","inLanguage":"es","@id":"https:\/\/www.noticiasradioreflejos.com.ar\/2021\/comenzo-la-obra-de-cordon-cuneta-en-sierra-de-la-ventana\/#primaryimage","url":"http:\/\/farm5.staticflickr.com\/4581\/38118122745_5e003932d5.jpg","contentUrl":"http:\/\/farm5.staticflickr.com\/4581\/38118122745_5e003932d5.jpg"},{"@type":"BreadcrumbList","@id":"https:\/\/www.noticiasradioreflejos.com.ar\/2021\/comenzo-la-obra-de-cordon-cuneta-en-sierra-de-la-ventana\/#breadcrumb","itemListElement":[{"@type":"ListItem","position":1,"name":"Portada","item":"https:\/\/www.noticiasradioreflejos.com.ar\/2021\/"},{"@type":"ListItem","position":2,"name":"Comenz\u00f3 la obra de cord\u00f3n cuneta en Sierra de la Ventana."}]},{"@type":"WebSite","@id":"https:\/\/www.noticiasradioreflejos.com.ar\/2021\/#website","url":"https:\/\/www.noticiasradioreflejos.com.ar\/2021\/","name":"Noticias Radio Reflejos","description":"Las noticias de mi comarca","potentialAction":[{"@type":"SearchAction","target":{"@type":"EntryPoint","urlTemplate":"https:\/\/www.noticiasradioreflejos.com.ar\/2021\/?s={search_term_string}"},"query-input":{"@type":"PropertyValueSpecification","valueRequired":true,"valueName":"search_term_string"}}],"inLanguage":"es"},{"@type":"Person","@id":"https:\/\/www.noticiasradioreflejos.com.ar\/2021\/#\/schema\/person\/ad82545263dcc5ec0996818884fd5fb1","name":"Arnaldo Botto","image":{"@type":"ImageObject","inLanguage":"es","@id":"https:\/\/www.noticiasradioreflejos.com.ar\/2021\/#\/schema\/person\/image\/","url":"https:\/\/secure.gravatar.com\/avatar\/55cb5e37c1efa326397366e6974cb338056df65cb50e7d64d1cf314e87504837?s=96&d=mm&r=g","contentUrl":"https:\/\/secure.gravatar.com\/avatar\/55cb5e37c1efa326397366e6974cb338056df65cb50e7d64d1cf314e87504837?s=96&d=mm&r=g","caption":"Arnaldo Botto"},"url":"https:\/\/www.noticiasradioreflejos.com.ar\/2021\/author\/arnaldo\/"}]}},"_links":{"self":[{"href":"https:\/\/www.noticiasradioreflejos.com.ar\/2021\/wp-json\/wp\/v2\/posts\/17042","targetHints":{"allow":["GET"]}}],"collection":[{"href":"https:\/\/www.noticiasradioreflejos.com.ar\/2021\/wp-json\/wp\/v2\/posts"}],"about":[{"href":"https:\/\/www.noticiasradioreflejos.com.ar\/2021\/wp-json\/wp\/v2\/types\/post"}],"author":[{"embeddable":true,"href":"https:\/\/www.noticiasradioreflejos.com.ar\/2021\/wp-json\/wp\/v2\/users\/3"}],"replies":[{"embeddable":true,"href":"https:\/\/www.noticiasradioreflejos.com.ar\/2021\/wp-json\/wp\/v2\/comments?post=17042"}],"version-history":[{"count":0,"href":"https:\/\/www.noticiasradioreflejos.com.ar\/2021\/wp-json\/wp\/v2\/posts\/17042\/revisions"}],"wp:attachment":[{"href":"https:\/\/www.noticiasradioreflejos.com.ar\/2021\/wp-json\/wp\/v2\/media?parent=17042"}],"wp:term":[{"taxonomy":"category","embeddable":true,"href":"https:\/\/www.noticiasradioreflejos.com.ar\/2021\/wp-json\/wp\/v2\/categories?post=17042"},{"taxonomy":"post_tag","embeddable":true,"href":"https:\/\/www.noticiasradioreflejos.com.ar\/2021\/wp-json\/wp\/v2\/tags?post=17042"}],"curies":[{"name":"wp","href":"https:\/\/api.w.org\/{rel}","templated":true}]}}