{"id":16928,"date":"2017-12-06T08:44:03","date_gmt":"2017-12-06T11:44:03","guid":{"rendered":"http:\/\/www.noticiasradioreflejos.com.ar\/noticias\/?p=16928"},"modified":"2017-12-06T08:44:03","modified_gmt":"2017-12-06T11:44:03","slug":"el-club-union-fue-anfitrion-del-cierre-del-programa-hockey-en-las-escuelas","status":"publish","type":"post","link":"https:\/\/www.noticiasradioreflejos.com.ar\/2021\/el-club-union-fue-anfitrion-del-cierre-del-programa-hockey-en-las-escuelas\/","title":{"rendered":"El Club Uni\u00f3n fue anfitri\u00f3n del cierre del programa \u2018Hockey en las escuelas\u2019"},"content":{"rendered":"<p>Desde junio del presente a\u00f1o a diciembre, se desarroll\u00f3 en diferentes establecimientos educativos del distrito el programa \u2018Hockey en las escuelas\u2019.<!--more--><br \/>\nLa iniciativa, impulsada por el profesor Leonardo Woodward (coordinador de hockey del Club Uni\u00f3n), cont\u00f3 con la aprobaci\u00f3n de la Jefatura Regional de Educaci\u00f3n y el acompa\u00f1amiento del municipio de Tornquist mediante su Direcci\u00f3n de Deportes, y de la mencionada entidad deportiva.<br \/>\nEl objetivo es potenciar la disciplina, promoviendo los aprendizajes de manera l\u00fadica e inclusiva, y fue llevado a cabo semanalmente en las clases de educaci\u00f3n f\u00edsica, para lo que asist\u00eda una profesora exclusivamente a ense\u00f1ar el deporte.<br \/>\nDel programa educativo participaron los a\u00f1os 4\u00ba, 5\u00ba y 6\u00ba de las escuelas primarias N\u00ba 1, N\u00ba 28 y Colegio Nuestra Se\u00f1ora de Luj\u00e1n de Tornquist, N\u00ba 6 de Sierra de la Ventana y N\u00ba 2 de Saldungaray.<br \/>\nEl \u00faltimo jueves, en la cancha de c\u00e9sped sint\u00e9tico del Club Uni\u00f3n, tuvo lugar el cierre del programa mediante una jornada recreativa con diferentes juegos y ejercicios relacionados con el hockey.<br \/>\nPara el a\u00f1o pr\u00f3ximo, se continuar\u00e1 trabajando para que el programa se afiance y se extienda a m\u00e1s colegios del distrito.<br \/>\nPrensa Club Uni\u00f3n<br \/>\nwww.uniondetornquist.com -clubuniondetornquist@gmail.com &#8211; \/ClubUnionDeTornquist-@UnionTornquist<br \/>\n<a title=\"Hockey en las escuelas (4)\" href=\"http:\/\/farm5.staticflickr.com\/4560\/24005460677_3edd46356f.jpg\" rel=\"\"><img loading=\"lazy\" decoding=\"async\" class=\"alignleft\" style=\"float: left;\" title=\"Hockey en las escuelas (4)\" src=\"http:\/\/farm5.staticflickr.com\/4560\/24005460677_3edd46356f.jpg\" alt=\"Hockey en las escuelas (4)\" width=\"500\" height=\"333\" \/><\/a><\/p>\n","protected":false},"excerpt":{"rendered":"<p>Desde junio del presente a\u00f1o a diciembre, se desarroll\u00f3 en diferentes establecimientos educativos del distrito el programa \u2018Hockey en las escuelas\u2019.<\/p>\n","protected":false},"author":3,"featured_media":0,"comment_status":"closed","ping_status":"open","sticky":false,"template":"","format":"standard","meta":{"footnotes":""},"categories":[27],"tags":[],"class_list":["post-16928","post","type-post","status-publish","format-standard","hentry","category-deportes"],"yoast_head":"<!-- This site is optimized with the Yoast SEO plugin v25.9 - https:\/\/yoast.com\/wordpress\/plugins\/seo\/ -->\n<title>El Club Uni\u00f3n fue anfitri\u00f3n del cierre del programa \u2018Hockey en las escuelas\u2019 - Noticias Radio Reflejos<\/title>\n<meta name=\"robots\" content=\"index, follow, max-snippet:-1, max-image-preview:large, max-video-preview:-1\" \/>\n<link rel=\"canonical\" href=\"https:\/\/www.noticiasradioreflejos.com.ar\/2021\/el-club-union-fue-anfitrion-del-cierre-del-programa-hockey-en-las-escuelas\/\" \/>\n<meta property=\"og:locale\" content=\"es_ES\" \/>\n<meta property=\"og:type\" content=\"article\" \/>\n<meta property=\"og:title\" content=\"El Club Uni\u00f3n fue anfitri\u00f3n del cierre del programa \u2018Hockey en las escuelas\u2019 - Noticias Radio Reflejos\" \/>\n<meta property=\"og:description\" content=\"Desde junio del presente a\u00f1o a diciembre, se desarroll\u00f3 en diferentes establecimientos educativos del distrito el programa \u2018Hockey en las escuelas\u2019.\" \/>\n<meta property=\"og:url\" content=\"https:\/\/www.noticiasradioreflejos.com.ar\/2021\/el-club-union-fue-anfitrion-del-cierre-del-programa-hockey-en-las-escuelas\/\" \/>\n<meta property=\"og:site_name\" content=\"Noticias Radio Reflejos\" \/>\n<meta property=\"article:published_time\" content=\"2017-12-06T11:44:03+00:00\" \/>\n<meta property=\"og:image\" content=\"http:\/\/farm5.staticflickr.com\/4560\/24005460677_3edd46356f.jpg\" \/>\n<meta name=\"author\" content=\"Arnaldo Botto\" \/>\n<meta name=\"twitter:card\" content=\"summary_large_image\" \/>\n<script type=\"application\/ld+json\" class=\"yoast-schema-graph\">{\"@context\":\"https:\/\/schema.org\",\"@graph\":[{\"@type\":\"WebPage\",\"@id\":\"https:\/\/www.noticiasradioreflejos.com.ar\/2021\/el-club-union-fue-anfitrion-del-cierre-del-programa-hockey-en-las-escuelas\/\",\"url\":\"https:\/\/www.noticiasradioreflejos.com.ar\/2021\/el-club-union-fue-anfitrion-del-cierre-del-programa-hockey-en-las-escuelas\/\",\"name\":\"El Club Uni\u00f3n fue anfitri\u00f3n del cierre del programa \u2018Hockey en las escuelas\u2019 - Noticias Radio Reflejos\",\"isPartOf\":{\"@id\":\"https:\/\/www.noticiasradioreflejos.com.ar\/2021\/#website\"},\"primaryImageOfPage\":{\"@id\":\"https:\/\/www.noticiasradioreflejos.com.ar\/2021\/el-club-union-fue-anfitrion-del-cierre-del-programa-hockey-en-las-escuelas\/#primaryimage\"},\"image\":{\"@id\":\"https:\/\/www.noticiasradioreflejos.com.ar\/2021\/el-club-union-fue-anfitrion-del-cierre-del-programa-hockey-en-las-escuelas\/#primaryimage\"},\"thumbnailUrl\":\"http:\/\/farm5.staticflickr.com\/4560\/24005460677_3edd46356f.jpg\",\"datePublished\":\"2017-12-06T11:44:03+00:00\",\"author\":{\"@id\":\"https:\/\/www.noticiasradioreflejos.com.ar\/2021\/#\/schema\/person\/ad82545263dcc5ec0996818884fd5fb1\"},\"breadcrumb\":{\"@id\":\"https:\/\/www.noticiasradioreflejos.com.ar\/2021\/el-club-union-fue-anfitrion-del-cierre-del-programa-hockey-en-las-escuelas\/#breadcrumb\"},\"inLanguage\":\"es\",\"potentialAction\":[{\"@type\":\"ReadAction\",\"target\":[\"https:\/\/www.noticiasradioreflejos.com.ar\/2021\/el-club-union-fue-anfitrion-del-cierre-del-programa-hockey-en-las-escuelas\/\"]}]},{\"@type\":\"ImageObject\",\"inLanguage\":\"es\",\"@id\":\"https:\/\/www.noticiasradioreflejos.com.ar\/2021\/el-club-union-fue-anfitrion-del-cierre-del-programa-hockey-en-las-escuelas\/#primaryimage\",\"url\":\"http:\/\/farm5.staticflickr.com\/4560\/24005460677_3edd46356f.jpg\",\"contentUrl\":\"http:\/\/farm5.staticflickr.com\/4560\/24005460677_3edd46356f.jpg\"},{\"@type\":\"BreadcrumbList\",\"@id\":\"https:\/\/www.noticiasradioreflejos.com.ar\/2021\/el-club-union-fue-anfitrion-del-cierre-del-programa-hockey-en-las-escuelas\/#breadcrumb\",\"itemListElement\":[{\"@type\":\"ListItem\",\"position\":1,\"name\":\"Portada\",\"item\":\"https:\/\/www.noticiasradioreflejos.com.ar\/2021\/\"},{\"@type\":\"ListItem\",\"position\":2,\"name\":\"El Club Uni\u00f3n fue anfitri\u00f3n del cierre del programa \u2018Hockey en las escuelas\u2019\"}]},{\"@type\":\"WebSite\",\"@id\":\"https:\/\/www.noticiasradioreflejos.com.ar\/2021\/#website\",\"url\":\"https:\/\/www.noticiasradioreflejos.com.ar\/2021\/\",\"name\":\"Noticias Radio Reflejos\",\"description\":\"Las noticias de mi comarca\",\"potentialAction\":[{\"@type\":\"SearchAction\",\"target\":{\"@type\":\"EntryPoint\",\"urlTemplate\":\"https:\/\/www.noticiasradioreflejos.com.ar\/2021\/?s={search_term_string}\"},\"query-input\":{\"@type\":\"PropertyValueSpecification\",\"valueRequired\":true,\"valueName\":\"search_term_string\"}}],\"inLanguage\":\"es\"},{\"@type\":\"Person\",\"@id\":\"https:\/\/www.noticiasradioreflejos.com.ar\/2021\/#\/schema\/person\/ad82545263dcc5ec0996818884fd5fb1\",\"name\":\"Arnaldo Botto\",\"image\":{\"@type\":\"ImageObject\",\"inLanguage\":\"es\",\"@id\":\"https:\/\/www.noticiasradioreflejos.com.ar\/2021\/#\/schema\/person\/image\/\",\"url\":\"https:\/\/secure.gravatar.com\/avatar\/55cb5e37c1efa326397366e6974cb338056df65cb50e7d64d1cf314e87504837?s=96&d=mm&r=g\",\"contentUrl\":\"https:\/\/secure.gravatar.com\/avatar\/55cb5e37c1efa326397366e6974cb338056df65cb50e7d64d1cf314e87504837?s=96&d=mm&r=g\",\"caption\":\"Arnaldo Botto\"},\"url\":\"https:\/\/www.noticiasradioreflejos.com.ar\/2021\/author\/arnaldo\/\"}]}<\/script>\n<!-- \/ Yoast SEO plugin. -->","yoast_head_json":{"title":"El Club Uni\u00f3n fue anfitri\u00f3n del cierre del programa \u2018Hockey en las escuelas\u2019 - Noticias Radio Reflejos","robots":{"index":"index","follow":"follow","max-snippet":"max-snippet:-1","max-image-preview":"max-image-preview:large","max-video-preview":"max-video-preview:-1"},"canonical":"https:\/\/www.noticiasradioreflejos.com.ar\/2021\/el-club-union-fue-anfitrion-del-cierre-del-programa-hockey-en-las-escuelas\/","og_locale":"es_ES","og_type":"article","og_title":"El Club Uni\u00f3n fue anfitri\u00f3n del cierre del programa \u2018Hockey en las escuelas\u2019 - Noticias Radio Reflejos","og_description":"Desde junio del presente a\u00f1o a diciembre, se desarroll\u00f3 en diferentes establecimientos educativos del distrito el programa \u2018Hockey en las escuelas\u2019.","og_url":"https:\/\/www.noticiasradioreflejos.com.ar\/2021\/el-club-union-fue-anfitrion-del-cierre-del-programa-hockey-en-las-escuelas\/","og_site_name":"Noticias Radio Reflejos","article_published_time":"2017-12-06T11:44:03+00:00","og_image":[{"url":"http:\/\/farm5.staticflickr.com\/4560\/24005460677_3edd46356f.jpg","type":"","width":"","height":""}],"author":"Arnaldo Botto","twitter_card":"summary_large_image","schema":{"@context":"https:\/\/schema.org","@graph":[{"@type":"WebPage","@id":"https:\/\/www.noticiasradioreflejos.com.ar\/2021\/el-club-union-fue-anfitrion-del-cierre-del-programa-hockey-en-las-escuelas\/","url":"https:\/\/www.noticiasradioreflejos.com.ar\/2021\/el-club-union-fue-anfitrion-del-cierre-del-programa-hockey-en-las-escuelas\/","name":"El Club Uni\u00f3n fue anfitri\u00f3n del cierre del programa \u2018Hockey en las escuelas\u2019 - Noticias Radio Reflejos","isPartOf":{"@id":"https:\/\/www.noticiasradioreflejos.com.ar\/2021\/#website"},"primaryImageOfPage":{"@id":"https:\/\/www.noticiasradioreflejos.com.ar\/2021\/el-club-union-fue-anfitrion-del-cierre-del-programa-hockey-en-las-escuelas\/#primaryimage"},"image":{"@id":"https:\/\/www.noticiasradioreflejos.com.ar\/2021\/el-club-union-fue-anfitrion-del-cierre-del-programa-hockey-en-las-escuelas\/#primaryimage"},"thumbnailUrl":"http:\/\/farm5.staticflickr.com\/4560\/24005460677_3edd46356f.jpg","datePublished":"2017-12-06T11:44:03+00:00","author":{"@id":"https:\/\/www.noticiasradioreflejos.com.ar\/2021\/#\/schema\/person\/ad82545263dcc5ec0996818884fd5fb1"},"breadcrumb":{"@id":"https:\/\/www.noticiasradioreflejos.com.ar\/2021\/el-club-union-fue-anfitrion-del-cierre-del-programa-hockey-en-las-escuelas\/#breadcrumb"},"inLanguage":"es","potentialAction":[{"@type":"ReadAction","target":["https:\/\/www.noticiasradioreflejos.com.ar\/2021\/el-club-union-fue-anfitrion-del-cierre-del-programa-hockey-en-las-escuelas\/"]}]},{"@type":"ImageObject","inLanguage":"es","@id":"https:\/\/www.noticiasradioreflejos.com.ar\/2021\/el-club-union-fue-anfitrion-del-cierre-del-programa-hockey-en-las-escuelas\/#primaryimage","url":"http:\/\/farm5.staticflickr.com\/4560\/24005460677_3edd46356f.jpg","contentUrl":"http:\/\/farm5.staticflickr.com\/4560\/24005460677_3edd46356f.jpg"},{"@type":"BreadcrumbList","@id":"https:\/\/www.noticiasradioreflejos.com.ar\/2021\/el-club-union-fue-anfitrion-del-cierre-del-programa-hockey-en-las-escuelas\/#breadcrumb","itemListElement":[{"@type":"ListItem","position":1,"name":"Portada","item":"https:\/\/www.noticiasradioreflejos.com.ar\/2021\/"},{"@type":"ListItem","position":2,"name":"El Club Uni\u00f3n fue anfitri\u00f3n del cierre del programa \u2018Hockey en las escuelas\u2019"}]},{"@type":"WebSite","@id":"https:\/\/www.noticiasradioreflejos.com.ar\/2021\/#website","url":"https:\/\/www.noticiasradioreflejos.com.ar\/2021\/","name":"Noticias Radio Reflejos","description":"Las noticias de mi comarca","potentialAction":[{"@type":"SearchAction","target":{"@type":"EntryPoint","urlTemplate":"https:\/\/www.noticiasradioreflejos.com.ar\/2021\/?s={search_term_string}"},"query-input":{"@type":"PropertyValueSpecification","valueRequired":true,"valueName":"search_term_string"}}],"inLanguage":"es"},{"@type":"Person","@id":"https:\/\/www.noticiasradioreflejos.com.ar\/2021\/#\/schema\/person\/ad82545263dcc5ec0996818884fd5fb1","name":"Arnaldo Botto","image":{"@type":"ImageObject","inLanguage":"es","@id":"https:\/\/www.noticiasradioreflejos.com.ar\/2021\/#\/schema\/person\/image\/","url":"https:\/\/secure.gravatar.com\/avatar\/55cb5e37c1efa326397366e6974cb338056df65cb50e7d64d1cf314e87504837?s=96&d=mm&r=g","contentUrl":"https:\/\/secure.gravatar.com\/avatar\/55cb5e37c1efa326397366e6974cb338056df65cb50e7d64d1cf314e87504837?s=96&d=mm&r=g","caption":"Arnaldo Botto"},"url":"https:\/\/www.noticiasradioreflejos.com.ar\/2021\/author\/arnaldo\/"}]}},"_links":{"self":[{"href":"https:\/\/www.noticiasradioreflejos.com.ar\/2021\/wp-json\/wp\/v2\/posts\/16928","targetHints":{"allow":["GET"]}}],"collection":[{"href":"https:\/\/www.noticiasradioreflejos.com.ar\/2021\/wp-json\/wp\/v2\/posts"}],"about":[{"href":"https:\/\/www.noticiasradioreflejos.com.ar\/2021\/wp-json\/wp\/v2\/types\/post"}],"author":[{"embeddable":true,"href":"https:\/\/www.noticiasradioreflejos.com.ar\/2021\/wp-json\/wp\/v2\/users\/3"}],"replies":[{"embeddable":true,"href":"https:\/\/www.noticiasradioreflejos.com.ar\/2021\/wp-json\/wp\/v2\/comments?post=16928"}],"version-history":[{"count":0,"href":"https:\/\/www.noticiasradioreflejos.com.ar\/2021\/wp-json\/wp\/v2\/posts\/16928\/revisions"}],"wp:attachment":[{"href":"https:\/\/www.noticiasradioreflejos.com.ar\/2021\/wp-json\/wp\/v2\/media?parent=16928"}],"wp:term":[{"taxonomy":"category","embeddable":true,"href":"https:\/\/www.noticiasradioreflejos.com.ar\/2021\/wp-json\/wp\/v2\/categories?post=16928"},{"taxonomy":"post_tag","embeddable":true,"href":"https:\/\/www.noticiasradioreflejos.com.ar\/2021\/wp-json\/wp\/v2\/tags?post=16928"}],"curies":[{"name":"wp","href":"https:\/\/api.w.org\/{rel}","templated":true}]}}